{"id":49572,"date":"2018-03-20T18:33:40","date_gmt":"2018-03-20T21:33:40","guid":{"rendered":"https:\/\/www.blogsoestado.com\/danielmatos\/?p=49572"},"modified":"2018-03-20T18:33:40","modified_gmt":"2018-03-20T21:33:40","slug":"duarte-junior-e-acionado-por-usar-cargo-de-presidente-do-procon-para-promocao-pessoal","status":"publish","type":"post","link":"https:\/\/www.blogsoestado.com\/danielmatos\/duarte-junior-e-acionado-por-usar-cargo-de-presidente-do-procon-para-promocao-pessoal\/","title":{"rendered":"Duarte J\u00fanior \u00e9 acionado por usar cargo de presidente do Procon para promo\u00e7\u00e3o pessoal"},"content":{"rendered":"<figure id=\"attachment_49575\" aria-describedby=\"caption-attachment-49575\" style=\"width: 448px\" class=\"wp-caption alignright\"><img fetchpriority=\"high\" decoding=\"async\" class=\"wp-image-49575 size-full\" src=\"https:\/\/www.blogsoestado.com\/danielmatos\/files\/2018\/03\/duarte-dino.jpg\" alt=\"\" width=\"448\" height=\"336\" \/><figcaption id=\"caption-attachment-49575\" class=\"wp-caption-text\">Duarte J\u00fanior com o chefe Fl\u00e1vio Dino: uso da m\u00e1quina p\u00fablica para promo\u00e7\u00e3o pessoal<\/figcaption><\/figure>\n<p>Uma a\u00e7\u00e3o popular ajuizada pelo advogado Thiago Brhanner Garc\u00eas Costa (OAB\/MA 8.546) pede a condena\u00e7\u00e3o do presidente do Instituto de Prote\u00e7\u00e3o e Defesa do Consumidor (Procon), Hildelis Silva Duarte J\u00fanior, ou, simplesmente, Duarte J\u00fanior, como o gestor \u00e9 mais conhecido, por uso do cargo p\u00fablico para promo\u00e7\u00e3o pessoal. Na a\u00e7\u00e3o, o autor sugere o uso, pelo r\u00e9u, de dinheiro do Er\u00e1rio para patrocinar publica\u00e7\u00f5es na imprensa e em redes sociais que promovam o seu nome.<\/p>\n<p>Para embasar a acusa\u00e7\u00e3o contra o presidente do Procon, Thiago Brhanner anexou \u00e0 sua peti\u00e7\u00e3o c\u00f3pia de mat\u00e9ria de uma revista local, publicada em dezembro de 2017, que faz clara exalta\u00e7\u00e3o \u00e0 figura de Duarte J\u00fanior, apresentado na reportagem como exemplo de gestor p\u00fablico eficiente. O advogado cita como agravante a inclus\u00e3o do logo do Governo do Estado em uma das p\u00e1ginas da entrevista concedida pelo gestor \u00e0 revista.<\/p>\n<p>&#8220;Ressalte-se que em momento algum a mat\u00e9ria da revista teve finalidade em promover o \u00f3rg\u00e3o p\u00fablico e sua atua\u00e7\u00e3o. Em verdade, quando citado o ente p\u00fablico, o \u00e9 apenas de forma subsidi\u00e1ria&#8221;, assinala o autor em um trecho da a\u00e7\u00e3o, que menciona a pretens\u00e3o de Duarte J\u00fanior de candidatar-se a deputado estadual nas elei\u00e7\u00f5es deste ano, conforme anunciado amplamente na imprensa e na blogosfera.<\/p>\n<p><strong>Dinheiro p\u00fablico<\/strong><\/p>\n<p>O advogado sustenta que a publica\u00e7\u00e3o na revista n\u00e3o foi uma pr\u00e1tica isolada. Cita, por exemplo, que, em seu perfil social, Duarte J\u00fanior \u00e9 useiro e vezeiro em patrocinar postagens, nas quais a sua figura de gestor se confunde com a pessoal.<\/p>\n<p>&#8220;A condutado do r\u00e9u causa perplexidade por n\u00e3o deixar claro se as divulga\u00e7\u00f5es t\u00eam car\u00e1ter p\u00fablico ou se est\u00e3o a servi\u00e7o apenas de sua exposi\u00e7\u00e3o pessoal&#8221;, condena. &#8220;Al\u00e9m da grave viola\u00e7\u00e3o ao princ\u00edpio da impessoalidade, convolando sua postura em ato de imoralidade, \u00e9 bem prov\u00e1vel que toda essa promo\u00e7\u00e3o pessoal se d\u00ea pela via do dinheiro p\u00fablico&#8221;, sugere.<\/p>\n<p>Diante da conduta inadequada exposta, o autor da a\u00e7\u00e3o pede que sejam confirmados todos os pedidos feitos na liminar, em todos os sentidos e que seja determinada a condena\u00e7\u00e3o ao ressarcimento ao er\u00e1rio dos valores indevidamente gastos para promo\u00e7\u00e3o pessoal de Duarte J\u00fanior.<\/p>\n<p><strong>Leia <a href=\"http:\/\/chrome-extension:\/\/oemmndcbldboiebfnladdacbdfmadadm\/https:\/\/doc-0g-8g-apps-viewer.googleusercontent.com\/viewer\/secure\/pdf\/eebiu7npui6r7a9qnc6l43io87ars7s4\/q7rlnnsshrteueamg9b9foeiq2047fd9\/1521576300000\/gmail\/02376534439946317164\/ACFrOgDLICzJKXT2n3FsuJu-JxFQCr7YXQ7SLf8kr60VW8F3Zn1yexNWBmOFxpNR4GDggkaDhLFhD8YGkqIbBvcEjCDv514WyudprMGf6Snivd-6oAM_AziSmJTIRF4=?print=true&amp;nonce=22s9odchbkfca&amp;user=02376534439946317164&amp;hash=i5v3mfi4jtu35ijue2clgr1rnapimapg\">aqui<\/a> a \u00edntegra da a\u00e7\u00e3o popular contra Duarte J\u00fanior.<\/strong><\/p>\n","protected":false},"excerpt":{"rendered":"<p>Uma a\u00e7\u00e3o popular ajuizada pelo advogado Thiago Brhanner Garc\u00eas Costa (OAB\/MA 8.546) pede a condena\u00e7\u00e3o do presidente do Instituto de [&hellip;]<\/p>\n","protected":false},"author":0,"featured_media":0,"comment_status":"open","ping_status":"open","sticky":false,"template":"","format":"standard","meta":{"site-sidebar-layout":"default","site-content-layout":"","ast-site-content-layout":"default","site-content-style":"default","site-sidebar-style":"default","ast-global-header-display":"","ast-banner-title-visibility":"","ast-main-header-display":"","ast-hfb-above-header-display":"","ast-hfb-below-header-display":"","ast-hfb-mobile-header-display":"","site-post-title":"","ast-breadcrumbs-content":"","ast-featured-img":"","footer-sml-layout":"","ast-disable-related-posts":"","theme-transparent-header-meta":"","adv-header-id-meta":"","stick-header-meta":"","header-above-stick-meta":"","header-main-stick-meta":"","header-below-stick-meta":"","astra-migrate-meta-layouts":"default","ast-page-background-enabled":"default","ast-page-background-meta":{"desktop":{"background-color":"var(--ast-global-color-5)","background-image":"","background-repeat":"repeat","background-position":"center center","background-size":"auto","background-attachment":"scroll","background-type":"","background-media":"","overlay-type":"","overlay-color":"","overlay-opacity":"","overlay-gradient":""},"tablet":{"background-color":"","background-image":"","background-repeat":"repeat","background-position":"center center","background-size":"auto","background-attachment":"scroll","background-type":"","background-media":"","overlay-type":"","overlay-color":"","overlay-opacity":"","overlay-gradient":""},"mobile":{"background-color":"","background-image":"","background-repeat":"repeat","background-position":"center center","background-size":"auto","background-attachment":"scroll","background-type":"","background-media":"","overlay-type":"","overlay-color":"","overlay-opacity":"","overlay-gradient":""}},"ast-content-background-meta":{"desktop":{"background-color":"var(--ast-global-color-4)","background-image":"","background-repeat":"repeat","background-position":"center center","background-size":"auto","background-attachment":"scroll","background-type":"","background-media":"","overlay-type":"","overlay-color":"","overlay-opacity":"","overlay-gradient":""},"tablet":{"background-color":"var(--ast-global-color-4)","background-image":"","background-repeat":"repeat","background-position":"center center","background-size":"auto","background-attachment":"scroll","background-type":"","background-media":"","overlay-type":"","overlay-color":"","overlay-opacity":"","overlay-gradient":""},"mobile":{"background-color":"var(--ast-global-color-4)","background-image":"","background-repeat":"repeat","background-position":"center center","background-size":"auto","background-attachment":"scroll","background-type":"","background-media":"","overlay-type":"","overlay-color":"","overlay-opacity":"","overlay-gradient":""}},"footnotes":""},"categories":[1],"tags":[],"class_list":["post-49572","post","type-post","status-publish","format-standard","hentry","category-sem-categoria"],"yoast_head":"<!-- This site is optimized with the Yoast SEO plugin v26.6 - https:\/\/yoast.com\/wordpress\/plugins\/seo\/ -->\n<title>Duarte J\u00fanior \u00e9 acionado por usar cargo de presidente do Procon para promo\u00e7\u00e3o pessoal - Daniel Matos<\/title>\n<meta name=\"robots\" content=\"index, follow, max-snippet:-1, max-image-preview:large, max-video-preview:-1\" \/>\n<link rel=\"canonical\" href=\"https:\/\/www.blogsoestado.com\/danielmatos\/duarte-junior-e-acionado-por-usar-cargo-de-presidente-do-procon-para-promocao-pessoal\/\" \/>\n<meta property=\"og:locale\" content=\"pt_BR\" \/>\n<meta property=\"og:type\" content=\"article\" \/>\n<meta property=\"og:title\" content=\"Duarte J\u00fanior \u00e9 acionado por usar cargo de presidente do Procon para promo\u00e7\u00e3o pessoal - Daniel Matos\" \/>\n<meta property=\"og:description\" content=\"Uma a\u00e7\u00e3o popular ajuizada pelo advogado Thiago Brhanner Garc\u00eas Costa (OAB\/MA 8.546) pede a condena\u00e7\u00e3o do presidente do Instituto de [&hellip;]\" \/>\n<meta property=\"og:url\" content=\"https:\/\/www.blogsoestado.com\/danielmatos\/duarte-junior-e-acionado-por-usar-cargo-de-presidente-do-procon-para-promocao-pessoal\/\" \/>\n<meta property=\"og:site_name\" content=\"Daniel Matos\" \/>\n<meta property=\"article:published_time\" content=\"2018-03-20T21:33:40+00:00\" \/>\n<meta property=\"og:image\" content=\"https:\/\/www.blogsoestado.com\/danielmatos\/files\/2018\/03\/duarte-dino.jpg\" \/>\n<meta name=\"twitter:card\" content=\"summary_large_image\" \/>\n<meta name=\"twitter:label1\" content=\"Est. tempo de leitura\" \/>\n\t<meta name=\"twitter:data1\" content=\"2 minutos\" \/>\n<script type=\"application\/ld+json\" class=\"yoast-schema-graph\">{\"@context\":\"https:\/\/schema.org\",\"@graph\":[{\"@type\":\"WebPage\",\"@id\":\"https:\/\/www.blogsoestado.com\/danielmatos\/duarte-junior-e-acionado-por-usar-cargo-de-presidente-do-procon-para-promocao-pessoal\/\",\"url\":\"https:\/\/www.blogsoestado.com\/danielmatos\/duarte-junior-e-acionado-por-usar-cargo-de-presidente-do-procon-para-promocao-pessoal\/\",\"name\":\"Duarte J\u00fanior \u00e9 acionado por usar cargo de presidente do Procon para promo\u00e7\u00e3o pessoal - Daniel Matos\",\"isPartOf\":{\"@id\":\"https:\/\/www.blogsoestado.com\/danielmatos\/#website\"},\"primaryImageOfPage\":{\"@id\":\"https:\/\/www.blogsoestado.com\/danielmatos\/duarte-junior-e-acionado-por-usar-cargo-de-presidente-do-procon-para-promocao-pessoal\/#primaryimage\"},\"image\":{\"@id\":\"https:\/\/www.blogsoestado.com\/danielmatos\/duarte-junior-e-acionado-por-usar-cargo-de-presidente-do-procon-para-promocao-pessoal\/#primaryimage\"},\"thumbnailUrl\":\"https:\/\/www.blogsoestado.com\/danielmatos\/files\/2018\/03\/duarte-dino.jpg\",\"datePublished\":\"2018-03-20T21:33:40+00:00\",\"author\":{\"@id\":\"\"},\"breadcrumb\":{\"@id\":\"https:\/\/www.blogsoestado.com\/danielmatos\/duarte-junior-e-acionado-por-usar-cargo-de-presidente-do-procon-para-promocao-pessoal\/#breadcrumb\"},\"inLanguage\":\"pt-BR\",\"potentialAction\":[{\"@type\":\"ReadAction\",\"target\":[\"https:\/\/www.blogsoestado.com\/danielmatos\/duarte-junior-e-acionado-por-usar-cargo-de-presidente-do-procon-para-promocao-pessoal\/\"]}]},{\"@type\":\"ImageObject\",\"inLanguage\":\"pt-BR\",\"@id\":\"https:\/\/www.blogsoestado.com\/danielmatos\/duarte-junior-e-acionado-por-usar-cargo-de-presidente-do-procon-para-promocao-pessoal\/#primaryimage\",\"url\":\"https:\/\/www.blogsoestado.com\/danielmatos\/files\/2018\/03\/duarte-dino.jpg\",\"contentUrl\":\"https:\/\/www.blogsoestado.com\/danielmatos\/files\/2018\/03\/duarte-dino.jpg\"},{\"@type\":\"BreadcrumbList\",\"@id\":\"https:\/\/www.blogsoestado.com\/danielmatos\/duarte-junior-e-acionado-por-usar-cargo-de-presidente-do-procon-para-promocao-pessoal\/#breadcrumb\",\"itemListElement\":[{\"@type\":\"ListItem\",\"position\":1,\"name\":\"In\u00edcio\",\"item\":\"https:\/\/www.blogsoestado.com\/danielmatos\/\"},{\"@type\":\"ListItem\",\"position\":2,\"name\":\"Duarte J\u00fanior \u00e9 acionado por usar cargo de presidente do Procon para promo\u00e7\u00e3o pessoal\"}]},{\"@type\":\"WebSite\",\"@id\":\"https:\/\/www.blogsoestado.com\/danielmatos\/#website\",\"url\":\"https:\/\/www.blogsoestado.com\/danielmatos\/\",\"name\":\"Daniel Matos\",\"description\":\"\",\"potentialAction\":[{\"@type\":\"SearchAction\",\"target\":{\"@type\":\"EntryPoint\",\"urlTemplate\":\"https:\/\/www.blogsoestado.com\/danielmatos\/?s={search_term_string}\"},\"query-input\":{\"@type\":\"PropertyValueSpecification\",\"valueRequired\":true,\"valueName\":\"search_term_string\"}}],\"inLanguage\":\"pt-BR\"}]}<\/script>\n<!-- \/ Yoast SEO plugin. -->","yoast_head_json":{"title":"Duarte J\u00fanior \u00e9 acionado por usar cargo de presidente do Procon para promo\u00e7\u00e3o pessoal - Daniel Matos","robots":{"index":"index","follow":"follow","max-snippet":"max-snippet:-1","max-image-preview":"max-image-preview:large","max-video-preview":"max-video-preview:-1"},"canonical":"https:\/\/www.blogsoestado.com\/danielmatos\/duarte-junior-e-acionado-por-usar-cargo-de-presidente-do-procon-para-promocao-pessoal\/","og_locale":"pt_BR","og_type":"article","og_title":"Duarte J\u00fanior \u00e9 acionado por usar cargo de presidente do Procon para promo\u00e7\u00e3o pessoal - Daniel Matos","og_description":"Uma a\u00e7\u00e3o popular ajuizada pelo advogado Thiago Brhanner Garc\u00eas Costa (OAB\/MA 8.546) pede a condena\u00e7\u00e3o do presidente do Instituto de [&hellip;]","og_url":"https:\/\/www.blogsoestado.com\/danielmatos\/duarte-junior-e-acionado-por-usar-cargo-de-presidente-do-procon-para-promocao-pessoal\/","og_site_name":"Daniel Matos","article_published_time":"2018-03-20T21:33:40+00:00","og_image":[{"url":"https:\/\/www.blogsoestado.com\/danielmatos\/files\/2018\/03\/duarte-dino.jpg","type":"","width":"","height":""}],"twitter_card":"summary_large_image","twitter_misc":{"Est. tempo de leitura":"2 minutos"},"schema":{"@context":"https:\/\/schema.org","@graph":[{"@type":"WebPage","@id":"https:\/\/www.blogsoestado.com\/danielmatos\/duarte-junior-e-acionado-por-usar-cargo-de-presidente-do-procon-para-promocao-pessoal\/","url":"https:\/\/www.blogsoestado.com\/danielmatos\/duarte-junior-e-acionado-por-usar-cargo-de-presidente-do-procon-para-promocao-pessoal\/","name":"Duarte J\u00fanior \u00e9 acionado por usar cargo de presidente do Procon para promo\u00e7\u00e3o pessoal - Daniel Matos","isPartOf":{"@id":"https:\/\/www.blogsoestado.com\/danielmatos\/#website"},"primaryImageOfPage":{"@id":"https:\/\/www.blogsoestado.com\/danielmatos\/duarte-junior-e-acionado-por-usar-cargo-de-presidente-do-procon-para-promocao-pessoal\/#primaryimage"},"image":{"@id":"https:\/\/www.blogsoestado.com\/danielmatos\/duarte-junior-e-acionado-por-usar-cargo-de-presidente-do-procon-para-promocao-pessoal\/#primaryimage"},"thumbnailUrl":"https:\/\/www.blogsoestado.com\/danielmatos\/files\/2018\/03\/duarte-dino.jpg","datePublished":"2018-03-20T21:33:40+00:00","author":{"@id":""},"breadcrumb":{"@id":"https:\/\/www.blogsoestado.com\/danielmatos\/duarte-junior-e-acionado-por-usar-cargo-de-presidente-do-procon-para-promocao-pessoal\/#breadcrumb"},"inLanguage":"pt-BR","potentialAction":[{"@type":"ReadAction","target":["https:\/\/www.blogsoestado.com\/danielmatos\/duarte-junior-e-acionado-por-usar-cargo-de-presidente-do-procon-para-promocao-pessoal\/"]}]},{"@type":"ImageObject","inLanguage":"pt-BR","@id":"https:\/\/www.blogsoestado.com\/danielmatos\/duarte-junior-e-acionado-por-usar-cargo-de-presidente-do-procon-para-promocao-pessoal\/#primaryimage","url":"https:\/\/www.blogsoestado.com\/danielmatos\/files\/2018\/03\/duarte-dino.jpg","contentUrl":"https:\/\/www.blogsoestado.com\/danielmatos\/files\/2018\/03\/duarte-dino.jpg"},{"@type":"BreadcrumbList","@id":"https:\/\/www.blogsoestado.com\/danielmatos\/duarte-junior-e-acionado-por-usar-cargo-de-presidente-do-procon-para-promocao-pessoal\/#breadcrumb","itemListElement":[{"@type":"ListItem","position":1,"name":"In\u00edcio","item":"https:\/\/www.blogsoestado.com\/danielmatos\/"},{"@type":"ListItem","position":2,"name":"Duarte J\u00fanior \u00e9 acionado por usar cargo de presidente do Procon para promo\u00e7\u00e3o pessoal"}]},{"@type":"WebSite","@id":"https:\/\/www.blogsoestado.com\/danielmatos\/#website","url":"https:\/\/www.blogsoestado.com\/danielmatos\/","name":"Daniel Matos","description":"","potentialAction":[{"@type":"SearchAction","target":{"@type":"EntryPoint","urlTemplate":"https:\/\/www.blogsoestado.com\/danielmatos\/?s={search_term_string}"},"query-input":{"@type":"PropertyValueSpecification","valueRequired":true,"valueName":"search_term_string"}}],"inLanguage":"pt-BR"}]}},"jetpack_featured_media_url":"","_links":{"self":[{"href":"https:\/\/www.blogsoestado.com\/danielmatos\/wp-json\/wp\/v2\/posts\/49572","targetHints":{"allow":["GET"]}}],"collection":[{"href":"https:\/\/www.blogsoestado.com\/danielmatos\/wp-json\/wp\/v2\/posts"}],"about":[{"href":"https:\/\/www.blogsoestado.com\/danielmatos\/wp-json\/wp\/v2\/types\/post"}],"replies":[{"embeddable":true,"href":"https:\/\/www.blogsoestado.com\/danielmatos\/wp-json\/wp\/v2\/comments?post=49572"}],"version-history":[{"count":0,"href":"https:\/\/www.blogsoestado.com\/danielmatos\/wp-json\/wp\/v2\/posts\/49572\/revisions"}],"wp:attachment":[{"href":"https:\/\/www.blogsoestado.com\/danielmatos\/wp-json\/wp\/v2\/media?parent=49572"}],"wp:term":[{"taxonomy":"category","embeddable":true,"href":"https:\/\/www.blogsoestado.com\/danielmatos\/wp-json\/wp\/v2\/categories?post=49572"},{"taxonomy":"post_tag","embeddable":true,"href":"https:\/\/www.blogsoestado.com\/danielmatos\/wp-json\/wp\/v2\/tags?post=49572"}],"curies":[{"name":"wp","href":"https:\/\/api.w.org\/{rel}","templated":true}]}}