{"id":49597,"date":"2018-03-21T10:57:28","date_gmt":"2018-03-21T13:57:28","guid":{"rendered":"https:\/\/www.blogsoestado.com\/danielmatos\/?p=49597"},"modified":"2018-03-21T10:57:28","modified_gmt":"2018-03-21T13:57:28","slug":"cezar-bombeiro-e-diretor-da-semapa-visitam-feira-do-bacanga-para-dialogar-com-consumidores-e-feirantes","status":"publish","type":"post","link":"https:\/\/www.blogsoestado.com\/danielmatos\/cezar-bombeiro-e-diretor-da-semapa-visitam-feira-do-bacanga-para-dialogar-com-consumidores-e-feirantes\/","title":{"rendered":"C\u00e9zar Bombeiro e diretor da Semapa visitam feira do Bacanga para dialogar com consumidores e feirantes"},"content":{"rendered":"<figure id=\"attachment_49598\" aria-describedby=\"caption-attachment-49598\" style=\"width: 640px\" class=\"wp-caption aligncenter\"><img fetchpriority=\"high\" decoding=\"async\" class=\"size-full wp-image-49598\" src=\"https:\/\/www.blogsoestado.com\/danielmatos\/files\/2018\/03\/bombeiro-feira.jpg\" alt=\"\" width=\"640\" height=\"361\" \/><figcaption id=\"caption-attachment-49598\" class=\"wp-caption-text\">C\u00e9zar Bombeiro e o superintendente da Semapa, Marcelo, na feira do Bacanga, conversando sobre os problemas do mercado com os feirantes Maria Nascimento e Jos\u00e9 Raimundo dos Santos<\/figcaption><\/figure>\n<p>O plen\u00e1rio da C\u00e2mara Municipal aprovou por unanimidade e ser\u00e1 no dia 4 de maio a audi\u00eancia p\u00fablica proposta por C\u00e9zar Bombeiro, sobre Feiras e Mercados de S\u00e3o Lu\u00eds. Diante da proposta de um amplo debate em torno da problem\u00e1tica s\u00e9ria \u00e9 que o vereador vem visitando feiras mercados da cidade, procurando dialogar com administradores, feirantes de um modo especial os consumidores.<\/p>\n<p>A verdade \u00e9 que s\u00e3o raras as feiras e mercados de S\u00e3o Lu\u00eds, que est\u00e3o em condi\u00e7\u00f5es para atender corretamente os consumidores. Entendo que os problemas precisam ser equacionados. Temos que cobrar do poder p\u00fablico, mas tamb\u00e9m n\u00e3o podemos eximir das responsabilidades, os administradores de feiras e mercados, e no conjunto total todos os feirantes e at\u00e9 consumidores, diz o vereador do PSD.<\/p>\n<p>A minha iniciativa com a audi\u00eancia p\u00fablica n\u00e3o \u00e9 para crucificar a Prefeitura de S\u00e3o Lu\u00eds e muito menos a Semapa. Queremos promover um amplo debate para que sejam estabelecidas responsabilidades, inclusive dos consumidores que ter\u00e3o primeiramente de fazer sugest\u00f5es apontando caminhos e exercer o direito de fiscaliza\u00e7\u00e3o de maneira pr\u00e1tica, primeiramente junto aos administradores e posteriormente aos \u00f3rg\u00e3os p\u00fablicos, destaca C\u00e9zar Bombeiro.<\/p>\n<p>Para mostrar que a responsabilidade das feiras e mercados \u00e9 de todos n\u00f3s, \u00e9 que estamos por onde passamos, convidando feirantes e consumidores para a audi\u00eancia p\u00fablica marcada para o dia 04 de maio no plen\u00e1rio da C\u00e2mara Municipal de S\u00e3o Lu\u00eds.<\/p>\n","protected":false},"excerpt":{"rendered":"<p>O plen\u00e1rio da C\u00e2mara Municipal aprovou por unanimidade e ser\u00e1 no dia 4 de maio a audi\u00eancia p\u00fablica proposta por [&hellip;]<\/p>\n","protected":false},"author":0,"featured_media":0,"comment_status":"open","ping_status":"open","sticky":false,"template":"","format":"standard","meta":{"site-sidebar-layout":"default","site-content-layout":"","ast-site-content-layout":"default","site-content-style":"default","site-sidebar-style":"default","ast-global-header-display":"","ast-banner-title-visibility":"","ast-main-header-display":"","ast-hfb-above-header-display":"","ast-hfb-below-header-display":"","ast-hfb-mobile-header-display":"","site-post-title":"","ast-breadcrumbs-content":"","ast-featured-img":"","footer-sml-layout":"","ast-disable-related-posts":"","theme-transparent-header-meta":"","adv-header-id-meta":"","stick-header-meta":"","header-above-stick-meta":"","header-main-stick-meta":"","header-below-stick-meta":"","astra-migrate-meta-layouts":"default","ast-page-background-enabled":"default","ast-page-background-meta":{"desktop":{"background-color":"var(--ast-global-color-5)","background-image":"","background-repeat":"repeat","background-position":"center center","background-size":"auto","background-attachment":"scroll","background-type":"","background-media":"","overlay-type":"","overlay-color":"","overlay-opacity":"","overlay-gradient":""},"tablet":{"background-color":"","background-image":"","background-repeat":"repeat","background-position":"center center","background-size":"auto","background-attachment":"scroll","background-type":"","background-media":"","overlay-type":"","overlay-color":"","overlay-opacity":"","overlay-gradient":""},"mobile":{"background-color":"","background-image":"","background-repeat":"repeat","background-position":"center center","background-size":"auto","background-attachment":"scroll","background-type":"","background-media":"","overlay-type":"","overlay-color":"","overlay-opacity":"","overlay-gradient":""}},"ast-content-background-meta":{"desktop":{"background-color":"var(--ast-global-color-4)","background-image":"","background-repeat":"repeat","background-position":"center center","background-size":"auto","background-attachment":"scroll","background-type":"","background-media":"","overlay-type":"","overlay-color":"","overlay-opacity":"","overlay-gradient":""},"tablet":{"background-color":"var(--ast-global-color-4)","background-image":"","background-repeat":"repeat","background-position":"center center","background-size":"auto","background-attachment":"scroll","background-type":"","background-media":"","overlay-type":"","overlay-color":"","overlay-opacity":"","overlay-gradient":""},"mobile":{"background-color":"var(--ast-global-color-4)","background-image":"","background-repeat":"repeat","background-position":"center center","background-size":"auto","background-attachment":"scroll","background-type":"","background-media":"","overlay-type":"","overlay-color":"","overlay-opacity":"","overlay-gradient":""}},"footnotes":""},"categories":[1],"tags":[],"class_list":["post-49597","post","type-post","status-publish","format-standard","hentry","category-sem-categoria"],"yoast_head":"<!-- This site is optimized with the Yoast SEO plugin v26.6 - https:\/\/yoast.com\/wordpress\/plugins\/seo\/ -->\n<title>C\u00e9zar Bombeiro e diretor da Semapa visitam feira do Bacanga para dialogar com consumidores e feirantes - Daniel Matos<\/title>\n<meta name=\"robots\" content=\"index, follow, max-snippet:-1, max-image-preview:large, max-video-preview:-1\" \/>\n<link rel=\"canonical\" href=\"https:\/\/www.blogsoestado.com\/danielmatos\/cezar-bombeiro-e-diretor-da-semapa-visitam-feira-do-bacanga-para-dialogar-com-consumidores-e-feirantes\/\" \/>\n<meta property=\"og:locale\" content=\"pt_BR\" \/>\n<meta property=\"og:type\" content=\"article\" \/>\n<meta property=\"og:title\" content=\"C\u00e9zar Bombeiro e diretor da Semapa visitam feira do Bacanga para dialogar com consumidores e feirantes - Daniel Matos\" \/>\n<meta property=\"og:description\" content=\"O plen\u00e1rio da C\u00e2mara Municipal aprovou por unanimidade e ser\u00e1 no dia 4 de maio a audi\u00eancia p\u00fablica proposta por [&hellip;]\" \/>\n<meta property=\"og:url\" content=\"https:\/\/www.blogsoestado.com\/danielmatos\/cezar-bombeiro-e-diretor-da-semapa-visitam-feira-do-bacanga-para-dialogar-com-consumidores-e-feirantes\/\" \/>\n<meta property=\"og:site_name\" content=\"Daniel Matos\" \/>\n<meta property=\"article:published_time\" content=\"2018-03-21T13:57:28+00:00\" \/>\n<meta property=\"og:image\" content=\"https:\/\/www.blogsoestado.com\/danielmatos\/files\/2018\/03\/bombeiro-feira.jpg\" \/>\n<meta name=\"twitter:card\" content=\"summary_large_image\" \/>\n<meta name=\"twitter:label1\" content=\"Est. tempo de leitura\" \/>\n\t<meta name=\"twitter:data1\" content=\"1 minuto\" \/>\n<script type=\"application\/ld+json\" class=\"yoast-schema-graph\">{\"@context\":\"https:\/\/schema.org\",\"@graph\":[{\"@type\":\"WebPage\",\"@id\":\"https:\/\/www.blogsoestado.com\/danielmatos\/cezar-bombeiro-e-diretor-da-semapa-visitam-feira-do-bacanga-para-dialogar-com-consumidores-e-feirantes\/\",\"url\":\"https:\/\/www.blogsoestado.com\/danielmatos\/cezar-bombeiro-e-diretor-da-semapa-visitam-feira-do-bacanga-para-dialogar-com-consumidores-e-feirantes\/\",\"name\":\"C\u00e9zar Bombeiro e diretor da Semapa visitam feira do Bacanga para dialogar com consumidores e feirantes - Daniel Matos\",\"isPartOf\":{\"@id\":\"https:\/\/www.blogsoestado.com\/danielmatos\/#website\"},\"primaryImageOfPage\":{\"@id\":\"https:\/\/www.blogsoestado.com\/danielmatos\/cezar-bombeiro-e-diretor-da-semapa-visitam-feira-do-bacanga-para-dialogar-com-consumidores-e-feirantes\/#primaryimage\"},\"image\":{\"@id\":\"https:\/\/www.blogsoestado.com\/danielmatos\/cezar-bombeiro-e-diretor-da-semapa-visitam-feira-do-bacanga-para-dialogar-com-consumidores-e-feirantes\/#primaryimage\"},\"thumbnailUrl\":\"https:\/\/www.blogsoestado.com\/danielmatos\/files\/2018\/03\/bombeiro-feira.jpg\",\"datePublished\":\"2018-03-21T13:57:28+00:00\",\"author\":{\"@id\":\"\"},\"breadcrumb\":{\"@id\":\"https:\/\/www.blogsoestado.com\/danielmatos\/cezar-bombeiro-e-diretor-da-semapa-visitam-feira-do-bacanga-para-dialogar-com-consumidores-e-feirantes\/#breadcrumb\"},\"inLanguage\":\"pt-BR\",\"potentialAction\":[{\"@type\":\"ReadAction\",\"target\":[\"https:\/\/www.blogsoestado.com\/danielmatos\/cezar-bombeiro-e-diretor-da-semapa-visitam-feira-do-bacanga-para-dialogar-com-consumidores-e-feirantes\/\"]}]},{\"@type\":\"ImageObject\",\"inLanguage\":\"pt-BR\",\"@id\":\"https:\/\/www.blogsoestado.com\/danielmatos\/cezar-bombeiro-e-diretor-da-semapa-visitam-feira-do-bacanga-para-dialogar-com-consumidores-e-feirantes\/#primaryimage\",\"url\":\"https:\/\/www.blogsoestado.com\/danielmatos\/files\/2018\/03\/bombeiro-feira.jpg\",\"contentUrl\":\"https:\/\/www.blogsoestado.com\/danielmatos\/files\/2018\/03\/bombeiro-feira.jpg\"},{\"@type\":\"BreadcrumbList\",\"@id\":\"https:\/\/www.blogsoestado.com\/danielmatos\/cezar-bombeiro-e-diretor-da-semapa-visitam-feira-do-bacanga-para-dialogar-com-consumidores-e-feirantes\/#breadcrumb\",\"itemListElement\":[{\"@type\":\"ListItem\",\"position\":1,\"name\":\"In\u00edcio\",\"item\":\"https:\/\/www.blogsoestado.com\/danielmatos\/\"},{\"@type\":\"ListItem\",\"position\":2,\"name\":\"C\u00e9zar Bombeiro e diretor da Semapa visitam feira do Bacanga para dialogar com consumidores e feirantes\"}]},{\"@type\":\"WebSite\",\"@id\":\"https:\/\/www.blogsoestado.com\/danielmatos\/#website\",\"url\":\"https:\/\/www.blogsoestado.com\/danielmatos\/\",\"name\":\"Daniel Matos\",\"description\":\"\",\"potentialAction\":[{\"@type\":\"SearchAction\",\"target\":{\"@type\":\"EntryPoint\",\"urlTemplate\":\"https:\/\/www.blogsoestado.com\/danielmatos\/?s={search_term_string}\"},\"query-input\":{\"@type\":\"PropertyValueSpecification\",\"valueRequired\":true,\"valueName\":\"search_term_string\"}}],\"inLanguage\":\"pt-BR\"}]}<\/script>\n<!-- \/ Yoast SEO plugin. -->","yoast_head_json":{"title":"C\u00e9zar Bombeiro e diretor da Semapa visitam feira do Bacanga para dialogar com consumidores e feirantes - Daniel Matos","robots":{"index":"index","follow":"follow","max-snippet":"max-snippet:-1","max-image-preview":"max-image-preview:large","max-video-preview":"max-video-preview:-1"},"canonical":"https:\/\/www.blogsoestado.com\/danielmatos\/cezar-bombeiro-e-diretor-da-semapa-visitam-feira-do-bacanga-para-dialogar-com-consumidores-e-feirantes\/","og_locale":"pt_BR","og_type":"article","og_title":"C\u00e9zar Bombeiro e diretor da Semapa visitam feira do Bacanga para dialogar com consumidores e feirantes - Daniel Matos","og_description":"O plen\u00e1rio da C\u00e2mara Municipal aprovou por unanimidade e ser\u00e1 no dia 4 de maio a audi\u00eancia p\u00fablica proposta por [&hellip;]","og_url":"https:\/\/www.blogsoestado.com\/danielmatos\/cezar-bombeiro-e-diretor-da-semapa-visitam-feira-do-bacanga-para-dialogar-com-consumidores-e-feirantes\/","og_site_name":"Daniel Matos","article_published_time":"2018-03-21T13:57:28+00:00","og_image":[{"url":"https:\/\/www.blogsoestado.com\/danielmatos\/files\/2018\/03\/bombeiro-feira.jpg","type":"","width":"","height":""}],"twitter_card":"summary_large_image","twitter_misc":{"Est. tempo de leitura":"1 minuto"},"schema":{"@context":"https:\/\/schema.org","@graph":[{"@type":"WebPage","@id":"https:\/\/www.blogsoestado.com\/danielmatos\/cezar-bombeiro-e-diretor-da-semapa-visitam-feira-do-bacanga-para-dialogar-com-consumidores-e-feirantes\/","url":"https:\/\/www.blogsoestado.com\/danielmatos\/cezar-bombeiro-e-diretor-da-semapa-visitam-feira-do-bacanga-para-dialogar-com-consumidores-e-feirantes\/","name":"C\u00e9zar Bombeiro e diretor da Semapa visitam feira do Bacanga para dialogar com consumidores e feirantes - Daniel Matos","isPartOf":{"@id":"https:\/\/www.blogsoestado.com\/danielmatos\/#website"},"primaryImageOfPage":{"@id":"https:\/\/www.blogsoestado.com\/danielmatos\/cezar-bombeiro-e-diretor-da-semapa-visitam-feira-do-bacanga-para-dialogar-com-consumidores-e-feirantes\/#primaryimage"},"image":{"@id":"https:\/\/www.blogsoestado.com\/danielmatos\/cezar-bombeiro-e-diretor-da-semapa-visitam-feira-do-bacanga-para-dialogar-com-consumidores-e-feirantes\/#primaryimage"},"thumbnailUrl":"https:\/\/www.blogsoestado.com\/danielmatos\/files\/2018\/03\/bombeiro-feira.jpg","datePublished":"2018-03-21T13:57:28+00:00","author":{"@id":""},"breadcrumb":{"@id":"https:\/\/www.blogsoestado.com\/danielmatos\/cezar-bombeiro-e-diretor-da-semapa-visitam-feira-do-bacanga-para-dialogar-com-consumidores-e-feirantes\/#breadcrumb"},"inLanguage":"pt-BR","potentialAction":[{"@type":"ReadAction","target":["https:\/\/www.blogsoestado.com\/danielmatos\/cezar-bombeiro-e-diretor-da-semapa-visitam-feira-do-bacanga-para-dialogar-com-consumidores-e-feirantes\/"]}]},{"@type":"ImageObject","inLanguage":"pt-BR","@id":"https:\/\/www.blogsoestado.com\/danielmatos\/cezar-bombeiro-e-diretor-da-semapa-visitam-feira-do-bacanga-para-dialogar-com-consumidores-e-feirantes\/#primaryimage","url":"https:\/\/www.blogsoestado.com\/danielmatos\/files\/2018\/03\/bombeiro-feira.jpg","contentUrl":"https:\/\/www.blogsoestado.com\/danielmatos\/files\/2018\/03\/bombeiro-feira.jpg"},{"@type":"BreadcrumbList","@id":"https:\/\/www.blogsoestado.com\/danielmatos\/cezar-bombeiro-e-diretor-da-semapa-visitam-feira-do-bacanga-para-dialogar-com-consumidores-e-feirantes\/#breadcrumb","itemListElement":[{"@type":"ListItem","position":1,"name":"In\u00edcio","item":"https:\/\/www.blogsoestado.com\/danielmatos\/"},{"@type":"ListItem","position":2,"name":"C\u00e9zar Bombeiro e diretor da Semapa visitam feira do Bacanga para dialogar com consumidores e feirantes"}]},{"@type":"WebSite","@id":"https:\/\/www.blogsoestado.com\/danielmatos\/#website","url":"https:\/\/www.blogsoestado.com\/danielmatos\/","name":"Daniel Matos","description":"","potentialAction":[{"@type":"SearchAction","target":{"@type":"EntryPoint","urlTemplate":"https:\/\/www.blogsoestado.com\/danielmatos\/?s={search_term_string}"},"query-input":{"@type":"PropertyValueSpecification","valueRequired":true,"valueName":"search_term_string"}}],"inLanguage":"pt-BR"}]}},"jetpack_featured_media_url":"","_links":{"self":[{"href":"https:\/\/www.blogsoestado.com\/danielmatos\/wp-json\/wp\/v2\/posts\/49597","targetHints":{"allow":["GET"]}}],"collection":[{"href":"https:\/\/www.blogsoestado.com\/danielmatos\/wp-json\/wp\/v2\/posts"}],"about":[{"href":"https:\/\/www.blogsoestado.com\/danielmatos\/wp-json\/wp\/v2\/types\/post"}],"replies":[{"embeddable":true,"href":"https:\/\/www.blogsoestado.com\/danielmatos\/wp-json\/wp\/v2\/comments?post=49597"}],"version-history":[{"count":0,"href":"https:\/\/www.blogsoestado.com\/danielmatos\/wp-json\/wp\/v2\/posts\/49597\/revisions"}],"wp:attachment":[{"href":"https:\/\/www.blogsoestado.com\/danielmatos\/wp-json\/wp\/v2\/media?parent=49597"}],"wp:term":[{"taxonomy":"category","embeddable":true,"href":"https:\/\/www.blogsoestado.com\/danielmatos\/wp-json\/wp\/v2\/categories?post=49597"},{"taxonomy":"post_tag","embeddable":true,"href":"https:\/\/www.blogsoestado.com\/danielmatos\/wp-json\/wp\/v2\/tags?post=49597"}],"curies":[{"name":"wp","href":"https:\/\/api.w.org\/{rel}","templated":true}]}}