{"id":49605,"date":"2018-03-21T12:30:51","date_gmt":"2018-03-21T15:30:51","guid":{"rendered":"https:\/\/www.blogsoestado.com\/danielmatos\/?p=49605"},"modified":"2018-03-21T12:30:51","modified_gmt":"2018-03-21T15:30:51","slug":"com-medo-da-derrota-flavio-dino-recorre-baixaria-e-boataria-contra-roseana-e-braide","status":"publish","type":"post","link":"https:\/\/www.blogsoestado.com\/danielmatos\/com-medo-da-derrota-flavio-dino-recorre-baixaria-e-boataria-contra-roseana-e-braide\/","title":{"rendered":"Com medo da derrota, Fl\u00e1vio Dino recorre \u00e0 baixaria e \u00e0 boataria contra Roseana e Braide"},"content":{"rendered":"<figure id=\"attachment_44871\" aria-describedby=\"caption-attachment-44871\" style=\"width: 311px\" class=\"wp-caption alignright\"><img fetchpriority=\"high\" decoding=\"async\" class=\"size-full wp-image-44871\" src=\"https:\/\/www.blogsoestado.com\/danielmatos\/files\/2017\/09\/dino-boquiaberto.jpg\" alt=\"\" width=\"311\" height=\"342\" \/><figcaption id=\"caption-attachment-44871\" class=\"wp-caption-text\">Fl\u00e1vio Dino tenta desqualificar rivais que amea\u00e7am seu projeto de reelei\u00e7~so<\/figcaption><\/figure>\n<p>O governador Fl\u00e1vio Dino (PCdoB) est\u00e1 visivelmente em p\u00e2nico com a amea\u00e7a de perder o poder, tamanha a densidade eleitoral dos seus principais advers\u00e1rios na sucess\u00e3o estadual, especialmente Roseana Sarney (MDB) e Eduardo Braide (PMN). Com medo de n\u00e3o se reeleger, o comunista tenta, a todo custo, desqualificar os rivais, seja fomentando a baixaria do seu ex\u00e9rcito virtual nas redes sociais, seja propagando boatos para confundir o eleitorado.<\/p>\n<p>O primeiro alvo de Fl\u00e1vio Dino foi Roseana. Antes da pr\u00e9-campanha, quando a emedebista ainda n\u00e3o havia confirmado oficialmente a sua inten\u00e7\u00e3o de voltar ao Pal\u00e1cio dos Le\u00f5es, o governador escalou seus porta-vozes na imprensa e na blogosfera para anunciar que a ex-governadora n\u00e3o seria candidata, uma hora citando como motivo quest\u00f5es familiares, outra propagando que ela n\u00e3o teria coragem de enfrent\u00e1-lo nas urnas por &#8220;ter a certeza da derrota&#8221;.<\/p>\n<p>Como o boato n\u00e3o colou e Roseana n\u00e3o s\u00f3 garantiu que \u00e9 candidata, como j\u00e1 caiu em campo, com excelente recep\u00e7\u00e3o popular, o comunista comanda uma campanha odiosa contra a advers\u00e1ria nas redes sociais, marcada por insultos e outras manifesta\u00e7\u00f5es hostis. A baixaria inclui montagens e fotos em que a ex-governadora \u00e9 exposta em \u00e2ngulos, express\u00f5es, gestos e situa\u00e7\u00f5es desfavor\u00e1veis por internautas que parecem ter sido arregimentados para confront\u00e1-la no terreno virtual, levando \u00e0 suspeita de uso de dinheiro p\u00fablico para patrocinar tais ataques.<\/p>\n<p>J\u00e1 houve at\u00e9 quem dissesse que o governador infiltrou espi\u00f5es, dentre os quais fot\u00f3grafos e cinegrafistas, na Caravana da Esperan\u00e7a, liderada por Roseana entre os dias 8 e 17 deste m\u00eas, em 30 munic\u00edpios maranhenses, onde foi muito bem acolhida pelo povo e pela classe pol\u00edtica.<\/p>\n<p>Para tentar minar a candidatura de Eduardo Braide, Fl\u00e1vio Dino orientou a sua poderosa m\u00e1quina de divulga\u00e7\u00e3o a repetir exaustivamente a vers\u00e3o mentirosa, concebida nos por\u00f5es palacianos, de que o deputado estadual n\u00e3o ser\u00e1 candidato, a exemplo da artimanha usada, sem sucesso, contra Roseana. A raz\u00e3o, de acordo com a m\u00eddia governista, seria simples: o parlamentar n\u00e3o disp\u00f5e de estrutura partid\u00e1ria para concorrer ao pleito, uma vez que o partido de Braide n\u00e3o tem representa\u00e7\u00e3o na C\u00e2mara Federal, o que tornaria irris\u00f3rio o seu tempo na propaganda eleitoral e o impediria de participar de debates televisivos e em outros meios de comunica\u00e7\u00e3o com outros candidatos.<\/p>\n<p>Ao lan\u00e7ar m\u00e3o de tal argumento, os governistas d\u00e3o como certa a ampla alian\u00e7a partid\u00e1ria em torno da reelei\u00e7\u00e3o de Fl\u00e1vio Dino e esquecem que uma ou mais siglas podem desfalcar o palanque comunista para viabilizar, nada menos, do que o projeto do pr\u00f3prio Braide, para desespero de comunistas e seus aliados, que sonham em manter o poder e j\u00e1 come\u00e7am a ter pesadelos com a possibilidade, cada vez mais real, de perd\u00ea-lo.<\/p>\n","protected":false},"excerpt":{"rendered":"<p>O governador Fl\u00e1vio Dino (PCdoB) est\u00e1 visivelmente em p\u00e2nico com a amea\u00e7a de perder o poder, tamanha a densidade eleitoral [&hellip;]<\/p>\n","protected":false},"author":0,"featured_media":0,"comment_status":"open","ping_status":"open","sticky":false,"template":"","format":"standard","meta":{"site-sidebar-layout":"default","site-content-layout":"","ast-site-content-layout":"default","site-content-style":"default","site-sidebar-style":"default","ast-global-header-display":"","ast-banner-title-visibility":"","ast-main-header-display":"","ast-hfb-above-header-display":"","ast-hfb-below-header-display":"","ast-hfb-mobile-header-display":"","site-post-title":"","ast-breadcrumbs-content":"","ast-featured-img":"","footer-sml-layout":"","ast-disable-related-posts":"","theme-transparent-header-meta":"","adv-header-id-meta":"","stick-header-meta":"","header-above-stick-meta":"","header-main-stick-meta":"","header-below-stick-meta":"","astra-migrate-meta-layouts":"default","ast-page-background-enabled":"default","ast-page-background-meta":{"desktop":{"background-color":"var(--ast-global-color-5)","background-image":"","background-repeat":"repeat","background-position":"center center","background-size":"auto","background-attachment":"scroll","background-type":"","background-media":"","overlay-type":"","overlay-color":"","overlay-opacity":"","overlay-gradient":""},"tablet":{"background-color":"","background-image":"","background-repeat":"repeat","background-position":"center center","background-size":"auto","background-attachment":"scroll","background-type":"","background-media":"","overlay-type":"","overlay-color":"","overlay-opacity":"","overlay-gradient":""},"mobile":{"background-color":"","background-image":"","background-repeat":"repeat","background-position":"center center","background-size":"auto","background-attachment":"scroll","background-type":"","background-media":"","overlay-type":"","overlay-color":"","overlay-opacity":"","overlay-gradient":""}},"ast-content-background-meta":{"desktop":{"background-color":"var(--ast-global-color-4)","background-image":"","background-repeat":"repeat","background-position":"center center","background-size":"auto","background-attachment":"scroll","background-type":"","background-media":"","overlay-type":"","overlay-color":"","overlay-opacity":"","overlay-gradient":""},"tablet":{"background-color":"var(--ast-global-color-4)","background-image":"","background-repeat":"repeat","background-position":"center center","background-size":"auto","background-attachment":"scroll","background-type":"","background-media":"","overlay-type":"","overlay-color":"","overlay-opacity":"","overlay-gradient":""},"mobile":{"background-color":"var(--ast-global-color-4)","background-image":"","background-repeat":"repeat","background-position":"center center","background-size":"auto","background-attachment":"scroll","background-type":"","background-media":"","overlay-type":"","overlay-color":"","overlay-opacity":"","overlay-gradient":""}},"footnotes":""},"categories":[1],"tags":[],"class_list":["post-49605","post","type-post","status-publish","format-standard","hentry","category-sem-categoria"],"yoast_head":"<!-- This site is optimized with the Yoast SEO plugin v26.6 - https:\/\/yoast.com\/wordpress\/plugins\/seo\/ -->\n<title>Com medo da derrota, Fl\u00e1vio Dino recorre \u00e0 baixaria e \u00e0 boataria contra Roseana e Braide - Daniel Matos<\/title>\n<meta name=\"robots\" content=\"index, follow, max-snippet:-1, max-image-preview:large, max-video-preview:-1\" \/>\n<link rel=\"canonical\" href=\"https:\/\/www.blogsoestado.com\/danielmatos\/com-medo-da-derrota-flavio-dino-recorre-baixaria-e-boataria-contra-roseana-e-braide\/\" \/>\n<meta property=\"og:locale\" content=\"pt_BR\" \/>\n<meta property=\"og:type\" content=\"article\" \/>\n<meta property=\"og:title\" content=\"Com medo da derrota, Fl\u00e1vio Dino recorre \u00e0 baixaria e \u00e0 boataria contra Roseana e Braide - Daniel Matos\" \/>\n<meta property=\"og:description\" content=\"O governador Fl\u00e1vio Dino (PCdoB) est\u00e1 visivelmente em p\u00e2nico com a amea\u00e7a de perder o poder, tamanha a densidade eleitoral [&hellip;]\" \/>\n<meta property=\"og:url\" content=\"https:\/\/www.blogsoestado.com\/danielmatos\/com-medo-da-derrota-flavio-dino-recorre-baixaria-e-boataria-contra-roseana-e-braide\/\" \/>\n<meta property=\"og:site_name\" content=\"Daniel Matos\" \/>\n<meta property=\"article:published_time\" content=\"2018-03-21T15:30:51+00:00\" \/>\n<meta property=\"og:image\" content=\"https:\/\/www.blogsoestado.com\/danielmatos\/files\/2017\/09\/dino-boquiaberto.jpg\" \/>\n<meta name=\"twitter:card\" content=\"summary_large_image\" \/>\n<meta name=\"twitter:label1\" content=\"Est. tempo de leitura\" \/>\n\t<meta name=\"twitter:data1\" content=\"3 minutos\" \/>\n<script type=\"application\/ld+json\" class=\"yoast-schema-graph\">{\"@context\":\"https:\/\/schema.org\",\"@graph\":[{\"@type\":\"WebPage\",\"@id\":\"https:\/\/www.blogsoestado.com\/danielmatos\/com-medo-da-derrota-flavio-dino-recorre-baixaria-e-boataria-contra-roseana-e-braide\/\",\"url\":\"https:\/\/www.blogsoestado.com\/danielmatos\/com-medo-da-derrota-flavio-dino-recorre-baixaria-e-boataria-contra-roseana-e-braide\/\",\"name\":\"Com medo da derrota, Fl\u00e1vio Dino recorre \u00e0 baixaria e \u00e0 boataria contra Roseana e Braide - Daniel Matos\",\"isPartOf\":{\"@id\":\"https:\/\/www.blogsoestado.com\/danielmatos\/#website\"},\"primaryImageOfPage\":{\"@id\":\"https:\/\/www.blogsoestado.com\/danielmatos\/com-medo-da-derrota-flavio-dino-recorre-baixaria-e-boataria-contra-roseana-e-braide\/#primaryimage\"},\"image\":{\"@id\":\"https:\/\/www.blogsoestado.com\/danielmatos\/com-medo-da-derrota-flavio-dino-recorre-baixaria-e-boataria-contra-roseana-e-braide\/#primaryimage\"},\"thumbnailUrl\":\"https:\/\/www.blogsoestado.com\/danielmatos\/files\/2017\/09\/dino-boquiaberto.jpg\",\"datePublished\":\"2018-03-21T15:30:51+00:00\",\"author\":{\"@id\":\"\"},\"breadcrumb\":{\"@id\":\"https:\/\/www.blogsoestado.com\/danielmatos\/com-medo-da-derrota-flavio-dino-recorre-baixaria-e-boataria-contra-roseana-e-braide\/#breadcrumb\"},\"inLanguage\":\"pt-BR\",\"potentialAction\":[{\"@type\":\"ReadAction\",\"target\":[\"https:\/\/www.blogsoestado.com\/danielmatos\/com-medo-da-derrota-flavio-dino-recorre-baixaria-e-boataria-contra-roseana-e-braide\/\"]}]},{\"@type\":\"ImageObject\",\"inLanguage\":\"pt-BR\",\"@id\":\"https:\/\/www.blogsoestado.com\/danielmatos\/com-medo-da-derrota-flavio-dino-recorre-baixaria-e-boataria-contra-roseana-e-braide\/#primaryimage\",\"url\":\"https:\/\/www.blogsoestado.com\/danielmatos\/files\/2017\/09\/dino-boquiaberto.jpg\",\"contentUrl\":\"https:\/\/www.blogsoestado.com\/danielmatos\/files\/2017\/09\/dino-boquiaberto.jpg\"},{\"@type\":\"BreadcrumbList\",\"@id\":\"https:\/\/www.blogsoestado.com\/danielmatos\/com-medo-da-derrota-flavio-dino-recorre-baixaria-e-boataria-contra-roseana-e-braide\/#breadcrumb\",\"itemListElement\":[{\"@type\":\"ListItem\",\"position\":1,\"name\":\"In\u00edcio\",\"item\":\"https:\/\/www.blogsoestado.com\/danielmatos\/\"},{\"@type\":\"ListItem\",\"position\":2,\"name\":\"Com medo da derrota, Fl\u00e1vio Dino recorre \u00e0 baixaria e \u00e0 boataria contra Roseana e Braide\"}]},{\"@type\":\"WebSite\",\"@id\":\"https:\/\/www.blogsoestado.com\/danielmatos\/#website\",\"url\":\"https:\/\/www.blogsoestado.com\/danielmatos\/\",\"name\":\"Daniel Matos\",\"description\":\"\",\"potentialAction\":[{\"@type\":\"SearchAction\",\"target\":{\"@type\":\"EntryPoint\",\"urlTemplate\":\"https:\/\/www.blogsoestado.com\/danielmatos\/?s={search_term_string}\"},\"query-input\":{\"@type\":\"PropertyValueSpecification\",\"valueRequired\":true,\"valueName\":\"search_term_string\"}}],\"inLanguage\":\"pt-BR\"}]}<\/script>\n<!-- \/ Yoast SEO plugin. -->","yoast_head_json":{"title":"Com medo da derrota, Fl\u00e1vio Dino recorre \u00e0 baixaria e \u00e0 boataria contra Roseana e Braide - Daniel Matos","robots":{"index":"index","follow":"follow","max-snippet":"max-snippet:-1","max-image-preview":"max-image-preview:large","max-video-preview":"max-video-preview:-1"},"canonical":"https:\/\/www.blogsoestado.com\/danielmatos\/com-medo-da-derrota-flavio-dino-recorre-baixaria-e-boataria-contra-roseana-e-braide\/","og_locale":"pt_BR","og_type":"article","og_title":"Com medo da derrota, Fl\u00e1vio Dino recorre \u00e0 baixaria e \u00e0 boataria contra Roseana e Braide - Daniel Matos","og_description":"O governador Fl\u00e1vio Dino (PCdoB) est\u00e1 visivelmente em p\u00e2nico com a amea\u00e7a de perder o poder, tamanha a densidade eleitoral [&hellip;]","og_url":"https:\/\/www.blogsoestado.com\/danielmatos\/com-medo-da-derrota-flavio-dino-recorre-baixaria-e-boataria-contra-roseana-e-braide\/","og_site_name":"Daniel Matos","article_published_time":"2018-03-21T15:30:51+00:00","og_image":[{"url":"https:\/\/www.blogsoestado.com\/danielmatos\/files\/2017\/09\/dino-boquiaberto.jpg","type":"","width":"","height":""}],"twitter_card":"summary_large_image","twitter_misc":{"Est. tempo de leitura":"3 minutos"},"schema":{"@context":"https:\/\/schema.org","@graph":[{"@type":"WebPage","@id":"https:\/\/www.blogsoestado.com\/danielmatos\/com-medo-da-derrota-flavio-dino-recorre-baixaria-e-boataria-contra-roseana-e-braide\/","url":"https:\/\/www.blogsoestado.com\/danielmatos\/com-medo-da-derrota-flavio-dino-recorre-baixaria-e-boataria-contra-roseana-e-braide\/","name":"Com medo da derrota, Fl\u00e1vio Dino recorre \u00e0 baixaria e \u00e0 boataria contra Roseana e Braide - Daniel Matos","isPartOf":{"@id":"https:\/\/www.blogsoestado.com\/danielmatos\/#website"},"primaryImageOfPage":{"@id":"https:\/\/www.blogsoestado.com\/danielmatos\/com-medo-da-derrota-flavio-dino-recorre-baixaria-e-boataria-contra-roseana-e-braide\/#primaryimage"},"image":{"@id":"https:\/\/www.blogsoestado.com\/danielmatos\/com-medo-da-derrota-flavio-dino-recorre-baixaria-e-boataria-contra-roseana-e-braide\/#primaryimage"},"thumbnailUrl":"https:\/\/www.blogsoestado.com\/danielmatos\/files\/2017\/09\/dino-boquiaberto.jpg","datePublished":"2018-03-21T15:30:51+00:00","author":{"@id":""},"breadcrumb":{"@id":"https:\/\/www.blogsoestado.com\/danielmatos\/com-medo-da-derrota-flavio-dino-recorre-baixaria-e-boataria-contra-roseana-e-braide\/#breadcrumb"},"inLanguage":"pt-BR","potentialAction":[{"@type":"ReadAction","target":["https:\/\/www.blogsoestado.com\/danielmatos\/com-medo-da-derrota-flavio-dino-recorre-baixaria-e-boataria-contra-roseana-e-braide\/"]}]},{"@type":"ImageObject","inLanguage":"pt-BR","@id":"https:\/\/www.blogsoestado.com\/danielmatos\/com-medo-da-derrota-flavio-dino-recorre-baixaria-e-boataria-contra-roseana-e-braide\/#primaryimage","url":"https:\/\/www.blogsoestado.com\/danielmatos\/files\/2017\/09\/dino-boquiaberto.jpg","contentUrl":"https:\/\/www.blogsoestado.com\/danielmatos\/files\/2017\/09\/dino-boquiaberto.jpg"},{"@type":"BreadcrumbList","@id":"https:\/\/www.blogsoestado.com\/danielmatos\/com-medo-da-derrota-flavio-dino-recorre-baixaria-e-boataria-contra-roseana-e-braide\/#breadcrumb","itemListElement":[{"@type":"ListItem","position":1,"name":"In\u00edcio","item":"https:\/\/www.blogsoestado.com\/danielmatos\/"},{"@type":"ListItem","position":2,"name":"Com medo da derrota, Fl\u00e1vio Dino recorre \u00e0 baixaria e \u00e0 boataria contra Roseana e Braide"}]},{"@type":"WebSite","@id":"https:\/\/www.blogsoestado.com\/danielmatos\/#website","url":"https:\/\/www.blogsoestado.com\/danielmatos\/","name":"Daniel Matos","description":"","potentialAction":[{"@type":"SearchAction","target":{"@type":"EntryPoint","urlTemplate":"https:\/\/www.blogsoestado.com\/danielmatos\/?s={search_term_string}"},"query-input":{"@type":"PropertyValueSpecification","valueRequired":true,"valueName":"search_term_string"}}],"inLanguage":"pt-BR"}]}},"jetpack_featured_media_url":"","_links":{"self":[{"href":"https:\/\/www.blogsoestado.com\/danielmatos\/wp-json\/wp\/v2\/posts\/49605","targetHints":{"allow":["GET"]}}],"collection":[{"href":"https:\/\/www.blogsoestado.com\/danielmatos\/wp-json\/wp\/v2\/posts"}],"about":[{"href":"https:\/\/www.blogsoestado.com\/danielmatos\/wp-json\/wp\/v2\/types\/post"}],"replies":[{"embeddable":true,"href":"https:\/\/www.blogsoestado.com\/danielmatos\/wp-json\/wp\/v2\/comments?post=49605"}],"version-history":[{"count":0,"href":"https:\/\/www.blogsoestado.com\/danielmatos\/wp-json\/wp\/v2\/posts\/49605\/revisions"}],"wp:attachment":[{"href":"https:\/\/www.blogsoestado.com\/danielmatos\/wp-json\/wp\/v2\/media?parent=49605"}],"wp:term":[{"taxonomy":"category","embeddable":true,"href":"https:\/\/www.blogsoestado.com\/danielmatos\/wp-json\/wp\/v2\/categories?post=49605"},{"taxonomy":"post_tag","embeddable":true,"href":"https:\/\/www.blogsoestado.com\/danielmatos\/wp-json\/wp\/v2\/tags?post=49605"}],"curies":[{"name":"wp","href":"https:\/\/api.w.org\/{rel}","templated":true}]}}