{"id":49607,"date":"2018-03-21T16:00:19","date_gmt":"2018-03-21T19:00:19","guid":{"rendered":"https:\/\/www.blogsoestado.com\/danielmatos\/?p=49607"},"modified":"2018-03-21T16:00:19","modified_gmt":"2018-03-21T19:00:19","slug":"rodolfo-peres-ministra-workshop-de-nutricao-em-sao-luis","status":"publish","type":"post","link":"https:\/\/www.blogsoestado.com\/danielmatos\/rodolfo-peres-ministra-workshop-de-nutricao-em-sao-luis\/","title":{"rendered":"Rodolfo Peres ministra Workshop de Nutri\u00e7\u00e3o em S\u00e3o Lu\u00eds"},"content":{"rendered":"<h2><span style=\"color: #ff0000;\">Especialista estar\u00e1 em S\u00e3o Lu\u00eds no s\u00e1bado, dia 24 de mar\u00e7o no Rio Poty Hotel<\/span><\/h2>\n<figure id=\"attachment_49608\" aria-describedby=\"caption-attachment-49608\" style=\"width: 299px\" class=\"wp-caption alignleft\"><img fetchpriority=\"high\" decoding=\"async\" class=\"size-full wp-image-49608\" src=\"https:\/\/www.blogsoestado.com\/danielmatos\/files\/2018\/03\/RODOLFO-PERES-1.png\" alt=\"\" width=\"299\" height=\"448\" \/><figcaption id=\"caption-attachment-49608\" class=\"wp-caption-text\">Rodolfo tem mais de 200 cursos ministrados no Brasil e exterior<\/figcaption><\/figure>\n<p>Quando se fala em nutri\u00e7\u00e3o, vem logo na cabe\u00e7a perder peso. Mas n\u00e3o \u00e9 bem isso e ter um plano alimentar adequado para seu organismo \u00e9 importante, pois assim \u00e9 poss\u00edvel emagrecer ou ganhar massa muscular da maneira correta e sem \u201csofrer\u201d. O renomado nutricionista, Rodolfo Peres estar\u00e1 em S\u00e3o Lu\u00eds no dia 24 de mar\u00e7o ministrando um Workshop voltado para a nutri\u00e7\u00e3o esportiva e suplementa\u00e7\u00e3o.<\/p>\n<p>O evento ser\u00e1 realizado no Rio Poty Hotel, a partir das 8h, com certificado de 08 horas e as inscri\u00e7\u00f5es est\u00e3o sendo realizadas nas Lojas da Thor Suplementos no Boulevard Tropical, Maranh\u00e3o Novo e Vinhais.<\/p>\n<p>Rodolfo tem mais de 200 cursos ministrados no Brasil e exterior. Ele \u00e9 especializado em nutri\u00e7\u00e3o esportiva e autor de alguns livros de sucesso: \u201cViva em dieta, viva melhor\u201d, \u201cSanta Prote\u00edna\u201d e \u201cNutri\u00e7\u00e3o e Individualidade. Rodolfo Peres compartilha estudos que buscam melhorar a qualidade de vida de todos por meio da nutri\u00e7\u00e3o. \u201cNa verdade, j\u00e1 escrevi 5 livros. Os dois primeiros em coautoria com o professor Waldemar Guimar\u00e3es. No pr\u00f3ximo m\u00eas, em abril, no Arnold Classic South America, que \u00e9 a maior feira do Brasil na \u00e1rea fitness, vou lan\u00e7ar mais um livro. Este voltado para o direcionamento do estudante de nutri\u00e7\u00e3o e profissional que acabou de se formar\u201d, releva o nutricionista.<\/p>\n<p>Segundo o Minist\u00e9rio da Sa\u00fade, uma em cada cinco pessoas no Pa\u00eds est\u00e1 acima do peso. A preval\u00eancia da doen\u00e7a passou de 11,8%, em 2006, para 18,9%, em 2016. Muitos quando chegam em um peso elevado, optam pela cirurgia bari\u00e1trica. Rodolfo esclarece que tudo acontece tamb\u00e9m por falta de informa\u00e7\u00e3o. \u201cExistem basicamente 2 problemas. Um deles \u00e9 a falta de informa\u00e7\u00e3o. Esta deveria estar presente de maneira mais direta para o consumidor. Nos supermercados, r\u00f3tulos de produtos, restaurantes e educa\u00e7\u00e3o infantil nas escolas. O outro problema \u00e9 o lado comportamental. As pessoas possuem no seu subconsciente a tend\u00eancia de buscar algo r\u00e1pido para resolver seus problemas. Passam a vida procurando alguma p\u00edlula ou m\u00e9todo que resolva seus problemas, mas na verdade \u00e9 algo que envolve muito mais fatores\u201d, esclarece.<\/p>\n<p><strong>Workshop<\/strong><\/p>\n<p>No evento voc\u00ea ficar\u00e1 por dentro de temas voltados para \u00e1rea da nutri\u00e7\u00e3o e suplementa\u00e7\u00e3o. Como a elabora\u00e7\u00e3o de programa alimenta\u00e7\u00e3o x uso de suplementos em hipertrofia e emagrecimento. A defini\u00e7\u00e3o e otimiza\u00e7\u00e3o de performance e avalia\u00e7\u00e3o nutricional (antropometria marcadores bioqu\u00edmicos e testes gen\u00e9ticos).<\/p>\n<p><strong>Servi\u00e7o<\/strong><\/p>\n<p><strong>O qu\u00ea:<\/strong> Nutricionista Rodolfo Peres em S\u00e3o Lu\u00eds<\/p>\n<p><strong>Onde:<\/strong> Rio Poty Hotel<\/p>\n<p><strong>Quando:<\/strong> S\u00e1bado, a partir das 8h, dia 24 de mar\u00e7o<\/p>\n<p><strong>Inscri\u00e7\u00f5es:<\/strong> Lojas da Thor Suplementos no Boulevard Tropical, Maranh\u00e3o Novo e Vinhais.<\/p>\n<p><strong>Informa\u00e7\u00f5es:<\/strong> (98) 3190-0126<\/p>\n<p><strong>Realiza\u00e7\u00e3o:<\/strong> Thor Suplementos<\/p>\n","protected":false},"excerpt":{"rendered":"<p>Especialista estar\u00e1 em S\u00e3o Lu\u00eds no s\u00e1bado, dia 24 de mar\u00e7o no Rio Poty Hotel Quando se fala em nutri\u00e7\u00e3o, [&hellip;]<\/p>\n","protected":false},"author":0,"featured_media":0,"comment_status":"open","ping_status":"open","sticky":false,"template":"","format":"standard","meta":{"site-sidebar-layout":"default","site-content-layout":"","ast-site-content-layout":"default","site-content-style":"default","site-sidebar-style":"default","ast-global-header-display":"","ast-banner-title-visibility":"","ast-main-header-display":"","ast-hfb-above-header-display":"","ast-hfb-below-header-display":"","ast-hfb-mobile-header-display":"","site-post-title":"","ast-breadcrumbs-content":"","ast-featured-img":"","footer-sml-layout":"","ast-disable-related-posts":"","theme-transparent-header-meta":"","adv-header-id-meta":"","stick-header-meta":"","header-above-stick-meta":"","header-main-stick-meta":"","header-below-stick-meta":"","astra-migrate-meta-layouts":"default","ast-page-background-enabled":"default","ast-page-background-meta":{"desktop":{"background-color":"var(--ast-global-color-5)","background-image":"","background-repeat":"repeat","background-position":"center center","background-size":"auto","background-attachment":"scroll","background-type":"","background-media":"","overlay-type":"","overlay-color":"","overlay-opacity":"","overlay-gradient":""},"tablet":{"background-color":"","background-image":"","background-repeat":"repeat","background-position":"center center","background-size":"auto","background-attachment":"scroll","background-type":"","background-media":"","overlay-type":"","overlay-color":"","overlay-opacity":"","overlay-gradient":""},"mobile":{"background-color":"","background-image":"","background-repeat":"repeat","background-position":"center center","background-size":"auto","background-attachment":"scroll","background-type":"","background-media":"","overlay-type":"","overlay-color":"","overlay-opacity":"","overlay-gradient":""}},"ast-content-background-meta":{"desktop":{"background-color":"var(--ast-global-color-4)","background-image":"","background-repeat":"repeat","background-position":"center center","background-size":"auto","background-attachment":"scroll","background-type":"","background-media":"","overlay-type":"","overlay-color":"","overlay-opacity":"","overlay-gradient":""},"tablet":{"background-color":"var(--ast-global-color-4)","background-image":"","background-repeat":"repeat","background-position":"center center","background-size":"auto","background-attachment":"scroll","background-type":"","background-media":"","overlay-type":"","overlay-color":"","overlay-opacity":"","overlay-gradient":""},"mobile":{"background-color":"var(--ast-global-color-4)","background-image":"","background-repeat":"repeat","background-position":"center center","background-size":"auto","background-attachment":"scroll","background-type":"","background-media":"","overlay-type":"","overlay-color":"","overlay-opacity":"","overlay-gradient":""}},"footnotes":""},"categories":[1],"tags":[],"class_list":["post-49607","post","type-post","status-publish","format-standard","hentry","category-sem-categoria"],"yoast_head":"<!-- This site is optimized with the Yoast SEO plugin v26.6 - https:\/\/yoast.com\/wordpress\/plugins\/seo\/ -->\n<title>Rodolfo Peres ministra Workshop de Nutri\u00e7\u00e3o em S\u00e3o Lu\u00eds - Daniel Matos<\/title>\n<meta name=\"robots\" content=\"index, follow, max-snippet:-1, max-image-preview:large, max-video-preview:-1\" \/>\n<link rel=\"canonical\" href=\"https:\/\/www.blogsoestado.com\/danielmatos\/rodolfo-peres-ministra-workshop-de-nutricao-em-sao-luis\/\" \/>\n<meta property=\"og:locale\" content=\"pt_BR\" \/>\n<meta property=\"og:type\" content=\"article\" \/>\n<meta property=\"og:title\" content=\"Rodolfo Peres ministra Workshop de Nutri\u00e7\u00e3o em S\u00e3o Lu\u00eds - Daniel Matos\" \/>\n<meta property=\"og:description\" content=\"Especialista estar\u00e1 em S\u00e3o Lu\u00eds no s\u00e1bado, dia 24 de mar\u00e7o no Rio Poty Hotel Quando se fala em nutri\u00e7\u00e3o, [&hellip;]\" \/>\n<meta property=\"og:url\" content=\"https:\/\/www.blogsoestado.com\/danielmatos\/rodolfo-peres-ministra-workshop-de-nutricao-em-sao-luis\/\" \/>\n<meta property=\"og:site_name\" content=\"Daniel Matos\" \/>\n<meta property=\"article:published_time\" content=\"2018-03-21T19:00:19+00:00\" \/>\n<meta property=\"og:image\" content=\"https:\/\/www.blogsoestado.com\/danielmatos\/files\/2018\/03\/RODOLFO-PERES-1.png\" \/>\n<meta name=\"twitter:card\" content=\"summary_large_image\" \/>\n<meta name=\"twitter:label1\" content=\"Est. tempo de leitura\" \/>\n\t<meta name=\"twitter:data1\" content=\"2 minutos\" \/>\n<script type=\"application\/ld+json\" class=\"yoast-schema-graph\">{\"@context\":\"https:\/\/schema.org\",\"@graph\":[{\"@type\":\"WebPage\",\"@id\":\"https:\/\/www.blogsoestado.com\/danielmatos\/rodolfo-peres-ministra-workshop-de-nutricao-em-sao-luis\/\",\"url\":\"https:\/\/www.blogsoestado.com\/danielmatos\/rodolfo-peres-ministra-workshop-de-nutricao-em-sao-luis\/\",\"name\":\"Rodolfo Peres ministra Workshop de Nutri\u00e7\u00e3o em S\u00e3o Lu\u00eds - Daniel Matos\",\"isPartOf\":{\"@id\":\"https:\/\/www.blogsoestado.com\/danielmatos\/#website\"},\"primaryImageOfPage\":{\"@id\":\"https:\/\/www.blogsoestado.com\/danielmatos\/rodolfo-peres-ministra-workshop-de-nutricao-em-sao-luis\/#primaryimage\"},\"image\":{\"@id\":\"https:\/\/www.blogsoestado.com\/danielmatos\/rodolfo-peres-ministra-workshop-de-nutricao-em-sao-luis\/#primaryimage\"},\"thumbnailUrl\":\"https:\/\/www.blogsoestado.com\/danielmatos\/files\/2018\/03\/RODOLFO-PERES-1.png\",\"datePublished\":\"2018-03-21T19:00:19+00:00\",\"author\":{\"@id\":\"\"},\"breadcrumb\":{\"@id\":\"https:\/\/www.blogsoestado.com\/danielmatos\/rodolfo-peres-ministra-workshop-de-nutricao-em-sao-luis\/#breadcrumb\"},\"inLanguage\":\"pt-BR\",\"potentialAction\":[{\"@type\":\"ReadAction\",\"target\":[\"https:\/\/www.blogsoestado.com\/danielmatos\/rodolfo-peres-ministra-workshop-de-nutricao-em-sao-luis\/\"]}]},{\"@type\":\"ImageObject\",\"inLanguage\":\"pt-BR\",\"@id\":\"https:\/\/www.blogsoestado.com\/danielmatos\/rodolfo-peres-ministra-workshop-de-nutricao-em-sao-luis\/#primaryimage\",\"url\":\"https:\/\/www.blogsoestado.com\/danielmatos\/files\/2018\/03\/RODOLFO-PERES-1.png\",\"contentUrl\":\"https:\/\/www.blogsoestado.com\/danielmatos\/files\/2018\/03\/RODOLFO-PERES-1.png\"},{\"@type\":\"BreadcrumbList\",\"@id\":\"https:\/\/www.blogsoestado.com\/danielmatos\/rodolfo-peres-ministra-workshop-de-nutricao-em-sao-luis\/#breadcrumb\",\"itemListElement\":[{\"@type\":\"ListItem\",\"position\":1,\"name\":\"In\u00edcio\",\"item\":\"https:\/\/www.blogsoestado.com\/danielmatos\/\"},{\"@type\":\"ListItem\",\"position\":2,\"name\":\"Rodolfo Peres ministra Workshop de Nutri\u00e7\u00e3o em S\u00e3o Lu\u00eds\"}]},{\"@type\":\"WebSite\",\"@id\":\"https:\/\/www.blogsoestado.com\/danielmatos\/#website\",\"url\":\"https:\/\/www.blogsoestado.com\/danielmatos\/\",\"name\":\"Daniel Matos\",\"description\":\"\",\"potentialAction\":[{\"@type\":\"SearchAction\",\"target\":{\"@type\":\"EntryPoint\",\"urlTemplate\":\"https:\/\/www.blogsoestado.com\/danielmatos\/?s={search_term_string}\"},\"query-input\":{\"@type\":\"PropertyValueSpecification\",\"valueRequired\":true,\"valueName\":\"search_term_string\"}}],\"inLanguage\":\"pt-BR\"}]}<\/script>\n<!-- \/ Yoast SEO plugin. -->","yoast_head_json":{"title":"Rodolfo Peres ministra Workshop de Nutri\u00e7\u00e3o em S\u00e3o Lu\u00eds - Daniel Matos","robots":{"index":"index","follow":"follow","max-snippet":"max-snippet:-1","max-image-preview":"max-image-preview:large","max-video-preview":"max-video-preview:-1"},"canonical":"https:\/\/www.blogsoestado.com\/danielmatos\/rodolfo-peres-ministra-workshop-de-nutricao-em-sao-luis\/","og_locale":"pt_BR","og_type":"article","og_title":"Rodolfo Peres ministra Workshop de Nutri\u00e7\u00e3o em S\u00e3o Lu\u00eds - Daniel Matos","og_description":"Especialista estar\u00e1 em S\u00e3o Lu\u00eds no s\u00e1bado, dia 24 de mar\u00e7o no Rio Poty Hotel Quando se fala em nutri\u00e7\u00e3o, [&hellip;]","og_url":"https:\/\/www.blogsoestado.com\/danielmatos\/rodolfo-peres-ministra-workshop-de-nutricao-em-sao-luis\/","og_site_name":"Daniel Matos","article_published_time":"2018-03-21T19:00:19+00:00","og_image":[{"url":"https:\/\/www.blogsoestado.com\/danielmatos\/files\/2018\/03\/RODOLFO-PERES-1.png","type":"","width":"","height":""}],"twitter_card":"summary_large_image","twitter_misc":{"Est. tempo de leitura":"2 minutos"},"schema":{"@context":"https:\/\/schema.org","@graph":[{"@type":"WebPage","@id":"https:\/\/www.blogsoestado.com\/danielmatos\/rodolfo-peres-ministra-workshop-de-nutricao-em-sao-luis\/","url":"https:\/\/www.blogsoestado.com\/danielmatos\/rodolfo-peres-ministra-workshop-de-nutricao-em-sao-luis\/","name":"Rodolfo Peres ministra Workshop de Nutri\u00e7\u00e3o em S\u00e3o Lu\u00eds - Daniel Matos","isPartOf":{"@id":"https:\/\/www.blogsoestado.com\/danielmatos\/#website"},"primaryImageOfPage":{"@id":"https:\/\/www.blogsoestado.com\/danielmatos\/rodolfo-peres-ministra-workshop-de-nutricao-em-sao-luis\/#primaryimage"},"image":{"@id":"https:\/\/www.blogsoestado.com\/danielmatos\/rodolfo-peres-ministra-workshop-de-nutricao-em-sao-luis\/#primaryimage"},"thumbnailUrl":"https:\/\/www.blogsoestado.com\/danielmatos\/files\/2018\/03\/RODOLFO-PERES-1.png","datePublished":"2018-03-21T19:00:19+00:00","author":{"@id":""},"breadcrumb":{"@id":"https:\/\/www.blogsoestado.com\/danielmatos\/rodolfo-peres-ministra-workshop-de-nutricao-em-sao-luis\/#breadcrumb"},"inLanguage":"pt-BR","potentialAction":[{"@type":"ReadAction","target":["https:\/\/www.blogsoestado.com\/danielmatos\/rodolfo-peres-ministra-workshop-de-nutricao-em-sao-luis\/"]}]},{"@type":"ImageObject","inLanguage":"pt-BR","@id":"https:\/\/www.blogsoestado.com\/danielmatos\/rodolfo-peres-ministra-workshop-de-nutricao-em-sao-luis\/#primaryimage","url":"https:\/\/www.blogsoestado.com\/danielmatos\/files\/2018\/03\/RODOLFO-PERES-1.png","contentUrl":"https:\/\/www.blogsoestado.com\/danielmatos\/files\/2018\/03\/RODOLFO-PERES-1.png"},{"@type":"BreadcrumbList","@id":"https:\/\/www.blogsoestado.com\/danielmatos\/rodolfo-peres-ministra-workshop-de-nutricao-em-sao-luis\/#breadcrumb","itemListElement":[{"@type":"ListItem","position":1,"name":"In\u00edcio","item":"https:\/\/www.blogsoestado.com\/danielmatos\/"},{"@type":"ListItem","position":2,"name":"Rodolfo Peres ministra Workshop de Nutri\u00e7\u00e3o em S\u00e3o Lu\u00eds"}]},{"@type":"WebSite","@id":"https:\/\/www.blogsoestado.com\/danielmatos\/#website","url":"https:\/\/www.blogsoestado.com\/danielmatos\/","name":"Daniel Matos","description":"","potentialAction":[{"@type":"SearchAction","target":{"@type":"EntryPoint","urlTemplate":"https:\/\/www.blogsoestado.com\/danielmatos\/?s={search_term_string}"},"query-input":{"@type":"PropertyValueSpecification","valueRequired":true,"valueName":"search_term_string"}}],"inLanguage":"pt-BR"}]}},"jetpack_featured_media_url":"","_links":{"self":[{"href":"https:\/\/www.blogsoestado.com\/danielmatos\/wp-json\/wp\/v2\/posts\/49607","targetHints":{"allow":["GET"]}}],"collection":[{"href":"https:\/\/www.blogsoestado.com\/danielmatos\/wp-json\/wp\/v2\/posts"}],"about":[{"href":"https:\/\/www.blogsoestado.com\/danielmatos\/wp-json\/wp\/v2\/types\/post"}],"replies":[{"embeddable":true,"href":"https:\/\/www.blogsoestado.com\/danielmatos\/wp-json\/wp\/v2\/comments?post=49607"}],"version-history":[{"count":0,"href":"https:\/\/www.blogsoestado.com\/danielmatos\/wp-json\/wp\/v2\/posts\/49607\/revisions"}],"wp:attachment":[{"href":"https:\/\/www.blogsoestado.com\/danielmatos\/wp-json\/wp\/v2\/media?parent=49607"}],"wp:term":[{"taxonomy":"category","embeddable":true,"href":"https:\/\/www.blogsoestado.com\/danielmatos\/wp-json\/wp\/v2\/categories?post=49607"},{"taxonomy":"post_tag","embeddable":true,"href":"https:\/\/www.blogsoestado.com\/danielmatos\/wp-json\/wp\/v2\/tags?post=49607"}],"curies":[{"name":"wp","href":"https:\/\/api.w.org\/{rel}","templated":true}]}}