{"id":49610,"date":"2018-03-21T15:30:33","date_gmt":"2018-03-21T18:30:33","guid":{"rendered":"https:\/\/www.blogsoestado.com\/danielmatos\/?p=49610"},"modified":"2018-03-21T15:30:33","modified_gmt":"2018-03-21T18:30:33","slug":"astro-de-ogum-homenageia-ex-presidentes-da-camara-municipal","status":"publish","type":"post","link":"https:\/\/www.blogsoestado.com\/danielmatos\/astro-de-ogum-homenageia-ex-presidentes-da-camara-municipal\/","title":{"rendered":"Astro de Ogum homenageia ex-presidentes da C\u00e2mara Municipal"},"content":{"rendered":"<figure id=\"attachment_49611\" aria-describedby=\"caption-attachment-49611\" style=\"width: 640px\" class=\"wp-caption aligncenter\"><img fetchpriority=\"high\" decoding=\"async\" class=\"size-full wp-image-49611\" src=\"https:\/\/www.blogsoestado.com\/danielmatos\/files\/2018\/03\/astro-chefes.jpg\" alt=\"\" width=\"640\" height=\"376\" \/><figcaption id=\"caption-attachment-49611\" class=\"wp-caption-text\">Astro de Ogum entrega placa aa Pereirinha, ao lado do prefeito Edivaldo Holanda J\u00fanior e dos vereadores Honorato Fernandes, Marquinhos, e Josu\u00e9 Pinheiro<\/figcaption><\/figure>\n<p>Uma sess\u00e3o solene marcou a entrega de placas em homenagens aos ex-presidentes da C\u00e2mara Municipal de S\u00e3o Lu\u00eds. O evento foi realizado nesta quarta-feira (21) numa proposta do atual presidente da C\u00e2mara, vereador Astro de Ogum (PR), por meio do requerimento 078\/2018.<\/p>\n<p>Objetivo da solenidade foi lembrar o servi\u00e7o prestado pelos ex-presidentes que ainda est\u00e3o vivos e trabalharam com dedica\u00e7\u00e3o para o crescimento do Legislativo Ludovicense. Enoque Almeida Filho, Edivaldo Holanda, Manoel Ribeiro, Deco Soares, Pav\u00e3o Filho, Chico Carvalho, Sousa Bentivi, Ivan Sarney e Isaias Pereirinha receberam placas de honra ao m\u00e9rito.<\/p>\n<p>Segundo o vereador Astro de Ogum, a sess\u00e3o marca o come\u00e7o das comemora\u00e7\u00f5es dos 400 anos da C\u00e2mara Municipal de S\u00e3o Lu\u00eds, a quarta casa legislativa do Brasil. \u201cVamos comemorar esta data n\u00e3o apenas com festa, mas lembrando das pessoas que ajudaram construir a hist\u00f3ria. A participa\u00e7\u00e3o de todos os ex-presidentes foi fundamental para o avan\u00e7o do parlamento s\u00e3o-luisense\u201d, exclamou.<\/p>\n<p>Para o ex-presidente e deputado estadual Edivaldo Holanda Braga, a C\u00e2mara Municipal \u00e9 a escola que todo pol\u00edtico deveria iniciar a carreira. \u201cTive a honra de presidir essa casa em momento importante para hist\u00f3ria da pol\u00edtica maranhense. Me sinto honrado por ser homenageado por um companheiro que ocupa atualmente a mesma cadeira que um dia ocupei\u201d, disse.<\/p>\n<p>O presidente Astro ainda destacou que sempre teve vontade de homenagem os ex-parlamentares em vida.<\/p>\n<p>\u201cEstou h\u00e1 tr\u00eas anos na presid\u00eancia da casa e nunca imaginei ocupar esse lugar nem por brincadeira. Hoje me sinto feliz em homenagear esses homens que ainda contribuem e muito para a pol\u00edtica do nosso estado\u201d, afirmou.<\/p>\n","protected":false},"excerpt":{"rendered":"<p>Uma sess\u00e3o solene marcou a entrega de placas em homenagens aos ex-presidentes da C\u00e2mara Municipal de S\u00e3o Lu\u00eds. O evento [&hellip;]<\/p>\n","protected":false},"author":0,"featured_media":0,"comment_status":"open","ping_status":"open","sticky":false,"template":"","format":"standard","meta":{"site-sidebar-layout":"default","site-content-layout":"","ast-site-content-layout":"default","site-content-style":"default","site-sidebar-style":"default","ast-global-header-display":"","ast-banner-title-visibility":"","ast-main-header-display":"","ast-hfb-above-header-display":"","ast-hfb-below-header-display":"","ast-hfb-mobile-header-display":"","site-post-title":"","ast-breadcrumbs-content":"","ast-featured-img":"","footer-sml-layout":"","ast-disable-related-posts":"","theme-transparent-header-meta":"","adv-header-id-meta":"","stick-header-meta":"","header-above-stick-meta":"","header-main-stick-meta":"","header-below-stick-meta":"","astra-migrate-meta-layouts":"default","ast-page-background-enabled":"default","ast-page-background-meta":{"desktop":{"background-color":"var(--ast-global-color-5)","background-image":"","background-repeat":"repeat","background-position":"center center","background-size":"auto","background-attachment":"scroll","background-type":"","background-media":"","overlay-type":"","overlay-color":"","overlay-opacity":"","overlay-gradient":""},"tablet":{"background-color":"","background-image":"","background-repeat":"repeat","background-position":"center center","background-size":"auto","background-attachment":"scroll","background-type":"","background-media":"","overlay-type":"","overlay-color":"","overlay-opacity":"","overlay-gradient":""},"mobile":{"background-color":"","background-image":"","background-repeat":"repeat","background-position":"center center","background-size":"auto","background-attachment":"scroll","background-type":"","background-media":"","overlay-type":"","overlay-color":"","overlay-opacity":"","overlay-gradient":""}},"ast-content-background-meta":{"desktop":{"background-color":"var(--ast-global-color-4)","background-image":"","background-repeat":"repeat","background-position":"center center","background-size":"auto","background-attachment":"scroll","background-type":"","background-media":"","overlay-type":"","overlay-color":"","overlay-opacity":"","overlay-gradient":""},"tablet":{"background-color":"var(--ast-global-color-4)","background-image":"","background-repeat":"repeat","background-position":"center center","background-size":"auto","background-attachment":"scroll","background-type":"","background-media":"","overlay-type":"","overlay-color":"","overlay-opacity":"","overlay-gradient":""},"mobile":{"background-color":"var(--ast-global-color-4)","background-image":"","background-repeat":"repeat","background-position":"center center","background-size":"auto","background-attachment":"scroll","background-type":"","background-media":"","overlay-type":"","overlay-color":"","overlay-opacity":"","overlay-gradient":""}},"footnotes":""},"categories":[1],"tags":[],"class_list":["post-49610","post","type-post","status-publish","format-standard","hentry","category-sem-categoria"],"yoast_head":"<!-- This site is optimized with the Yoast SEO plugin v26.6 - https:\/\/yoast.com\/wordpress\/plugins\/seo\/ -->\n<title>Astro de Ogum homenageia ex-presidentes da C\u00e2mara Municipal - Daniel Matos<\/title>\n<meta name=\"robots\" content=\"index, follow, max-snippet:-1, max-image-preview:large, max-video-preview:-1\" \/>\n<link rel=\"canonical\" href=\"https:\/\/www.blogsoestado.com\/danielmatos\/astro-de-ogum-homenageia-ex-presidentes-da-camara-municipal\/\" \/>\n<meta property=\"og:locale\" content=\"pt_BR\" \/>\n<meta property=\"og:type\" content=\"article\" \/>\n<meta property=\"og:title\" content=\"Astro de Ogum homenageia ex-presidentes da C\u00e2mara Municipal - Daniel Matos\" \/>\n<meta property=\"og:description\" content=\"Uma sess\u00e3o solene marcou a entrega de placas em homenagens aos ex-presidentes da C\u00e2mara Municipal de S\u00e3o Lu\u00eds. O evento [&hellip;]\" \/>\n<meta property=\"og:url\" content=\"https:\/\/www.blogsoestado.com\/danielmatos\/astro-de-ogum-homenageia-ex-presidentes-da-camara-municipal\/\" \/>\n<meta property=\"og:site_name\" content=\"Daniel Matos\" \/>\n<meta property=\"article:published_time\" content=\"2018-03-21T18:30:33+00:00\" \/>\n<meta property=\"og:image\" content=\"https:\/\/www.blogsoestado.com\/danielmatos\/files\/2018\/03\/astro-chefes.jpg\" \/>\n<meta name=\"twitter:card\" content=\"summary_large_image\" \/>\n<meta name=\"twitter:label1\" content=\"Est. tempo de leitura\" \/>\n\t<meta name=\"twitter:data1\" content=\"2 minutos\" \/>\n<script type=\"application\/ld+json\" class=\"yoast-schema-graph\">{\"@context\":\"https:\/\/schema.org\",\"@graph\":[{\"@type\":\"WebPage\",\"@id\":\"https:\/\/www.blogsoestado.com\/danielmatos\/astro-de-ogum-homenageia-ex-presidentes-da-camara-municipal\/\",\"url\":\"https:\/\/www.blogsoestado.com\/danielmatos\/astro-de-ogum-homenageia-ex-presidentes-da-camara-municipal\/\",\"name\":\"Astro de Ogum homenageia ex-presidentes da C\u00e2mara Municipal - Daniel Matos\",\"isPartOf\":{\"@id\":\"https:\/\/www.blogsoestado.com\/danielmatos\/#website\"},\"primaryImageOfPage\":{\"@id\":\"https:\/\/www.blogsoestado.com\/danielmatos\/astro-de-ogum-homenageia-ex-presidentes-da-camara-municipal\/#primaryimage\"},\"image\":{\"@id\":\"https:\/\/www.blogsoestado.com\/danielmatos\/astro-de-ogum-homenageia-ex-presidentes-da-camara-municipal\/#primaryimage\"},\"thumbnailUrl\":\"https:\/\/www.blogsoestado.com\/danielmatos\/files\/2018\/03\/astro-chefes.jpg\",\"datePublished\":\"2018-03-21T18:30:33+00:00\",\"author\":{\"@id\":\"\"},\"breadcrumb\":{\"@id\":\"https:\/\/www.blogsoestado.com\/danielmatos\/astro-de-ogum-homenageia-ex-presidentes-da-camara-municipal\/#breadcrumb\"},\"inLanguage\":\"pt-BR\",\"potentialAction\":[{\"@type\":\"ReadAction\",\"target\":[\"https:\/\/www.blogsoestado.com\/danielmatos\/astro-de-ogum-homenageia-ex-presidentes-da-camara-municipal\/\"]}]},{\"@type\":\"ImageObject\",\"inLanguage\":\"pt-BR\",\"@id\":\"https:\/\/www.blogsoestado.com\/danielmatos\/astro-de-ogum-homenageia-ex-presidentes-da-camara-municipal\/#primaryimage\",\"url\":\"https:\/\/www.blogsoestado.com\/danielmatos\/files\/2018\/03\/astro-chefes.jpg\",\"contentUrl\":\"https:\/\/www.blogsoestado.com\/danielmatos\/files\/2018\/03\/astro-chefes.jpg\"},{\"@type\":\"BreadcrumbList\",\"@id\":\"https:\/\/www.blogsoestado.com\/danielmatos\/astro-de-ogum-homenageia-ex-presidentes-da-camara-municipal\/#breadcrumb\",\"itemListElement\":[{\"@type\":\"ListItem\",\"position\":1,\"name\":\"In\u00edcio\",\"item\":\"https:\/\/www.blogsoestado.com\/danielmatos\/\"},{\"@type\":\"ListItem\",\"position\":2,\"name\":\"Astro de Ogum homenageia ex-presidentes da C\u00e2mara Municipal\"}]},{\"@type\":\"WebSite\",\"@id\":\"https:\/\/www.blogsoestado.com\/danielmatos\/#website\",\"url\":\"https:\/\/www.blogsoestado.com\/danielmatos\/\",\"name\":\"Daniel Matos\",\"description\":\"\",\"potentialAction\":[{\"@type\":\"SearchAction\",\"target\":{\"@type\":\"EntryPoint\",\"urlTemplate\":\"https:\/\/www.blogsoestado.com\/danielmatos\/?s={search_term_string}\"},\"query-input\":{\"@type\":\"PropertyValueSpecification\",\"valueRequired\":true,\"valueName\":\"search_term_string\"}}],\"inLanguage\":\"pt-BR\"}]}<\/script>\n<!-- \/ Yoast SEO plugin. -->","yoast_head_json":{"title":"Astro de Ogum homenageia ex-presidentes da C\u00e2mara Municipal - Daniel Matos","robots":{"index":"index","follow":"follow","max-snippet":"max-snippet:-1","max-image-preview":"max-image-preview:large","max-video-preview":"max-video-preview:-1"},"canonical":"https:\/\/www.blogsoestado.com\/danielmatos\/astro-de-ogum-homenageia-ex-presidentes-da-camara-municipal\/","og_locale":"pt_BR","og_type":"article","og_title":"Astro de Ogum homenageia ex-presidentes da C\u00e2mara Municipal - Daniel Matos","og_description":"Uma sess\u00e3o solene marcou a entrega de placas em homenagens aos ex-presidentes da C\u00e2mara Municipal de S\u00e3o Lu\u00eds. O evento [&hellip;]","og_url":"https:\/\/www.blogsoestado.com\/danielmatos\/astro-de-ogum-homenageia-ex-presidentes-da-camara-municipal\/","og_site_name":"Daniel Matos","article_published_time":"2018-03-21T18:30:33+00:00","og_image":[{"url":"https:\/\/www.blogsoestado.com\/danielmatos\/files\/2018\/03\/astro-chefes.jpg","type":"","width":"","height":""}],"twitter_card":"summary_large_image","twitter_misc":{"Est. tempo de leitura":"2 minutos"},"schema":{"@context":"https:\/\/schema.org","@graph":[{"@type":"WebPage","@id":"https:\/\/www.blogsoestado.com\/danielmatos\/astro-de-ogum-homenageia-ex-presidentes-da-camara-municipal\/","url":"https:\/\/www.blogsoestado.com\/danielmatos\/astro-de-ogum-homenageia-ex-presidentes-da-camara-municipal\/","name":"Astro de Ogum homenageia ex-presidentes da C\u00e2mara Municipal - Daniel Matos","isPartOf":{"@id":"https:\/\/www.blogsoestado.com\/danielmatos\/#website"},"primaryImageOfPage":{"@id":"https:\/\/www.blogsoestado.com\/danielmatos\/astro-de-ogum-homenageia-ex-presidentes-da-camara-municipal\/#primaryimage"},"image":{"@id":"https:\/\/www.blogsoestado.com\/danielmatos\/astro-de-ogum-homenageia-ex-presidentes-da-camara-municipal\/#primaryimage"},"thumbnailUrl":"https:\/\/www.blogsoestado.com\/danielmatos\/files\/2018\/03\/astro-chefes.jpg","datePublished":"2018-03-21T18:30:33+00:00","author":{"@id":""},"breadcrumb":{"@id":"https:\/\/www.blogsoestado.com\/danielmatos\/astro-de-ogum-homenageia-ex-presidentes-da-camara-municipal\/#breadcrumb"},"inLanguage":"pt-BR","potentialAction":[{"@type":"ReadAction","target":["https:\/\/www.blogsoestado.com\/danielmatos\/astro-de-ogum-homenageia-ex-presidentes-da-camara-municipal\/"]}]},{"@type":"ImageObject","inLanguage":"pt-BR","@id":"https:\/\/www.blogsoestado.com\/danielmatos\/astro-de-ogum-homenageia-ex-presidentes-da-camara-municipal\/#primaryimage","url":"https:\/\/www.blogsoestado.com\/danielmatos\/files\/2018\/03\/astro-chefes.jpg","contentUrl":"https:\/\/www.blogsoestado.com\/danielmatos\/files\/2018\/03\/astro-chefes.jpg"},{"@type":"BreadcrumbList","@id":"https:\/\/www.blogsoestado.com\/danielmatos\/astro-de-ogum-homenageia-ex-presidentes-da-camara-municipal\/#breadcrumb","itemListElement":[{"@type":"ListItem","position":1,"name":"In\u00edcio","item":"https:\/\/www.blogsoestado.com\/danielmatos\/"},{"@type":"ListItem","position":2,"name":"Astro de Ogum homenageia ex-presidentes da C\u00e2mara Municipal"}]},{"@type":"WebSite","@id":"https:\/\/www.blogsoestado.com\/danielmatos\/#website","url":"https:\/\/www.blogsoestado.com\/danielmatos\/","name":"Daniel Matos","description":"","potentialAction":[{"@type":"SearchAction","target":{"@type":"EntryPoint","urlTemplate":"https:\/\/www.blogsoestado.com\/danielmatos\/?s={search_term_string}"},"query-input":{"@type":"PropertyValueSpecification","valueRequired":true,"valueName":"search_term_string"}}],"inLanguage":"pt-BR"}]}},"jetpack_featured_media_url":"","_links":{"self":[{"href":"https:\/\/www.blogsoestado.com\/danielmatos\/wp-json\/wp\/v2\/posts\/49610","targetHints":{"allow":["GET"]}}],"collection":[{"href":"https:\/\/www.blogsoestado.com\/danielmatos\/wp-json\/wp\/v2\/posts"}],"about":[{"href":"https:\/\/www.blogsoestado.com\/danielmatos\/wp-json\/wp\/v2\/types\/post"}],"replies":[{"embeddable":true,"href":"https:\/\/www.blogsoestado.com\/danielmatos\/wp-json\/wp\/v2\/comments?post=49610"}],"version-history":[{"count":0,"href":"https:\/\/www.blogsoestado.com\/danielmatos\/wp-json\/wp\/v2\/posts\/49610\/revisions"}],"wp:attachment":[{"href":"https:\/\/www.blogsoestado.com\/danielmatos\/wp-json\/wp\/v2\/media?parent=49610"}],"wp:term":[{"taxonomy":"category","embeddable":true,"href":"https:\/\/www.blogsoestado.com\/danielmatos\/wp-json\/wp\/v2\/categories?post=49610"},{"taxonomy":"post_tag","embeddable":true,"href":"https:\/\/www.blogsoestado.com\/danielmatos\/wp-json\/wp\/v2\/tags?post=49610"}],"curies":[{"name":"wp","href":"https:\/\/api.w.org\/{rel}","templated":true}]}}