{"id":49613,"date":"2018-03-21T18:00:23","date_gmt":"2018-03-21T21:00:23","guid":{"rendered":"https:\/\/www.blogsoestado.com\/danielmatos\/?p=49613"},"modified":"2018-03-21T18:00:23","modified_gmt":"2018-03-21T21:00:23","slug":"axe-para-relembrar-com-bell-marques-e-durval-lelys","status":"publish","type":"post","link":"https:\/\/www.blogsoestado.com\/danielmatos\/axe-para-relembrar-com-bell-marques-e-durval-lelys\/","title":{"rendered":"Ax\u00e9 para relembrar com Bell Marques e Durval Lelys"},"content":{"rendered":"<h2><span style=\"color: #ff0000;\">Cantores baianos far\u00e3o show na noite desta sexta-feira (23) no Rio Poty Hotel. Os port\u00f5es ser\u00e3o abertos \u00e0s 19h, com apresenta\u00e7\u00e3o do DJ The Paul<\/span><\/h2>\n<p>Se voc\u00ea \u00e9 daqueles que n\u00e3o perde a chance de reviver grandes momentos do ax\u00e9, chegou a hora para aproveitar em dobro. Na noite desta sexta-feira (23), o Rio Poty Hotel ser\u00e1 palco de um encontro \u00e9pico, Durval Lelys e Bell Marques, as maiores estrelas da Bahia e literalmente, os \u201cReis\u201d do ax\u00e9. \u00c9 a segunda vez em carreira solo que os dois se apresentam em uma festa criada especialmente por eles. O evento come\u00e7a \u00e0s 19h, com abertura do DJ The Paul.<\/p>\n<p><strong>Bell Marques<\/strong><\/p>\n<figure id=\"attachment_49614\" aria-describedby=\"caption-attachment-49614\" style=\"width: 600px\" class=\"wp-caption aligncenter\"><img fetchpriority=\"high\" decoding=\"async\" class=\"size-full wp-image-49614\" src=\"https:\/\/www.blogsoestado.com\/danielmatos\/files\/2018\/03\/bell-durval.jpg\" alt=\"\" width=\"600\" height=\"480\" \/><figcaption id=\"caption-attachment-49614\" class=\"wp-caption-text\">Bell Marques, ex-vocalista do Chiclete com Banana, costuma atrair multid\u00f5es em seus shows Brasil afora<\/figcaption><\/figure>\n<p>Washington \u201cBell\u201d Marques da Silva \u00e9 natural de Salvador, nascido no dia 5 de setembro de 1952, no n\u00ba 11 do Largo do Terreiro de Jesus, onde nasceu tamb\u00e9m Greg\u00f3rio de Matos, o \u201cBoca do Inferno\u201d. J\u00e1 adolescente, se mudou com os pais, Diva e Waldemar, para o Largo do Toror\u00f3, n\u00ba 120.<\/p>\n<p>O interesse do cantor pela m\u00fasica come\u00e7ou quando, ainda adolescente, ouvia os irm\u00e3os Wilson e Wado, integrantes da banda Os El\u00e9trons. Bell chegou a fazer parte do grupo em tr\u00eas shows, tocando teclados. Posteriormente, todos passaram a integrar a banda Scorpius, que j\u00e1 existia quando da entrada do cantor. A primeira atua\u00e7\u00e3o de Bell Marques em cima de um trio el\u00e9trico aconteceu em 1979, tocando no bloco Traz os Montes, no Trio Tapaj\u00f3s.<\/p>\n<p>No ano seguinte, a Scorpius passou por uma reformula\u00e7\u00e3o sonora, alcan\u00e7ando grande sucesso, antes de mudar seu nome para Chiclete com Banana. No final de 1981, foi lan\u00e7ado o primeiro CD da banda, batizado de Traz os Montes, assim como o bloco. Nos mais de 30 anos \u00e0 frente do Chiclete com Banana, Bell esteve ligado a ideias revolucion\u00e1rias. Foi respons\u00e1vel por fechar a lateral do trio com caixas de som, passando todos os m\u00fasicos a tocarem na sua parte superior, ainda como Scorpius.<\/p>\n<p>Como Chiclete, participou da mudan\u00e7a da sonoridade do Carnaval, influenciando tamb\u00e9m mudan\u00e7as no comportamento das pessoas na maior festa de rua do planeta, al\u00e9m de ter revolucionado a ind\u00fastria fonogr\u00e1fica, com a grava\u00e7\u00e3o dos primeiros CD e DVD em cima de um trio el\u00e9trico, em 1997.<\/p>\n<p>Em todos esses anos, ficou conhecido por atrair, com sua trajet\u00f3ria inigual\u00e1vel, uma legi\u00e3o de f\u00e3s diferenciada, que roda o Pa\u00eds acompanhando seus shows.<\/p>\n<p><strong>Durval Lelys<\/strong><\/p>\n<figure id=\"attachment_49615\" aria-describedby=\"caption-attachment-49615\" style=\"width: 640px\" class=\"wp-caption aligncenter\"><img decoding=\"async\" class=\"size-full wp-image-49615\" src=\"https:\/\/www.blogsoestado.com\/danielmatos\/files\/2018\/03\/bell-durval2.jpg\" alt=\"\" width=\"640\" height=\"437\" \/><figcaption id=\"caption-attachment-49615\" class=\"wp-caption-text\">Durval Lelys fez hist\u00f3ria com shows memor\u00e1veis em S\u00e3o Lu\u00eds e promete arrebatar p\u00fablico novamente<\/figcaption><\/figure>\n<p>Nascido em Salvador, Bahia, Durval Lelis Tavares come\u00e7ou cedo a se interessar pela m\u00fasica. Dos 8 aos 13 anos de idade tomou curso de viol\u00e3o cl\u00e1ssico com Gilberto Villas Boas, a quem chamava de tio. Depois entrou para o semin\u00e1rio de m\u00fasica enquanto estudava para o vestibular. Aos 18 anos ingressou na Faculdade de Arquitetura e Urbanismo da Universidade Federal da Bahia (UFBA), onde se formou no in\u00edcio dos anos 1980.<\/p>\n<p>Em paralelo, estudou na Escola de M\u00fasica. Seu primeiro trabalho foi ao lado do renomado arquiteto Giuseppe Mazzoni. Passados cinco anos dessa primeira experi\u00eancia profissional, Durval trabalhou no Banco Econ\u00f4mico, onde projetou 250 ag\u00eancias. Ao mesmo tempo fundou o Bloco Pinel, atuando como guitarrista, ao lado de amigos, como o m\u00fasico Ricardo Chaves, que na \u00e9poca era o vocalista da banda que levava o mesmo nome do bloco.<\/p>\n<p>Come\u00e7aram com o g\u00eanero Rock\u00b4n Roll e depois se enveredaram para o Ax\u00e9 Music. Logo em seguida, Durval Lelys optou definitivamente por seguir o ramo musical e foi um dos fundadores da banda Asa de \u00c1guia, que carnavalizou o pa\u00eds durante 27 anos.<\/p>\n<p>Ap\u00f3s muitos anos j\u00e1 a frente do Asa, Durval conseguiu realizar seu grande sonho que era o de possuir um est\u00fadio pr\u00f3prio, batizado de Groove Studio. Al\u00e9m de amante da natureza, do mar e praticante do surf e de Swasthya Y\u00f4ga, o cantor, compositor e guitarrista baiano recebeu t\u00edtulos de cidad\u00e3o em Fernando de Noronha, Itacar\u00e9 e Goi\u00e2nia, por seu engajamento em projetos ecol\u00f3gicos. Outras paix\u00f5es de Durvalino, como ficou mais conhecido entre seus f\u00e3s, s\u00e3o as motos, cujos modelos s\u00e3o Harley Davidson. Outra paix\u00e3o de Durvalino \u00e9 a pintura, hobby que pratica nas horas vagas.<\/p>\n<p>Em 13 discos lan\u00e7ados com o Asa, ele emplacou v\u00e1rios hits, como \u201cBota Pra Ferver\u201d, \u201cCom Amor\u201d, \u201cN\u00e3o Tem Lua\u201d, \u201cPra L\u00e1 de Bragad\u00e1\u201d, \u201cDan\u00e7a da Tartaruga\u201d, \u201cCocobambu\u201d, entre outros. Participou ainda de cerca de 28 micaretas por ano, em mais de 12 cidades do pa\u00eds.<\/p>\n<p><strong>Os personagens<\/strong><\/p>\n<figure id=\"attachment_49616\" aria-describedby=\"caption-attachment-49616\" style=\"width: 448px\" class=\"wp-caption alignright\"><img decoding=\"async\" class=\"size-full wp-image-49616\" src=\"https:\/\/www.blogsoestado.com\/danielmatos\/files\/2018\/03\/Bell-Marques-e-Durval-Lelys.jpg\" alt=\"\" width=\"448\" height=\"299\" \/><figcaption id=\"caption-attachment-49616\" class=\"wp-caption-text\">Bell Marques e Durval Lelys juntos no mesmo palco, para del\u00edrio dos f\u00e3s<\/figcaption><\/figure>\n<p>Sempre criativo e irreverente, Durval Lelys desenvolveu um lado l\u00fadico, criando personagens marcantes ao longo da sua carreira art\u00edstica que encantaram e surpreenderam seu p\u00fablico. O primeiro foi o \u201cDeputado das Praias\u201d, e na sequ\u00eancia sugiram \u201cO pastor Don Duriel\u201d, com a m\u00fasica \u201cX\u00f4 Satan\u00e1s\u201d, o \u201cBad Boy\u201d, \u201cNero\u201d, com a m\u00fasica \u201cDan\u00e7a da Manivela\u201d, \u201cConde Draculino\u201d, com a can\u00e7\u00e3o \u201cDan\u00e7a do Vampiro\u201d, al\u00e9m de \u201cHomem Cibern\u00e9tico\u201d, \u201cSalvador Dalino\u201d, \u201cDavid Coperlino\u201d, dentre outros. O objetivo de Durval \u00e9 manter viva a magia e a fantasia que fazem parte do Carnaval baiano, envolvendo as pessoas na maior festa de rua do mundo.<\/p>\n<p><strong>Espa\u00e7o Gold<\/strong><\/p>\n<p>Segundo os organizadores, o Espa\u00e7o Gold vai seguir a mesma filosofia dos grandes festivais e camarotes do Carnaval de Salvador. \u201cVamos adotar as mesmas experi\u00eancias que grandes festivais oferecem pelo Pa\u00eds e at\u00e9 mesmo os grandes camarotes durante o circuito Barra\/Ondina em Salvador. Teremos o espa\u00e7o para todos curtirem nossas atra\u00e7\u00f5es e tamb\u00e9m aproveitar todos os servi\u00e7os. No Espa\u00e7o Gold dessa vez teremos grandes empresas envolvidas, entre elas a Pizza Hut, SorveteCoco, Doce Feito, Requinte, Seleta, Lushe Makeup e Clube da Barba, todos oferecendo qualidade e bom atendimento\u201d, comenta Marcelo Arag\u00e3o, produtor do evento.<\/p>\n<p><strong>Assista ao clipe de Bell Marques:<\/strong><\/p>\n<div class=\"ast-oembed-container \" style=\"height: 100%;\"><iframe title=\"Amar voc\u00ea n\u00e3o d\u00f3i e Vem - Bell Marques | Mete Som AoVivo\" width=\"500\" height=\"281\" src=\"https:\/\/www.youtube.com\/embed\/JI-laR_SYC4?feature=oembed\" frameborder=\"0\" allow=\"accelerometer; autoplay; clipboard-write; encrypted-media; gyroscope; picture-in-picture; web-share\" referrerpolicy=\"strict-origin-when-cross-origin\" allowfullscreen><\/iframe><\/div>\n<p><strong>Assista ao clipe de Durval Lelys:<\/strong><\/p>\n<div class=\"ast-oembed-container \" style=\"height: 100%;\"><iframe title=\"Durval Lelys - Porto Seguro - YouTube Carnaval 2015\" width=\"500\" height=\"281\" src=\"https:\/\/www.youtube.com\/embed\/M_FrMxWTkLM?feature=oembed\" frameborder=\"0\" allow=\"accelerometer; autoplay; clipboard-write; encrypted-media; gyroscope; picture-in-picture; web-share\" referrerpolicy=\"strict-origin-when-cross-origin\" allowfullscreen><\/iframe><\/div>\n<p><strong>Programa\u00e7\u00e3o:<\/strong><\/p>\n<p>19h \u2013 Abertura dos port\u00f5es<\/p>\n<p>19h30 \u2013 DJ The Paul<\/p>\n<p>&#8211; Durval Lelys<\/p>\n<p>&#8211; Bell Marques<\/p>\n<p><strong>Ingressos<\/strong><\/p>\n<p>Os ingressos est\u00e3o \u00e0 venda na Loja 4M\u00e3os Store (S\u00e3o Lu\u00eds Shopping, sem taxa), Bilheteria Digital (Shopping da Ilha, Rio Poty Hotel e Rio Anil Shopping, com taxa) e Lojas Degraus (Shopping da Ilha e Rio Anil Shopping, com taxa). O setor arena custa R$ 100, a \u00c1rea Vip, R$ 180 e o Espa\u00e7o Gold custa R$ 210. Venda on-line no site <a href=\"http:\/\/www.bilheteriadigital.com\">www.bilheteriadigital.com<\/a><\/p>\n<p><strong>Servi\u00e7o<\/strong><\/p>\n<p><strong>O qu\u00ea:<\/strong> MAM \u2013 O Melhor Ax\u00e9 do Mundo<\/p>\n<p><strong>Onde:<\/strong> Rio Poty Hotel<\/p>\n<p><strong>Quando:<\/strong> 23 de mar\u00e7o<\/p>\n<p><strong>Atra\u00e7\u00f5es:<\/strong> Bell Marques, Durval Lelys e DJ The Paul<\/p>\n<p><strong>Informa\u00e7\u00f5es:<\/strong> (98) 3016-6663<\/p>\n","protected":false},"excerpt":{"rendered":"<p>Cantores baianos far\u00e3o show na noite desta sexta-feira (23) no Rio Poty Hotel. Os port\u00f5es ser\u00e3o abertos \u00e0s 19h, com [&hellip;]<\/p>\n","protected":false},"author":0,"featured_media":0,"comment_status":"open","ping_status":"open","sticky":false,"template":"","format":"standard","meta":{"site-sidebar-layout":"default","site-content-layout":"","ast-site-content-layout":"default","site-content-style":"default","site-sidebar-style":"default","ast-global-header-display":"","ast-banner-title-visibility":"","ast-main-header-display":"","ast-hfb-above-header-display":"","ast-hfb-below-header-display":"","ast-hfb-mobile-header-display":"","site-post-title":"","ast-breadcrumbs-content":"","ast-featured-img":"","footer-sml-layout":"","ast-disable-related-posts":"","theme-transparent-header-meta":"","adv-header-id-meta":"","stick-header-meta":"","header-above-stick-meta":"","header-main-stick-meta":"","header-below-stick-meta":"","astra-migrate-meta-layouts":"default","ast-page-background-enabled":"default","ast-page-background-meta":{"desktop":{"background-color":"var(--ast-global-color-5)","background-image":"","background-repeat":"repeat","background-position":"center center","background-size":"auto","background-attachment":"scroll","background-type":"","background-media":"","overlay-type":"","overlay-color":"","overlay-opacity":"","overlay-gradient":""},"tablet":{"background-color":"","background-image":"","background-repeat":"repeat","background-position":"center center","background-size":"auto","background-attachment":"scroll","background-type":"","background-media":"","overlay-type":"","overlay-color":"","overlay-opacity":"","overlay-gradient":""},"mobile":{"background-color":"","background-image":"","background-repeat":"repeat","background-position":"center center","background-size":"auto","background-attachment":"scroll","background-type":"","background-media":"","overlay-type":"","overlay-color":"","overlay-opacity":"","overlay-gradient":""}},"ast-content-background-meta":{"desktop":{"background-color":"var(--ast-global-color-4)","background-image":"","background-repeat":"repeat","background-position":"center center","background-size":"auto","background-attachment":"scroll","background-type":"","background-media":"","overlay-type":"","overlay-color":"","overlay-opacity":"","overlay-gradient":""},"tablet":{"background-color":"var(--ast-global-color-4)","background-image":"","background-repeat":"repeat","background-position":"center center","background-size":"auto","background-attachment":"scroll","background-type":"","background-media":"","overlay-type":"","overlay-color":"","overlay-opacity":"","overlay-gradient":""},"mobile":{"background-color":"var(--ast-global-color-4)","background-image":"","background-repeat":"repeat","background-position":"center center","background-size":"auto","background-attachment":"scroll","background-type":"","background-media":"","overlay-type":"","overlay-color":"","overlay-opacity":"","overlay-gradient":""}},"footnotes":""},"categories":[1],"tags":[],"class_list":["post-49613","post","type-post","status-publish","format-standard","hentry","category-sem-categoria"],"yoast_head":"<!-- This site is optimized with the Yoast SEO plugin v26.6 - https:\/\/yoast.com\/wordpress\/plugins\/seo\/ -->\n<title>Ax\u00e9 para relembrar com Bell Marques e Durval Lelys - Daniel Matos<\/title>\n<meta name=\"robots\" content=\"index, follow, max-snippet:-1, max-image-preview:large, max-video-preview:-1\" \/>\n<link rel=\"canonical\" href=\"https:\/\/www.blogsoestado.com\/danielmatos\/axe-para-relembrar-com-bell-marques-e-durval-lelys\/\" \/>\n<meta property=\"og:locale\" content=\"pt_BR\" \/>\n<meta property=\"og:type\" content=\"article\" \/>\n<meta property=\"og:title\" content=\"Ax\u00e9 para relembrar com Bell Marques e Durval Lelys - Daniel Matos\" \/>\n<meta property=\"og:description\" content=\"Cantores baianos far\u00e3o show na noite desta sexta-feira (23) no Rio Poty Hotel. Os port\u00f5es ser\u00e3o abertos \u00e0s 19h, com [&hellip;]\" \/>\n<meta property=\"og:url\" content=\"https:\/\/www.blogsoestado.com\/danielmatos\/axe-para-relembrar-com-bell-marques-e-durval-lelys\/\" \/>\n<meta property=\"og:site_name\" content=\"Daniel Matos\" \/>\n<meta property=\"article:published_time\" content=\"2018-03-21T21:00:23+00:00\" \/>\n<meta property=\"og:image\" content=\"https:\/\/www.blogsoestado.com\/danielmatos\/files\/2018\/03\/bell-durval.jpg\" \/>\n<meta name=\"twitter:card\" content=\"summary_large_image\" \/>\n<meta name=\"twitter:label1\" content=\"Est. tempo de leitura\" \/>\n\t<meta name=\"twitter:data1\" content=\"6 minutos\" \/>\n<script type=\"application\/ld+json\" class=\"yoast-schema-graph\">{\"@context\":\"https:\/\/schema.org\",\"@graph\":[{\"@type\":\"WebPage\",\"@id\":\"https:\/\/www.blogsoestado.com\/danielmatos\/axe-para-relembrar-com-bell-marques-e-durval-lelys\/\",\"url\":\"https:\/\/www.blogsoestado.com\/danielmatos\/axe-para-relembrar-com-bell-marques-e-durval-lelys\/\",\"name\":\"Ax\u00e9 para relembrar com Bell Marques e Durval Lelys - Daniel Matos\",\"isPartOf\":{\"@id\":\"https:\/\/www.blogsoestado.com\/danielmatos\/#website\"},\"primaryImageOfPage\":{\"@id\":\"https:\/\/www.blogsoestado.com\/danielmatos\/axe-para-relembrar-com-bell-marques-e-durval-lelys\/#primaryimage\"},\"image\":{\"@id\":\"https:\/\/www.blogsoestado.com\/danielmatos\/axe-para-relembrar-com-bell-marques-e-durval-lelys\/#primaryimage\"},\"thumbnailUrl\":\"https:\/\/www.blogsoestado.com\/danielmatos\/files\/2018\/03\/bell-durval.jpg\",\"datePublished\":\"2018-03-21T21:00:23+00:00\",\"author\":{\"@id\":\"\"},\"breadcrumb\":{\"@id\":\"https:\/\/www.blogsoestado.com\/danielmatos\/axe-para-relembrar-com-bell-marques-e-durval-lelys\/#breadcrumb\"},\"inLanguage\":\"pt-BR\",\"potentialAction\":[{\"@type\":\"ReadAction\",\"target\":[\"https:\/\/www.blogsoestado.com\/danielmatos\/axe-para-relembrar-com-bell-marques-e-durval-lelys\/\"]}]},{\"@type\":\"ImageObject\",\"inLanguage\":\"pt-BR\",\"@id\":\"https:\/\/www.blogsoestado.com\/danielmatos\/axe-para-relembrar-com-bell-marques-e-durval-lelys\/#primaryimage\",\"url\":\"https:\/\/www.blogsoestado.com\/danielmatos\/files\/2018\/03\/bell-durval.jpg\",\"contentUrl\":\"https:\/\/www.blogsoestado.com\/danielmatos\/files\/2018\/03\/bell-durval.jpg\"},{\"@type\":\"BreadcrumbList\",\"@id\":\"https:\/\/www.blogsoestado.com\/danielmatos\/axe-para-relembrar-com-bell-marques-e-durval-lelys\/#breadcrumb\",\"itemListElement\":[{\"@type\":\"ListItem\",\"position\":1,\"name\":\"In\u00edcio\",\"item\":\"https:\/\/www.blogsoestado.com\/danielmatos\/\"},{\"@type\":\"ListItem\",\"position\":2,\"name\":\"Ax\u00e9 para relembrar com Bell Marques e Durval Lelys\"}]},{\"@type\":\"WebSite\",\"@id\":\"https:\/\/www.blogsoestado.com\/danielmatos\/#website\",\"url\":\"https:\/\/www.blogsoestado.com\/danielmatos\/\",\"name\":\"Daniel Matos\",\"description\":\"\",\"potentialAction\":[{\"@type\":\"SearchAction\",\"target\":{\"@type\":\"EntryPoint\",\"urlTemplate\":\"https:\/\/www.blogsoestado.com\/danielmatos\/?s={search_term_string}\"},\"query-input\":{\"@type\":\"PropertyValueSpecification\",\"valueRequired\":true,\"valueName\":\"search_term_string\"}}],\"inLanguage\":\"pt-BR\"}]}<\/script>\n<!-- \/ Yoast SEO plugin. -->","yoast_head_json":{"title":"Ax\u00e9 para relembrar com Bell Marques e Durval Lelys - Daniel Matos","robots":{"index":"index","follow":"follow","max-snippet":"max-snippet:-1","max-image-preview":"max-image-preview:large","max-video-preview":"max-video-preview:-1"},"canonical":"https:\/\/www.blogsoestado.com\/danielmatos\/axe-para-relembrar-com-bell-marques-e-durval-lelys\/","og_locale":"pt_BR","og_type":"article","og_title":"Ax\u00e9 para relembrar com Bell Marques e Durval Lelys - Daniel Matos","og_description":"Cantores baianos far\u00e3o show na noite desta sexta-feira (23) no Rio Poty Hotel. Os port\u00f5es ser\u00e3o abertos \u00e0s 19h, com [&hellip;]","og_url":"https:\/\/www.blogsoestado.com\/danielmatos\/axe-para-relembrar-com-bell-marques-e-durval-lelys\/","og_site_name":"Daniel Matos","article_published_time":"2018-03-21T21:00:23+00:00","og_image":[{"url":"https:\/\/www.blogsoestado.com\/danielmatos\/files\/2018\/03\/bell-durval.jpg","type":"","width":"","height":""}],"twitter_card":"summary_large_image","twitter_misc":{"Est. tempo de leitura":"6 minutos"},"schema":{"@context":"https:\/\/schema.org","@graph":[{"@type":"WebPage","@id":"https:\/\/www.blogsoestado.com\/danielmatos\/axe-para-relembrar-com-bell-marques-e-durval-lelys\/","url":"https:\/\/www.blogsoestado.com\/danielmatos\/axe-para-relembrar-com-bell-marques-e-durval-lelys\/","name":"Ax\u00e9 para relembrar com Bell Marques e Durval Lelys - Daniel Matos","isPartOf":{"@id":"https:\/\/www.blogsoestado.com\/danielmatos\/#website"},"primaryImageOfPage":{"@id":"https:\/\/www.blogsoestado.com\/danielmatos\/axe-para-relembrar-com-bell-marques-e-durval-lelys\/#primaryimage"},"image":{"@id":"https:\/\/www.blogsoestado.com\/danielmatos\/axe-para-relembrar-com-bell-marques-e-durval-lelys\/#primaryimage"},"thumbnailUrl":"https:\/\/www.blogsoestado.com\/danielmatos\/files\/2018\/03\/bell-durval.jpg","datePublished":"2018-03-21T21:00:23+00:00","author":{"@id":""},"breadcrumb":{"@id":"https:\/\/www.blogsoestado.com\/danielmatos\/axe-para-relembrar-com-bell-marques-e-durval-lelys\/#breadcrumb"},"inLanguage":"pt-BR","potentialAction":[{"@type":"ReadAction","target":["https:\/\/www.blogsoestado.com\/danielmatos\/axe-para-relembrar-com-bell-marques-e-durval-lelys\/"]}]},{"@type":"ImageObject","inLanguage":"pt-BR","@id":"https:\/\/www.blogsoestado.com\/danielmatos\/axe-para-relembrar-com-bell-marques-e-durval-lelys\/#primaryimage","url":"https:\/\/www.blogsoestado.com\/danielmatos\/files\/2018\/03\/bell-durval.jpg","contentUrl":"https:\/\/www.blogsoestado.com\/danielmatos\/files\/2018\/03\/bell-durval.jpg"},{"@type":"BreadcrumbList","@id":"https:\/\/www.blogsoestado.com\/danielmatos\/axe-para-relembrar-com-bell-marques-e-durval-lelys\/#breadcrumb","itemListElement":[{"@type":"ListItem","position":1,"name":"In\u00edcio","item":"https:\/\/www.blogsoestado.com\/danielmatos\/"},{"@type":"ListItem","position":2,"name":"Ax\u00e9 para relembrar com Bell Marques e Durval Lelys"}]},{"@type":"WebSite","@id":"https:\/\/www.blogsoestado.com\/danielmatos\/#website","url":"https:\/\/www.blogsoestado.com\/danielmatos\/","name":"Daniel Matos","description":"","potentialAction":[{"@type":"SearchAction","target":{"@type":"EntryPoint","urlTemplate":"https:\/\/www.blogsoestado.com\/danielmatos\/?s={search_term_string}"},"query-input":{"@type":"PropertyValueSpecification","valueRequired":true,"valueName":"search_term_string"}}],"inLanguage":"pt-BR"}]}},"jetpack_featured_media_url":"","_links":{"self":[{"href":"https:\/\/www.blogsoestado.com\/danielmatos\/wp-json\/wp\/v2\/posts\/49613","targetHints":{"allow":["GET"]}}],"collection":[{"href":"https:\/\/www.blogsoestado.com\/danielmatos\/wp-json\/wp\/v2\/posts"}],"about":[{"href":"https:\/\/www.blogsoestado.com\/danielmatos\/wp-json\/wp\/v2\/types\/post"}],"replies":[{"embeddable":true,"href":"https:\/\/www.blogsoestado.com\/danielmatos\/wp-json\/wp\/v2\/comments?post=49613"}],"version-history":[{"count":0,"href":"https:\/\/www.blogsoestado.com\/danielmatos\/wp-json\/wp\/v2\/posts\/49613\/revisions"}],"wp:attachment":[{"href":"https:\/\/www.blogsoestado.com\/danielmatos\/wp-json\/wp\/v2\/media?parent=49613"}],"wp:term":[{"taxonomy":"category","embeddable":true,"href":"https:\/\/www.blogsoestado.com\/danielmatos\/wp-json\/wp\/v2\/categories?post=49613"},{"taxonomy":"post_tag","embeddable":true,"href":"https:\/\/www.blogsoestado.com\/danielmatos\/wp-json\/wp\/v2\/tags?post=49613"}],"curies":[{"name":"wp","href":"https:\/\/api.w.org\/{rel}","templated":true}]}}