{"id":49620,"date":"2018-03-21T17:00:17","date_gmt":"2018-03-21T20:00:17","guid":{"rendered":"https:\/\/www.blogsoestado.com\/danielmatos\/?p=49620"},"modified":"2018-03-21T17:00:17","modified_gmt":"2018-03-21T20:00:17","slug":"prefeita-luciene-costa-inclui-bom-lugar-no-programa-internet-para-todos","status":"publish","type":"post","link":"https:\/\/www.blogsoestado.com\/danielmatos\/prefeita-luciene-costa-inclui-bom-lugar-no-programa-internet-para-todos\/","title":{"rendered":"Prefeita Luciene Costa inclui Bom Lugar no programa Internet para Todos"},"content":{"rendered":"<p><img fetchpriority=\"high\" decoding=\"async\" class=\"alignright size-full wp-image-49626\" src=\"https:\/\/www.blogsoestado.com\/danielmatos\/files\/2018\/03\/internet-para-todos.jpg\" alt=\"\" width=\"373\" height=\"246\" \/>A prefeita de Bom Lugar, Luciene Costa (PV), firmou conv\u00eanio com o Governo Federal, via Minist\u00e9rio da Ci\u00eancia e Tecnologia, para inclus\u00e3o do munic\u00edpio no programa Internet para Todos, que visa \u00e0 inclus\u00e3o digital de todas as regi\u00f5es do pa\u00eds.<\/p>\n<p>O termo de ades\u00e3o ao programa foi assinado nesta quarta-feira (21) entre a administra\u00e7\u00e3o municipal e a Uni\u00e3o. Com a celebra\u00e7\u00e3o do conv\u00eanio, a Prefeitura de Bom Lugar vai dispor de recursos para instalar internet banda larga em escolas, unidades de sa\u00fade e outros setores da gest\u00e3o p\u00fablica do Munic\u00edpio.<\/p>\n<p><strong>Sobre o programa<\/strong><\/p>\n<p>O Internet para Todos \u00e9 um programa que disponibiliza conex\u00e3o em banda larga para democratizar o acesso \u00e0 internet, buscando a inclus\u00e3o social. O atual modelo representa a amplia\u00e7\u00e3o do Programa Governo Eletr\u00f4nico \u2013 Servi\u00e7o de Atendimento ao Cidad\u00e3o, respons\u00e1vel por conectar \u00e0 internet\u00a0escolas, hospitais, postos de sa\u00fade, aldeias ind\u00edgenas, postos de fronteira e quilombos, em \u00e1reas remotas que n\u00e3o t\u00eam outro meio de serem inseridas no mundo das tecnologias da informa\u00e7\u00e3o e comunica\u00e7\u00e3o.<\/p>\n<p>Os moradores das localidades indicadas pelos munic\u00edpios ter\u00e3o a oportunidade de contratar servi\u00e7os de conex\u00e3o \u00e0 internet oferecidos por empresas prestadoras de servi\u00e7os de telecomunica\u00e7\u00f5es, que ser\u00e3o credenciadas pelo MCTIC a partir de janeiro de 2018. Essas empresas poder\u00e3o prover elas mesmas os servi\u00e7os ou trabalhar em parceria com provedores locais para a sua efetiva disponibilidade.<\/p>\n<p>O Internet para Todos n\u00e3o oferecer\u00e1 o servi\u00e7o gratuito, mas a pre\u00e7os reduzidos, pois a empresa tem um \u00f4nus para manter a infraestrutura de conex\u00e3o. Entretanto, a empresa que atender essas localidades, por ter as garantias e isen\u00e7\u00f5es oferecidas pelo Programa, poder\u00e1 oferecer um produto com um pre\u00e7o menor.<\/p>\n","protected":false},"excerpt":{"rendered":"<p>A prefeita de Bom Lugar, Luciene Costa (PV), firmou conv\u00eanio com o Governo Federal, via Minist\u00e9rio da Ci\u00eancia e Tecnologia, [&hellip;]<\/p>\n","protected":false},"author":0,"featured_media":0,"comment_status":"open","ping_status":"open","sticky":false,"template":"","format":"standard","meta":{"site-sidebar-layout":"default","site-content-layout":"","ast-site-content-layout":"default","site-content-style":"default","site-sidebar-style":"default","ast-global-header-display":"","ast-banner-title-visibility":"","ast-main-header-display":"","ast-hfb-above-header-display":"","ast-hfb-below-header-display":"","ast-hfb-mobile-header-display":"","site-post-title":"","ast-breadcrumbs-content":"","ast-featured-img":"","footer-sml-layout":"","ast-disable-related-posts":"","theme-transparent-header-meta":"","adv-header-id-meta":"","stick-header-meta":"","header-above-stick-meta":"","header-main-stick-meta":"","header-below-stick-meta":"","astra-migrate-meta-layouts":"default","ast-page-background-enabled":"default","ast-page-background-meta":{"desktop":{"background-color":"var(--ast-global-color-5)","background-image":"","background-repeat":"repeat","background-position":"center center","background-size":"auto","background-attachment":"scroll","background-type":"","background-media":"","overlay-type":"","overlay-color":"","overlay-opacity":"","overlay-gradient":""},"tablet":{"background-color":"","background-image":"","background-repeat":"repeat","background-position":"center center","background-size":"auto","background-attachment":"scroll","background-type":"","background-media":"","overlay-type":"","overlay-color":"","overlay-opacity":"","overlay-gradient":""},"mobile":{"background-color":"","background-image":"","background-repeat":"repeat","background-position":"center center","background-size":"auto","background-attachment":"scroll","background-type":"","background-media":"","overlay-type":"","overlay-color":"","overlay-opacity":"","overlay-gradient":""}},"ast-content-background-meta":{"desktop":{"background-color":"var(--ast-global-color-4)","background-image":"","background-repeat":"repeat","background-position":"center center","background-size":"auto","background-attachment":"scroll","background-type":"","background-media":"","overlay-type":"","overlay-color":"","overlay-opacity":"","overlay-gradient":""},"tablet":{"background-color":"var(--ast-global-color-4)","background-image":"","background-repeat":"repeat","background-position":"center center","background-size":"auto","background-attachment":"scroll","background-type":"","background-media":"","overlay-type":"","overlay-color":"","overlay-opacity":"","overlay-gradient":""},"mobile":{"background-color":"var(--ast-global-color-4)","background-image":"","background-repeat":"repeat","background-position":"center center","background-size":"auto","background-attachment":"scroll","background-type":"","background-media":"","overlay-type":"","overlay-color":"","overlay-opacity":"","overlay-gradient":""}},"footnotes":""},"categories":[1],"tags":[],"class_list":["post-49620","post","type-post","status-publish","format-standard","hentry","category-sem-categoria"],"yoast_head":"<!-- This site is optimized with the Yoast SEO plugin v26.6 - https:\/\/yoast.com\/wordpress\/plugins\/seo\/ -->\n<title>Prefeita Luciene Costa inclui Bom Lugar no programa Internet para Todos - Daniel Matos<\/title>\n<meta name=\"robots\" content=\"index, follow, max-snippet:-1, max-image-preview:large, max-video-preview:-1\" \/>\n<link rel=\"canonical\" href=\"https:\/\/www.blogsoestado.com\/danielmatos\/prefeita-luciene-costa-inclui-bom-lugar-no-programa-internet-para-todos\/\" \/>\n<meta property=\"og:locale\" content=\"pt_BR\" \/>\n<meta property=\"og:type\" content=\"article\" \/>\n<meta property=\"og:title\" content=\"Prefeita Luciene Costa inclui Bom Lugar no programa Internet para Todos - Daniel Matos\" \/>\n<meta property=\"og:description\" content=\"A prefeita de Bom Lugar, Luciene Costa (PV), firmou conv\u00eanio com o Governo Federal, via Minist\u00e9rio da Ci\u00eancia e Tecnologia, [&hellip;]\" \/>\n<meta property=\"og:url\" content=\"https:\/\/www.blogsoestado.com\/danielmatos\/prefeita-luciene-costa-inclui-bom-lugar-no-programa-internet-para-todos\/\" \/>\n<meta property=\"og:site_name\" content=\"Daniel Matos\" \/>\n<meta property=\"article:published_time\" content=\"2018-03-21T20:00:17+00:00\" \/>\n<meta property=\"og:image\" content=\"https:\/\/www.blogsoestado.com\/danielmatos\/files\/2018\/03\/internet-para-todos.jpg\" \/>\n<meta name=\"twitter:card\" content=\"summary_large_image\" \/>\n<meta name=\"twitter:label1\" content=\"Est. tempo de leitura\" \/>\n\t<meta name=\"twitter:data1\" content=\"2 minutos\" \/>\n<script type=\"application\/ld+json\" class=\"yoast-schema-graph\">{\"@context\":\"https:\/\/schema.org\",\"@graph\":[{\"@type\":\"WebPage\",\"@id\":\"https:\/\/www.blogsoestado.com\/danielmatos\/prefeita-luciene-costa-inclui-bom-lugar-no-programa-internet-para-todos\/\",\"url\":\"https:\/\/www.blogsoestado.com\/danielmatos\/prefeita-luciene-costa-inclui-bom-lugar-no-programa-internet-para-todos\/\",\"name\":\"Prefeita Luciene Costa inclui Bom Lugar no programa Internet para Todos - Daniel Matos\",\"isPartOf\":{\"@id\":\"https:\/\/www.blogsoestado.com\/danielmatos\/#website\"},\"primaryImageOfPage\":{\"@id\":\"https:\/\/www.blogsoestado.com\/danielmatos\/prefeita-luciene-costa-inclui-bom-lugar-no-programa-internet-para-todos\/#primaryimage\"},\"image\":{\"@id\":\"https:\/\/www.blogsoestado.com\/danielmatos\/prefeita-luciene-costa-inclui-bom-lugar-no-programa-internet-para-todos\/#primaryimage\"},\"thumbnailUrl\":\"https:\/\/www.blogsoestado.com\/danielmatos\/files\/2018\/03\/internet-para-todos.jpg\",\"datePublished\":\"2018-03-21T20:00:17+00:00\",\"author\":{\"@id\":\"\"},\"breadcrumb\":{\"@id\":\"https:\/\/www.blogsoestado.com\/danielmatos\/prefeita-luciene-costa-inclui-bom-lugar-no-programa-internet-para-todos\/#breadcrumb\"},\"inLanguage\":\"pt-BR\",\"potentialAction\":[{\"@type\":\"ReadAction\",\"target\":[\"https:\/\/www.blogsoestado.com\/danielmatos\/prefeita-luciene-costa-inclui-bom-lugar-no-programa-internet-para-todos\/\"]}]},{\"@type\":\"ImageObject\",\"inLanguage\":\"pt-BR\",\"@id\":\"https:\/\/www.blogsoestado.com\/danielmatos\/prefeita-luciene-costa-inclui-bom-lugar-no-programa-internet-para-todos\/#primaryimage\",\"url\":\"https:\/\/www.blogsoestado.com\/danielmatos\/files\/2018\/03\/internet-para-todos.jpg\",\"contentUrl\":\"https:\/\/www.blogsoestado.com\/danielmatos\/files\/2018\/03\/internet-para-todos.jpg\"},{\"@type\":\"BreadcrumbList\",\"@id\":\"https:\/\/www.blogsoestado.com\/danielmatos\/prefeita-luciene-costa-inclui-bom-lugar-no-programa-internet-para-todos\/#breadcrumb\",\"itemListElement\":[{\"@type\":\"ListItem\",\"position\":1,\"name\":\"In\u00edcio\",\"item\":\"https:\/\/www.blogsoestado.com\/danielmatos\/\"},{\"@type\":\"ListItem\",\"position\":2,\"name\":\"Prefeita Luciene Costa inclui Bom Lugar no programa Internet para Todos\"}]},{\"@type\":\"WebSite\",\"@id\":\"https:\/\/www.blogsoestado.com\/danielmatos\/#website\",\"url\":\"https:\/\/www.blogsoestado.com\/danielmatos\/\",\"name\":\"Daniel Matos\",\"description\":\"\",\"potentialAction\":[{\"@type\":\"SearchAction\",\"target\":{\"@type\":\"EntryPoint\",\"urlTemplate\":\"https:\/\/www.blogsoestado.com\/danielmatos\/?s={search_term_string}\"},\"query-input\":{\"@type\":\"PropertyValueSpecification\",\"valueRequired\":true,\"valueName\":\"search_term_string\"}}],\"inLanguage\":\"pt-BR\"}]}<\/script>\n<!-- \/ Yoast SEO plugin. -->","yoast_head_json":{"title":"Prefeita Luciene Costa inclui Bom Lugar no programa Internet para Todos - Daniel Matos","robots":{"index":"index","follow":"follow","max-snippet":"max-snippet:-1","max-image-preview":"max-image-preview:large","max-video-preview":"max-video-preview:-1"},"canonical":"https:\/\/www.blogsoestado.com\/danielmatos\/prefeita-luciene-costa-inclui-bom-lugar-no-programa-internet-para-todos\/","og_locale":"pt_BR","og_type":"article","og_title":"Prefeita Luciene Costa inclui Bom Lugar no programa Internet para Todos - Daniel Matos","og_description":"A prefeita de Bom Lugar, Luciene Costa (PV), firmou conv\u00eanio com o Governo Federal, via Minist\u00e9rio da Ci\u00eancia e Tecnologia, [&hellip;]","og_url":"https:\/\/www.blogsoestado.com\/danielmatos\/prefeita-luciene-costa-inclui-bom-lugar-no-programa-internet-para-todos\/","og_site_name":"Daniel Matos","article_published_time":"2018-03-21T20:00:17+00:00","og_image":[{"url":"https:\/\/www.blogsoestado.com\/danielmatos\/files\/2018\/03\/internet-para-todos.jpg","type":"","width":"","height":""}],"twitter_card":"summary_large_image","twitter_misc":{"Est. tempo de leitura":"2 minutos"},"schema":{"@context":"https:\/\/schema.org","@graph":[{"@type":"WebPage","@id":"https:\/\/www.blogsoestado.com\/danielmatos\/prefeita-luciene-costa-inclui-bom-lugar-no-programa-internet-para-todos\/","url":"https:\/\/www.blogsoestado.com\/danielmatos\/prefeita-luciene-costa-inclui-bom-lugar-no-programa-internet-para-todos\/","name":"Prefeita Luciene Costa inclui Bom Lugar no programa Internet para Todos - Daniel Matos","isPartOf":{"@id":"https:\/\/www.blogsoestado.com\/danielmatos\/#website"},"primaryImageOfPage":{"@id":"https:\/\/www.blogsoestado.com\/danielmatos\/prefeita-luciene-costa-inclui-bom-lugar-no-programa-internet-para-todos\/#primaryimage"},"image":{"@id":"https:\/\/www.blogsoestado.com\/danielmatos\/prefeita-luciene-costa-inclui-bom-lugar-no-programa-internet-para-todos\/#primaryimage"},"thumbnailUrl":"https:\/\/www.blogsoestado.com\/danielmatos\/files\/2018\/03\/internet-para-todos.jpg","datePublished":"2018-03-21T20:00:17+00:00","author":{"@id":""},"breadcrumb":{"@id":"https:\/\/www.blogsoestado.com\/danielmatos\/prefeita-luciene-costa-inclui-bom-lugar-no-programa-internet-para-todos\/#breadcrumb"},"inLanguage":"pt-BR","potentialAction":[{"@type":"ReadAction","target":["https:\/\/www.blogsoestado.com\/danielmatos\/prefeita-luciene-costa-inclui-bom-lugar-no-programa-internet-para-todos\/"]}]},{"@type":"ImageObject","inLanguage":"pt-BR","@id":"https:\/\/www.blogsoestado.com\/danielmatos\/prefeita-luciene-costa-inclui-bom-lugar-no-programa-internet-para-todos\/#primaryimage","url":"https:\/\/www.blogsoestado.com\/danielmatos\/files\/2018\/03\/internet-para-todos.jpg","contentUrl":"https:\/\/www.blogsoestado.com\/danielmatos\/files\/2018\/03\/internet-para-todos.jpg"},{"@type":"BreadcrumbList","@id":"https:\/\/www.blogsoestado.com\/danielmatos\/prefeita-luciene-costa-inclui-bom-lugar-no-programa-internet-para-todos\/#breadcrumb","itemListElement":[{"@type":"ListItem","position":1,"name":"In\u00edcio","item":"https:\/\/www.blogsoestado.com\/danielmatos\/"},{"@type":"ListItem","position":2,"name":"Prefeita Luciene Costa inclui Bom Lugar no programa Internet para Todos"}]},{"@type":"WebSite","@id":"https:\/\/www.blogsoestado.com\/danielmatos\/#website","url":"https:\/\/www.blogsoestado.com\/danielmatos\/","name":"Daniel Matos","description":"","potentialAction":[{"@type":"SearchAction","target":{"@type":"EntryPoint","urlTemplate":"https:\/\/www.blogsoestado.com\/danielmatos\/?s={search_term_string}"},"query-input":{"@type":"PropertyValueSpecification","valueRequired":true,"valueName":"search_term_string"}}],"inLanguage":"pt-BR"}]}},"jetpack_featured_media_url":"","_links":{"self":[{"href":"https:\/\/www.blogsoestado.com\/danielmatos\/wp-json\/wp\/v2\/posts\/49620","targetHints":{"allow":["GET"]}}],"collection":[{"href":"https:\/\/www.blogsoestado.com\/danielmatos\/wp-json\/wp\/v2\/posts"}],"about":[{"href":"https:\/\/www.blogsoestado.com\/danielmatos\/wp-json\/wp\/v2\/types\/post"}],"replies":[{"embeddable":true,"href":"https:\/\/www.blogsoestado.com\/danielmatos\/wp-json\/wp\/v2\/comments?post=49620"}],"version-history":[{"count":0,"href":"https:\/\/www.blogsoestado.com\/danielmatos\/wp-json\/wp\/v2\/posts\/49620\/revisions"}],"wp:attachment":[{"href":"https:\/\/www.blogsoestado.com\/danielmatos\/wp-json\/wp\/v2\/media?parent=49620"}],"wp:term":[{"taxonomy":"category","embeddable":true,"href":"https:\/\/www.blogsoestado.com\/danielmatos\/wp-json\/wp\/v2\/categories?post=49620"},{"taxonomy":"post_tag","embeddable":true,"href":"https:\/\/www.blogsoestado.com\/danielmatos\/wp-json\/wp\/v2\/tags?post=49620"}],"curies":[{"name":"wp","href":"https:\/\/api.w.org\/{rel}","templated":true}]}}