{"id":49628,"date":"2018-03-21T20:00:57","date_gmt":"2018-03-21T23:00:57","guid":{"rendered":"https:\/\/www.blogsoestado.com\/danielmatos\/?p=49628"},"modified":"2018-03-21T20:00:57","modified_gmt":"2018-03-21T23:00:57","slug":"wellington-repudia-projeto-que-altera-conselho-da-policia-civil-do-maranhao","status":"publish","type":"post","link":"https:\/\/www.blogsoestado.com\/danielmatos\/wellington-repudia-projeto-que-altera-conselho-da-policia-civil-do-maranhao\/","title":{"rendered":"Wellington repudia projeto que altera Conselho da Pol\u00edcia Civil do Maranh\u00e3o"},"content":{"rendered":"<figure id=\"attachment_49629\" aria-describedby=\"caption-attachment-49629\" style=\"width: 448px\" class=\"wp-caption alignleft\"><img fetchpriority=\"high\" decoding=\"async\" class=\"size-full wp-image-49629\" src=\"https:\/\/www.blogsoestado.com\/danielmatos\/files\/2018\/03\/w-rejeita2.jpg\" alt=\"\" width=\"448\" height=\"299\" \/><figcaption id=\"caption-attachment-49629\" class=\"wp-caption-text\">Wellington antecipou seu voto contra o projeto do governo e em defesa da Pol\u00edcia Civil<\/figcaption><\/figure>\n<p>O deputado estadual progressista Wellington do Curso utilizou a tribuna da Assembleia Legislativa,\u00a0na tarde desta segunda-feira (19), para destacar as raz\u00f5es pelas quais \u00e9 contr\u00e1rio ao Projeto de Lei n\u00ba 365\/2017, de autoria do governador Fl\u00e1vio Dino (PC do B). De acordo com o parlamentar, o projeto, se aprovado, retira membros do Conselho da Pol\u00edcia Civil e alcan\u00e7a at\u00e9 mesmo o Plano de Cargos e Carreiras dos servidores.<\/p>\n<p>Ao se pronunciar sobre o proposi\u00e7\u00e3o, Wellington j\u00e1 antecipou que o seu voto ser\u00e1 em defesa da Pol\u00edcia Civil \u201cN\u00e3o posso votar a favor de um projeto que tira os direitos de nossos policiais civis. N\u00e3o posso concordar com essa mudan\u00e7a que far\u00e1 com que o Conselho da Pol\u00edcia seja composto por 10 membros, sendo todos indicados pelo Governo. Qual independ\u00eancia tal Conselho ter\u00e1? J\u00e1 disse e reafirmo: n\u00e3o contem comigo para desrespeitar e tirar direitos dos nossos policiais civis\u201d, afirmou Wellington.<\/p>\n<p>Na ocasi\u00e3o, estiveram presentes in\u00fameros policiais e tamb\u00e9m as suas associa\u00e7\u00f5es de classe, representando os v\u00e1rios delegados, peritos, escriv\u00e3es do Maranh\u00e3o.<\/p>\n","protected":false},"excerpt":{"rendered":"<p>O deputado estadual progressista Wellington do Curso utilizou a tribuna da Assembleia Legislativa,\u00a0na tarde desta segunda-feira (19), para destacar as [&hellip;]<\/p>\n","protected":false},"author":0,"featured_media":0,"comment_status":"open","ping_status":"open","sticky":false,"template":"","format":"standard","meta":{"site-sidebar-layout":"default","site-content-layout":"","ast-site-content-layout":"default","site-content-style":"default","site-sidebar-style":"default","ast-global-header-display":"","ast-banner-title-visibility":"","ast-main-header-display":"","ast-hfb-above-header-display":"","ast-hfb-below-header-display":"","ast-hfb-mobile-header-display":"","site-post-title":"","ast-breadcrumbs-content":"","ast-featured-img":"","footer-sml-layout":"","ast-disable-related-posts":"","theme-transparent-header-meta":"","adv-header-id-meta":"","stick-header-meta":"","header-above-stick-meta":"","header-main-stick-meta":"","header-below-stick-meta":"","astra-migrate-meta-layouts":"default","ast-page-background-enabled":"default","ast-page-background-meta":{"desktop":{"background-color":"var(--ast-global-color-5)","background-image":"","background-repeat":"repeat","background-position":"center center","background-size":"auto","background-attachment":"scroll","background-type":"","background-media":"","overlay-type":"","overlay-color":"","overlay-opacity":"","overlay-gradient":""},"tablet":{"background-color":"","background-image":"","background-repeat":"repeat","background-position":"center center","background-size":"auto","background-attachment":"scroll","background-type":"","background-media":"","overlay-type":"","overlay-color":"","overlay-opacity":"","overlay-gradient":""},"mobile":{"background-color":"","background-image":"","background-repeat":"repeat","background-position":"center center","background-size":"auto","background-attachment":"scroll","background-type":"","background-media":"","overlay-type":"","overlay-color":"","overlay-opacity":"","overlay-gradient":""}},"ast-content-background-meta":{"desktop":{"background-color":"var(--ast-global-color-4)","background-image":"","background-repeat":"repeat","background-position":"center center","background-size":"auto","background-attachment":"scroll","background-type":"","background-media":"","overlay-type":"","overlay-color":"","overlay-opacity":"","overlay-gradient":""},"tablet":{"background-color":"var(--ast-global-color-4)","background-image":"","background-repeat":"repeat","background-position":"center center","background-size":"auto","background-attachment":"scroll","background-type":"","background-media":"","overlay-type":"","overlay-color":"","overlay-opacity":"","overlay-gradient":""},"mobile":{"background-color":"var(--ast-global-color-4)","background-image":"","background-repeat":"repeat","background-position":"center center","background-size":"auto","background-attachment":"scroll","background-type":"","background-media":"","overlay-type":"","overlay-color":"","overlay-opacity":"","overlay-gradient":""}},"footnotes":""},"categories":[1],"tags":[],"class_list":["post-49628","post","type-post","status-publish","format-standard","hentry","category-sem-categoria"],"yoast_head":"<!-- This site is optimized with the Yoast SEO plugin v26.6 - https:\/\/yoast.com\/wordpress\/plugins\/seo\/ -->\n<title>Wellington repudia projeto que altera Conselho da Pol\u00edcia Civil do Maranh\u00e3o - Daniel Matos<\/title>\n<meta name=\"robots\" content=\"index, follow, max-snippet:-1, max-image-preview:large, max-video-preview:-1\" \/>\n<link rel=\"canonical\" href=\"https:\/\/www.blogsoestado.com\/danielmatos\/wellington-repudia-projeto-que-altera-conselho-da-policia-civil-do-maranhao\/\" \/>\n<meta property=\"og:locale\" content=\"pt_BR\" \/>\n<meta property=\"og:type\" content=\"article\" \/>\n<meta property=\"og:title\" content=\"Wellington repudia projeto que altera Conselho da Pol\u00edcia Civil do Maranh\u00e3o - Daniel Matos\" \/>\n<meta property=\"og:description\" content=\"O deputado estadual progressista Wellington do Curso utilizou a tribuna da Assembleia Legislativa,\u00a0na tarde desta segunda-feira (19), para destacar as [&hellip;]\" \/>\n<meta property=\"og:url\" content=\"https:\/\/www.blogsoestado.com\/danielmatos\/wellington-repudia-projeto-que-altera-conselho-da-policia-civil-do-maranhao\/\" \/>\n<meta property=\"og:site_name\" content=\"Daniel Matos\" \/>\n<meta property=\"article:published_time\" content=\"2018-03-21T23:00:57+00:00\" \/>\n<meta property=\"og:image\" content=\"https:\/\/www.blogsoestado.com\/danielmatos\/files\/2018\/03\/w-rejeita2.jpg\" \/>\n<meta name=\"twitter:card\" content=\"summary_large_image\" \/>\n<meta name=\"twitter:label1\" content=\"Est. tempo de leitura\" \/>\n\t<meta name=\"twitter:data1\" content=\"1 minuto\" \/>\n<script type=\"application\/ld+json\" class=\"yoast-schema-graph\">{\"@context\":\"https:\/\/schema.org\",\"@graph\":[{\"@type\":\"WebPage\",\"@id\":\"https:\/\/www.blogsoestado.com\/danielmatos\/wellington-repudia-projeto-que-altera-conselho-da-policia-civil-do-maranhao\/\",\"url\":\"https:\/\/www.blogsoestado.com\/danielmatos\/wellington-repudia-projeto-que-altera-conselho-da-policia-civil-do-maranhao\/\",\"name\":\"Wellington repudia projeto que altera Conselho da Pol\u00edcia Civil do Maranh\u00e3o - Daniel Matos\",\"isPartOf\":{\"@id\":\"https:\/\/www.blogsoestado.com\/danielmatos\/#website\"},\"primaryImageOfPage\":{\"@id\":\"https:\/\/www.blogsoestado.com\/danielmatos\/wellington-repudia-projeto-que-altera-conselho-da-policia-civil-do-maranhao\/#primaryimage\"},\"image\":{\"@id\":\"https:\/\/www.blogsoestado.com\/danielmatos\/wellington-repudia-projeto-que-altera-conselho-da-policia-civil-do-maranhao\/#primaryimage\"},\"thumbnailUrl\":\"https:\/\/www.blogsoestado.com\/danielmatos\/files\/2018\/03\/w-rejeita2.jpg\",\"datePublished\":\"2018-03-21T23:00:57+00:00\",\"author\":{\"@id\":\"\"},\"breadcrumb\":{\"@id\":\"https:\/\/www.blogsoestado.com\/danielmatos\/wellington-repudia-projeto-que-altera-conselho-da-policia-civil-do-maranhao\/#breadcrumb\"},\"inLanguage\":\"pt-BR\",\"potentialAction\":[{\"@type\":\"ReadAction\",\"target\":[\"https:\/\/www.blogsoestado.com\/danielmatos\/wellington-repudia-projeto-que-altera-conselho-da-policia-civil-do-maranhao\/\"]}]},{\"@type\":\"ImageObject\",\"inLanguage\":\"pt-BR\",\"@id\":\"https:\/\/www.blogsoestado.com\/danielmatos\/wellington-repudia-projeto-que-altera-conselho-da-policia-civil-do-maranhao\/#primaryimage\",\"url\":\"https:\/\/www.blogsoestado.com\/danielmatos\/files\/2018\/03\/w-rejeita2.jpg\",\"contentUrl\":\"https:\/\/www.blogsoestado.com\/danielmatos\/files\/2018\/03\/w-rejeita2.jpg\"},{\"@type\":\"BreadcrumbList\",\"@id\":\"https:\/\/www.blogsoestado.com\/danielmatos\/wellington-repudia-projeto-que-altera-conselho-da-policia-civil-do-maranhao\/#breadcrumb\",\"itemListElement\":[{\"@type\":\"ListItem\",\"position\":1,\"name\":\"In\u00edcio\",\"item\":\"https:\/\/www.blogsoestado.com\/danielmatos\/\"},{\"@type\":\"ListItem\",\"position\":2,\"name\":\"Wellington repudia projeto que altera Conselho da Pol\u00edcia Civil do Maranh\u00e3o\"}]},{\"@type\":\"WebSite\",\"@id\":\"https:\/\/www.blogsoestado.com\/danielmatos\/#website\",\"url\":\"https:\/\/www.blogsoestado.com\/danielmatos\/\",\"name\":\"Daniel Matos\",\"description\":\"\",\"potentialAction\":[{\"@type\":\"SearchAction\",\"target\":{\"@type\":\"EntryPoint\",\"urlTemplate\":\"https:\/\/www.blogsoestado.com\/danielmatos\/?s={search_term_string}\"},\"query-input\":{\"@type\":\"PropertyValueSpecification\",\"valueRequired\":true,\"valueName\":\"search_term_string\"}}],\"inLanguage\":\"pt-BR\"}]}<\/script>\n<!-- \/ Yoast SEO plugin. -->","yoast_head_json":{"title":"Wellington repudia projeto que altera Conselho da Pol\u00edcia Civil do Maranh\u00e3o - Daniel Matos","robots":{"index":"index","follow":"follow","max-snippet":"max-snippet:-1","max-image-preview":"max-image-preview:large","max-video-preview":"max-video-preview:-1"},"canonical":"https:\/\/www.blogsoestado.com\/danielmatos\/wellington-repudia-projeto-que-altera-conselho-da-policia-civil-do-maranhao\/","og_locale":"pt_BR","og_type":"article","og_title":"Wellington repudia projeto que altera Conselho da Pol\u00edcia Civil do Maranh\u00e3o - Daniel Matos","og_description":"O deputado estadual progressista Wellington do Curso utilizou a tribuna da Assembleia Legislativa,\u00a0na tarde desta segunda-feira (19), para destacar as [&hellip;]","og_url":"https:\/\/www.blogsoestado.com\/danielmatos\/wellington-repudia-projeto-que-altera-conselho-da-policia-civil-do-maranhao\/","og_site_name":"Daniel Matos","article_published_time":"2018-03-21T23:00:57+00:00","og_image":[{"url":"https:\/\/www.blogsoestado.com\/danielmatos\/files\/2018\/03\/w-rejeita2.jpg","type":"","width":"","height":""}],"twitter_card":"summary_large_image","twitter_misc":{"Est. tempo de leitura":"1 minuto"},"schema":{"@context":"https:\/\/schema.org","@graph":[{"@type":"WebPage","@id":"https:\/\/www.blogsoestado.com\/danielmatos\/wellington-repudia-projeto-que-altera-conselho-da-policia-civil-do-maranhao\/","url":"https:\/\/www.blogsoestado.com\/danielmatos\/wellington-repudia-projeto-que-altera-conselho-da-policia-civil-do-maranhao\/","name":"Wellington repudia projeto que altera Conselho da Pol\u00edcia Civil do Maranh\u00e3o - Daniel Matos","isPartOf":{"@id":"https:\/\/www.blogsoestado.com\/danielmatos\/#website"},"primaryImageOfPage":{"@id":"https:\/\/www.blogsoestado.com\/danielmatos\/wellington-repudia-projeto-que-altera-conselho-da-policia-civil-do-maranhao\/#primaryimage"},"image":{"@id":"https:\/\/www.blogsoestado.com\/danielmatos\/wellington-repudia-projeto-que-altera-conselho-da-policia-civil-do-maranhao\/#primaryimage"},"thumbnailUrl":"https:\/\/www.blogsoestado.com\/danielmatos\/files\/2018\/03\/w-rejeita2.jpg","datePublished":"2018-03-21T23:00:57+00:00","author":{"@id":""},"breadcrumb":{"@id":"https:\/\/www.blogsoestado.com\/danielmatos\/wellington-repudia-projeto-que-altera-conselho-da-policia-civil-do-maranhao\/#breadcrumb"},"inLanguage":"pt-BR","potentialAction":[{"@type":"ReadAction","target":["https:\/\/www.blogsoestado.com\/danielmatos\/wellington-repudia-projeto-que-altera-conselho-da-policia-civil-do-maranhao\/"]}]},{"@type":"ImageObject","inLanguage":"pt-BR","@id":"https:\/\/www.blogsoestado.com\/danielmatos\/wellington-repudia-projeto-que-altera-conselho-da-policia-civil-do-maranhao\/#primaryimage","url":"https:\/\/www.blogsoestado.com\/danielmatos\/files\/2018\/03\/w-rejeita2.jpg","contentUrl":"https:\/\/www.blogsoestado.com\/danielmatos\/files\/2018\/03\/w-rejeita2.jpg"},{"@type":"BreadcrumbList","@id":"https:\/\/www.blogsoestado.com\/danielmatos\/wellington-repudia-projeto-que-altera-conselho-da-policia-civil-do-maranhao\/#breadcrumb","itemListElement":[{"@type":"ListItem","position":1,"name":"In\u00edcio","item":"https:\/\/www.blogsoestado.com\/danielmatos\/"},{"@type":"ListItem","position":2,"name":"Wellington repudia projeto que altera Conselho da Pol\u00edcia Civil do Maranh\u00e3o"}]},{"@type":"WebSite","@id":"https:\/\/www.blogsoestado.com\/danielmatos\/#website","url":"https:\/\/www.blogsoestado.com\/danielmatos\/","name":"Daniel Matos","description":"","potentialAction":[{"@type":"SearchAction","target":{"@type":"EntryPoint","urlTemplate":"https:\/\/www.blogsoestado.com\/danielmatos\/?s={search_term_string}"},"query-input":{"@type":"PropertyValueSpecification","valueRequired":true,"valueName":"search_term_string"}}],"inLanguage":"pt-BR"}]}},"jetpack_featured_media_url":"","_links":{"self":[{"href":"https:\/\/www.blogsoestado.com\/danielmatos\/wp-json\/wp\/v2\/posts\/49628","targetHints":{"allow":["GET"]}}],"collection":[{"href":"https:\/\/www.blogsoestado.com\/danielmatos\/wp-json\/wp\/v2\/posts"}],"about":[{"href":"https:\/\/www.blogsoestado.com\/danielmatos\/wp-json\/wp\/v2\/types\/post"}],"replies":[{"embeddable":true,"href":"https:\/\/www.blogsoestado.com\/danielmatos\/wp-json\/wp\/v2\/comments?post=49628"}],"version-history":[{"count":0,"href":"https:\/\/www.blogsoestado.com\/danielmatos\/wp-json\/wp\/v2\/posts\/49628\/revisions"}],"wp:attachment":[{"href":"https:\/\/www.blogsoestado.com\/danielmatos\/wp-json\/wp\/v2\/media?parent=49628"}],"wp:term":[{"taxonomy":"category","embeddable":true,"href":"https:\/\/www.blogsoestado.com\/danielmatos\/wp-json\/wp\/v2\/categories?post=49628"},{"taxonomy":"post_tag","embeddable":true,"href":"https:\/\/www.blogsoestado.com\/danielmatos\/wp-json\/wp\/v2\/tags?post=49628"}],"curies":[{"name":"wp","href":"https:\/\/api.w.org\/{rel}","templated":true}]}}