{"id":49634,"date":"2018-03-22T07:58:43","date_gmt":"2018-03-22T10:58:43","guid":{"rendered":"https:\/\/www.blogsoestado.com\/danielmatos\/?p=49634"},"modified":"2018-03-22T07:58:43","modified_gmt":"2018-03-22T10:58:43","slug":"falta-agua-sobra-incompetencia","status":"publish","type":"post","link":"https:\/\/www.blogsoestado.com\/danielmatos\/falta-agua-sobra-incompetencia\/","title":{"rendered":"Falta \u00e1gua, sobra incompet\u00eancia!"},"content":{"rendered":"<figure id=\"attachment_49635\" aria-describedby=\"caption-attachment-49635\" style=\"width: 448px\" class=\"wp-caption alignright\"><img fetchpriority=\"high\" decoding=\"async\" class=\"size-full wp-image-49635\" src=\"https:\/\/www.blogsoestado.com\/danielmatos\/files\/2018\/03\/dino-dia-da-agua.jpeg\" alt=\"\" width=\"448\" height=\"252\" \/><figcaption id=\"caption-attachment-49635\" class=\"wp-caption-text\">Fl\u00e1vio Dino visitou trecho da adutora ap\u00f3s tentativa fracassada de iniciar opera\u00e7\u00e3o da nova tubula\u00e7\u00e3o<\/figcaption><\/figure>\n<p>Hoje \u00e9 Dia Mundial da \u00c1gua e o desabastecimento que assola centenas de bairros de S\u00e3o Lu\u00eds n\u00e3o poderia passar ao largo das discuss\u00f5es sobre o acesso a esse recurso natural, essencial \u00e0 origem e \u00e0 manuten\u00e7\u00e3o da vida. No caso espec\u00edfico da capital e dos outros tr\u00eas munic\u00edpios que integram a regi\u00e3o metropolitana, pode-se afirmar, sem exagero, que a escassez de \u00e1gua resulta, em grande parte, da incompet\u00eancia que impera na atual gest\u00e3o estadual, que priva a popula\u00e7\u00e3o de melhorarias no sistema de abastecimento, de modo a atender toda a demanda.<\/p>\n<p>A incapacidade t\u00e9cnica do governo Fl\u00e1vio Dino (PCdoB) de concluir a substitui\u00e7\u00e3o da adutora do Sistema Italu\u00eds e inaugurar a nova tubula\u00e7\u00e3o \u00e9 algo que salta aos olhos e deixa indignado at\u00e9 o mais leigo e pacato cidad\u00e3o. Iniciada h\u00e1 mais de cinco anos, a obra, de responsabilidade da Companhia de Saneamento Ambiental (Caema), foi recebida em est\u00e1gio avan\u00e7ado pelo atual governador e com recursos em caixa para a sua continuidade.<\/p>\n<p>O comunista, em vez de priorizar a finaliza\u00e7\u00e3o dos trabalhos, a fim de levar \u00e1gua aos bairros onde o desabastecimento \u00e9 um problema cr\u00f4nico e hist\u00f3rico, preocupou-se muito mais em perseguir os antecessores, apontando supostos v\u00edcios na execu\u00e7\u00e3o do projeto, como se estivesse em busca de um pretexto para a sua incapacidade de realizar grandes interven\u00e7\u00f5es, mesmo j\u00e1 tendo encontrado a maior parte do servi\u00e7o feito.<\/p>\n<p>Abandonada na primeira metade do governo comunista, a troca da adutora do Italu\u00eds n\u00e3o avan\u00e7ou nesse per\u00edodo. Os servi\u00e7os s\u00f3 passaram a ter andamento regular ano passado, gra\u00e7as \u00e0 press\u00e3o da parcela da imprensa que mant\u00e9m postura independente em rela\u00e7\u00e3o ao Pal\u00e1cio dos Le\u00f5es. N\u00e3o fossem as sucessivas reportagens, muitas das quais publicadas pelo jornal O Estado, a in\u00e9rcia governamental prevaleceria por mais tempo.<\/p>\n<p>A cada abordagem da m\u00eddia n\u00e3o alinhada aos comunistas sobre o assunto, o governo demonstrava, de forma inequ\u00edvoca, a sua incompet\u00eancia para lidar com a complexa obra. Por diversas vezes, a gest\u00e3o estadual se viu obrigada a reformular o prazo de entrega do servi\u00e7o por n\u00e3o ter sido capaz de conclu\u00ed-la na data que ela pr\u00f3pria havia fixado. A substitui\u00e7\u00e3o da adutora tornou-se um tema t\u00e3o indigesto que os governistas passavam longos intervalos sem divulgar informa\u00e7\u00f5es sobre a interven\u00e7\u00e3o e s\u00f3 o faziam por causa da insist\u00eancia de alguns meios de comunica\u00e7\u00e3o.<\/p>\n<p>Para confirmar definitivamente sua incompet\u00eancia, o governo falhou na primeira tentativa de inaugurar a nova tubula\u00e7\u00e3o, em dezembro do ano passado. O an\u00fancio da data para o in\u00edcio da opera\u00e7\u00e3o do sistema foi cercado por grande expectativa, com direito a chamadas exaustivas na imprensa e na blogosfera palacianas e at\u00e9 a interrup\u00e7\u00f5es programadas do abastecimento, necess\u00e1rias, segundo t\u00e9cnicos da Caema e das empresas contratadas para realizar o servi\u00e7o, para garantir o pleno funcionamento da adutora nova.<\/p>\n<p>No dia marcado para o acionamento do sistema, veio a desagrad\u00e1vel surpresa: uma pe\u00e7a da tubula\u00e7\u00e3o, em forma de \u201cY\u201d, rompeu-se, inviabilizando o bombeamento da \u00e1gua do Rio Itapecuru pelos novos tubos. O governador Fl\u00e1vio Dino compareceu ao local do problema e, at\u00f4nito, levantou a suspeita de sabotagem, jamais comprovada.<\/p>\n<p>Ap\u00f3s a trapalhada, restaram a frustra\u00e7\u00e3o e o anseio de centenas de milhares de fam\u00edlias por \u00e1gua tratada e em volume suficiente para atender, pelo menos, as necessidades b\u00e1sicas, agonia que perdura at\u00e9 hoje, sem previs\u00e3o de ter fim.<\/p>\n<p><strong>Editorial publicado no jornal O Estado do Maranh\u00e3o nesta quinta-feira.<\/strong><\/p>\n","protected":false},"excerpt":{"rendered":"<p>Hoje \u00e9 Dia Mundial da \u00c1gua e o desabastecimento que assola centenas de bairros de S\u00e3o Lu\u00eds n\u00e3o poderia passar [&hellip;]<\/p>\n","protected":false},"author":0,"featured_media":0,"comment_status":"open","ping_status":"open","sticky":false,"template":"","format":"standard","meta":{"site-sidebar-layout":"default","site-content-layout":"","ast-site-content-layout":"default","site-content-style":"default","site-sidebar-style":"default","ast-global-header-display":"","ast-banner-title-visibility":"","ast-main-header-display":"","ast-hfb-above-header-display":"","ast-hfb-below-header-display":"","ast-hfb-mobile-header-display":"","site-post-title":"","ast-breadcrumbs-content":"","ast-featured-img":"","footer-sml-layout":"","ast-disable-related-posts":"","theme-transparent-header-meta":"","adv-header-id-meta":"","stick-header-meta":"","header-above-stick-meta":"","header-main-stick-meta":"","header-below-stick-meta":"","astra-migrate-meta-layouts":"default","ast-page-background-enabled":"default","ast-page-background-meta":{"desktop":{"background-color":"var(--ast-global-color-5)","background-image":"","background-repeat":"repeat","background-position":"center center","background-size":"auto","background-attachment":"scroll","background-type":"","background-media":"","overlay-type":"","overlay-color":"","overlay-opacity":"","overlay-gradient":""},"tablet":{"background-color":"","background-image":"","background-repeat":"repeat","background-position":"center center","background-size":"auto","background-attachment":"scroll","background-type":"","background-media":"","overlay-type":"","overlay-color":"","overlay-opacity":"","overlay-gradient":""},"mobile":{"background-color":"","background-image":"","background-repeat":"repeat","background-position":"center center","background-size":"auto","background-attachment":"scroll","background-type":"","background-media":"","overlay-type":"","overlay-color":"","overlay-opacity":"","overlay-gradient":""}},"ast-content-background-meta":{"desktop":{"background-color":"var(--ast-global-color-4)","background-image":"","background-repeat":"repeat","background-position":"center center","background-size":"auto","background-attachment":"scroll","background-type":"","background-media":"","overlay-type":"","overlay-color":"","overlay-opacity":"","overlay-gradient":""},"tablet":{"background-color":"var(--ast-global-color-4)","background-image":"","background-repeat":"repeat","background-position":"center center","background-size":"auto","background-attachment":"scroll","background-type":"","background-media":"","overlay-type":"","overlay-color":"","overlay-opacity":"","overlay-gradient":""},"mobile":{"background-color":"var(--ast-global-color-4)","background-image":"","background-repeat":"repeat","background-position":"center center","background-size":"auto","background-attachment":"scroll","background-type":"","background-media":"","overlay-type":"","overlay-color":"","overlay-opacity":"","overlay-gradient":""}},"footnotes":""},"categories":[1],"tags":[],"class_list":["post-49634","post","type-post","status-publish","format-standard","hentry","category-sem-categoria"],"yoast_head":"<!-- This site is optimized with the Yoast SEO plugin v26.6 - https:\/\/yoast.com\/wordpress\/plugins\/seo\/ -->\n<title>Falta \u00e1gua, sobra incompet\u00eancia! - Daniel Matos<\/title>\n<meta name=\"robots\" content=\"index, follow, max-snippet:-1, max-image-preview:large, max-video-preview:-1\" \/>\n<link rel=\"canonical\" href=\"https:\/\/www.blogsoestado.com\/danielmatos\/falta-agua-sobra-incompetencia\/\" \/>\n<meta property=\"og:locale\" content=\"pt_BR\" \/>\n<meta property=\"og:type\" content=\"article\" \/>\n<meta property=\"og:title\" content=\"Falta \u00e1gua, sobra incompet\u00eancia! - Daniel Matos\" \/>\n<meta property=\"og:description\" content=\"Hoje \u00e9 Dia Mundial da \u00c1gua e o desabastecimento que assola centenas de bairros de S\u00e3o Lu\u00eds n\u00e3o poderia passar [&hellip;]\" \/>\n<meta property=\"og:url\" content=\"https:\/\/www.blogsoestado.com\/danielmatos\/falta-agua-sobra-incompetencia\/\" \/>\n<meta property=\"og:site_name\" content=\"Daniel Matos\" \/>\n<meta property=\"article:published_time\" content=\"2018-03-22T10:58:43+00:00\" \/>\n<meta property=\"og:image\" content=\"https:\/\/www.blogsoestado.com\/danielmatos\/files\/2018\/03\/dino-dia-da-agua.jpeg\" \/>\n<meta name=\"twitter:card\" content=\"summary_large_image\" \/>\n<meta name=\"twitter:label1\" content=\"Est. tempo de leitura\" \/>\n\t<meta name=\"twitter:data1\" content=\"3 minutos\" \/>\n<script type=\"application\/ld+json\" class=\"yoast-schema-graph\">{\"@context\":\"https:\/\/schema.org\",\"@graph\":[{\"@type\":\"WebPage\",\"@id\":\"https:\/\/www.blogsoestado.com\/danielmatos\/falta-agua-sobra-incompetencia\/\",\"url\":\"https:\/\/www.blogsoestado.com\/danielmatos\/falta-agua-sobra-incompetencia\/\",\"name\":\"Falta \u00e1gua, sobra incompet\u00eancia! - Daniel Matos\",\"isPartOf\":{\"@id\":\"https:\/\/www.blogsoestado.com\/danielmatos\/#website\"},\"primaryImageOfPage\":{\"@id\":\"https:\/\/www.blogsoestado.com\/danielmatos\/falta-agua-sobra-incompetencia\/#primaryimage\"},\"image\":{\"@id\":\"https:\/\/www.blogsoestado.com\/danielmatos\/falta-agua-sobra-incompetencia\/#primaryimage\"},\"thumbnailUrl\":\"https:\/\/www.blogsoestado.com\/danielmatos\/files\/2018\/03\/dino-dia-da-agua.jpeg\",\"datePublished\":\"2018-03-22T10:58:43+00:00\",\"author\":{\"@id\":\"\"},\"breadcrumb\":{\"@id\":\"https:\/\/www.blogsoestado.com\/danielmatos\/falta-agua-sobra-incompetencia\/#breadcrumb\"},\"inLanguage\":\"pt-BR\",\"potentialAction\":[{\"@type\":\"ReadAction\",\"target\":[\"https:\/\/www.blogsoestado.com\/danielmatos\/falta-agua-sobra-incompetencia\/\"]}]},{\"@type\":\"ImageObject\",\"inLanguage\":\"pt-BR\",\"@id\":\"https:\/\/www.blogsoestado.com\/danielmatos\/falta-agua-sobra-incompetencia\/#primaryimage\",\"url\":\"https:\/\/www.blogsoestado.com\/danielmatos\/files\/2018\/03\/dino-dia-da-agua.jpeg\",\"contentUrl\":\"https:\/\/www.blogsoestado.com\/danielmatos\/files\/2018\/03\/dino-dia-da-agua.jpeg\"},{\"@type\":\"BreadcrumbList\",\"@id\":\"https:\/\/www.blogsoestado.com\/danielmatos\/falta-agua-sobra-incompetencia\/#breadcrumb\",\"itemListElement\":[{\"@type\":\"ListItem\",\"position\":1,\"name\":\"In\u00edcio\",\"item\":\"https:\/\/www.blogsoestado.com\/danielmatos\/\"},{\"@type\":\"ListItem\",\"position\":2,\"name\":\"Falta \u00e1gua, sobra incompet\u00eancia!\"}]},{\"@type\":\"WebSite\",\"@id\":\"https:\/\/www.blogsoestado.com\/danielmatos\/#website\",\"url\":\"https:\/\/www.blogsoestado.com\/danielmatos\/\",\"name\":\"Daniel Matos\",\"description\":\"\",\"potentialAction\":[{\"@type\":\"SearchAction\",\"target\":{\"@type\":\"EntryPoint\",\"urlTemplate\":\"https:\/\/www.blogsoestado.com\/danielmatos\/?s={search_term_string}\"},\"query-input\":{\"@type\":\"PropertyValueSpecification\",\"valueRequired\":true,\"valueName\":\"search_term_string\"}}],\"inLanguage\":\"pt-BR\"}]}<\/script>\n<!-- \/ Yoast SEO plugin. -->","yoast_head_json":{"title":"Falta \u00e1gua, sobra incompet\u00eancia! - Daniel Matos","robots":{"index":"index","follow":"follow","max-snippet":"max-snippet:-1","max-image-preview":"max-image-preview:large","max-video-preview":"max-video-preview:-1"},"canonical":"https:\/\/www.blogsoestado.com\/danielmatos\/falta-agua-sobra-incompetencia\/","og_locale":"pt_BR","og_type":"article","og_title":"Falta \u00e1gua, sobra incompet\u00eancia! - Daniel Matos","og_description":"Hoje \u00e9 Dia Mundial da \u00c1gua e o desabastecimento que assola centenas de bairros de S\u00e3o Lu\u00eds n\u00e3o poderia passar [&hellip;]","og_url":"https:\/\/www.blogsoestado.com\/danielmatos\/falta-agua-sobra-incompetencia\/","og_site_name":"Daniel Matos","article_published_time":"2018-03-22T10:58:43+00:00","og_image":[{"url":"https:\/\/www.blogsoestado.com\/danielmatos\/files\/2018\/03\/dino-dia-da-agua.jpeg","type":"","width":"","height":""}],"twitter_card":"summary_large_image","twitter_misc":{"Est. tempo de leitura":"3 minutos"},"schema":{"@context":"https:\/\/schema.org","@graph":[{"@type":"WebPage","@id":"https:\/\/www.blogsoestado.com\/danielmatos\/falta-agua-sobra-incompetencia\/","url":"https:\/\/www.blogsoestado.com\/danielmatos\/falta-agua-sobra-incompetencia\/","name":"Falta \u00e1gua, sobra incompet\u00eancia! - Daniel Matos","isPartOf":{"@id":"https:\/\/www.blogsoestado.com\/danielmatos\/#website"},"primaryImageOfPage":{"@id":"https:\/\/www.blogsoestado.com\/danielmatos\/falta-agua-sobra-incompetencia\/#primaryimage"},"image":{"@id":"https:\/\/www.blogsoestado.com\/danielmatos\/falta-agua-sobra-incompetencia\/#primaryimage"},"thumbnailUrl":"https:\/\/www.blogsoestado.com\/danielmatos\/files\/2018\/03\/dino-dia-da-agua.jpeg","datePublished":"2018-03-22T10:58:43+00:00","author":{"@id":""},"breadcrumb":{"@id":"https:\/\/www.blogsoestado.com\/danielmatos\/falta-agua-sobra-incompetencia\/#breadcrumb"},"inLanguage":"pt-BR","potentialAction":[{"@type":"ReadAction","target":["https:\/\/www.blogsoestado.com\/danielmatos\/falta-agua-sobra-incompetencia\/"]}]},{"@type":"ImageObject","inLanguage":"pt-BR","@id":"https:\/\/www.blogsoestado.com\/danielmatos\/falta-agua-sobra-incompetencia\/#primaryimage","url":"https:\/\/www.blogsoestado.com\/danielmatos\/files\/2018\/03\/dino-dia-da-agua.jpeg","contentUrl":"https:\/\/www.blogsoestado.com\/danielmatos\/files\/2018\/03\/dino-dia-da-agua.jpeg"},{"@type":"BreadcrumbList","@id":"https:\/\/www.blogsoestado.com\/danielmatos\/falta-agua-sobra-incompetencia\/#breadcrumb","itemListElement":[{"@type":"ListItem","position":1,"name":"In\u00edcio","item":"https:\/\/www.blogsoestado.com\/danielmatos\/"},{"@type":"ListItem","position":2,"name":"Falta \u00e1gua, sobra incompet\u00eancia!"}]},{"@type":"WebSite","@id":"https:\/\/www.blogsoestado.com\/danielmatos\/#website","url":"https:\/\/www.blogsoestado.com\/danielmatos\/","name":"Daniel Matos","description":"","potentialAction":[{"@type":"SearchAction","target":{"@type":"EntryPoint","urlTemplate":"https:\/\/www.blogsoestado.com\/danielmatos\/?s={search_term_string}"},"query-input":{"@type":"PropertyValueSpecification","valueRequired":true,"valueName":"search_term_string"}}],"inLanguage":"pt-BR"}]}},"jetpack_featured_media_url":"","_links":{"self":[{"href":"https:\/\/www.blogsoestado.com\/danielmatos\/wp-json\/wp\/v2\/posts\/49634","targetHints":{"allow":["GET"]}}],"collection":[{"href":"https:\/\/www.blogsoestado.com\/danielmatos\/wp-json\/wp\/v2\/posts"}],"about":[{"href":"https:\/\/www.blogsoestado.com\/danielmatos\/wp-json\/wp\/v2\/types\/post"}],"replies":[{"embeddable":true,"href":"https:\/\/www.blogsoestado.com\/danielmatos\/wp-json\/wp\/v2\/comments?post=49634"}],"version-history":[{"count":0,"href":"https:\/\/www.blogsoestado.com\/danielmatos\/wp-json\/wp\/v2\/posts\/49634\/revisions"}],"wp:attachment":[{"href":"https:\/\/www.blogsoestado.com\/danielmatos\/wp-json\/wp\/v2\/media?parent=49634"}],"wp:term":[{"taxonomy":"category","embeddable":true,"href":"https:\/\/www.blogsoestado.com\/danielmatos\/wp-json\/wp\/v2\/categories?post=49634"},{"taxonomy":"post_tag","embeddable":true,"href":"https:\/\/www.blogsoestado.com\/danielmatos\/wp-json\/wp\/v2\/tags?post=49634"}],"curies":[{"name":"wp","href":"https:\/\/api.w.org\/{rel}","templated":true}]}}