{"id":49637,"date":"2018-03-22T09:29:16","date_gmt":"2018-03-22T12:29:16","guid":{"rendered":"https:\/\/www.blogsoestado.com\/danielmatos\/?p=49637"},"modified":"2018-03-22T09:29:16","modified_gmt":"2018-03-22T12:29:16","slug":"andrea-murad-desmonta-farsa-do-governo-sobre-reforma-de-escola-e-manda-flavio-dino-criar-vergonha","status":"publish","type":"post","link":"https:\/\/www.blogsoestado.com\/danielmatos\/andrea-murad-desmonta-farsa-do-governo-sobre-reforma-de-escola-e-manda-flavio-dino-criar-vergonha\/","title":{"rendered":"Andrea Murad desmonta farsa do governo sobre reforma de escola e manda Fl\u00e1vio Dino criar vergonha"},"content":{"rendered":"<figure id=\"attachment_49638\" aria-describedby=\"caption-attachment-49638\" style=\"width: 640px\" class=\"wp-caption aligncenter\"><img fetchpriority=\"high\" decoding=\"async\" class=\"size-full wp-image-49638\" src=\"https:\/\/www.blogsoestado.com\/danielmatos\/files\/2018\/03\/andrea-vistoria.jpg\" alt=\"\" width=\"640\" height=\"427\" \/><figcaption id=\"caption-attachment-49638\" class=\"wp-caption-text\">Durante a visita, a deputada Andrea Murad constatou condi\u00e7\u00f5es prec\u00e1rias do piso da cantina da escola<\/figcaption><\/figure>\n<p>A deputada Andrea Murad esteve nesta quarta-feira (21) na escola administrada pelo estado, Unidade Integrada Sous\u00e2ndrade, localizada no bairro Lira, em S\u00e3o Lu\u00eds. A parlamentar constatou uma s\u00e9rie de problemas na estrutura da escola composta de mais de 20 salas de aula e um andar inteiro interditado por causa das p\u00e9ssimas condi\u00e7\u00f5es.<\/p>\n<p>\u201cPiso sem lajotas, paredes com ferros expostos, fia\u00e7\u00e3o pelo teto, infiltra\u00e7\u00f5es, portas quebradas, carteiras amontoadas, ou seja, um local imposs\u00edvel de se frequentar. Por todo o corredor \u00e9 o reboco das paredes caindo. Aqui quando chove desce \u00e1gua por tudo quanto \u00e9 lado no teto, por isso interditaram o \u00faltimo andar todo. A quadra \u00e9 uma vergonha, tudo quebrado. N\u00e3o sei como se aprende aqui nesse lugar. Um desest\u00edmulo tanto para os professores e, principalmente, para os alunos. Uma escola dessa, com d\u00e9cadas de hist\u00f3ria para a comunidade do Lira, gera\u00e7\u00f5es e gera\u00e7\u00f5es sendo formadas aqui e o que vemos \u00e9 o completo abandono de um Centro de Ensino que deveria ser orgulho para a comunidade\u201d, relatou a deputada com indigna\u00e7\u00e3o.<\/p>\n<figure id=\"attachment_49639\" aria-describedby=\"caption-attachment-49639\" style=\"width: 640px\" class=\"wp-caption aligncenter\"><img decoding=\"async\" class=\"size-full wp-image-49639\" src=\"https:\/\/www.blogsoestado.com\/danielmatos\/files\/2018\/03\/andrea-vistoria2.jpg\" alt=\"\" width=\"640\" height=\"428\" \/><figcaption id=\"caption-attachment-49639\" class=\"wp-caption-text\">Andr\u00e9a Murad observa parede da quadra esportiva da escola, que j\u00e1 perdeu parte do revestimento<\/figcaption><\/figure>\n<p>Moradores reclamam que a escola funcionava plenamente, do infantil ao ensino m\u00e9dio, oferecendo aulas nos tr\u00eas turnos. Nos \u00faltimos anos apenas do 8\u00ba fundamental at\u00e9 o 3\u00ba ano do ensino m\u00e9dio est\u00e3o sendo oferecidos no turno da manh\u00e3, mas em condi\u00e7\u00f5es prec\u00e1rias. O mais grave \u00e9 que a parlamentar identificou nos relat\u00f3rios encaminhados pela SEDUC uma suposta reforma datada de 2015, previsto no programa Escola Digna, do governador Fl\u00e1vio Dino.<\/p>\n<p><strong>Provid\u00eancias<\/strong><\/p>\n<figure id=\"attachment_49640\" aria-describedby=\"caption-attachment-49640\" style=\"width: 299px\" class=\"wp-caption aligncenter\"><img decoding=\"async\" class=\"size-full wp-image-49640\" src=\"https:\/\/www.blogsoestado.com\/danielmatos\/files\/2018\/03\/andrea-vistoria3.jpg\" alt=\"\" width=\"299\" height=\"448\" \/><figcaption id=\"caption-attachment-49640\" class=\"wp-caption-text\">Deputada alerta para deteriora\u00e7\u00e3o da pintura do teto, que est\u00e1 coberta por lodo<\/figcaption><\/figure>\n<p>\u201cAcionarei a SEDUC, acionarei o governador Fl\u00e1vio Dino, o Minist\u00e9rio P\u00fablico, porque quero saber onde est\u00e1 a reforma que disseram no relat\u00f3rio. E quero cobrar provid\u00eancias imediatas. O programa Escola Digna nunca passou perto daqui. O que eu vejo \u00e9 uma escola cada vez mais depredada. E n\u00e3o \u00e9 a primeira vez que os alunos reclamam, ano passado vimos protesto dos estudantes aqui pela falta de condi\u00e7\u00f5es. Este ano tamb\u00e9m fui procurada. E uma escola com toda essa estrutura era para estar oferecendo n\u00e3o apenas aulas regulares, mas projetos sociais, esporte, abrir para a comunidade realizar suas atividades como teatro, dan\u00e7a, tornar o espa\u00e7o \u00fatil e n\u00e3o fechar as portas deixando nossas crian\u00e7as e jovens sem ocupa\u00e7\u00e3o e serem aliciadas para as drogas ou para o tr\u00e1fico, como vemos acontecer\u201d, disse Andrea.<\/p>\n<p><strong>Assista ao v\u00eddeo:<\/strong><\/p>\n<div class=\"ast-oembed-container \" style=\"height: 100%;\"><iframe title=\"Andr\u00e9a Murad desmonta farsa sobre obra em escola\" width=\"500\" height=\"281\" src=\"https:\/\/www.youtube.com\/embed\/lIuPTPtanQk?feature=oembed\" frameborder=\"0\" allow=\"accelerometer; autoplay; clipboard-write; encrypted-media; gyroscope; picture-in-picture; web-share\" referrerpolicy=\"strict-origin-when-cross-origin\" allowfullscreen><\/iframe><\/div>\n","protected":false},"excerpt":{"rendered":"<p>A deputada Andrea Murad esteve nesta quarta-feira (21) na escola administrada pelo estado, Unidade Integrada Sous\u00e2ndrade, localizada no bairro Lira, [&hellip;]<\/p>\n","protected":false},"author":0,"featured_media":0,"comment_status":"open","ping_status":"open","sticky":false,"template":"","format":"standard","meta":{"site-sidebar-layout":"default","site-content-layout":"","ast-site-content-layout":"default","site-content-style":"default","site-sidebar-style":"default","ast-global-header-display":"","ast-banner-title-visibility":"","ast-main-header-display":"","ast-hfb-above-header-display":"","ast-hfb-below-header-display":"","ast-hfb-mobile-header-display":"","site-post-title":"","ast-breadcrumbs-content":"","ast-featured-img":"","footer-sml-layout":"","ast-disable-related-posts":"","theme-transparent-header-meta":"","adv-header-id-meta":"","stick-header-meta":"","header-above-stick-meta":"","header-main-stick-meta":"","header-below-stick-meta":"","astra-migrate-meta-layouts":"default","ast-page-background-enabled":"default","ast-page-background-meta":{"desktop":{"background-color":"var(--ast-global-color-5)","background-image":"","background-repeat":"repeat","background-position":"center center","background-size":"auto","background-attachment":"scroll","background-type":"","background-media":"","overlay-type":"","overlay-color":"","overlay-opacity":"","overlay-gradient":""},"tablet":{"background-color":"","background-image":"","background-repeat":"repeat","background-position":"center center","background-size":"auto","background-attachment":"scroll","background-type":"","background-media":"","overlay-type":"","overlay-color":"","overlay-opacity":"","overlay-gradient":""},"mobile":{"background-color":"","background-image":"","background-repeat":"repeat","background-position":"center center","background-size":"auto","background-attachment":"scroll","background-type":"","background-media":"","overlay-type":"","overlay-color":"","overlay-opacity":"","overlay-gradient":""}},"ast-content-background-meta":{"desktop":{"background-color":"var(--ast-global-color-4)","background-image":"","background-repeat":"repeat","background-position":"center center","background-size":"auto","background-attachment":"scroll","background-type":"","background-media":"","overlay-type":"","overlay-color":"","overlay-opacity":"","overlay-gradient":""},"tablet":{"background-color":"var(--ast-global-color-4)","background-image":"","background-repeat":"repeat","background-position":"center center","background-size":"auto","background-attachment":"scroll","background-type":"","background-media":"","overlay-type":"","overlay-color":"","overlay-opacity":"","overlay-gradient":""},"mobile":{"background-color":"var(--ast-global-color-4)","background-image":"","background-repeat":"repeat","background-position":"center center","background-size":"auto","background-attachment":"scroll","background-type":"","background-media":"","overlay-type":"","overlay-color":"","overlay-opacity":"","overlay-gradient":""}},"footnotes":""},"categories":[1],"tags":[],"class_list":["post-49637","post","type-post","status-publish","format-standard","hentry","category-sem-categoria"],"yoast_head":"<!-- This site is optimized with the Yoast SEO plugin v26.6 - https:\/\/yoast.com\/wordpress\/plugins\/seo\/ -->\n<title>Andrea Murad desmonta farsa do governo sobre reforma de escola e manda Fl\u00e1vio Dino criar vergonha - Daniel Matos<\/title>\n<meta name=\"robots\" content=\"index, follow, max-snippet:-1, max-image-preview:large, max-video-preview:-1\" \/>\n<link rel=\"canonical\" href=\"https:\/\/www.blogsoestado.com\/danielmatos\/andrea-murad-desmonta-farsa-do-governo-sobre-reforma-de-escola-e-manda-flavio-dino-criar-vergonha\/\" \/>\n<meta property=\"og:locale\" content=\"pt_BR\" \/>\n<meta property=\"og:type\" content=\"article\" \/>\n<meta property=\"og:title\" content=\"Andrea Murad desmonta farsa do governo sobre reforma de escola e manda Fl\u00e1vio Dino criar vergonha - Daniel Matos\" \/>\n<meta property=\"og:description\" content=\"A deputada Andrea Murad esteve nesta quarta-feira (21) na escola administrada pelo estado, Unidade Integrada Sous\u00e2ndrade, localizada no bairro Lira, [&hellip;]\" \/>\n<meta property=\"og:url\" content=\"https:\/\/www.blogsoestado.com\/danielmatos\/andrea-murad-desmonta-farsa-do-governo-sobre-reforma-de-escola-e-manda-flavio-dino-criar-vergonha\/\" \/>\n<meta property=\"og:site_name\" content=\"Daniel Matos\" \/>\n<meta property=\"article:published_time\" content=\"2018-03-22T12:29:16+00:00\" \/>\n<meta property=\"og:image\" content=\"https:\/\/www.blogsoestado.com\/danielmatos\/files\/2018\/03\/andrea-vistoria.jpg\" \/>\n<meta name=\"twitter:card\" content=\"summary_large_image\" \/>\n<meta name=\"twitter:label1\" content=\"Est. tempo de leitura\" \/>\n\t<meta name=\"twitter:data1\" content=\"2 minutos\" \/>\n<script type=\"application\/ld+json\" class=\"yoast-schema-graph\">{\"@context\":\"https:\/\/schema.org\",\"@graph\":[{\"@type\":\"WebPage\",\"@id\":\"https:\/\/www.blogsoestado.com\/danielmatos\/andrea-murad-desmonta-farsa-do-governo-sobre-reforma-de-escola-e-manda-flavio-dino-criar-vergonha\/\",\"url\":\"https:\/\/www.blogsoestado.com\/danielmatos\/andrea-murad-desmonta-farsa-do-governo-sobre-reforma-de-escola-e-manda-flavio-dino-criar-vergonha\/\",\"name\":\"Andrea Murad desmonta farsa do governo sobre reforma de escola e manda Fl\u00e1vio Dino criar vergonha - Daniel Matos\",\"isPartOf\":{\"@id\":\"https:\/\/www.blogsoestado.com\/danielmatos\/#website\"},\"primaryImageOfPage\":{\"@id\":\"https:\/\/www.blogsoestado.com\/danielmatos\/andrea-murad-desmonta-farsa-do-governo-sobre-reforma-de-escola-e-manda-flavio-dino-criar-vergonha\/#primaryimage\"},\"image\":{\"@id\":\"https:\/\/www.blogsoestado.com\/danielmatos\/andrea-murad-desmonta-farsa-do-governo-sobre-reforma-de-escola-e-manda-flavio-dino-criar-vergonha\/#primaryimage\"},\"thumbnailUrl\":\"https:\/\/www.blogsoestado.com\/danielmatos\/files\/2018\/03\/andrea-vistoria.jpg\",\"datePublished\":\"2018-03-22T12:29:16+00:00\",\"author\":{\"@id\":\"\"},\"breadcrumb\":{\"@id\":\"https:\/\/www.blogsoestado.com\/danielmatos\/andrea-murad-desmonta-farsa-do-governo-sobre-reforma-de-escola-e-manda-flavio-dino-criar-vergonha\/#breadcrumb\"},\"inLanguage\":\"pt-BR\",\"potentialAction\":[{\"@type\":\"ReadAction\",\"target\":[\"https:\/\/www.blogsoestado.com\/danielmatos\/andrea-murad-desmonta-farsa-do-governo-sobre-reforma-de-escola-e-manda-flavio-dino-criar-vergonha\/\"]}]},{\"@type\":\"ImageObject\",\"inLanguage\":\"pt-BR\",\"@id\":\"https:\/\/www.blogsoestado.com\/danielmatos\/andrea-murad-desmonta-farsa-do-governo-sobre-reforma-de-escola-e-manda-flavio-dino-criar-vergonha\/#primaryimage\",\"url\":\"https:\/\/www.blogsoestado.com\/danielmatos\/files\/2018\/03\/andrea-vistoria.jpg\",\"contentUrl\":\"https:\/\/www.blogsoestado.com\/danielmatos\/files\/2018\/03\/andrea-vistoria.jpg\"},{\"@type\":\"BreadcrumbList\",\"@id\":\"https:\/\/www.blogsoestado.com\/danielmatos\/andrea-murad-desmonta-farsa-do-governo-sobre-reforma-de-escola-e-manda-flavio-dino-criar-vergonha\/#breadcrumb\",\"itemListElement\":[{\"@type\":\"ListItem\",\"position\":1,\"name\":\"In\u00edcio\",\"item\":\"https:\/\/www.blogsoestado.com\/danielmatos\/\"},{\"@type\":\"ListItem\",\"position\":2,\"name\":\"Andrea Murad desmonta farsa do governo sobre reforma de escola e manda Fl\u00e1vio Dino criar vergonha\"}]},{\"@type\":\"WebSite\",\"@id\":\"https:\/\/www.blogsoestado.com\/danielmatos\/#website\",\"url\":\"https:\/\/www.blogsoestado.com\/danielmatos\/\",\"name\":\"Daniel Matos\",\"description\":\"\",\"potentialAction\":[{\"@type\":\"SearchAction\",\"target\":{\"@type\":\"EntryPoint\",\"urlTemplate\":\"https:\/\/www.blogsoestado.com\/danielmatos\/?s={search_term_string}\"},\"query-input\":{\"@type\":\"PropertyValueSpecification\",\"valueRequired\":true,\"valueName\":\"search_term_string\"}}],\"inLanguage\":\"pt-BR\"}]}<\/script>\n<!-- \/ Yoast SEO plugin. -->","yoast_head_json":{"title":"Andrea Murad desmonta farsa do governo sobre reforma de escola e manda Fl\u00e1vio Dino criar vergonha - Daniel Matos","robots":{"index":"index","follow":"follow","max-snippet":"max-snippet:-1","max-image-preview":"max-image-preview:large","max-video-preview":"max-video-preview:-1"},"canonical":"https:\/\/www.blogsoestado.com\/danielmatos\/andrea-murad-desmonta-farsa-do-governo-sobre-reforma-de-escola-e-manda-flavio-dino-criar-vergonha\/","og_locale":"pt_BR","og_type":"article","og_title":"Andrea Murad desmonta farsa do governo sobre reforma de escola e manda Fl\u00e1vio Dino criar vergonha - Daniel Matos","og_description":"A deputada Andrea Murad esteve nesta quarta-feira (21) na escola administrada pelo estado, Unidade Integrada Sous\u00e2ndrade, localizada no bairro Lira, [&hellip;]","og_url":"https:\/\/www.blogsoestado.com\/danielmatos\/andrea-murad-desmonta-farsa-do-governo-sobre-reforma-de-escola-e-manda-flavio-dino-criar-vergonha\/","og_site_name":"Daniel Matos","article_published_time":"2018-03-22T12:29:16+00:00","og_image":[{"url":"https:\/\/www.blogsoestado.com\/danielmatos\/files\/2018\/03\/andrea-vistoria.jpg","type":"","width":"","height":""}],"twitter_card":"summary_large_image","twitter_misc":{"Est. tempo de leitura":"2 minutos"},"schema":{"@context":"https:\/\/schema.org","@graph":[{"@type":"WebPage","@id":"https:\/\/www.blogsoestado.com\/danielmatos\/andrea-murad-desmonta-farsa-do-governo-sobre-reforma-de-escola-e-manda-flavio-dino-criar-vergonha\/","url":"https:\/\/www.blogsoestado.com\/danielmatos\/andrea-murad-desmonta-farsa-do-governo-sobre-reforma-de-escola-e-manda-flavio-dino-criar-vergonha\/","name":"Andrea Murad desmonta farsa do governo sobre reforma de escola e manda Fl\u00e1vio Dino criar vergonha - Daniel Matos","isPartOf":{"@id":"https:\/\/www.blogsoestado.com\/danielmatos\/#website"},"primaryImageOfPage":{"@id":"https:\/\/www.blogsoestado.com\/danielmatos\/andrea-murad-desmonta-farsa-do-governo-sobre-reforma-de-escola-e-manda-flavio-dino-criar-vergonha\/#primaryimage"},"image":{"@id":"https:\/\/www.blogsoestado.com\/danielmatos\/andrea-murad-desmonta-farsa-do-governo-sobre-reforma-de-escola-e-manda-flavio-dino-criar-vergonha\/#primaryimage"},"thumbnailUrl":"https:\/\/www.blogsoestado.com\/danielmatos\/files\/2018\/03\/andrea-vistoria.jpg","datePublished":"2018-03-22T12:29:16+00:00","author":{"@id":""},"breadcrumb":{"@id":"https:\/\/www.blogsoestado.com\/danielmatos\/andrea-murad-desmonta-farsa-do-governo-sobre-reforma-de-escola-e-manda-flavio-dino-criar-vergonha\/#breadcrumb"},"inLanguage":"pt-BR","potentialAction":[{"@type":"ReadAction","target":["https:\/\/www.blogsoestado.com\/danielmatos\/andrea-murad-desmonta-farsa-do-governo-sobre-reforma-de-escola-e-manda-flavio-dino-criar-vergonha\/"]}]},{"@type":"ImageObject","inLanguage":"pt-BR","@id":"https:\/\/www.blogsoestado.com\/danielmatos\/andrea-murad-desmonta-farsa-do-governo-sobre-reforma-de-escola-e-manda-flavio-dino-criar-vergonha\/#primaryimage","url":"https:\/\/www.blogsoestado.com\/danielmatos\/files\/2018\/03\/andrea-vistoria.jpg","contentUrl":"https:\/\/www.blogsoestado.com\/danielmatos\/files\/2018\/03\/andrea-vistoria.jpg"},{"@type":"BreadcrumbList","@id":"https:\/\/www.blogsoestado.com\/danielmatos\/andrea-murad-desmonta-farsa-do-governo-sobre-reforma-de-escola-e-manda-flavio-dino-criar-vergonha\/#breadcrumb","itemListElement":[{"@type":"ListItem","position":1,"name":"In\u00edcio","item":"https:\/\/www.blogsoestado.com\/danielmatos\/"},{"@type":"ListItem","position":2,"name":"Andrea Murad desmonta farsa do governo sobre reforma de escola e manda Fl\u00e1vio Dino criar vergonha"}]},{"@type":"WebSite","@id":"https:\/\/www.blogsoestado.com\/danielmatos\/#website","url":"https:\/\/www.blogsoestado.com\/danielmatos\/","name":"Daniel Matos","description":"","potentialAction":[{"@type":"SearchAction","target":{"@type":"EntryPoint","urlTemplate":"https:\/\/www.blogsoestado.com\/danielmatos\/?s={search_term_string}"},"query-input":{"@type":"PropertyValueSpecification","valueRequired":true,"valueName":"search_term_string"}}],"inLanguage":"pt-BR"}]}},"jetpack_featured_media_url":"","_links":{"self":[{"href":"https:\/\/www.blogsoestado.com\/danielmatos\/wp-json\/wp\/v2\/posts\/49637","targetHints":{"allow":["GET"]}}],"collection":[{"href":"https:\/\/www.blogsoestado.com\/danielmatos\/wp-json\/wp\/v2\/posts"}],"about":[{"href":"https:\/\/www.blogsoestado.com\/danielmatos\/wp-json\/wp\/v2\/types\/post"}],"replies":[{"embeddable":true,"href":"https:\/\/www.blogsoestado.com\/danielmatos\/wp-json\/wp\/v2\/comments?post=49637"}],"version-history":[{"count":0,"href":"https:\/\/www.blogsoestado.com\/danielmatos\/wp-json\/wp\/v2\/posts\/49637\/revisions"}],"wp:attachment":[{"href":"https:\/\/www.blogsoestado.com\/danielmatos\/wp-json\/wp\/v2\/media?parent=49637"}],"wp:term":[{"taxonomy":"category","embeddable":true,"href":"https:\/\/www.blogsoestado.com\/danielmatos\/wp-json\/wp\/v2\/categories?post=49637"},{"taxonomy":"post_tag","embeddable":true,"href":"https:\/\/www.blogsoestado.com\/danielmatos\/wp-json\/wp\/v2\/tags?post=49637"}],"curies":[{"name":"wp","href":"https:\/\/api.w.org\/{rel}","templated":true}]}}