{"id":49649,"date":"2018-03-22T13:00:32","date_gmt":"2018-03-22T16:00:32","guid":{"rendered":"https:\/\/www.blogsoestado.com\/danielmatos\/?p=49649"},"modified":"2018-03-22T13:00:32","modified_gmt":"2018-03-22T16:00:32","slug":"festival-do-amanhecer-promete-agitar-barreirinhas-no-feriadao-da-semana-santa","status":"publish","type":"post","link":"https:\/\/www.blogsoestado.com\/danielmatos\/festival-do-amanhecer-promete-agitar-barreirinhas-no-feriadao-da-semana-santa\/","title":{"rendered":"Festival do Amanhecer promete agitar Barreirinhas no feriad\u00e3o da Semana Santa"},"content":{"rendered":"<p><img fetchpriority=\"high\" decoding=\"async\" class=\"aligncenter size-full wp-image-49650\" src=\"https:\/\/www.blogsoestado.com\/danielmatos\/files\/2018\/03\/amanhecer-maud.jpg\" alt=\"\" width=\"480\" height=\"602\" \/><\/p>\n<p>Prepare os \u00f3culos e venha amanhecer nos Len\u00e7\u00f3is Maranhenses, no feriado da Semana Santa. A Alegria Produ\u00e7\u00f5es vai levar para Barreirinhas, a primeira edi\u00e7\u00e3o do Festival do Amanhecer, em dois dias de muita curti\u00e7\u00e3o, boa m\u00fasica, gente bonita e uma vibe incr\u00edvel.<\/p>\n<p><img decoding=\"async\" class=\"size-medium wp-image-49651\" src=\"https:\/\/www.blogsoestado.com\/danielmatos\/files\/2018\/03\/sacode-barreirinhas-300x271.jpg\" alt=\"\" width=\"300\" height=\"271\" \/><\/p>\n<p>A festa tem\u00e1tica acontece em um cen\u00e1rio paradis\u00edaco e encantador, nos dias 30 e 31 de mar\u00e7o (sexta e s\u00e1bado), com as atra\u00e7\u00f5es M\u00e1rcia Fellipe, Forr\u00f3 Sacode, Lim\u00e3o com Mel, Bruno Shinoda e o DJ Fl\u00e1vio Durans.<\/p>\n<p>Os ingressos est\u00e3o \u00e0 venda, em S\u00e3o Lu\u00eds (\u00d3ticas Diniz), e em Barreirinhas (na Farbras e no Rei das Bebidas). A Arena Vip custa R$ 40,00 (cada dia) e o Camarote Front Stage pode ser adquirido no valor de R$ 60,00 (sexta) e R$ 70,00 (s\u00e1bado), somente at\u00e9 esta segunda-feira (19). A partir de ter\u00e7a come\u00e7a a venda do segundo lote.<\/p>\n<p><strong>Atra\u00e7\u00f5es<\/strong><\/p>\n<figure id=\"attachment_49652\" aria-describedby=\"caption-attachment-49652\" style=\"width: 157px\" class=\"wp-caption alignleft\"><img decoding=\"async\" class=\"size-medium wp-image-49652\" src=\"https:\/\/www.blogsoestado.com\/danielmatos\/files\/2018\/03\/marcia-felipe-barreirinhas-157x300.png\" alt=\"\" width=\"157\" height=\"300\" \/><figcaption id=\"caption-attachment-49652\" class=\"wp-caption-text\">M\u00e1rcia Felipe volta aos Len\u00e7\u00f3is<\/figcaption><\/figure>\n<p>O Festival do Amanhecer \u00e9 um evento que veio para entrar de vez no cen\u00e1rio dos grandes acontecimentos de Barreirinhas. No primeiro dia (30 de mar\u00e7o), quem sobe ao palco do Festival do Amanhecer \u00e9 o Forr\u00f3 Sacode, um dos grupos mais consagrados no Norte e Nordeste do pa\u00eds, liderado por Tony Guerra. Entre os hits da banda, os f\u00e3s podem esperar &#8220;A Nossa Hist\u00f3ria&#8221;, &#8220;Stop,&#8221; N\u00e3o desligue o Telefone&#8221;, &#8220;Por Amor&#8221;.<\/p>\n<p>Al\u00e9m deles, o p\u00fablico vai curtir umas das mais consagradas bandas de forr\u00f3, o Lim\u00e3o com Mel, que em 25 anos de estrada, promete fazer um revival, em uma noite cheia de sucessos.<\/p>\n<p>J\u00e1 no s\u00e1bado (31), ser\u00e1 a vez de M\u00e1rcia Fellipe comandar \u00e0 noite, que ter\u00e1, tamb\u00e9m, o show do &#8216;imperador&#8217; Bruno Shinoda. A cantora conhecida &#8216;fenomenal&#8217; por onde passa, est\u00e1 completando 10 anos de carreira, j\u00e1 passou pelas maiores bandas de forr\u00f3, como Avi\u00f5es, Furac\u00e3o, Garota Safada, e hoje, segue em carreira solo, com uma agenda lotada de shows.<\/p>\n<p><strong>SERVI\u00c7O<\/strong><\/p>\n<p><strong>O QU\u00ca:<\/strong> Festival do Amanhecer, em Barreirinhas (MA)<\/p>\n<p><strong>ONDE:<\/strong> Parque de Vaquejada<\/p>\n<p><strong>QUANDO:<\/strong> Sexta (30) e S\u00e1bado de Aleluia (31), a partir das 22h<\/p>\n<p><strong>INGRESSOS:<\/strong><\/p>\n<p><strong>SEXTA &#8211;<\/strong> 1\u00ba lote<\/p>\n<p>\u00c1rea Vip &#8211; R$ 40<\/p>\n<p>Camarote Front Stage &#8211; R$ 60<\/p>\n<p><strong>S\u00c1BADO &#8211;<\/strong> 1\u00ba lote<\/p>\n<p>\u00c1rea Vip &#8211; R$ 40<\/p>\n<p>Camarote Front Stage &#8211; R$ 70<\/p>\n<p><strong>INFORMA\u00c7\u00d5ES:<\/strong> (98) 99105 2004<\/p>\n","protected":false},"excerpt":{"rendered":"<p>Prepare os \u00f3culos e venha amanhecer nos Len\u00e7\u00f3is Maranhenses, no feriado da Semana Santa. A Alegria Produ\u00e7\u00f5es vai levar para [&hellip;]<\/p>\n","protected":false},"author":0,"featured_media":0,"comment_status":"open","ping_status":"open","sticky":false,"template":"","format":"standard","meta":{"site-sidebar-layout":"default","site-content-layout":"","ast-site-content-layout":"default","site-content-style":"default","site-sidebar-style":"default","ast-global-header-display":"","ast-banner-title-visibility":"","ast-main-header-display":"","ast-hfb-above-header-display":"","ast-hfb-below-header-display":"","ast-hfb-mobile-header-display":"","site-post-title":"","ast-breadcrumbs-content":"","ast-featured-img":"","footer-sml-layout":"","ast-disable-related-posts":"","theme-transparent-header-meta":"","adv-header-id-meta":"","stick-header-meta":"","header-above-stick-meta":"","header-main-stick-meta":"","header-below-stick-meta":"","astra-migrate-meta-layouts":"default","ast-page-background-enabled":"default","ast-page-background-meta":{"desktop":{"background-color":"var(--ast-global-color-5)","background-image":"","background-repeat":"repeat","background-position":"center center","background-size":"auto","background-attachment":"scroll","background-type":"","background-media":"","overlay-type":"","overlay-color":"","overlay-opacity":"","overlay-gradient":""},"tablet":{"background-color":"","background-image":"","background-repeat":"repeat","background-position":"center center","background-size":"auto","background-attachment":"scroll","background-type":"","background-media":"","overlay-type":"","overlay-color":"","overlay-opacity":"","overlay-gradient":""},"mobile":{"background-color":"","background-image":"","background-repeat":"repeat","background-position":"center center","background-size":"auto","background-attachment":"scroll","background-type":"","background-media":"","overlay-type":"","overlay-color":"","overlay-opacity":"","overlay-gradient":""}},"ast-content-background-meta":{"desktop":{"background-color":"var(--ast-global-color-4)","background-image":"","background-repeat":"repeat","background-position":"center center","background-size":"auto","background-attachment":"scroll","background-type":"","background-media":"","overlay-type":"","overlay-color":"","overlay-opacity":"","overlay-gradient":""},"tablet":{"background-color":"var(--ast-global-color-4)","background-image":"","background-repeat":"repeat","background-position":"center center","background-size":"auto","background-attachment":"scroll","background-type":"","background-media":"","overlay-type":"","overlay-color":"","overlay-opacity":"","overlay-gradient":""},"mobile":{"background-color":"var(--ast-global-color-4)","background-image":"","background-repeat":"repeat","background-position":"center center","background-size":"auto","background-attachment":"scroll","background-type":"","background-media":"","overlay-type":"","overlay-color":"","overlay-opacity":"","overlay-gradient":""}},"footnotes":""},"categories":[1],"tags":[],"class_list":["post-49649","post","type-post","status-publish","format-standard","hentry","category-sem-categoria"],"yoast_head":"<!-- This site is optimized with the Yoast SEO plugin v26.6 - https:\/\/yoast.com\/wordpress\/plugins\/seo\/ -->\n<title>Festival do Amanhecer promete agitar Barreirinhas no feriad\u00e3o da Semana Santa - Daniel Matos<\/title>\n<meta name=\"robots\" content=\"index, follow, max-snippet:-1, max-image-preview:large, max-video-preview:-1\" \/>\n<link rel=\"canonical\" href=\"https:\/\/www.blogsoestado.com\/danielmatos\/festival-do-amanhecer-promete-agitar-barreirinhas-no-feriadao-da-semana-santa\/\" \/>\n<meta property=\"og:locale\" content=\"pt_BR\" \/>\n<meta property=\"og:type\" content=\"article\" \/>\n<meta property=\"og:title\" content=\"Festival do Amanhecer promete agitar Barreirinhas no feriad\u00e3o da Semana Santa - Daniel Matos\" \/>\n<meta property=\"og:description\" content=\"Prepare os \u00f3culos e venha amanhecer nos Len\u00e7\u00f3is Maranhenses, no feriado da Semana Santa. A Alegria Produ\u00e7\u00f5es vai levar para [&hellip;]\" \/>\n<meta property=\"og:url\" content=\"https:\/\/www.blogsoestado.com\/danielmatos\/festival-do-amanhecer-promete-agitar-barreirinhas-no-feriadao-da-semana-santa\/\" \/>\n<meta property=\"og:site_name\" content=\"Daniel Matos\" \/>\n<meta property=\"article:published_time\" content=\"2018-03-22T16:00:32+00:00\" \/>\n<meta property=\"og:image\" content=\"https:\/\/www.blogsoestado.com\/danielmatos\/files\/2018\/03\/amanhecer-maud.jpg\" \/>\n<meta name=\"twitter:card\" content=\"summary_large_image\" \/>\n<meta name=\"twitter:label1\" content=\"Est. tempo de leitura\" \/>\n\t<meta name=\"twitter:data1\" content=\"2 minutos\" \/>\n<script type=\"application\/ld+json\" class=\"yoast-schema-graph\">{\"@context\":\"https:\/\/schema.org\",\"@graph\":[{\"@type\":\"WebPage\",\"@id\":\"https:\/\/www.blogsoestado.com\/danielmatos\/festival-do-amanhecer-promete-agitar-barreirinhas-no-feriadao-da-semana-santa\/\",\"url\":\"https:\/\/www.blogsoestado.com\/danielmatos\/festival-do-amanhecer-promete-agitar-barreirinhas-no-feriadao-da-semana-santa\/\",\"name\":\"Festival do Amanhecer promete agitar Barreirinhas no feriad\u00e3o da Semana Santa - Daniel Matos\",\"isPartOf\":{\"@id\":\"https:\/\/www.blogsoestado.com\/danielmatos\/#website\"},\"primaryImageOfPage\":{\"@id\":\"https:\/\/www.blogsoestado.com\/danielmatos\/festival-do-amanhecer-promete-agitar-barreirinhas-no-feriadao-da-semana-santa\/#primaryimage\"},\"image\":{\"@id\":\"https:\/\/www.blogsoestado.com\/danielmatos\/festival-do-amanhecer-promete-agitar-barreirinhas-no-feriadao-da-semana-santa\/#primaryimage\"},\"thumbnailUrl\":\"https:\/\/www.blogsoestado.com\/danielmatos\/files\/2018\/03\/amanhecer-maud.jpg\",\"datePublished\":\"2018-03-22T16:00:32+00:00\",\"author\":{\"@id\":\"\"},\"breadcrumb\":{\"@id\":\"https:\/\/www.blogsoestado.com\/danielmatos\/festival-do-amanhecer-promete-agitar-barreirinhas-no-feriadao-da-semana-santa\/#breadcrumb\"},\"inLanguage\":\"pt-BR\",\"potentialAction\":[{\"@type\":\"ReadAction\",\"target\":[\"https:\/\/www.blogsoestado.com\/danielmatos\/festival-do-amanhecer-promete-agitar-barreirinhas-no-feriadao-da-semana-santa\/\"]}]},{\"@type\":\"ImageObject\",\"inLanguage\":\"pt-BR\",\"@id\":\"https:\/\/www.blogsoestado.com\/danielmatos\/festival-do-amanhecer-promete-agitar-barreirinhas-no-feriadao-da-semana-santa\/#primaryimage\",\"url\":\"https:\/\/www.blogsoestado.com\/danielmatos\/files\/2018\/03\/amanhecer-maud.jpg\",\"contentUrl\":\"https:\/\/www.blogsoestado.com\/danielmatos\/files\/2018\/03\/amanhecer-maud.jpg\"},{\"@type\":\"BreadcrumbList\",\"@id\":\"https:\/\/www.blogsoestado.com\/danielmatos\/festival-do-amanhecer-promete-agitar-barreirinhas-no-feriadao-da-semana-santa\/#breadcrumb\",\"itemListElement\":[{\"@type\":\"ListItem\",\"position\":1,\"name\":\"In\u00edcio\",\"item\":\"https:\/\/www.blogsoestado.com\/danielmatos\/\"},{\"@type\":\"ListItem\",\"position\":2,\"name\":\"Festival do Amanhecer promete agitar Barreirinhas no feriad\u00e3o da Semana Santa\"}]},{\"@type\":\"WebSite\",\"@id\":\"https:\/\/www.blogsoestado.com\/danielmatos\/#website\",\"url\":\"https:\/\/www.blogsoestado.com\/danielmatos\/\",\"name\":\"Daniel Matos\",\"description\":\"\",\"potentialAction\":[{\"@type\":\"SearchAction\",\"target\":{\"@type\":\"EntryPoint\",\"urlTemplate\":\"https:\/\/www.blogsoestado.com\/danielmatos\/?s={search_term_string}\"},\"query-input\":{\"@type\":\"PropertyValueSpecification\",\"valueRequired\":true,\"valueName\":\"search_term_string\"}}],\"inLanguage\":\"pt-BR\"}]}<\/script>\n<!-- \/ Yoast SEO plugin. -->","yoast_head_json":{"title":"Festival do Amanhecer promete agitar Barreirinhas no feriad\u00e3o da Semana Santa - Daniel Matos","robots":{"index":"index","follow":"follow","max-snippet":"max-snippet:-1","max-image-preview":"max-image-preview:large","max-video-preview":"max-video-preview:-1"},"canonical":"https:\/\/www.blogsoestado.com\/danielmatos\/festival-do-amanhecer-promete-agitar-barreirinhas-no-feriadao-da-semana-santa\/","og_locale":"pt_BR","og_type":"article","og_title":"Festival do Amanhecer promete agitar Barreirinhas no feriad\u00e3o da Semana Santa - Daniel Matos","og_description":"Prepare os \u00f3culos e venha amanhecer nos Len\u00e7\u00f3is Maranhenses, no feriado da Semana Santa. A Alegria Produ\u00e7\u00f5es vai levar para [&hellip;]","og_url":"https:\/\/www.blogsoestado.com\/danielmatos\/festival-do-amanhecer-promete-agitar-barreirinhas-no-feriadao-da-semana-santa\/","og_site_name":"Daniel Matos","article_published_time":"2018-03-22T16:00:32+00:00","og_image":[{"url":"https:\/\/www.blogsoestado.com\/danielmatos\/files\/2018\/03\/amanhecer-maud.jpg","type":"","width":"","height":""}],"twitter_card":"summary_large_image","twitter_misc":{"Est. tempo de leitura":"2 minutos"},"schema":{"@context":"https:\/\/schema.org","@graph":[{"@type":"WebPage","@id":"https:\/\/www.blogsoestado.com\/danielmatos\/festival-do-amanhecer-promete-agitar-barreirinhas-no-feriadao-da-semana-santa\/","url":"https:\/\/www.blogsoestado.com\/danielmatos\/festival-do-amanhecer-promete-agitar-barreirinhas-no-feriadao-da-semana-santa\/","name":"Festival do Amanhecer promete agitar Barreirinhas no feriad\u00e3o da Semana Santa - Daniel Matos","isPartOf":{"@id":"https:\/\/www.blogsoestado.com\/danielmatos\/#website"},"primaryImageOfPage":{"@id":"https:\/\/www.blogsoestado.com\/danielmatos\/festival-do-amanhecer-promete-agitar-barreirinhas-no-feriadao-da-semana-santa\/#primaryimage"},"image":{"@id":"https:\/\/www.blogsoestado.com\/danielmatos\/festival-do-amanhecer-promete-agitar-barreirinhas-no-feriadao-da-semana-santa\/#primaryimage"},"thumbnailUrl":"https:\/\/www.blogsoestado.com\/danielmatos\/files\/2018\/03\/amanhecer-maud.jpg","datePublished":"2018-03-22T16:00:32+00:00","author":{"@id":""},"breadcrumb":{"@id":"https:\/\/www.blogsoestado.com\/danielmatos\/festival-do-amanhecer-promete-agitar-barreirinhas-no-feriadao-da-semana-santa\/#breadcrumb"},"inLanguage":"pt-BR","potentialAction":[{"@type":"ReadAction","target":["https:\/\/www.blogsoestado.com\/danielmatos\/festival-do-amanhecer-promete-agitar-barreirinhas-no-feriadao-da-semana-santa\/"]}]},{"@type":"ImageObject","inLanguage":"pt-BR","@id":"https:\/\/www.blogsoestado.com\/danielmatos\/festival-do-amanhecer-promete-agitar-barreirinhas-no-feriadao-da-semana-santa\/#primaryimage","url":"https:\/\/www.blogsoestado.com\/danielmatos\/files\/2018\/03\/amanhecer-maud.jpg","contentUrl":"https:\/\/www.blogsoestado.com\/danielmatos\/files\/2018\/03\/amanhecer-maud.jpg"},{"@type":"BreadcrumbList","@id":"https:\/\/www.blogsoestado.com\/danielmatos\/festival-do-amanhecer-promete-agitar-barreirinhas-no-feriadao-da-semana-santa\/#breadcrumb","itemListElement":[{"@type":"ListItem","position":1,"name":"In\u00edcio","item":"https:\/\/www.blogsoestado.com\/danielmatos\/"},{"@type":"ListItem","position":2,"name":"Festival do Amanhecer promete agitar Barreirinhas no feriad\u00e3o da Semana Santa"}]},{"@type":"WebSite","@id":"https:\/\/www.blogsoestado.com\/danielmatos\/#website","url":"https:\/\/www.blogsoestado.com\/danielmatos\/","name":"Daniel Matos","description":"","potentialAction":[{"@type":"SearchAction","target":{"@type":"EntryPoint","urlTemplate":"https:\/\/www.blogsoestado.com\/danielmatos\/?s={search_term_string}"},"query-input":{"@type":"PropertyValueSpecification","valueRequired":true,"valueName":"search_term_string"}}],"inLanguage":"pt-BR"}]}},"jetpack_featured_media_url":"","_links":{"self":[{"href":"https:\/\/www.blogsoestado.com\/danielmatos\/wp-json\/wp\/v2\/posts\/49649","targetHints":{"allow":["GET"]}}],"collection":[{"href":"https:\/\/www.blogsoestado.com\/danielmatos\/wp-json\/wp\/v2\/posts"}],"about":[{"href":"https:\/\/www.blogsoestado.com\/danielmatos\/wp-json\/wp\/v2\/types\/post"}],"replies":[{"embeddable":true,"href":"https:\/\/www.blogsoestado.com\/danielmatos\/wp-json\/wp\/v2\/comments?post=49649"}],"version-history":[{"count":0,"href":"https:\/\/www.blogsoestado.com\/danielmatos\/wp-json\/wp\/v2\/posts\/49649\/revisions"}],"wp:attachment":[{"href":"https:\/\/www.blogsoestado.com\/danielmatos\/wp-json\/wp\/v2\/media?parent=49649"}],"wp:term":[{"taxonomy":"category","embeddable":true,"href":"https:\/\/www.blogsoestado.com\/danielmatos\/wp-json\/wp\/v2\/categories?post=49649"},{"taxonomy":"post_tag","embeddable":true,"href":"https:\/\/www.blogsoestado.com\/danielmatos\/wp-json\/wp\/v2\/tags?post=49649"}],"curies":[{"name":"wp","href":"https:\/\/api.w.org\/{rel}","templated":true}]}}