{"id":49654,"date":"2018-03-22T12:00:18","date_gmt":"2018-03-22T15:00:18","guid":{"rendered":"https:\/\/www.blogsoestado.com\/danielmatos\/?p=49654"},"modified":"2018-03-22T12:00:18","modified_gmt":"2018-03-22T15:00:18","slug":"matheus-fernandes-faz-show-em-sao-luis","status":"publish","type":"post","link":"https:\/\/www.blogsoestado.com\/danielmatos\/matheus-fernandes-faz-show-em-sao-luis\/","title":{"rendered":"Matheus Fernandes faz show em S\u00e3o Lu\u00eds"},"content":{"rendered":"<p><img fetchpriority=\"high\" decoding=\"async\" class=\"aligncenter wp-image-49655 size-full\" src=\"https:\/\/www.blogsoestado.com\/danielmatos\/files\/2018\/03\/matheus-fernandes-rita.jpg\" alt=\"\" width=\"480\" height=\"480\" \/><\/p>\n<p>Se liga que est\u00e1 chegando um mega show! dia 24 de mar\u00e7o, Matheus Fernandes estar\u00e1 na Ilha do amor, a festa ser\u00e1 na mais nova casa de show de S\u00e3o Lu\u00eds, ALLURE. Localizada em um local privilegiado (Rua dos Ma\u00e7aricos, N\u00ba 215 \u2013 Lagoa da Jansen, pr\u00f3ximo antigo Salom\u00e9 Bar). O empreendimento dos s\u00f3cios J\u00fanior Sales e Leandro Costa.<\/p>\n<p>Se liga! A Allure vai receber o cantor Matheus Fernandes como atra\u00e7\u00e3o principal, al\u00e9m do Imperador Bruno Shinoda e Dj Rog\u00e9rio Mix, a festa come\u00e7a a partir das 22h.<\/p>\n<p>Allure \u00e9 uma casa de show diferenciada, com capacidade para 1.000 pessoas, toda climatizada. A casa possui sistema ac\u00fastico, excelente estrutura de palco, som, ilumina\u00e7\u00e3o, equipe treinada para melhor atender ao p\u00fablico exclusivo da Ilha, proposta de inova\u00e7\u00e3o, requinte, eleg\u00e2ncia e sofistica\u00e7\u00e3o reunidos em um s\u00f3 lugar. Allure, um novo conceito de casa de show Vip chega na Ilha do amor e voc\u00ea escolhe o melhor local onde se divertir: Pista, camarote e lounge.<\/p>\n<p><strong>Matheus Fernandes<\/strong><\/p>\n<p>Desde cedo, Matheus Fernandes come\u00e7ou a compor suas pr\u00f3prias m\u00fasicas, que se tornaram os grandes sucessos nacionalmente conhecidos: \u201cMete ficha\u201d, \u201cModo Avi\u00e3o\u201d e \u201cA Mulherada t\u00e1 na lancha\u201d.<\/p>\n<p>Hoje aos 24 anos, Matheus tem mais de 3 discos e um DVD lan\u00e7ados. Ap\u00f3s passar por algumas produtoras, ano passado fechou contrato com a TS Eventos, produtora respons\u00e1vel por sua carreira atualmente.<\/p>\n<p>Acesse nossas redes sociais e fique por dentro da programa\u00e7\u00e3o e informa\u00e7\u00f5es da \u201cALLLURE\u201d.<\/p>\n<p>Instagram: @allure_slz<\/p>\n<p>#somostodosallure<\/p>\n<p>Allure, sua nova casa de show com o luxo e o conforto que voc\u00ea merece.<\/p>\n<p>Servi\u00e7o:<\/p>\n<p>O que? Matheus Fernandes na Allure<\/p>\n<p>Quando? 24 de mar\u00e7o<\/p>\n<p>Onde? ALLURE (Lagoa da Jansen, pr\u00f3ximo antigo Salom\u00e9 Bar)<\/p>\n<p>Quanto?<\/p>\n<p>Primeiro Lote<\/p>\n<p>R$ 40,00 Pista<\/p>\n<p>R$ 60,00 Lounge<\/p>\n<p>Reservas Camarote para at\u00e9 15 pessoas, informa\u00e7\u00f5es:<\/p>\n<p>(98) 98263-49 82<\/p>\n<p>(98) 99101-73 01<\/p>\n<p>Atra\u00e7\u00f5es: Matheus Fernandes, o Imperador Bruno Shinoda E Dj Rog\u00e9rio Mix<\/p>\n<p>Hor\u00e1rio: 22h<\/p>\n<p>Pontos de venda antecipados:<\/p>\n<p>Bilheteria Digital do: Shopping da Ilha, Rio Anil Shopping e Rio Poty Hotel<\/p>\n<p>A\u00e7a\u00ed Sunset: Shopping da Ilha, Ponta D\u2019 Areia, Parque Shalon, Rio Anil Shopping e Tropical Shopping.<\/p>\n<p>Reservas e Informa\u00e7\u00f5es:<\/p>\n<p>(98) 98263-49 82<\/p>\n<p>(98) 99101-73 01<\/p>\n<p>Realiza\u00e7\u00e3o: Allure (J\u00fanior Sales e Leandro Costa) e Jr Sales Produ\u00e7\u00f5es.<\/p>\n<p>Assessoria: Rita Matos Assessoria de Imprensa e Comunica\u00e7\u00e3o.<\/p>\n","protected":false},"excerpt":{"rendered":"<p>Se liga que est\u00e1 chegando um mega show! dia 24 de mar\u00e7o, Matheus Fernandes estar\u00e1 na Ilha do amor, a [&hellip;]<\/p>\n","protected":false},"author":0,"featured_media":0,"comment_status":"open","ping_status":"open","sticky":false,"template":"","format":"standard","meta":{"site-sidebar-layout":"default","site-content-layout":"","ast-site-content-layout":"default","site-content-style":"default","site-sidebar-style":"default","ast-global-header-display":"","ast-banner-title-visibility":"","ast-main-header-display":"","ast-hfb-above-header-display":"","ast-hfb-below-header-display":"","ast-hfb-mobile-header-display":"","site-post-title":"","ast-breadcrumbs-content":"","ast-featured-img":"","footer-sml-layout":"","ast-disable-related-posts":"","theme-transparent-header-meta":"","adv-header-id-meta":"","stick-header-meta":"","header-above-stick-meta":"","header-main-stick-meta":"","header-below-stick-meta":"","astra-migrate-meta-layouts":"default","ast-page-background-enabled":"default","ast-page-background-meta":{"desktop":{"background-color":"var(--ast-global-color-5)","background-image":"","background-repeat":"repeat","background-position":"center center","background-size":"auto","background-attachment":"scroll","background-type":"","background-media":"","overlay-type":"","overlay-color":"","overlay-opacity":"","overlay-gradient":""},"tablet":{"background-color":"","background-image":"","background-repeat":"repeat","background-position":"center center","background-size":"auto","background-attachment":"scroll","background-type":"","background-media":"","overlay-type":"","overlay-color":"","overlay-opacity":"","overlay-gradient":""},"mobile":{"background-color":"","background-image":"","background-repeat":"repeat","background-position":"center center","background-size":"auto","background-attachment":"scroll","background-type":"","background-media":"","overlay-type":"","overlay-color":"","overlay-opacity":"","overlay-gradient":""}},"ast-content-background-meta":{"desktop":{"background-color":"var(--ast-global-color-4)","background-image":"","background-repeat":"repeat","background-position":"center center","background-size":"auto","background-attachment":"scroll","background-type":"","background-media":"","overlay-type":"","overlay-color":"","overlay-opacity":"","overlay-gradient":""},"tablet":{"background-color":"var(--ast-global-color-4)","background-image":"","background-repeat":"repeat","background-position":"center center","background-size":"auto","background-attachment":"scroll","background-type":"","background-media":"","overlay-type":"","overlay-color":"","overlay-opacity":"","overlay-gradient":""},"mobile":{"background-color":"var(--ast-global-color-4)","background-image":"","background-repeat":"repeat","background-position":"center center","background-size":"auto","background-attachment":"scroll","background-type":"","background-media":"","overlay-type":"","overlay-color":"","overlay-opacity":"","overlay-gradient":""}},"footnotes":""},"categories":[1],"tags":[],"class_list":["post-49654","post","type-post","status-publish","format-standard","hentry","category-sem-categoria"],"yoast_head":"<!-- This site is optimized with the Yoast SEO plugin v26.6 - https:\/\/yoast.com\/wordpress\/plugins\/seo\/ -->\n<title>Matheus Fernandes faz show em S\u00e3o Lu\u00eds - Daniel Matos<\/title>\n<meta name=\"robots\" content=\"index, follow, max-snippet:-1, max-image-preview:large, max-video-preview:-1\" \/>\n<link rel=\"canonical\" href=\"https:\/\/www.blogsoestado.com\/danielmatos\/matheus-fernandes-faz-show-em-sao-luis\/\" \/>\n<meta property=\"og:locale\" content=\"pt_BR\" \/>\n<meta property=\"og:type\" content=\"article\" \/>\n<meta property=\"og:title\" content=\"Matheus Fernandes faz show em S\u00e3o Lu\u00eds - Daniel Matos\" \/>\n<meta property=\"og:description\" content=\"Se liga que est\u00e1 chegando um mega show! dia 24 de mar\u00e7o, Matheus Fernandes estar\u00e1 na Ilha do amor, a [&hellip;]\" \/>\n<meta property=\"og:url\" content=\"https:\/\/www.blogsoestado.com\/danielmatos\/matheus-fernandes-faz-show-em-sao-luis\/\" \/>\n<meta property=\"og:site_name\" content=\"Daniel Matos\" \/>\n<meta property=\"article:published_time\" content=\"2018-03-22T15:00:18+00:00\" \/>\n<meta property=\"og:image\" content=\"https:\/\/www.blogsoestado.com\/danielmatos\/files\/2018\/03\/matheus-fernandes-rita.jpg\" \/>\n<meta name=\"twitter:card\" content=\"summary_large_image\" \/>\n<meta name=\"twitter:label1\" content=\"Est. tempo de leitura\" \/>\n\t<meta name=\"twitter:data1\" content=\"2 minutos\" \/>\n<script type=\"application\/ld+json\" class=\"yoast-schema-graph\">{\"@context\":\"https:\/\/schema.org\",\"@graph\":[{\"@type\":\"WebPage\",\"@id\":\"https:\/\/www.blogsoestado.com\/danielmatos\/matheus-fernandes-faz-show-em-sao-luis\/\",\"url\":\"https:\/\/www.blogsoestado.com\/danielmatos\/matheus-fernandes-faz-show-em-sao-luis\/\",\"name\":\"Matheus Fernandes faz show em S\u00e3o Lu\u00eds - Daniel Matos\",\"isPartOf\":{\"@id\":\"https:\/\/www.blogsoestado.com\/danielmatos\/#website\"},\"primaryImageOfPage\":{\"@id\":\"https:\/\/www.blogsoestado.com\/danielmatos\/matheus-fernandes-faz-show-em-sao-luis\/#primaryimage\"},\"image\":{\"@id\":\"https:\/\/www.blogsoestado.com\/danielmatos\/matheus-fernandes-faz-show-em-sao-luis\/#primaryimage\"},\"thumbnailUrl\":\"https:\/\/www.blogsoestado.com\/danielmatos\/files\/2018\/03\/matheus-fernandes-rita.jpg\",\"datePublished\":\"2018-03-22T15:00:18+00:00\",\"author\":{\"@id\":\"\"},\"breadcrumb\":{\"@id\":\"https:\/\/www.blogsoestado.com\/danielmatos\/matheus-fernandes-faz-show-em-sao-luis\/#breadcrumb\"},\"inLanguage\":\"pt-BR\",\"potentialAction\":[{\"@type\":\"ReadAction\",\"target\":[\"https:\/\/www.blogsoestado.com\/danielmatos\/matheus-fernandes-faz-show-em-sao-luis\/\"]}]},{\"@type\":\"ImageObject\",\"inLanguage\":\"pt-BR\",\"@id\":\"https:\/\/www.blogsoestado.com\/danielmatos\/matheus-fernandes-faz-show-em-sao-luis\/#primaryimage\",\"url\":\"https:\/\/www.blogsoestado.com\/danielmatos\/files\/2018\/03\/matheus-fernandes-rita.jpg\",\"contentUrl\":\"https:\/\/www.blogsoestado.com\/danielmatos\/files\/2018\/03\/matheus-fernandes-rita.jpg\"},{\"@type\":\"BreadcrumbList\",\"@id\":\"https:\/\/www.blogsoestado.com\/danielmatos\/matheus-fernandes-faz-show-em-sao-luis\/#breadcrumb\",\"itemListElement\":[{\"@type\":\"ListItem\",\"position\":1,\"name\":\"In\u00edcio\",\"item\":\"https:\/\/www.blogsoestado.com\/danielmatos\/\"},{\"@type\":\"ListItem\",\"position\":2,\"name\":\"Matheus Fernandes faz show em S\u00e3o Lu\u00eds\"}]},{\"@type\":\"WebSite\",\"@id\":\"https:\/\/www.blogsoestado.com\/danielmatos\/#website\",\"url\":\"https:\/\/www.blogsoestado.com\/danielmatos\/\",\"name\":\"Daniel Matos\",\"description\":\"\",\"potentialAction\":[{\"@type\":\"SearchAction\",\"target\":{\"@type\":\"EntryPoint\",\"urlTemplate\":\"https:\/\/www.blogsoestado.com\/danielmatos\/?s={search_term_string}\"},\"query-input\":{\"@type\":\"PropertyValueSpecification\",\"valueRequired\":true,\"valueName\":\"search_term_string\"}}],\"inLanguage\":\"pt-BR\"}]}<\/script>\n<!-- \/ Yoast SEO plugin. -->","yoast_head_json":{"title":"Matheus Fernandes faz show em S\u00e3o Lu\u00eds - Daniel Matos","robots":{"index":"index","follow":"follow","max-snippet":"max-snippet:-1","max-image-preview":"max-image-preview:large","max-video-preview":"max-video-preview:-1"},"canonical":"https:\/\/www.blogsoestado.com\/danielmatos\/matheus-fernandes-faz-show-em-sao-luis\/","og_locale":"pt_BR","og_type":"article","og_title":"Matheus Fernandes faz show em S\u00e3o Lu\u00eds - Daniel Matos","og_description":"Se liga que est\u00e1 chegando um mega show! dia 24 de mar\u00e7o, Matheus Fernandes estar\u00e1 na Ilha do amor, a [&hellip;]","og_url":"https:\/\/www.blogsoestado.com\/danielmatos\/matheus-fernandes-faz-show-em-sao-luis\/","og_site_name":"Daniel Matos","article_published_time":"2018-03-22T15:00:18+00:00","og_image":[{"url":"https:\/\/www.blogsoestado.com\/danielmatos\/files\/2018\/03\/matheus-fernandes-rita.jpg","type":"","width":"","height":""}],"twitter_card":"summary_large_image","twitter_misc":{"Est. tempo de leitura":"2 minutos"},"schema":{"@context":"https:\/\/schema.org","@graph":[{"@type":"WebPage","@id":"https:\/\/www.blogsoestado.com\/danielmatos\/matheus-fernandes-faz-show-em-sao-luis\/","url":"https:\/\/www.blogsoestado.com\/danielmatos\/matheus-fernandes-faz-show-em-sao-luis\/","name":"Matheus Fernandes faz show em S\u00e3o Lu\u00eds - Daniel Matos","isPartOf":{"@id":"https:\/\/www.blogsoestado.com\/danielmatos\/#website"},"primaryImageOfPage":{"@id":"https:\/\/www.blogsoestado.com\/danielmatos\/matheus-fernandes-faz-show-em-sao-luis\/#primaryimage"},"image":{"@id":"https:\/\/www.blogsoestado.com\/danielmatos\/matheus-fernandes-faz-show-em-sao-luis\/#primaryimage"},"thumbnailUrl":"https:\/\/www.blogsoestado.com\/danielmatos\/files\/2018\/03\/matheus-fernandes-rita.jpg","datePublished":"2018-03-22T15:00:18+00:00","author":{"@id":""},"breadcrumb":{"@id":"https:\/\/www.blogsoestado.com\/danielmatos\/matheus-fernandes-faz-show-em-sao-luis\/#breadcrumb"},"inLanguage":"pt-BR","potentialAction":[{"@type":"ReadAction","target":["https:\/\/www.blogsoestado.com\/danielmatos\/matheus-fernandes-faz-show-em-sao-luis\/"]}]},{"@type":"ImageObject","inLanguage":"pt-BR","@id":"https:\/\/www.blogsoestado.com\/danielmatos\/matheus-fernandes-faz-show-em-sao-luis\/#primaryimage","url":"https:\/\/www.blogsoestado.com\/danielmatos\/files\/2018\/03\/matheus-fernandes-rita.jpg","contentUrl":"https:\/\/www.blogsoestado.com\/danielmatos\/files\/2018\/03\/matheus-fernandes-rita.jpg"},{"@type":"BreadcrumbList","@id":"https:\/\/www.blogsoestado.com\/danielmatos\/matheus-fernandes-faz-show-em-sao-luis\/#breadcrumb","itemListElement":[{"@type":"ListItem","position":1,"name":"In\u00edcio","item":"https:\/\/www.blogsoestado.com\/danielmatos\/"},{"@type":"ListItem","position":2,"name":"Matheus Fernandes faz show em S\u00e3o Lu\u00eds"}]},{"@type":"WebSite","@id":"https:\/\/www.blogsoestado.com\/danielmatos\/#website","url":"https:\/\/www.blogsoestado.com\/danielmatos\/","name":"Daniel Matos","description":"","potentialAction":[{"@type":"SearchAction","target":{"@type":"EntryPoint","urlTemplate":"https:\/\/www.blogsoestado.com\/danielmatos\/?s={search_term_string}"},"query-input":{"@type":"PropertyValueSpecification","valueRequired":true,"valueName":"search_term_string"}}],"inLanguage":"pt-BR"}]}},"jetpack_featured_media_url":"","_links":{"self":[{"href":"https:\/\/www.blogsoestado.com\/danielmatos\/wp-json\/wp\/v2\/posts\/49654","targetHints":{"allow":["GET"]}}],"collection":[{"href":"https:\/\/www.blogsoestado.com\/danielmatos\/wp-json\/wp\/v2\/posts"}],"about":[{"href":"https:\/\/www.blogsoestado.com\/danielmatos\/wp-json\/wp\/v2\/types\/post"}],"replies":[{"embeddable":true,"href":"https:\/\/www.blogsoestado.com\/danielmatos\/wp-json\/wp\/v2\/comments?post=49654"}],"version-history":[{"count":0,"href":"https:\/\/www.blogsoestado.com\/danielmatos\/wp-json\/wp\/v2\/posts\/49654\/revisions"}],"wp:attachment":[{"href":"https:\/\/www.blogsoestado.com\/danielmatos\/wp-json\/wp\/v2\/media?parent=49654"}],"wp:term":[{"taxonomy":"category","embeddable":true,"href":"https:\/\/www.blogsoestado.com\/danielmatos\/wp-json\/wp\/v2\/categories?post=49654"},{"taxonomy":"post_tag","embeddable":true,"href":"https:\/\/www.blogsoestado.com\/danielmatos\/wp-json\/wp\/v2\/tags?post=49654"}],"curies":[{"name":"wp","href":"https:\/\/api.w.org\/{rel}","templated":true}]}}