{"id":49657,"date":"2018-03-22T11:13:59","date_gmt":"2018-03-22T14:13:59","guid":{"rendered":"https:\/\/www.blogsoestado.com\/danielmatos\/?p=49657"},"modified":"2018-03-22T11:13:59","modified_gmt":"2018-03-22T14:13:59","slug":"cezar-bombeiro-propoe-debate-sobre-uso-sustentavel-abastecimento-desperdicio-e-qualidade-da-agua","status":"publish","type":"post","link":"https:\/\/www.blogsoestado.com\/danielmatos\/cezar-bombeiro-propoe-debate-sobre-uso-sustentavel-abastecimento-desperdicio-e-qualidade-da-agua\/","title":{"rendered":"C\u00e9zar Bombeiro prop\u00f5e debate sobre uso sustent\u00e1vel, abastecimento, desperd\u00edcio e qualidade da \u00e1gua"},"content":{"rendered":"<figure id=\"attachment_49658\" aria-describedby=\"caption-attachment-49658\" style=\"width: 448px\" class=\"wp-caption alignright\"><img fetchpriority=\"high\" decoding=\"async\" class=\"wp-image-49658 size-full\" src=\"https:\/\/www.blogsoestado.com\/danielmatos\/files\/2018\/03\/bombeiro-agua.jpg\" alt=\"\" width=\"448\" height=\"336\" \/><figcaption id=\"caption-attachment-49658\" class=\"wp-caption-text\">C\u00e9zar Bombeiro quer promover amplo debate sobre o abastecimento e o uso da \u00e1gua na capital<\/figcaption><\/figure>\n<p>O vereador C\u00e9zar Bombeiro usou a tribuna da C\u00e2mara Municipal para fazer reflex\u00f5es sobre o Dia Mundial da \u00c1gua. Ele anunciou que est\u00e1 solicitando ao plen\u00e1rio do Legislativo da capital a realiza\u00e7\u00e3o de audi\u00eancia p\u00fablica na qual ser\u00e1 promovido um amplo debate sobre a \u00e1gua. O uso sustent\u00e1vel da \u00e1gua, o abastecimento, desperd\u00edcios e a qualidade da \u00e1gua que a popula\u00e7\u00e3o consome est\u00e3o entre os t\u00f3picos que ser\u00e3o abordados, al\u00e9m de uma s\u00e9rie de outros graves\u00a0problemas que afetam diretamente os consumidores de todos os bairros de S\u00e3o Lu\u00eds.<\/p>\n<p>No pr\u00f3ximo s\u00e1bado ser\u00e1 encerrado, em Bras\u00edlia, o 8\u00ba F\u00f3rum Mundial da \u00c1gua, que conta com a presen\u00e7a de especialistas em \u00e1gua doce e ambientalistas de v\u00e1rios pa\u00edses do mundo, que est\u00e3o apresentando propostas diversas para a preserva\u00e7\u00e3o dos potenciais h\u00eddricos, para o combate intenso ao desperd\u00edcio e o consumo sustent\u00e1vel.<\/p>\n<p>S\u00e3o Lu\u00eds disp\u00f5e de tr\u00eas fontes de abastecimento, mas estas n\u00e3o atendem todas a demanda, deixando dezenas de bairros sem \u00e1gua. Esses n\u00facleos populacionais vivem em plena exclus\u00e3o de um direito fundamental, enquanto outros, por terem acessos privilegiados, n\u00e3o d\u00e3o o devido tratamento ao precioso e necess\u00e1rio produto, sem o qual n\u00e3o h\u00e1 vida.<\/p>\n<p><strong>Fontes<\/strong><\/p>\n<p>A maior parte da cidade \u00e9 abastecida pelo Sistema Italu\u00eds, em regime de rod\u00edzio. Outra fonte de abastecimento \u00e9 Sistema Paci\u00eancia, mais voltado para o Centro da capital e de menor porte, e que tamb\u00e9m opera em rod\u00edzio. Um terceira fonte de \u00e1gua s\u00e3o os po\u00e7os artesianos, muitos dos quais administrados pelo poder p\u00fablico e a maioria localizados em empreendimentos da constru\u00e7\u00e3o civil e em resid\u00eancias particulares.<\/p>\n<p>&#8220;Sem um consumo respons\u00e1vel e com o desperd\u00edcio, n\u00e3o vai demorar muito tempo para que o nosso len\u00e7ol fre\u00e1tico sofra as consequ\u00eancias&#8221;, alertou C\u00e9zar Bombeiro. O vereador menciona\u00a0a preocupa\u00e7\u00e3o externada por t\u00e9cnicos especialistas, da\u00ed a sua iniciativa de promover um amplo debate na C\u00e2mara Municipal de S\u00e3o Lu\u00eds com a participa\u00e7\u00e3o dos mais diversos segmentos da sociedade civil organizada, inclusive as associa\u00e7\u00f5es comunit\u00e1rias.<\/p>\n","protected":false},"excerpt":{"rendered":"<p>O vereador C\u00e9zar Bombeiro usou a tribuna da C\u00e2mara Municipal para fazer reflex\u00f5es sobre o Dia Mundial da \u00c1gua. Ele [&hellip;]<\/p>\n","protected":false},"author":0,"featured_media":0,"comment_status":"open","ping_status":"open","sticky":false,"template":"","format":"standard","meta":{"site-sidebar-layout":"default","site-content-layout":"","ast-site-content-layout":"default","site-content-style":"default","site-sidebar-style":"default","ast-global-header-display":"","ast-banner-title-visibility":"","ast-main-header-display":"","ast-hfb-above-header-display":"","ast-hfb-below-header-display":"","ast-hfb-mobile-header-display":"","site-post-title":"","ast-breadcrumbs-content":"","ast-featured-img":"","footer-sml-layout":"","ast-disable-related-posts":"","theme-transparent-header-meta":"","adv-header-id-meta":"","stick-header-meta":"","header-above-stick-meta":"","header-main-stick-meta":"","header-below-stick-meta":"","astra-migrate-meta-layouts":"default","ast-page-background-enabled":"default","ast-page-background-meta":{"desktop":{"background-color":"var(--ast-global-color-5)","background-image":"","background-repeat":"repeat","background-position":"center center","background-size":"auto","background-attachment":"scroll","background-type":"","background-media":"","overlay-type":"","overlay-color":"","overlay-opacity":"","overlay-gradient":""},"tablet":{"background-color":"","background-image":"","background-repeat":"repeat","background-position":"center center","background-size":"auto","background-attachment":"scroll","background-type":"","background-media":"","overlay-type":"","overlay-color":"","overlay-opacity":"","overlay-gradient":""},"mobile":{"background-color":"","background-image":"","background-repeat":"repeat","background-position":"center center","background-size":"auto","background-attachment":"scroll","background-type":"","background-media":"","overlay-type":"","overlay-color":"","overlay-opacity":"","overlay-gradient":""}},"ast-content-background-meta":{"desktop":{"background-color":"var(--ast-global-color-4)","background-image":"","background-repeat":"repeat","background-position":"center center","background-size":"auto","background-attachment":"scroll","background-type":"","background-media":"","overlay-type":"","overlay-color":"","overlay-opacity":"","overlay-gradient":""},"tablet":{"background-color":"var(--ast-global-color-4)","background-image":"","background-repeat":"repeat","background-position":"center center","background-size":"auto","background-attachment":"scroll","background-type":"","background-media":"","overlay-type":"","overlay-color":"","overlay-opacity":"","overlay-gradient":""},"mobile":{"background-color":"var(--ast-global-color-4)","background-image":"","background-repeat":"repeat","background-position":"center center","background-size":"auto","background-attachment":"scroll","background-type":"","background-media":"","overlay-type":"","overlay-color":"","overlay-opacity":"","overlay-gradient":""}},"footnotes":""},"categories":[1],"tags":[],"class_list":["post-49657","post","type-post","status-publish","format-standard","hentry","category-sem-categoria"],"yoast_head":"<!-- This site is optimized with the Yoast SEO plugin v26.6 - https:\/\/yoast.com\/wordpress\/plugins\/seo\/ -->\n<title>C\u00e9zar Bombeiro prop\u00f5e debate sobre uso sustent\u00e1vel, abastecimento, desperd\u00edcio e qualidade da \u00e1gua - Daniel Matos<\/title>\n<meta name=\"robots\" content=\"index, follow, max-snippet:-1, max-image-preview:large, max-video-preview:-1\" \/>\n<link rel=\"canonical\" href=\"https:\/\/www.blogsoestado.com\/danielmatos\/cezar-bombeiro-propoe-debate-sobre-uso-sustentavel-abastecimento-desperdicio-e-qualidade-da-agua\/\" \/>\n<meta property=\"og:locale\" content=\"pt_BR\" \/>\n<meta property=\"og:type\" content=\"article\" \/>\n<meta property=\"og:title\" content=\"C\u00e9zar Bombeiro prop\u00f5e debate sobre uso sustent\u00e1vel, abastecimento, desperd\u00edcio e qualidade da \u00e1gua - Daniel Matos\" \/>\n<meta property=\"og:description\" content=\"O vereador C\u00e9zar Bombeiro usou a tribuna da C\u00e2mara Municipal para fazer reflex\u00f5es sobre o Dia Mundial da \u00c1gua. Ele [&hellip;]\" \/>\n<meta property=\"og:url\" content=\"https:\/\/www.blogsoestado.com\/danielmatos\/cezar-bombeiro-propoe-debate-sobre-uso-sustentavel-abastecimento-desperdicio-e-qualidade-da-agua\/\" \/>\n<meta property=\"og:site_name\" content=\"Daniel Matos\" \/>\n<meta property=\"article:published_time\" content=\"2018-03-22T14:13:59+00:00\" \/>\n<meta property=\"og:image\" content=\"https:\/\/www.blogsoestado.com\/danielmatos\/files\/2018\/03\/bombeiro-agua.jpg\" \/>\n<meta name=\"twitter:card\" content=\"summary_large_image\" \/>\n<meta name=\"twitter:label1\" content=\"Est. tempo de leitura\" \/>\n\t<meta name=\"twitter:data1\" content=\"2 minutos\" \/>\n<script type=\"application\/ld+json\" class=\"yoast-schema-graph\">{\"@context\":\"https:\/\/schema.org\",\"@graph\":[{\"@type\":\"WebPage\",\"@id\":\"https:\/\/www.blogsoestado.com\/danielmatos\/cezar-bombeiro-propoe-debate-sobre-uso-sustentavel-abastecimento-desperdicio-e-qualidade-da-agua\/\",\"url\":\"https:\/\/www.blogsoestado.com\/danielmatos\/cezar-bombeiro-propoe-debate-sobre-uso-sustentavel-abastecimento-desperdicio-e-qualidade-da-agua\/\",\"name\":\"C\u00e9zar Bombeiro prop\u00f5e debate sobre uso sustent\u00e1vel, abastecimento, desperd\u00edcio e qualidade da \u00e1gua - Daniel Matos\",\"isPartOf\":{\"@id\":\"https:\/\/www.blogsoestado.com\/danielmatos\/#website\"},\"primaryImageOfPage\":{\"@id\":\"https:\/\/www.blogsoestado.com\/danielmatos\/cezar-bombeiro-propoe-debate-sobre-uso-sustentavel-abastecimento-desperdicio-e-qualidade-da-agua\/#primaryimage\"},\"image\":{\"@id\":\"https:\/\/www.blogsoestado.com\/danielmatos\/cezar-bombeiro-propoe-debate-sobre-uso-sustentavel-abastecimento-desperdicio-e-qualidade-da-agua\/#primaryimage\"},\"thumbnailUrl\":\"https:\/\/www.blogsoestado.com\/danielmatos\/files\/2018\/03\/bombeiro-agua.jpg\",\"datePublished\":\"2018-03-22T14:13:59+00:00\",\"author\":{\"@id\":\"\"},\"breadcrumb\":{\"@id\":\"https:\/\/www.blogsoestado.com\/danielmatos\/cezar-bombeiro-propoe-debate-sobre-uso-sustentavel-abastecimento-desperdicio-e-qualidade-da-agua\/#breadcrumb\"},\"inLanguage\":\"pt-BR\",\"potentialAction\":[{\"@type\":\"ReadAction\",\"target\":[\"https:\/\/www.blogsoestado.com\/danielmatos\/cezar-bombeiro-propoe-debate-sobre-uso-sustentavel-abastecimento-desperdicio-e-qualidade-da-agua\/\"]}]},{\"@type\":\"ImageObject\",\"inLanguage\":\"pt-BR\",\"@id\":\"https:\/\/www.blogsoestado.com\/danielmatos\/cezar-bombeiro-propoe-debate-sobre-uso-sustentavel-abastecimento-desperdicio-e-qualidade-da-agua\/#primaryimage\",\"url\":\"https:\/\/www.blogsoestado.com\/danielmatos\/files\/2018\/03\/bombeiro-agua.jpg\",\"contentUrl\":\"https:\/\/www.blogsoestado.com\/danielmatos\/files\/2018\/03\/bombeiro-agua.jpg\"},{\"@type\":\"BreadcrumbList\",\"@id\":\"https:\/\/www.blogsoestado.com\/danielmatos\/cezar-bombeiro-propoe-debate-sobre-uso-sustentavel-abastecimento-desperdicio-e-qualidade-da-agua\/#breadcrumb\",\"itemListElement\":[{\"@type\":\"ListItem\",\"position\":1,\"name\":\"In\u00edcio\",\"item\":\"https:\/\/www.blogsoestado.com\/danielmatos\/\"},{\"@type\":\"ListItem\",\"position\":2,\"name\":\"C\u00e9zar Bombeiro prop\u00f5e debate sobre uso sustent\u00e1vel, abastecimento, desperd\u00edcio e qualidade da \u00e1gua\"}]},{\"@type\":\"WebSite\",\"@id\":\"https:\/\/www.blogsoestado.com\/danielmatos\/#website\",\"url\":\"https:\/\/www.blogsoestado.com\/danielmatos\/\",\"name\":\"Daniel Matos\",\"description\":\"\",\"potentialAction\":[{\"@type\":\"SearchAction\",\"target\":{\"@type\":\"EntryPoint\",\"urlTemplate\":\"https:\/\/www.blogsoestado.com\/danielmatos\/?s={search_term_string}\"},\"query-input\":{\"@type\":\"PropertyValueSpecification\",\"valueRequired\":true,\"valueName\":\"search_term_string\"}}],\"inLanguage\":\"pt-BR\"}]}<\/script>\n<!-- \/ Yoast SEO plugin. -->","yoast_head_json":{"title":"C\u00e9zar Bombeiro prop\u00f5e debate sobre uso sustent\u00e1vel, abastecimento, desperd\u00edcio e qualidade da \u00e1gua - Daniel Matos","robots":{"index":"index","follow":"follow","max-snippet":"max-snippet:-1","max-image-preview":"max-image-preview:large","max-video-preview":"max-video-preview:-1"},"canonical":"https:\/\/www.blogsoestado.com\/danielmatos\/cezar-bombeiro-propoe-debate-sobre-uso-sustentavel-abastecimento-desperdicio-e-qualidade-da-agua\/","og_locale":"pt_BR","og_type":"article","og_title":"C\u00e9zar Bombeiro prop\u00f5e debate sobre uso sustent\u00e1vel, abastecimento, desperd\u00edcio e qualidade da \u00e1gua - Daniel Matos","og_description":"O vereador C\u00e9zar Bombeiro usou a tribuna da C\u00e2mara Municipal para fazer reflex\u00f5es sobre o Dia Mundial da \u00c1gua. Ele [&hellip;]","og_url":"https:\/\/www.blogsoestado.com\/danielmatos\/cezar-bombeiro-propoe-debate-sobre-uso-sustentavel-abastecimento-desperdicio-e-qualidade-da-agua\/","og_site_name":"Daniel Matos","article_published_time":"2018-03-22T14:13:59+00:00","og_image":[{"url":"https:\/\/www.blogsoestado.com\/danielmatos\/files\/2018\/03\/bombeiro-agua.jpg","type":"","width":"","height":""}],"twitter_card":"summary_large_image","twitter_misc":{"Est. tempo de leitura":"2 minutos"},"schema":{"@context":"https:\/\/schema.org","@graph":[{"@type":"WebPage","@id":"https:\/\/www.blogsoestado.com\/danielmatos\/cezar-bombeiro-propoe-debate-sobre-uso-sustentavel-abastecimento-desperdicio-e-qualidade-da-agua\/","url":"https:\/\/www.blogsoestado.com\/danielmatos\/cezar-bombeiro-propoe-debate-sobre-uso-sustentavel-abastecimento-desperdicio-e-qualidade-da-agua\/","name":"C\u00e9zar Bombeiro prop\u00f5e debate sobre uso sustent\u00e1vel, abastecimento, desperd\u00edcio e qualidade da \u00e1gua - Daniel Matos","isPartOf":{"@id":"https:\/\/www.blogsoestado.com\/danielmatos\/#website"},"primaryImageOfPage":{"@id":"https:\/\/www.blogsoestado.com\/danielmatos\/cezar-bombeiro-propoe-debate-sobre-uso-sustentavel-abastecimento-desperdicio-e-qualidade-da-agua\/#primaryimage"},"image":{"@id":"https:\/\/www.blogsoestado.com\/danielmatos\/cezar-bombeiro-propoe-debate-sobre-uso-sustentavel-abastecimento-desperdicio-e-qualidade-da-agua\/#primaryimage"},"thumbnailUrl":"https:\/\/www.blogsoestado.com\/danielmatos\/files\/2018\/03\/bombeiro-agua.jpg","datePublished":"2018-03-22T14:13:59+00:00","author":{"@id":""},"breadcrumb":{"@id":"https:\/\/www.blogsoestado.com\/danielmatos\/cezar-bombeiro-propoe-debate-sobre-uso-sustentavel-abastecimento-desperdicio-e-qualidade-da-agua\/#breadcrumb"},"inLanguage":"pt-BR","potentialAction":[{"@type":"ReadAction","target":["https:\/\/www.blogsoestado.com\/danielmatos\/cezar-bombeiro-propoe-debate-sobre-uso-sustentavel-abastecimento-desperdicio-e-qualidade-da-agua\/"]}]},{"@type":"ImageObject","inLanguage":"pt-BR","@id":"https:\/\/www.blogsoestado.com\/danielmatos\/cezar-bombeiro-propoe-debate-sobre-uso-sustentavel-abastecimento-desperdicio-e-qualidade-da-agua\/#primaryimage","url":"https:\/\/www.blogsoestado.com\/danielmatos\/files\/2018\/03\/bombeiro-agua.jpg","contentUrl":"https:\/\/www.blogsoestado.com\/danielmatos\/files\/2018\/03\/bombeiro-agua.jpg"},{"@type":"BreadcrumbList","@id":"https:\/\/www.blogsoestado.com\/danielmatos\/cezar-bombeiro-propoe-debate-sobre-uso-sustentavel-abastecimento-desperdicio-e-qualidade-da-agua\/#breadcrumb","itemListElement":[{"@type":"ListItem","position":1,"name":"In\u00edcio","item":"https:\/\/www.blogsoestado.com\/danielmatos\/"},{"@type":"ListItem","position":2,"name":"C\u00e9zar Bombeiro prop\u00f5e debate sobre uso sustent\u00e1vel, abastecimento, desperd\u00edcio e qualidade da \u00e1gua"}]},{"@type":"WebSite","@id":"https:\/\/www.blogsoestado.com\/danielmatos\/#website","url":"https:\/\/www.blogsoestado.com\/danielmatos\/","name":"Daniel Matos","description":"","potentialAction":[{"@type":"SearchAction","target":{"@type":"EntryPoint","urlTemplate":"https:\/\/www.blogsoestado.com\/danielmatos\/?s={search_term_string}"},"query-input":{"@type":"PropertyValueSpecification","valueRequired":true,"valueName":"search_term_string"}}],"inLanguage":"pt-BR"}]}},"jetpack_featured_media_url":"","_links":{"self":[{"href":"https:\/\/www.blogsoestado.com\/danielmatos\/wp-json\/wp\/v2\/posts\/49657","targetHints":{"allow":["GET"]}}],"collection":[{"href":"https:\/\/www.blogsoestado.com\/danielmatos\/wp-json\/wp\/v2\/posts"}],"about":[{"href":"https:\/\/www.blogsoestado.com\/danielmatos\/wp-json\/wp\/v2\/types\/post"}],"replies":[{"embeddable":true,"href":"https:\/\/www.blogsoestado.com\/danielmatos\/wp-json\/wp\/v2\/comments?post=49657"}],"version-history":[{"count":0,"href":"https:\/\/www.blogsoestado.com\/danielmatos\/wp-json\/wp\/v2\/posts\/49657\/revisions"}],"wp:attachment":[{"href":"https:\/\/www.blogsoestado.com\/danielmatos\/wp-json\/wp\/v2\/media?parent=49657"}],"wp:term":[{"taxonomy":"category","embeddable":true,"href":"https:\/\/www.blogsoestado.com\/danielmatos\/wp-json\/wp\/v2\/categories?post=49657"},{"taxonomy":"post_tag","embeddable":true,"href":"https:\/\/www.blogsoestado.com\/danielmatos\/wp-json\/wp\/v2\/tags?post=49657"}],"curies":[{"name":"wp","href":"https:\/\/api.w.org\/{rel}","templated":true}]}}