{"id":49668,"date":"2018-03-22T16:45:53","date_gmt":"2018-03-22T19:45:53","guid":{"rendered":"https:\/\/www.blogsoestado.com\/danielmatos\/?p=49668"},"modified":"2018-03-22T16:45:53","modified_gmt":"2018-03-22T19:45:53","slug":"ze-inacio-participa-do-lancamento-de-frente-parlamentar-em-sao-pedro-da-agua-branca","status":"publish","type":"post","link":"https:\/\/www.blogsoestado.com\/danielmatos\/ze-inacio-participa-do-lancamento-de-frente-parlamentar-em-sao-pedro-da-agua-branca\/","title":{"rendered":"Z\u00e9 In\u00e1cio participa do lan\u00e7amento de frente parlamentar em S\u00e3o Pedro da \u00c1gua Branca"},"content":{"rendered":"<figure id=\"attachment_49669\" aria-describedby=\"caption-attachment-49669\" style=\"width: 640px\" class=\"wp-caption aligncenter\"><img fetchpriority=\"high\" decoding=\"async\" class=\"wp-image-49669 size-full\" src=\"https:\/\/www.blogsoestado.com\/danielmatos\/files\/2018\/03\/inacio-do-pt.jpg\" alt=\"\" width=\"640\" height=\"480\" \/><figcaption id=\"caption-attachment-49669\" class=\"wp-caption-text\">Z\u00e9 In\u00e1cio explicou que a Frente Parlamentar tem o objetivo \u201cde defender a Democracia no Brasil contra o uso abusivo de instrumentos jur\u00eddicos na persegui\u00e7\u00e3o pol\u00edtica a Lula e no desmonte aos direitos dos trabalhadores e trabalhadoras<\/figcaption><\/figure>\n<p>O deputado Z\u00e9 In\u00e1cio participou, no \u00faltimo s\u00e1bado (17), do lan\u00e7amento da Frente Parlamentar em Defesa da Democracia e do Direito de Lula ser candidato, na cidade de S\u00e3o Pedro da \u00c1gua Branca.<\/p>\n<p>O evento aconteceu na c\u00e2mara municipal da cidade e na oportunidade houve posse do novo diret\u00f3rio municipal do PT, que ser\u00e1 presidido pelo petista Ivan Nascimento.<\/p>\n<p>De acordo com o deputado Z\u00e9 In\u00e1cio, a Frente Parlamentar tem o objetivo \u201cde defender a Democracia no Brasil contra o uso abusivo de instrumentos jur\u00eddicos na persegui\u00e7\u00e3o pol\u00edtica a Lula e no desmonte aos direitos dos trabalhadores e trabalhadoras\u201d.<\/p>\n<p>As frentes Parlamentares em Defesa da Democracia e do Direito de Lula ser candidato s\u00e3o uma articula\u00e7\u00e3o com o objetivo de envolver os movimentos sociais, populares, sindicais, artistas, sociedade civil e toda milit\u00e2ncia petista, assim como os partidos do campo democr\u00e1tico e popular.<\/p>\n<p>A cria\u00e7\u00e3o da Frente Parlamentar no munic\u00edpio de S\u00e3o Pedro da \u00c1gua Branca foi proposta pelo vereador e presidente da c\u00e2mara municipal Z\u00e9 Lima (PT) e teve ades\u00e3o dos vereadores Raquel Pereira (PT), Patr\u00edcia Carvalho (PR) e Francildo Moura (PT).<\/p>\n<p>Tamb\u00e9m foi criado o comit\u00ea municipal em defesa da democracia, que assim como os demais funcionam como um agrupamento de militantes ou n\u00e3o, filiados ou n\u00e3o, sindicalistas ou n\u00e3o, que resistem \u00e0 retirada de direitos, aos abusos do Judici\u00e1rio, \u00e0 parcialidade da Justi\u00e7a e \u00e0 tentativa de corromper a elei\u00e7\u00e3o de 2018 a partir do impedimento de Lula. Os grupos distribuem materiais, ajudam no esclarecimento da popula\u00e7\u00e3o, promovem atos em suas cidades ou bairros.<\/p>\n<p>Participaram do ato Ivan Nascimento, presidente do PT de S\u00e3o Pedro da \u00c1gua Branca; Z\u00e9 Lima, vereador do PT e presidente da C\u00e2mara Municipal; Raquel Pereira, vereadora do PT; vereador Aur\u00e9lio, de Imperatriz; Professora Fran, presidenta do PT de Santa Luzia; Ant\u00f4nio Erismar, dirigente municipal de A\u00e7ail\u00e2ndia; Raimundo Monteiro, dirigente Nacional do PT; Keilyano H\u00e9rcules, presidente do PT de Jo\u00e3o Lisboa; Joberte Alves, representando o deputado federal Z\u00e9 Carlos (PT); Gilson Rocha (PT), vereador de Santa Luzia; Patr\u00edcia Carvalho, vereadora (PR); Francimar Melo, secret\u00e1rio estadual de organiza\u00e7\u00e3o do PT; Cricielle Muniz, secret\u00e1ria estadual de Comunica\u00e7\u00e3o do PT.<\/p>\n","protected":false},"excerpt":{"rendered":"<p>O deputado Z\u00e9 In\u00e1cio participou, no \u00faltimo s\u00e1bado (17), do lan\u00e7amento da Frente Parlamentar em Defesa da Democracia e do [&hellip;]<\/p>\n","protected":false},"author":0,"featured_media":0,"comment_status":"open","ping_status":"open","sticky":false,"template":"","format":"standard","meta":{"site-sidebar-layout":"default","site-content-layout":"","ast-site-content-layout":"default","site-content-style":"default","site-sidebar-style":"default","ast-global-header-display":"","ast-banner-title-visibility":"","ast-main-header-display":"","ast-hfb-above-header-display":"","ast-hfb-below-header-display":"","ast-hfb-mobile-header-display":"","site-post-title":"","ast-breadcrumbs-content":"","ast-featured-img":"","footer-sml-layout":"","ast-disable-related-posts":"","theme-transparent-header-meta":"","adv-header-id-meta":"","stick-header-meta":"","header-above-stick-meta":"","header-main-stick-meta":"","header-below-stick-meta":"","astra-migrate-meta-layouts":"default","ast-page-background-enabled":"default","ast-page-background-meta":{"desktop":{"background-color":"var(--ast-global-color-5)","background-image":"","background-repeat":"repeat","background-position":"center center","background-size":"auto","background-attachment":"scroll","background-type":"","background-media":"","overlay-type":"","overlay-color":"","overlay-opacity":"","overlay-gradient":""},"tablet":{"background-color":"","background-image":"","background-repeat":"repeat","background-position":"center center","background-size":"auto","background-attachment":"scroll","background-type":"","background-media":"","overlay-type":"","overlay-color":"","overlay-opacity":"","overlay-gradient":""},"mobile":{"background-color":"","background-image":"","background-repeat":"repeat","background-position":"center center","background-size":"auto","background-attachment":"scroll","background-type":"","background-media":"","overlay-type":"","overlay-color":"","overlay-opacity":"","overlay-gradient":""}},"ast-content-background-meta":{"desktop":{"background-color":"var(--ast-global-color-4)","background-image":"","background-repeat":"repeat","background-position":"center center","background-size":"auto","background-attachment":"scroll","background-type":"","background-media":"","overlay-type":"","overlay-color":"","overlay-opacity":"","overlay-gradient":""},"tablet":{"background-color":"var(--ast-global-color-4)","background-image":"","background-repeat":"repeat","background-position":"center center","background-size":"auto","background-attachment":"scroll","background-type":"","background-media":"","overlay-type":"","overlay-color":"","overlay-opacity":"","overlay-gradient":""},"mobile":{"background-color":"var(--ast-global-color-4)","background-image":"","background-repeat":"repeat","background-position":"center center","background-size":"auto","background-attachment":"scroll","background-type":"","background-media":"","overlay-type":"","overlay-color":"","overlay-opacity":"","overlay-gradient":""}},"footnotes":""},"categories":[1],"tags":[],"class_list":["post-49668","post","type-post","status-publish","format-standard","hentry","category-sem-categoria"],"yoast_head":"<!-- This site is optimized with the Yoast SEO plugin v26.6 - https:\/\/yoast.com\/wordpress\/plugins\/seo\/ -->\n<title>Z\u00e9 In\u00e1cio participa do lan\u00e7amento de frente parlamentar em S\u00e3o Pedro da \u00c1gua Branca - Daniel Matos<\/title>\n<meta name=\"robots\" content=\"index, follow, max-snippet:-1, max-image-preview:large, max-video-preview:-1\" \/>\n<link rel=\"canonical\" href=\"https:\/\/www.blogsoestado.com\/danielmatos\/ze-inacio-participa-do-lancamento-de-frente-parlamentar-em-sao-pedro-da-agua-branca\/\" \/>\n<meta property=\"og:locale\" content=\"pt_BR\" \/>\n<meta property=\"og:type\" content=\"article\" \/>\n<meta property=\"og:title\" content=\"Z\u00e9 In\u00e1cio participa do lan\u00e7amento de frente parlamentar em S\u00e3o Pedro da \u00c1gua Branca - Daniel Matos\" \/>\n<meta property=\"og:description\" content=\"O deputado Z\u00e9 In\u00e1cio participou, no \u00faltimo s\u00e1bado (17), do lan\u00e7amento da Frente Parlamentar em Defesa da Democracia e do [&hellip;]\" \/>\n<meta property=\"og:url\" content=\"https:\/\/www.blogsoestado.com\/danielmatos\/ze-inacio-participa-do-lancamento-de-frente-parlamentar-em-sao-pedro-da-agua-branca\/\" \/>\n<meta property=\"og:site_name\" content=\"Daniel Matos\" \/>\n<meta property=\"article:published_time\" content=\"2018-03-22T19:45:53+00:00\" \/>\n<meta property=\"og:image\" content=\"https:\/\/www.blogsoestado.com\/danielmatos\/files\/2018\/03\/inacio-do-pt.jpg\" \/>\n<meta name=\"twitter:card\" content=\"summary_large_image\" \/>\n<meta name=\"twitter:label1\" content=\"Est. tempo de leitura\" \/>\n\t<meta name=\"twitter:data1\" content=\"2 minutos\" \/>\n<script type=\"application\/ld+json\" class=\"yoast-schema-graph\">{\"@context\":\"https:\/\/schema.org\",\"@graph\":[{\"@type\":\"WebPage\",\"@id\":\"https:\/\/www.blogsoestado.com\/danielmatos\/ze-inacio-participa-do-lancamento-de-frente-parlamentar-em-sao-pedro-da-agua-branca\/\",\"url\":\"https:\/\/www.blogsoestado.com\/danielmatos\/ze-inacio-participa-do-lancamento-de-frente-parlamentar-em-sao-pedro-da-agua-branca\/\",\"name\":\"Z\u00e9 In\u00e1cio participa do lan\u00e7amento de frente parlamentar em S\u00e3o Pedro da \u00c1gua Branca - Daniel Matos\",\"isPartOf\":{\"@id\":\"https:\/\/www.blogsoestado.com\/danielmatos\/#website\"},\"primaryImageOfPage\":{\"@id\":\"https:\/\/www.blogsoestado.com\/danielmatos\/ze-inacio-participa-do-lancamento-de-frente-parlamentar-em-sao-pedro-da-agua-branca\/#primaryimage\"},\"image\":{\"@id\":\"https:\/\/www.blogsoestado.com\/danielmatos\/ze-inacio-participa-do-lancamento-de-frente-parlamentar-em-sao-pedro-da-agua-branca\/#primaryimage\"},\"thumbnailUrl\":\"https:\/\/www.blogsoestado.com\/danielmatos\/files\/2018\/03\/inacio-do-pt.jpg\",\"datePublished\":\"2018-03-22T19:45:53+00:00\",\"author\":{\"@id\":\"\"},\"breadcrumb\":{\"@id\":\"https:\/\/www.blogsoestado.com\/danielmatos\/ze-inacio-participa-do-lancamento-de-frente-parlamentar-em-sao-pedro-da-agua-branca\/#breadcrumb\"},\"inLanguage\":\"pt-BR\",\"potentialAction\":[{\"@type\":\"ReadAction\",\"target\":[\"https:\/\/www.blogsoestado.com\/danielmatos\/ze-inacio-participa-do-lancamento-de-frente-parlamentar-em-sao-pedro-da-agua-branca\/\"]}]},{\"@type\":\"ImageObject\",\"inLanguage\":\"pt-BR\",\"@id\":\"https:\/\/www.blogsoestado.com\/danielmatos\/ze-inacio-participa-do-lancamento-de-frente-parlamentar-em-sao-pedro-da-agua-branca\/#primaryimage\",\"url\":\"https:\/\/www.blogsoestado.com\/danielmatos\/files\/2018\/03\/inacio-do-pt.jpg\",\"contentUrl\":\"https:\/\/www.blogsoestado.com\/danielmatos\/files\/2018\/03\/inacio-do-pt.jpg\"},{\"@type\":\"BreadcrumbList\",\"@id\":\"https:\/\/www.blogsoestado.com\/danielmatos\/ze-inacio-participa-do-lancamento-de-frente-parlamentar-em-sao-pedro-da-agua-branca\/#breadcrumb\",\"itemListElement\":[{\"@type\":\"ListItem\",\"position\":1,\"name\":\"In\u00edcio\",\"item\":\"https:\/\/www.blogsoestado.com\/danielmatos\/\"},{\"@type\":\"ListItem\",\"position\":2,\"name\":\"Z\u00e9 In\u00e1cio participa do lan\u00e7amento de frente parlamentar em S\u00e3o Pedro da \u00c1gua Branca\"}]},{\"@type\":\"WebSite\",\"@id\":\"https:\/\/www.blogsoestado.com\/danielmatos\/#website\",\"url\":\"https:\/\/www.blogsoestado.com\/danielmatos\/\",\"name\":\"Daniel Matos\",\"description\":\"\",\"potentialAction\":[{\"@type\":\"SearchAction\",\"target\":{\"@type\":\"EntryPoint\",\"urlTemplate\":\"https:\/\/www.blogsoestado.com\/danielmatos\/?s={search_term_string}\"},\"query-input\":{\"@type\":\"PropertyValueSpecification\",\"valueRequired\":true,\"valueName\":\"search_term_string\"}}],\"inLanguage\":\"pt-BR\"}]}<\/script>\n<!-- \/ Yoast SEO plugin. -->","yoast_head_json":{"title":"Z\u00e9 In\u00e1cio participa do lan\u00e7amento de frente parlamentar em S\u00e3o Pedro da \u00c1gua Branca - Daniel Matos","robots":{"index":"index","follow":"follow","max-snippet":"max-snippet:-1","max-image-preview":"max-image-preview:large","max-video-preview":"max-video-preview:-1"},"canonical":"https:\/\/www.blogsoestado.com\/danielmatos\/ze-inacio-participa-do-lancamento-de-frente-parlamentar-em-sao-pedro-da-agua-branca\/","og_locale":"pt_BR","og_type":"article","og_title":"Z\u00e9 In\u00e1cio participa do lan\u00e7amento de frente parlamentar em S\u00e3o Pedro da \u00c1gua Branca - Daniel Matos","og_description":"O deputado Z\u00e9 In\u00e1cio participou, no \u00faltimo s\u00e1bado (17), do lan\u00e7amento da Frente Parlamentar em Defesa da Democracia e do [&hellip;]","og_url":"https:\/\/www.blogsoestado.com\/danielmatos\/ze-inacio-participa-do-lancamento-de-frente-parlamentar-em-sao-pedro-da-agua-branca\/","og_site_name":"Daniel Matos","article_published_time":"2018-03-22T19:45:53+00:00","og_image":[{"url":"https:\/\/www.blogsoestado.com\/danielmatos\/files\/2018\/03\/inacio-do-pt.jpg","type":"","width":"","height":""}],"twitter_card":"summary_large_image","twitter_misc":{"Est. tempo de leitura":"2 minutos"},"schema":{"@context":"https:\/\/schema.org","@graph":[{"@type":"WebPage","@id":"https:\/\/www.blogsoestado.com\/danielmatos\/ze-inacio-participa-do-lancamento-de-frente-parlamentar-em-sao-pedro-da-agua-branca\/","url":"https:\/\/www.blogsoestado.com\/danielmatos\/ze-inacio-participa-do-lancamento-de-frente-parlamentar-em-sao-pedro-da-agua-branca\/","name":"Z\u00e9 In\u00e1cio participa do lan\u00e7amento de frente parlamentar em S\u00e3o Pedro da \u00c1gua Branca - Daniel Matos","isPartOf":{"@id":"https:\/\/www.blogsoestado.com\/danielmatos\/#website"},"primaryImageOfPage":{"@id":"https:\/\/www.blogsoestado.com\/danielmatos\/ze-inacio-participa-do-lancamento-de-frente-parlamentar-em-sao-pedro-da-agua-branca\/#primaryimage"},"image":{"@id":"https:\/\/www.blogsoestado.com\/danielmatos\/ze-inacio-participa-do-lancamento-de-frente-parlamentar-em-sao-pedro-da-agua-branca\/#primaryimage"},"thumbnailUrl":"https:\/\/www.blogsoestado.com\/danielmatos\/files\/2018\/03\/inacio-do-pt.jpg","datePublished":"2018-03-22T19:45:53+00:00","author":{"@id":""},"breadcrumb":{"@id":"https:\/\/www.blogsoestado.com\/danielmatos\/ze-inacio-participa-do-lancamento-de-frente-parlamentar-em-sao-pedro-da-agua-branca\/#breadcrumb"},"inLanguage":"pt-BR","potentialAction":[{"@type":"ReadAction","target":["https:\/\/www.blogsoestado.com\/danielmatos\/ze-inacio-participa-do-lancamento-de-frente-parlamentar-em-sao-pedro-da-agua-branca\/"]}]},{"@type":"ImageObject","inLanguage":"pt-BR","@id":"https:\/\/www.blogsoestado.com\/danielmatos\/ze-inacio-participa-do-lancamento-de-frente-parlamentar-em-sao-pedro-da-agua-branca\/#primaryimage","url":"https:\/\/www.blogsoestado.com\/danielmatos\/files\/2018\/03\/inacio-do-pt.jpg","contentUrl":"https:\/\/www.blogsoestado.com\/danielmatos\/files\/2018\/03\/inacio-do-pt.jpg"},{"@type":"BreadcrumbList","@id":"https:\/\/www.blogsoestado.com\/danielmatos\/ze-inacio-participa-do-lancamento-de-frente-parlamentar-em-sao-pedro-da-agua-branca\/#breadcrumb","itemListElement":[{"@type":"ListItem","position":1,"name":"In\u00edcio","item":"https:\/\/www.blogsoestado.com\/danielmatos\/"},{"@type":"ListItem","position":2,"name":"Z\u00e9 In\u00e1cio participa do lan\u00e7amento de frente parlamentar em S\u00e3o Pedro da \u00c1gua Branca"}]},{"@type":"WebSite","@id":"https:\/\/www.blogsoestado.com\/danielmatos\/#website","url":"https:\/\/www.blogsoestado.com\/danielmatos\/","name":"Daniel Matos","description":"","potentialAction":[{"@type":"SearchAction","target":{"@type":"EntryPoint","urlTemplate":"https:\/\/www.blogsoestado.com\/danielmatos\/?s={search_term_string}"},"query-input":{"@type":"PropertyValueSpecification","valueRequired":true,"valueName":"search_term_string"}}],"inLanguage":"pt-BR"}]}},"jetpack_featured_media_url":"","_links":{"self":[{"href":"https:\/\/www.blogsoestado.com\/danielmatos\/wp-json\/wp\/v2\/posts\/49668","targetHints":{"allow":["GET"]}}],"collection":[{"href":"https:\/\/www.blogsoestado.com\/danielmatos\/wp-json\/wp\/v2\/posts"}],"about":[{"href":"https:\/\/www.blogsoestado.com\/danielmatos\/wp-json\/wp\/v2\/types\/post"}],"replies":[{"embeddable":true,"href":"https:\/\/www.blogsoestado.com\/danielmatos\/wp-json\/wp\/v2\/comments?post=49668"}],"version-history":[{"count":0,"href":"https:\/\/www.blogsoestado.com\/danielmatos\/wp-json\/wp\/v2\/posts\/49668\/revisions"}],"wp:attachment":[{"href":"https:\/\/www.blogsoestado.com\/danielmatos\/wp-json\/wp\/v2\/media?parent=49668"}],"wp:term":[{"taxonomy":"category","embeddable":true,"href":"https:\/\/www.blogsoestado.com\/danielmatos\/wp-json\/wp\/v2\/categories?post=49668"},{"taxonomy":"post_tag","embeddable":true,"href":"https:\/\/www.blogsoestado.com\/danielmatos\/wp-json\/wp\/v2\/tags?post=49668"}],"curies":[{"name":"wp","href":"https:\/\/api.w.org\/{rel}","templated":true}]}}