{"id":49688,"date":"2018-03-22T20:00:56","date_gmt":"2018-03-22T23:00:56","guid":{"rendered":"https:\/\/www.blogsoestado.com\/danielmatos\/?p=49688"},"modified":"2018-03-22T20:00:56","modified_gmt":"2018-03-22T23:00:56","slug":"no-dia-mundial-da-agua-wellington-lamenta-desabastecimento-e-promessa-nao-cumprida-de-inauguracao-de-adutora","status":"publish","type":"post","link":"https:\/\/www.blogsoestado.com\/danielmatos\/no-dia-mundial-da-agua-wellington-lamenta-desabastecimento-e-promessa-nao-cumprida-de-inauguracao-de-adutora\/","title":{"rendered":"No Dia Mundial da \u00c1gua, Wellington lamenta desabastecimento e promessa n\u00e3o cumprida de inaugura\u00e7\u00e3o de adutora"},"content":{"rendered":"<figure id=\"attachment_49689\" aria-describedby=\"caption-attachment-49689\" style=\"width: 448px\" class=\"wp-caption alignleft\"><img fetchpriority=\"high\" decoding=\"async\" class=\"size-full wp-image-49689\" src=\"https:\/\/www.blogsoestado.com\/danielmatos\/files\/2018\/03\/w-agua.jpg\" alt=\"\" width=\"448\" height=\"299\" \/><figcaption id=\"caption-attachment-49689\" class=\"wp-caption-text\">Deputado Wellington disse que a popula\u00e7\u00e3o n\u00e3o tem, o que comemorar<\/figcaption><\/figure>\n<p>Durante a sess\u00e3o plen\u00e1ria desta quinta-feira (22), o deputado estadual progressista Wellington do Curso utilizou a tribuna da Assembleia Legislativa do Maranh\u00e3o para fazer refer\u00eancia ao Dia Mundial da \u00c1gua, celebrado hoje. Entre in\u00fameros problemas, a exemplo da falta d\u2019\u00e1gua em v\u00e1rios bairros, como a Cidade Oper\u00e1ria, a promessa de entrega da nova adutora ao Italu\u00eds e, at\u00e9 mesmo, a precariza\u00e7\u00e3o dos servi\u00e7os prestados pela Companhia de Saneamento Ambiental do Maranh\u00e3o (Caema), diante da iminente privatiza\u00e7\u00e3o.<\/p>\n<p>Ao se pronunciar, Wellington fez refer\u00eancia \u00e0 realidade dos maranhenses que sofrem com a falta d\u2019\u00e1gua e propaganda enganosa do Governo Fl\u00e1vio Dino.<\/p>\n<p>\u201cHoje \u00e9 o Dia Mundial da \u00c1gua e a popula\u00e7\u00e3o n\u00e3o tem o que comemorar. Bairros da capital maranhense, como hoje a Cidade Oper\u00e1ria, S\u00e3o Crist\u00f3v\u00e3o, S\u00e3o Bernardo etc, amanheceram sem \u00e1gua. Os moradores, alguns nem sabem que hoje \u00e9 a data em alus\u00e3o \u00e0 \u00c1gua, nos encaminham, semanalmente, den\u00fancias quanto a esse fornecimento prec\u00e1rio de \u00e1gua no Maranh\u00e3o. A popula\u00e7\u00e3o at\u00e9 hoje espera a nova adutora do Italu\u00eds. Em compensa\u00e7\u00e3o, Fl\u00e1vio Dino fortalece uma propaganda que engana a popula\u00e7\u00e3o. Na propaganda, foram investidos mais de R$ 11 milh\u00f5es na Barragem do Bacanga. Na realidade, o povo do Maranh\u00e3o aguarda at\u00e9 hoje pela entrega da obra\u201d, disse Wellington.<\/p>\n","protected":false},"excerpt":{"rendered":"<p>Durante a sess\u00e3o plen\u00e1ria desta quinta-feira (22), o deputado estadual progressista Wellington do Curso utilizou a tribuna da Assembleia Legislativa [&hellip;]<\/p>\n","protected":false},"author":0,"featured_media":0,"comment_status":"open","ping_status":"open","sticky":false,"template":"","format":"standard","meta":{"site-sidebar-layout":"default","site-content-layout":"","ast-site-content-layout":"default","site-content-style":"default","site-sidebar-style":"default","ast-global-header-display":"","ast-banner-title-visibility":"","ast-main-header-display":"","ast-hfb-above-header-display":"","ast-hfb-below-header-display":"","ast-hfb-mobile-header-display":"","site-post-title":"","ast-breadcrumbs-content":"","ast-featured-img":"","footer-sml-layout":"","ast-disable-related-posts":"","theme-transparent-header-meta":"","adv-header-id-meta":"","stick-header-meta":"","header-above-stick-meta":"","header-main-stick-meta":"","header-below-stick-meta":"","astra-migrate-meta-layouts":"default","ast-page-background-enabled":"default","ast-page-background-meta":{"desktop":{"background-color":"var(--ast-global-color-5)","background-image":"","background-repeat":"repeat","background-position":"center center","background-size":"auto","background-attachment":"scroll","background-type":"","background-media":"","overlay-type":"","overlay-color":"","overlay-opacity":"","overlay-gradient":""},"tablet":{"background-color":"","background-image":"","background-repeat":"repeat","background-position":"center center","background-size":"auto","background-attachment":"scroll","background-type":"","background-media":"","overlay-type":"","overlay-color":"","overlay-opacity":"","overlay-gradient":""},"mobile":{"background-color":"","background-image":"","background-repeat":"repeat","background-position":"center center","background-size":"auto","background-attachment":"scroll","background-type":"","background-media":"","overlay-type":"","overlay-color":"","overlay-opacity":"","overlay-gradient":""}},"ast-content-background-meta":{"desktop":{"background-color":"var(--ast-global-color-4)","background-image":"","background-repeat":"repeat","background-position":"center center","background-size":"auto","background-attachment":"scroll","background-type":"","background-media":"","overlay-type":"","overlay-color":"","overlay-opacity":"","overlay-gradient":""},"tablet":{"background-color":"var(--ast-global-color-4)","background-image":"","background-repeat":"repeat","background-position":"center center","background-size":"auto","background-attachment":"scroll","background-type":"","background-media":"","overlay-type":"","overlay-color":"","overlay-opacity":"","overlay-gradient":""},"mobile":{"background-color":"var(--ast-global-color-4)","background-image":"","background-repeat":"repeat","background-position":"center center","background-size":"auto","background-attachment":"scroll","background-type":"","background-media":"","overlay-type":"","overlay-color":"","overlay-opacity":"","overlay-gradient":""}},"footnotes":""},"categories":[1],"tags":[],"class_list":["post-49688","post","type-post","status-publish","format-standard","hentry","category-sem-categoria"],"yoast_head":"<!-- This site is optimized with the Yoast SEO plugin v26.6 - https:\/\/yoast.com\/wordpress\/plugins\/seo\/ -->\n<title>No Dia Mundial da \u00c1gua, Wellington lamenta desabastecimento e promessa n\u00e3o cumprida de inaugura\u00e7\u00e3o de adutora - Daniel Matos<\/title>\n<meta name=\"robots\" content=\"index, follow, max-snippet:-1, max-image-preview:large, max-video-preview:-1\" \/>\n<link rel=\"canonical\" href=\"https:\/\/www.blogsoestado.com\/danielmatos\/no-dia-mundial-da-agua-wellington-lamenta-desabastecimento-e-promessa-nao-cumprida-de-inauguracao-de-adutora\/\" \/>\n<meta property=\"og:locale\" content=\"pt_BR\" \/>\n<meta property=\"og:type\" content=\"article\" \/>\n<meta property=\"og:title\" content=\"No Dia Mundial da \u00c1gua, Wellington lamenta desabastecimento e promessa n\u00e3o cumprida de inaugura\u00e7\u00e3o de adutora - Daniel Matos\" \/>\n<meta property=\"og:description\" content=\"Durante a sess\u00e3o plen\u00e1ria desta quinta-feira (22), o deputado estadual progressista Wellington do Curso utilizou a tribuna da Assembleia Legislativa [&hellip;]\" \/>\n<meta property=\"og:url\" content=\"https:\/\/www.blogsoestado.com\/danielmatos\/no-dia-mundial-da-agua-wellington-lamenta-desabastecimento-e-promessa-nao-cumprida-de-inauguracao-de-adutora\/\" \/>\n<meta property=\"og:site_name\" content=\"Daniel Matos\" \/>\n<meta property=\"article:published_time\" content=\"2018-03-22T23:00:56+00:00\" \/>\n<meta property=\"og:image\" content=\"https:\/\/www.blogsoestado.com\/danielmatos\/files\/2018\/03\/w-agua.jpg\" \/>\n<meta name=\"twitter:card\" content=\"summary_large_image\" \/>\n<meta name=\"twitter:label1\" content=\"Est. tempo de leitura\" \/>\n\t<meta name=\"twitter:data1\" content=\"1 minuto\" \/>\n<script type=\"application\/ld+json\" class=\"yoast-schema-graph\">{\"@context\":\"https:\/\/schema.org\",\"@graph\":[{\"@type\":\"WebPage\",\"@id\":\"https:\/\/www.blogsoestado.com\/danielmatos\/no-dia-mundial-da-agua-wellington-lamenta-desabastecimento-e-promessa-nao-cumprida-de-inauguracao-de-adutora\/\",\"url\":\"https:\/\/www.blogsoestado.com\/danielmatos\/no-dia-mundial-da-agua-wellington-lamenta-desabastecimento-e-promessa-nao-cumprida-de-inauguracao-de-adutora\/\",\"name\":\"No Dia Mundial da \u00c1gua, Wellington lamenta desabastecimento e promessa n\u00e3o cumprida de inaugura\u00e7\u00e3o de adutora - Daniel Matos\",\"isPartOf\":{\"@id\":\"https:\/\/www.blogsoestado.com\/danielmatos\/#website\"},\"primaryImageOfPage\":{\"@id\":\"https:\/\/www.blogsoestado.com\/danielmatos\/no-dia-mundial-da-agua-wellington-lamenta-desabastecimento-e-promessa-nao-cumprida-de-inauguracao-de-adutora\/#primaryimage\"},\"image\":{\"@id\":\"https:\/\/www.blogsoestado.com\/danielmatos\/no-dia-mundial-da-agua-wellington-lamenta-desabastecimento-e-promessa-nao-cumprida-de-inauguracao-de-adutora\/#primaryimage\"},\"thumbnailUrl\":\"https:\/\/www.blogsoestado.com\/danielmatos\/files\/2018\/03\/w-agua.jpg\",\"datePublished\":\"2018-03-22T23:00:56+00:00\",\"author\":{\"@id\":\"\"},\"breadcrumb\":{\"@id\":\"https:\/\/www.blogsoestado.com\/danielmatos\/no-dia-mundial-da-agua-wellington-lamenta-desabastecimento-e-promessa-nao-cumprida-de-inauguracao-de-adutora\/#breadcrumb\"},\"inLanguage\":\"pt-BR\",\"potentialAction\":[{\"@type\":\"ReadAction\",\"target\":[\"https:\/\/www.blogsoestado.com\/danielmatos\/no-dia-mundial-da-agua-wellington-lamenta-desabastecimento-e-promessa-nao-cumprida-de-inauguracao-de-adutora\/\"]}]},{\"@type\":\"ImageObject\",\"inLanguage\":\"pt-BR\",\"@id\":\"https:\/\/www.blogsoestado.com\/danielmatos\/no-dia-mundial-da-agua-wellington-lamenta-desabastecimento-e-promessa-nao-cumprida-de-inauguracao-de-adutora\/#primaryimage\",\"url\":\"https:\/\/www.blogsoestado.com\/danielmatos\/files\/2018\/03\/w-agua.jpg\",\"contentUrl\":\"https:\/\/www.blogsoestado.com\/danielmatos\/files\/2018\/03\/w-agua.jpg\"},{\"@type\":\"BreadcrumbList\",\"@id\":\"https:\/\/www.blogsoestado.com\/danielmatos\/no-dia-mundial-da-agua-wellington-lamenta-desabastecimento-e-promessa-nao-cumprida-de-inauguracao-de-adutora\/#breadcrumb\",\"itemListElement\":[{\"@type\":\"ListItem\",\"position\":1,\"name\":\"In\u00edcio\",\"item\":\"https:\/\/www.blogsoestado.com\/danielmatos\/\"},{\"@type\":\"ListItem\",\"position\":2,\"name\":\"No Dia Mundial da \u00c1gua, Wellington lamenta desabastecimento e promessa n\u00e3o cumprida de inaugura\u00e7\u00e3o de adutora\"}]},{\"@type\":\"WebSite\",\"@id\":\"https:\/\/www.blogsoestado.com\/danielmatos\/#website\",\"url\":\"https:\/\/www.blogsoestado.com\/danielmatos\/\",\"name\":\"Daniel Matos\",\"description\":\"\",\"potentialAction\":[{\"@type\":\"SearchAction\",\"target\":{\"@type\":\"EntryPoint\",\"urlTemplate\":\"https:\/\/www.blogsoestado.com\/danielmatos\/?s={search_term_string}\"},\"query-input\":{\"@type\":\"PropertyValueSpecification\",\"valueRequired\":true,\"valueName\":\"search_term_string\"}}],\"inLanguage\":\"pt-BR\"}]}<\/script>\n<!-- \/ Yoast SEO plugin. -->","yoast_head_json":{"title":"No Dia Mundial da \u00c1gua, Wellington lamenta desabastecimento e promessa n\u00e3o cumprida de inaugura\u00e7\u00e3o de adutora - Daniel Matos","robots":{"index":"index","follow":"follow","max-snippet":"max-snippet:-1","max-image-preview":"max-image-preview:large","max-video-preview":"max-video-preview:-1"},"canonical":"https:\/\/www.blogsoestado.com\/danielmatos\/no-dia-mundial-da-agua-wellington-lamenta-desabastecimento-e-promessa-nao-cumprida-de-inauguracao-de-adutora\/","og_locale":"pt_BR","og_type":"article","og_title":"No Dia Mundial da \u00c1gua, Wellington lamenta desabastecimento e promessa n\u00e3o cumprida de inaugura\u00e7\u00e3o de adutora - Daniel Matos","og_description":"Durante a sess\u00e3o plen\u00e1ria desta quinta-feira (22), o deputado estadual progressista Wellington do Curso utilizou a tribuna da Assembleia Legislativa [&hellip;]","og_url":"https:\/\/www.blogsoestado.com\/danielmatos\/no-dia-mundial-da-agua-wellington-lamenta-desabastecimento-e-promessa-nao-cumprida-de-inauguracao-de-adutora\/","og_site_name":"Daniel Matos","article_published_time":"2018-03-22T23:00:56+00:00","og_image":[{"url":"https:\/\/www.blogsoestado.com\/danielmatos\/files\/2018\/03\/w-agua.jpg","type":"","width":"","height":""}],"twitter_card":"summary_large_image","twitter_misc":{"Est. tempo de leitura":"1 minuto"},"schema":{"@context":"https:\/\/schema.org","@graph":[{"@type":"WebPage","@id":"https:\/\/www.blogsoestado.com\/danielmatos\/no-dia-mundial-da-agua-wellington-lamenta-desabastecimento-e-promessa-nao-cumprida-de-inauguracao-de-adutora\/","url":"https:\/\/www.blogsoestado.com\/danielmatos\/no-dia-mundial-da-agua-wellington-lamenta-desabastecimento-e-promessa-nao-cumprida-de-inauguracao-de-adutora\/","name":"No Dia Mundial da \u00c1gua, Wellington lamenta desabastecimento e promessa n\u00e3o cumprida de inaugura\u00e7\u00e3o de adutora - Daniel Matos","isPartOf":{"@id":"https:\/\/www.blogsoestado.com\/danielmatos\/#website"},"primaryImageOfPage":{"@id":"https:\/\/www.blogsoestado.com\/danielmatos\/no-dia-mundial-da-agua-wellington-lamenta-desabastecimento-e-promessa-nao-cumprida-de-inauguracao-de-adutora\/#primaryimage"},"image":{"@id":"https:\/\/www.blogsoestado.com\/danielmatos\/no-dia-mundial-da-agua-wellington-lamenta-desabastecimento-e-promessa-nao-cumprida-de-inauguracao-de-adutora\/#primaryimage"},"thumbnailUrl":"https:\/\/www.blogsoestado.com\/danielmatos\/files\/2018\/03\/w-agua.jpg","datePublished":"2018-03-22T23:00:56+00:00","author":{"@id":""},"breadcrumb":{"@id":"https:\/\/www.blogsoestado.com\/danielmatos\/no-dia-mundial-da-agua-wellington-lamenta-desabastecimento-e-promessa-nao-cumprida-de-inauguracao-de-adutora\/#breadcrumb"},"inLanguage":"pt-BR","potentialAction":[{"@type":"ReadAction","target":["https:\/\/www.blogsoestado.com\/danielmatos\/no-dia-mundial-da-agua-wellington-lamenta-desabastecimento-e-promessa-nao-cumprida-de-inauguracao-de-adutora\/"]}]},{"@type":"ImageObject","inLanguage":"pt-BR","@id":"https:\/\/www.blogsoestado.com\/danielmatos\/no-dia-mundial-da-agua-wellington-lamenta-desabastecimento-e-promessa-nao-cumprida-de-inauguracao-de-adutora\/#primaryimage","url":"https:\/\/www.blogsoestado.com\/danielmatos\/files\/2018\/03\/w-agua.jpg","contentUrl":"https:\/\/www.blogsoestado.com\/danielmatos\/files\/2018\/03\/w-agua.jpg"},{"@type":"BreadcrumbList","@id":"https:\/\/www.blogsoestado.com\/danielmatos\/no-dia-mundial-da-agua-wellington-lamenta-desabastecimento-e-promessa-nao-cumprida-de-inauguracao-de-adutora\/#breadcrumb","itemListElement":[{"@type":"ListItem","position":1,"name":"In\u00edcio","item":"https:\/\/www.blogsoestado.com\/danielmatos\/"},{"@type":"ListItem","position":2,"name":"No Dia Mundial da \u00c1gua, Wellington lamenta desabastecimento e promessa n\u00e3o cumprida de inaugura\u00e7\u00e3o de adutora"}]},{"@type":"WebSite","@id":"https:\/\/www.blogsoestado.com\/danielmatos\/#website","url":"https:\/\/www.blogsoestado.com\/danielmatos\/","name":"Daniel Matos","description":"","potentialAction":[{"@type":"SearchAction","target":{"@type":"EntryPoint","urlTemplate":"https:\/\/www.blogsoestado.com\/danielmatos\/?s={search_term_string}"},"query-input":{"@type":"PropertyValueSpecification","valueRequired":true,"valueName":"search_term_string"}}],"inLanguage":"pt-BR"}]}},"jetpack_featured_media_url":"","_links":{"self":[{"href":"https:\/\/www.blogsoestado.com\/danielmatos\/wp-json\/wp\/v2\/posts\/49688","targetHints":{"allow":["GET"]}}],"collection":[{"href":"https:\/\/www.blogsoestado.com\/danielmatos\/wp-json\/wp\/v2\/posts"}],"about":[{"href":"https:\/\/www.blogsoestado.com\/danielmatos\/wp-json\/wp\/v2\/types\/post"}],"replies":[{"embeddable":true,"href":"https:\/\/www.blogsoestado.com\/danielmatos\/wp-json\/wp\/v2\/comments?post=49688"}],"version-history":[{"count":0,"href":"https:\/\/www.blogsoestado.com\/danielmatos\/wp-json\/wp\/v2\/posts\/49688\/revisions"}],"wp:attachment":[{"href":"https:\/\/www.blogsoestado.com\/danielmatos\/wp-json\/wp\/v2\/media?parent=49688"}],"wp:term":[{"taxonomy":"category","embeddable":true,"href":"https:\/\/www.blogsoestado.com\/danielmatos\/wp-json\/wp\/v2\/categories?post=49688"},{"taxonomy":"post_tag","embeddable":true,"href":"https:\/\/www.blogsoestado.com\/danielmatos\/wp-json\/wp\/v2\/tags?post=49688"}],"curies":[{"name":"wp","href":"https:\/\/api.w.org\/{rel}","templated":true}]}}