{"id":49691,"date":"2018-03-22T18:56:09","date_gmt":"2018-03-22T21:56:09","guid":{"rendered":"https:\/\/www.blogsoestado.com\/danielmatos\/?p=49691"},"modified":"2018-03-22T18:56:09","modified_gmt":"2018-03-22T21:56:09","slug":"video-povo-protesta-em-evento-do-governo-flavio-dino-no-centenario-de-balsas","status":"publish","type":"post","link":"https:\/\/www.blogsoestado.com\/danielmatos\/video-povo-protesta-em-evento-do-governo-flavio-dino-no-centenario-de-balsas\/","title":{"rendered":"V\u00eddeo: povo protesta em evento do governo Fl\u00e1vio Dino no centen\u00e1rio de Balsas"},"content":{"rendered":"<p>Um grupo formado por professores e membros da comunidade fez um protesto durante a cerim\u00f4nia de inaugura\u00e7\u00e3o de uma creche no povo Aldeia, em Balsas, em alus\u00e3o ao anivers\u00e1rio de 100 anos do munic\u00edpio. Na presen\u00e7a do secret\u00e1rio de Estado da Agricultura, Pecu\u00e1ria e Pesca, M\u00e1rcio Honaiser, que representava o governador Fl\u00e1vio Dino (PCdoB) na solenidade, os manifestantes exibiram cartazes com reivindica\u00e7\u00f5es \u00e0s autoridades, em diferentes \u00e1reas.<\/p>\n<p>Logo na abertura do ato, enquanto uma banda executava o hino nacional, o grupo empunhava os cartazes, com as seguintes mensagens: &#8220;Estamos de olhos abertos&#8221;, &#8220;somos cidad\u00e3os e merecemos respeito&#8221;, &#8220;vergonha um reajuste de 3%&#8221;, &#8220;salas super lotadas&#8221;, &#8220;precisamos de educa\u00e7\u00e3o, sa\u00fade, infraestrutura e seguran\u00e7a&#8221;, &#8220;Aldeia, uma comunidade esquecida pelo poder p\u00fablico&#8221;, &#8220;obras inacabadas, ruas esburacadas, um caos&#8221; e &#8220;povoado Aldeia. Merecemos respeito!&#8221;.<\/p>\n<p>Um recado claro do povo insatisfeito a Fl\u00e1vio Dino e ao prefeito aliado Erik Costa, que pode ser entendido como pren\u00fancio de uma resposta nada positiva aos governantes nas urnas, em outubro. <strong>Assista:<\/strong><\/p>\n<div class=\"ast-oembed-container \" style=\"height: 100%;\"><iframe title=\"Estudantes protestam contra Fl\u00e1vio Dino em Balsas\" width=\"500\" height=\"375\" src=\"https:\/\/www.youtube.com\/embed\/To31O-ycEYc?feature=oembed\" frameborder=\"0\" allow=\"accelerometer; autoplay; clipboard-write; encrypted-media; gyroscope; picture-in-picture; web-share\" referrerpolicy=\"strict-origin-when-cross-origin\" allowfullscreen><\/iframe><\/div>\n","protected":false},"excerpt":{"rendered":"<p>Um grupo formado por professores e membros da comunidade fez um protesto durante a cerim\u00f4nia de inaugura\u00e7\u00e3o de uma creche [&hellip;]<\/p>\n","protected":false},"author":0,"featured_media":0,"comment_status":"open","ping_status":"open","sticky":false,"template":"","format":"standard","meta":{"site-sidebar-layout":"default","site-content-layout":"","ast-site-content-layout":"default","site-content-style":"default","site-sidebar-style":"default","ast-global-header-display":"","ast-banner-title-visibility":"","ast-main-header-display":"","ast-hfb-above-header-display":"","ast-hfb-below-header-display":"","ast-hfb-mobile-header-display":"","site-post-title":"","ast-breadcrumbs-content":"","ast-featured-img":"","footer-sml-layout":"","ast-disable-related-posts":"","theme-transparent-header-meta":"","adv-header-id-meta":"","stick-header-meta":"","header-above-stick-meta":"","header-main-stick-meta":"","header-below-stick-meta":"","astra-migrate-meta-layouts":"default","ast-page-background-enabled":"default","ast-page-background-meta":{"desktop":{"background-color":"var(--ast-global-color-5)","background-image":"","background-repeat":"repeat","background-position":"center center","background-size":"auto","background-attachment":"scroll","background-type":"","background-media":"","overlay-type":"","overlay-color":"","overlay-opacity":"","overlay-gradient":""},"tablet":{"background-color":"","background-image":"","background-repeat":"repeat","background-position":"center center","background-size":"auto","background-attachment":"scroll","background-type":"","background-media":"","overlay-type":"","overlay-color":"","overlay-opacity":"","overlay-gradient":""},"mobile":{"background-color":"","background-image":"","background-repeat":"repeat","background-position":"center center","background-size":"auto","background-attachment":"scroll","background-type":"","background-media":"","overlay-type":"","overlay-color":"","overlay-opacity":"","overlay-gradient":""}},"ast-content-background-meta":{"desktop":{"background-color":"var(--ast-global-color-4)","background-image":"","background-repeat":"repeat","background-position":"center center","background-size":"auto","background-attachment":"scroll","background-type":"","background-media":"","overlay-type":"","overlay-color":"","overlay-opacity":"","overlay-gradient":""},"tablet":{"background-color":"var(--ast-global-color-4)","background-image":"","background-repeat":"repeat","background-position":"center center","background-size":"auto","background-attachment":"scroll","background-type":"","background-media":"","overlay-type":"","overlay-color":"","overlay-opacity":"","overlay-gradient":""},"mobile":{"background-color":"var(--ast-global-color-4)","background-image":"","background-repeat":"repeat","background-position":"center center","background-size":"auto","background-attachment":"scroll","background-type":"","background-media":"","overlay-type":"","overlay-color":"","overlay-opacity":"","overlay-gradient":""}},"footnotes":""},"categories":[1],"tags":[],"class_list":["post-49691","post","type-post","status-publish","format-standard","hentry","category-sem-categoria"],"yoast_head":"<!-- This site is optimized with the Yoast SEO plugin v26.6 - https:\/\/yoast.com\/wordpress\/plugins\/seo\/ -->\n<title>V\u00eddeo: povo protesta em evento do governo Fl\u00e1vio Dino no centen\u00e1rio de Balsas - Daniel Matos<\/title>\n<meta name=\"robots\" content=\"index, follow, max-snippet:-1, max-image-preview:large, max-video-preview:-1\" \/>\n<link rel=\"canonical\" href=\"https:\/\/www.blogsoestado.com\/danielmatos\/video-povo-protesta-em-evento-do-governo-flavio-dino-no-centenario-de-balsas\/\" \/>\n<meta property=\"og:locale\" content=\"pt_BR\" \/>\n<meta property=\"og:type\" content=\"article\" \/>\n<meta property=\"og:title\" content=\"V\u00eddeo: povo protesta em evento do governo Fl\u00e1vio Dino no centen\u00e1rio de Balsas - Daniel Matos\" \/>\n<meta property=\"og:description\" content=\"Um grupo formado por professores e membros da comunidade fez um protesto durante a cerim\u00f4nia de inaugura\u00e7\u00e3o de uma creche [&hellip;]\" \/>\n<meta property=\"og:url\" content=\"https:\/\/www.blogsoestado.com\/danielmatos\/video-povo-protesta-em-evento-do-governo-flavio-dino-no-centenario-de-balsas\/\" \/>\n<meta property=\"og:site_name\" content=\"Daniel Matos\" \/>\n<meta property=\"article:published_time\" content=\"2018-03-22T21:56:09+00:00\" \/>\n<meta name=\"twitter:card\" content=\"summary_large_image\" \/>\n<meta name=\"twitter:label1\" content=\"Est. tempo de leitura\" \/>\n\t<meta name=\"twitter:data1\" content=\"1 minuto\" \/>\n<script type=\"application\/ld+json\" class=\"yoast-schema-graph\">{\"@context\":\"https:\/\/schema.org\",\"@graph\":[{\"@type\":\"WebPage\",\"@id\":\"https:\/\/www.blogsoestado.com\/danielmatos\/video-povo-protesta-em-evento-do-governo-flavio-dino-no-centenario-de-balsas\/\",\"url\":\"https:\/\/www.blogsoestado.com\/danielmatos\/video-povo-protesta-em-evento-do-governo-flavio-dino-no-centenario-de-balsas\/\",\"name\":\"V\u00eddeo: povo protesta em evento do governo Fl\u00e1vio Dino no centen\u00e1rio de Balsas - Daniel Matos\",\"isPartOf\":{\"@id\":\"https:\/\/www.blogsoestado.com\/danielmatos\/#website\"},\"datePublished\":\"2018-03-22T21:56:09+00:00\",\"author\":{\"@id\":\"\"},\"breadcrumb\":{\"@id\":\"https:\/\/www.blogsoestado.com\/danielmatos\/video-povo-protesta-em-evento-do-governo-flavio-dino-no-centenario-de-balsas\/#breadcrumb\"},\"inLanguage\":\"pt-BR\",\"potentialAction\":[{\"@type\":\"ReadAction\",\"target\":[\"https:\/\/www.blogsoestado.com\/danielmatos\/video-povo-protesta-em-evento-do-governo-flavio-dino-no-centenario-de-balsas\/\"]}]},{\"@type\":\"BreadcrumbList\",\"@id\":\"https:\/\/www.blogsoestado.com\/danielmatos\/video-povo-protesta-em-evento-do-governo-flavio-dino-no-centenario-de-balsas\/#breadcrumb\",\"itemListElement\":[{\"@type\":\"ListItem\",\"position\":1,\"name\":\"In\u00edcio\",\"item\":\"https:\/\/www.blogsoestado.com\/danielmatos\/\"},{\"@type\":\"ListItem\",\"position\":2,\"name\":\"V\u00eddeo: povo protesta em evento do governo Fl\u00e1vio Dino no centen\u00e1rio de Balsas\"}]},{\"@type\":\"WebSite\",\"@id\":\"https:\/\/www.blogsoestado.com\/danielmatos\/#website\",\"url\":\"https:\/\/www.blogsoestado.com\/danielmatos\/\",\"name\":\"Daniel Matos\",\"description\":\"\",\"potentialAction\":[{\"@type\":\"SearchAction\",\"target\":{\"@type\":\"EntryPoint\",\"urlTemplate\":\"https:\/\/www.blogsoestado.com\/danielmatos\/?s={search_term_string}\"},\"query-input\":{\"@type\":\"PropertyValueSpecification\",\"valueRequired\":true,\"valueName\":\"search_term_string\"}}],\"inLanguage\":\"pt-BR\"}]}<\/script>\n<!-- \/ Yoast SEO plugin. -->","yoast_head_json":{"title":"V\u00eddeo: povo protesta em evento do governo Fl\u00e1vio Dino no centen\u00e1rio de Balsas - Daniel Matos","robots":{"index":"index","follow":"follow","max-snippet":"max-snippet:-1","max-image-preview":"max-image-preview:large","max-video-preview":"max-video-preview:-1"},"canonical":"https:\/\/www.blogsoestado.com\/danielmatos\/video-povo-protesta-em-evento-do-governo-flavio-dino-no-centenario-de-balsas\/","og_locale":"pt_BR","og_type":"article","og_title":"V\u00eddeo: povo protesta em evento do governo Fl\u00e1vio Dino no centen\u00e1rio de Balsas - Daniel Matos","og_description":"Um grupo formado por professores e membros da comunidade fez um protesto durante a cerim\u00f4nia de inaugura\u00e7\u00e3o de uma creche [&hellip;]","og_url":"https:\/\/www.blogsoestado.com\/danielmatos\/video-povo-protesta-em-evento-do-governo-flavio-dino-no-centenario-de-balsas\/","og_site_name":"Daniel Matos","article_published_time":"2018-03-22T21:56:09+00:00","twitter_card":"summary_large_image","twitter_misc":{"Est. tempo de leitura":"1 minuto"},"schema":{"@context":"https:\/\/schema.org","@graph":[{"@type":"WebPage","@id":"https:\/\/www.blogsoestado.com\/danielmatos\/video-povo-protesta-em-evento-do-governo-flavio-dino-no-centenario-de-balsas\/","url":"https:\/\/www.blogsoestado.com\/danielmatos\/video-povo-protesta-em-evento-do-governo-flavio-dino-no-centenario-de-balsas\/","name":"V\u00eddeo: povo protesta em evento do governo Fl\u00e1vio Dino no centen\u00e1rio de Balsas - Daniel Matos","isPartOf":{"@id":"https:\/\/www.blogsoestado.com\/danielmatos\/#website"},"datePublished":"2018-03-22T21:56:09+00:00","author":{"@id":""},"breadcrumb":{"@id":"https:\/\/www.blogsoestado.com\/danielmatos\/video-povo-protesta-em-evento-do-governo-flavio-dino-no-centenario-de-balsas\/#breadcrumb"},"inLanguage":"pt-BR","potentialAction":[{"@type":"ReadAction","target":["https:\/\/www.blogsoestado.com\/danielmatos\/video-povo-protesta-em-evento-do-governo-flavio-dino-no-centenario-de-balsas\/"]}]},{"@type":"BreadcrumbList","@id":"https:\/\/www.blogsoestado.com\/danielmatos\/video-povo-protesta-em-evento-do-governo-flavio-dino-no-centenario-de-balsas\/#breadcrumb","itemListElement":[{"@type":"ListItem","position":1,"name":"In\u00edcio","item":"https:\/\/www.blogsoestado.com\/danielmatos\/"},{"@type":"ListItem","position":2,"name":"V\u00eddeo: povo protesta em evento do governo Fl\u00e1vio Dino no centen\u00e1rio de Balsas"}]},{"@type":"WebSite","@id":"https:\/\/www.blogsoestado.com\/danielmatos\/#website","url":"https:\/\/www.blogsoestado.com\/danielmatos\/","name":"Daniel Matos","description":"","potentialAction":[{"@type":"SearchAction","target":{"@type":"EntryPoint","urlTemplate":"https:\/\/www.blogsoestado.com\/danielmatos\/?s={search_term_string}"},"query-input":{"@type":"PropertyValueSpecification","valueRequired":true,"valueName":"search_term_string"}}],"inLanguage":"pt-BR"}]}},"jetpack_featured_media_url":"","_links":{"self":[{"href":"https:\/\/www.blogsoestado.com\/danielmatos\/wp-json\/wp\/v2\/posts\/49691","targetHints":{"allow":["GET"]}}],"collection":[{"href":"https:\/\/www.blogsoestado.com\/danielmatos\/wp-json\/wp\/v2\/posts"}],"about":[{"href":"https:\/\/www.blogsoestado.com\/danielmatos\/wp-json\/wp\/v2\/types\/post"}],"replies":[{"embeddable":true,"href":"https:\/\/www.blogsoestado.com\/danielmatos\/wp-json\/wp\/v2\/comments?post=49691"}],"version-history":[{"count":0,"href":"https:\/\/www.blogsoestado.com\/danielmatos\/wp-json\/wp\/v2\/posts\/49691\/revisions"}],"wp:attachment":[{"href":"https:\/\/www.blogsoestado.com\/danielmatos\/wp-json\/wp\/v2\/media?parent=49691"}],"wp:term":[{"taxonomy":"category","embeddable":true,"href":"https:\/\/www.blogsoestado.com\/danielmatos\/wp-json\/wp\/v2\/categories?post=49691"},{"taxonomy":"post_tag","embeddable":true,"href":"https:\/\/www.blogsoestado.com\/danielmatos\/wp-json\/wp\/v2\/tags?post=49691"}],"curies":[{"name":"wp","href":"https:\/\/api.w.org\/{rel}","templated":true}]}}