{"id":49861,"date":"2018-03-28T11:09:05","date_gmt":"2018-03-28T14:09:05","guid":{"rendered":"https:\/\/www.blogsoestado.com\/danielmatos\/?p=49861"},"modified":"2018-03-28T11:09:05","modified_gmt":"2018-03-28T14:09:05","slug":"mpf-denuncia-delegado-politico-militares-e-empresarios-por-contrabando","status":"publish","type":"post","link":"https:\/\/www.blogsoestado.com\/danielmatos\/mpf-denuncia-delegado-politico-militares-e-empresarios-por-contrabando\/","title":{"rendered":"MPF denuncia delegado, pol\u00edtico, militares e empres\u00e1rios por contrabando"},"content":{"rendered":"<figure id=\"attachment_49090\" aria-describedby=\"caption-attachment-49090\" style=\"width: 300px\" class=\"wp-caption alignright\"><img fetchpriority=\"high\" decoding=\"async\" class=\"size-full wp-image-49090\" src=\"https:\/\/www.blogsoestado.com\/danielmatos\/files\/2018\/03\/bardal.jpg\" alt=\"\" width=\"300\" height=\"383\" \/><figcaption id=\"caption-attachment-49090\" class=\"wp-caption-text\">Delegado Thiago Bardal \u00e9 um dos denunciados pelo MPF por contrabando<\/figcaption><\/figure>\n<p>O Minist\u00e9rio P\u00fablico Federal (MPF) no Maranh\u00e3o ofereceu den\u00fancia \u00e0 Justi\u00e7a Federal contra 13 pessoas, entre policiais militares, delegado da Pol\u00edcia Civil, pol\u00edtico e empres\u00e1rios, acusadas de integrarem organiza\u00e7\u00e3o criminosa especializada no contrabando de cigarros e descaminho de bebidas para S\u00e3o Lu\u00eds (MA). Foi pedida a manuten\u00e7\u00e3o das pris\u00f5es preventivas e medidas cautelares, al\u00e9m da condena\u00e7\u00e3o dos denunciados pela pr\u00e1tica dos crimes de organiza\u00e7\u00e3o criminosa, contrabando, descaminho, corrup\u00e7\u00e3o, falsidade documental, posse irregular de arma de fogo e porte ilegal de arma de fogo de uso restrito.<\/p>\n<p>Entre os denunciados est\u00e3o o ex-vice-prefeito de S\u00e3o Mateus (MA) Rog\u00e9rio Sousa Garcia; o delegado da Pol\u00edcia Civil Tiago Mattos Bardal; o coronel da Pol\u00edcia Militar (PM) Reinaldo Elias Francalanci; o major da PM Luciano F\u00e1bio Farias Rangel; o sub-tenente da PM Joaquim Pereira de Carvalho Filho; o soldado da PM Fernando Paiva Moraes J\u00fanior; o advogado Ricardo Jefferson Muniz Belo; Jos\u00e9 Carlos Gon\u00e7alves; Galdino do Livramento Santos e Evandro da Costa Ara\u00fajo, que tiveram a manuten\u00e7\u00e3o de suas pris\u00f5es preventivas requerida.<\/p>\n<p>Tamb\u00e9m foram denunciados Rodrigo Santana Mendes, Edimilson Silva Macedo e o tenente da PM aposentado Aroudo Jo\u00e3o Padilha Martins, para os quais foi pedida a aplica\u00e7\u00e3o de medidas cautelares, que incluem o comparecimento mensal em ju\u00edzo para justificar sua atividade, proibi\u00e7\u00e3o de ausentar-se da comarca em que reside e de manter contato com os demais denunciados.<\/p>\n<p><strong>Laudos e depoimentos<\/strong><\/p>\n<p>A den\u00fancia foi formulada pelos procuradores da Rep\u00fablica Carolina da Hora Mesquita H\u00f6hn, Juraci Guimar\u00e3es J\u00fanior e Marcilio Nunes Medeiros, designados pela Procuradora-Geral da Rep\u00fablica Raquel Dodge para atuar conjuntamente na investiga\u00e7\u00e3o, e baseou-se em laudos elaborados pela Pol\u00edcia Civil e Pol\u00edcia Federal, al\u00e9m de depoimentos de testemunhas, policiais civis e militares e apreens\u00e3o de mercadorias il\u00edcitas e armas sem registros.<\/p>\n<p><strong>Entenda o caso<\/strong><\/p>\n<p>A organiza\u00e7\u00e3o criminosa foi desbaratada por opera\u00e7\u00e3o policial realizada em um s\u00edtio localizado no bairro do Quebra Pote, em fevereiro deste ano, pr\u00f3ximo ao porto do Arraial, por onde os produtos eram descarregados e posteriormente armazenados em galp\u00f5es. Durante a abordagem policial na qual parte do grupo criminoso foi presa em flagrante, em 21 de fevereiro, foram apreendidas 6 pistolas, revolver, 18 carregadores de pistolas, mais de 200 muni\u00e7\u00f5es, 2 granadas, 2 rifles e um bin\u00f3culo de vis\u00e3o noturna.<\/p>\n<p>Tamb\u00e9m foram encontradas 877 caixas de whisky e 6.165 caixas de cigarros, localizadas em dois galp\u00f5es de armazenamento, um no porto do Arraial e outro na Vila Esperan\u00e7a. O valor das mercadorias apreendidas, whiskys e cigarros de proced\u00eancia estrangeira ilegal, totaliza R$ 16.371.371,07.<\/p>\n<p><strong>Fonte:<\/strong> Minist\u00e9rio P\u00fablico do Maranh\u00e3o<\/p>\n","protected":false},"excerpt":{"rendered":"<p>O Minist\u00e9rio P\u00fablico Federal (MPF) no Maranh\u00e3o ofereceu den\u00fancia \u00e0 Justi\u00e7a Federal contra 13 pessoas, entre policiais militares, delegado da [&hellip;]<\/p>\n","protected":false},"author":0,"featured_media":0,"comment_status":"open","ping_status":"open","sticky":false,"template":"","format":"standard","meta":{"site-sidebar-layout":"default","site-content-layout":"","ast-site-content-layout":"default","site-content-style":"default","site-sidebar-style":"default","ast-global-header-display":"","ast-banner-title-visibility":"","ast-main-header-display":"","ast-hfb-above-header-display":"","ast-hfb-below-header-display":"","ast-hfb-mobile-header-display":"","site-post-title":"","ast-breadcrumbs-content":"","ast-featured-img":"","footer-sml-layout":"","ast-disable-related-posts":"","theme-transparent-header-meta":"","adv-header-id-meta":"","stick-header-meta":"","header-above-stick-meta":"","header-main-stick-meta":"","header-below-stick-meta":"","astra-migrate-meta-layouts":"default","ast-page-background-enabled":"default","ast-page-background-meta":{"desktop":{"background-color":"var(--ast-global-color-5)","background-image":"","background-repeat":"repeat","background-position":"center center","background-size":"auto","background-attachment":"scroll","background-type":"","background-media":"","overlay-type":"","overlay-color":"","overlay-opacity":"","overlay-gradient":""},"tablet":{"background-color":"","background-image":"","background-repeat":"repeat","background-position":"center center","background-size":"auto","background-attachment":"scroll","background-type":"","background-media":"","overlay-type":"","overlay-color":"","overlay-opacity":"","overlay-gradient":""},"mobile":{"background-color":"","background-image":"","background-repeat":"repeat","background-position":"center center","background-size":"auto","background-attachment":"scroll","background-type":"","background-media":"","overlay-type":"","overlay-color":"","overlay-opacity":"","overlay-gradient":""}},"ast-content-background-meta":{"desktop":{"background-color":"var(--ast-global-color-4)","background-image":"","background-repeat":"repeat","background-position":"center center","background-size":"auto","background-attachment":"scroll","background-type":"","background-media":"","overlay-type":"","overlay-color":"","overlay-opacity":"","overlay-gradient":""},"tablet":{"background-color":"var(--ast-global-color-4)","background-image":"","background-repeat":"repeat","background-position":"center center","background-size":"auto","background-attachment":"scroll","background-type":"","background-media":"","overlay-type":"","overlay-color":"","overlay-opacity":"","overlay-gradient":""},"mobile":{"background-color":"var(--ast-global-color-4)","background-image":"","background-repeat":"repeat","background-position":"center center","background-size":"auto","background-attachment":"scroll","background-type":"","background-media":"","overlay-type":"","overlay-color":"","overlay-opacity":"","overlay-gradient":""}},"footnotes":""},"categories":[1],"tags":[],"class_list":["post-49861","post","type-post","status-publish","format-standard","hentry","category-sem-categoria"],"yoast_head":"<!-- This site is optimized with the Yoast SEO plugin v26.6 - https:\/\/yoast.com\/wordpress\/plugins\/seo\/ -->\n<title>MPF denuncia delegado, pol\u00edtico, militares e empres\u00e1rios por contrabando - Daniel Matos<\/title>\n<meta name=\"robots\" content=\"index, follow, max-snippet:-1, max-image-preview:large, max-video-preview:-1\" \/>\n<link rel=\"canonical\" href=\"https:\/\/www.blogsoestado.com\/danielmatos\/mpf-denuncia-delegado-politico-militares-e-empresarios-por-contrabando\/\" \/>\n<meta property=\"og:locale\" content=\"pt_BR\" \/>\n<meta property=\"og:type\" content=\"article\" \/>\n<meta property=\"og:title\" content=\"MPF denuncia delegado, pol\u00edtico, militares e empres\u00e1rios por contrabando - Daniel Matos\" \/>\n<meta property=\"og:description\" content=\"O Minist\u00e9rio P\u00fablico Federal (MPF) no Maranh\u00e3o ofereceu den\u00fancia \u00e0 Justi\u00e7a Federal contra 13 pessoas, entre policiais militares, delegado da [&hellip;]\" \/>\n<meta property=\"og:url\" content=\"https:\/\/www.blogsoestado.com\/danielmatos\/mpf-denuncia-delegado-politico-militares-e-empresarios-por-contrabando\/\" \/>\n<meta property=\"og:site_name\" content=\"Daniel Matos\" \/>\n<meta property=\"article:published_time\" content=\"2018-03-28T14:09:05+00:00\" \/>\n<meta property=\"og:image\" content=\"https:\/\/www.blogsoestado.com\/danielmatos\/files\/2018\/03\/bardal.jpg\" \/>\n<meta name=\"twitter:card\" content=\"summary_large_image\" \/>\n<meta name=\"twitter:label1\" content=\"Est. tempo de leitura\" \/>\n\t<meta name=\"twitter:data1\" content=\"2 minutos\" \/>\n<script type=\"application\/ld+json\" class=\"yoast-schema-graph\">{\"@context\":\"https:\/\/schema.org\",\"@graph\":[{\"@type\":\"WebPage\",\"@id\":\"https:\/\/www.blogsoestado.com\/danielmatos\/mpf-denuncia-delegado-politico-militares-e-empresarios-por-contrabando\/\",\"url\":\"https:\/\/www.blogsoestado.com\/danielmatos\/mpf-denuncia-delegado-politico-militares-e-empresarios-por-contrabando\/\",\"name\":\"MPF denuncia delegado, pol\u00edtico, militares e empres\u00e1rios por contrabando - Daniel Matos\",\"isPartOf\":{\"@id\":\"https:\/\/www.blogsoestado.com\/danielmatos\/#website\"},\"primaryImageOfPage\":{\"@id\":\"https:\/\/www.blogsoestado.com\/danielmatos\/mpf-denuncia-delegado-politico-militares-e-empresarios-por-contrabando\/#primaryimage\"},\"image\":{\"@id\":\"https:\/\/www.blogsoestado.com\/danielmatos\/mpf-denuncia-delegado-politico-militares-e-empresarios-por-contrabando\/#primaryimage\"},\"thumbnailUrl\":\"https:\/\/www.blogsoestado.com\/danielmatos\/files\/2018\/03\/bardal.jpg\",\"datePublished\":\"2018-03-28T14:09:05+00:00\",\"author\":{\"@id\":\"\"},\"breadcrumb\":{\"@id\":\"https:\/\/www.blogsoestado.com\/danielmatos\/mpf-denuncia-delegado-politico-militares-e-empresarios-por-contrabando\/#breadcrumb\"},\"inLanguage\":\"pt-BR\",\"potentialAction\":[{\"@type\":\"ReadAction\",\"target\":[\"https:\/\/www.blogsoestado.com\/danielmatos\/mpf-denuncia-delegado-politico-militares-e-empresarios-por-contrabando\/\"]}]},{\"@type\":\"ImageObject\",\"inLanguage\":\"pt-BR\",\"@id\":\"https:\/\/www.blogsoestado.com\/danielmatos\/mpf-denuncia-delegado-politico-militares-e-empresarios-por-contrabando\/#primaryimage\",\"url\":\"https:\/\/www.blogsoestado.com\/danielmatos\/files\/2018\/03\/bardal.jpg\",\"contentUrl\":\"https:\/\/www.blogsoestado.com\/danielmatos\/files\/2018\/03\/bardal.jpg\"},{\"@type\":\"BreadcrumbList\",\"@id\":\"https:\/\/www.blogsoestado.com\/danielmatos\/mpf-denuncia-delegado-politico-militares-e-empresarios-por-contrabando\/#breadcrumb\",\"itemListElement\":[{\"@type\":\"ListItem\",\"position\":1,\"name\":\"In\u00edcio\",\"item\":\"https:\/\/www.blogsoestado.com\/danielmatos\/\"},{\"@type\":\"ListItem\",\"position\":2,\"name\":\"MPF denuncia delegado, pol\u00edtico, militares e empres\u00e1rios por contrabando\"}]},{\"@type\":\"WebSite\",\"@id\":\"https:\/\/www.blogsoestado.com\/danielmatos\/#website\",\"url\":\"https:\/\/www.blogsoestado.com\/danielmatos\/\",\"name\":\"Daniel Matos\",\"description\":\"\",\"potentialAction\":[{\"@type\":\"SearchAction\",\"target\":{\"@type\":\"EntryPoint\",\"urlTemplate\":\"https:\/\/www.blogsoestado.com\/danielmatos\/?s={search_term_string}\"},\"query-input\":{\"@type\":\"PropertyValueSpecification\",\"valueRequired\":true,\"valueName\":\"search_term_string\"}}],\"inLanguage\":\"pt-BR\"}]}<\/script>\n<!-- \/ Yoast SEO plugin. -->","yoast_head_json":{"title":"MPF denuncia delegado, pol\u00edtico, militares e empres\u00e1rios por contrabando - Daniel Matos","robots":{"index":"index","follow":"follow","max-snippet":"max-snippet:-1","max-image-preview":"max-image-preview:large","max-video-preview":"max-video-preview:-1"},"canonical":"https:\/\/www.blogsoestado.com\/danielmatos\/mpf-denuncia-delegado-politico-militares-e-empresarios-por-contrabando\/","og_locale":"pt_BR","og_type":"article","og_title":"MPF denuncia delegado, pol\u00edtico, militares e empres\u00e1rios por contrabando - Daniel Matos","og_description":"O Minist\u00e9rio P\u00fablico Federal (MPF) no Maranh\u00e3o ofereceu den\u00fancia \u00e0 Justi\u00e7a Federal contra 13 pessoas, entre policiais militares, delegado da [&hellip;]","og_url":"https:\/\/www.blogsoestado.com\/danielmatos\/mpf-denuncia-delegado-politico-militares-e-empresarios-por-contrabando\/","og_site_name":"Daniel Matos","article_published_time":"2018-03-28T14:09:05+00:00","og_image":[{"url":"https:\/\/www.blogsoestado.com\/danielmatos\/files\/2018\/03\/bardal.jpg","type":"","width":"","height":""}],"twitter_card":"summary_large_image","twitter_misc":{"Est. tempo de leitura":"2 minutos"},"schema":{"@context":"https:\/\/schema.org","@graph":[{"@type":"WebPage","@id":"https:\/\/www.blogsoestado.com\/danielmatos\/mpf-denuncia-delegado-politico-militares-e-empresarios-por-contrabando\/","url":"https:\/\/www.blogsoestado.com\/danielmatos\/mpf-denuncia-delegado-politico-militares-e-empresarios-por-contrabando\/","name":"MPF denuncia delegado, pol\u00edtico, militares e empres\u00e1rios por contrabando - Daniel Matos","isPartOf":{"@id":"https:\/\/www.blogsoestado.com\/danielmatos\/#website"},"primaryImageOfPage":{"@id":"https:\/\/www.blogsoestado.com\/danielmatos\/mpf-denuncia-delegado-politico-militares-e-empresarios-por-contrabando\/#primaryimage"},"image":{"@id":"https:\/\/www.blogsoestado.com\/danielmatos\/mpf-denuncia-delegado-politico-militares-e-empresarios-por-contrabando\/#primaryimage"},"thumbnailUrl":"https:\/\/www.blogsoestado.com\/danielmatos\/files\/2018\/03\/bardal.jpg","datePublished":"2018-03-28T14:09:05+00:00","author":{"@id":""},"breadcrumb":{"@id":"https:\/\/www.blogsoestado.com\/danielmatos\/mpf-denuncia-delegado-politico-militares-e-empresarios-por-contrabando\/#breadcrumb"},"inLanguage":"pt-BR","potentialAction":[{"@type":"ReadAction","target":["https:\/\/www.blogsoestado.com\/danielmatos\/mpf-denuncia-delegado-politico-militares-e-empresarios-por-contrabando\/"]}]},{"@type":"ImageObject","inLanguage":"pt-BR","@id":"https:\/\/www.blogsoestado.com\/danielmatos\/mpf-denuncia-delegado-politico-militares-e-empresarios-por-contrabando\/#primaryimage","url":"https:\/\/www.blogsoestado.com\/danielmatos\/files\/2018\/03\/bardal.jpg","contentUrl":"https:\/\/www.blogsoestado.com\/danielmatos\/files\/2018\/03\/bardal.jpg"},{"@type":"BreadcrumbList","@id":"https:\/\/www.blogsoestado.com\/danielmatos\/mpf-denuncia-delegado-politico-militares-e-empresarios-por-contrabando\/#breadcrumb","itemListElement":[{"@type":"ListItem","position":1,"name":"In\u00edcio","item":"https:\/\/www.blogsoestado.com\/danielmatos\/"},{"@type":"ListItem","position":2,"name":"MPF denuncia delegado, pol\u00edtico, militares e empres\u00e1rios por contrabando"}]},{"@type":"WebSite","@id":"https:\/\/www.blogsoestado.com\/danielmatos\/#website","url":"https:\/\/www.blogsoestado.com\/danielmatos\/","name":"Daniel Matos","description":"","potentialAction":[{"@type":"SearchAction","target":{"@type":"EntryPoint","urlTemplate":"https:\/\/www.blogsoestado.com\/danielmatos\/?s={search_term_string}"},"query-input":{"@type":"PropertyValueSpecification","valueRequired":true,"valueName":"search_term_string"}}],"inLanguage":"pt-BR"}]}},"jetpack_featured_media_url":"","_links":{"self":[{"href":"https:\/\/www.blogsoestado.com\/danielmatos\/wp-json\/wp\/v2\/posts\/49861","targetHints":{"allow":["GET"]}}],"collection":[{"href":"https:\/\/www.blogsoestado.com\/danielmatos\/wp-json\/wp\/v2\/posts"}],"about":[{"href":"https:\/\/www.blogsoestado.com\/danielmatos\/wp-json\/wp\/v2\/types\/post"}],"replies":[{"embeddable":true,"href":"https:\/\/www.blogsoestado.com\/danielmatos\/wp-json\/wp\/v2\/comments?post=49861"}],"version-history":[{"count":0,"href":"https:\/\/www.blogsoestado.com\/danielmatos\/wp-json\/wp\/v2\/posts\/49861\/revisions"}],"wp:attachment":[{"href":"https:\/\/www.blogsoestado.com\/danielmatos\/wp-json\/wp\/v2\/media?parent=49861"}],"wp:term":[{"taxonomy":"category","embeddable":true,"href":"https:\/\/www.blogsoestado.com\/danielmatos\/wp-json\/wp\/v2\/categories?post=49861"},{"taxonomy":"post_tag","embeddable":true,"href":"https:\/\/www.blogsoestado.com\/danielmatos\/wp-json\/wp\/v2\/tags?post=49861"}],"curies":[{"name":"wp","href":"https:\/\/api.w.org\/{rel}","templated":true}]}}