{"id":49901,"date":"2018-03-29T13:30:19","date_gmt":"2018-03-29T16:30:19","guid":{"rendered":"https:\/\/www.blogsoestado.com\/danielmatos\/?p=49901"},"modified":"2018-03-29T13:30:19","modified_gmt":"2018-03-29T16:30:19","slug":"edivaldo-holanda-agradece-homenagem-da-camara-e-destaca-trabalho-de-astro-de-ogum","status":"publish","type":"post","link":"https:\/\/www.blogsoestado.com\/danielmatos\/edivaldo-holanda-agradece-homenagem-da-camara-e-destaca-trabalho-de-astro-de-ogum\/","title":{"rendered":"Edivaldo Holanda agradece homenagem da C\u00e2mara e destaca trabalho de Astro de Ogum"},"content":{"rendered":"<figure id=\"attachment_49902\" aria-describedby=\"caption-attachment-49902\" style=\"width: 448px\" class=\"wp-caption alignleft\"><img fetchpriority=\"high\" decoding=\"async\" class=\"size-full wp-image-49902\" src=\"https:\/\/www.blogsoestado.com\/danielmatos\/files\/2018\/03\/edivaldo-astro-homenagem.jpg\" alt=\"\" width=\"448\" height=\"297\" \/><figcaption id=\"caption-attachment-49902\" class=\"wp-caption-text\">Edivaldo Holanda disse que Astro de Ogum tem desenvolvido um trabalho exemplar na C\u00e2mara<\/figcaption><\/figure>\n<p>O deputado Edivaldo Holanda (PTC), ocupou a tribuna da Assembleia Legislativa na tarde de segunda-feira (26), para destacar as a\u00e7\u00f5es desenvolvidas pelo presidente da C\u00e2mara Municipal de S\u00e3o Luis, vereador Astro de Ogum (PR), ao mesmo tempo em que rememorou o seu per\u00edodo como vereador de S\u00e3o Luis, na d\u00e9cada de 1970, lembrando que foi eleito presidente daquela casa parlamentar numa situa\u00e7\u00e3o inusitada, j\u00e1 que n\u00e3o tinha o apoio do prefeito da \u00e9poca, advers\u00e1rio declarado e que ele e seu grupo realizaram a elei\u00e7\u00e3o em plena Pra\u00e7a Jo\u00e3o Lisboa.<\/p>\n<p>O parlamentar agradeceu a placa de honra ao m\u00e9rito recebida na semana passada na C\u00e2mara Municipal, quando, por iniciativa do presidente Astro, todos os ex-presidentes foram distinguidos com a honraria. Ressaltou ainda o deputado: \u201c A C\u00e2mara de S\u00e3o Luis completar\u00e1, este ano, 400 anos. \u00c9 a segunda mais antiga casa parlamentar municipal do Brasil, tendo em sua presid\u00eancia hoje um dos vereadores mais din\u00e2micos que, como presidente deste parlamento, tem feito um trabalho extraordin\u00e1rio na \u00e1rea social, na reestrutura\u00e7\u00e3o daquele poder. O vereador Generval Martiniano Moreira Leite, conhecido como Astro de Ogum, tem desenvolvido um trabalho exemplar naquela casa\u201d, destacou Edvaldo Holanda.<\/p>\n<p>Prosseguindo, ela enfatiza: \u201cPor ali eu passei nos primeiros anos da d\u00e9cada de 19 70. Cheguei \u00e0 C\u00e2mara Municipal de S\u00e3o Lu\u00eds ainda muito jovem. E ali, nos anos iniciais daquela d\u00e9cada , fui vereador. \u00c9ramos 17 vereadores, a C\u00e2mara funcionava na Pra\u00e7a Jo\u00e3o Lisboa, em uma antiga padaria, e o plen\u00e1rio era no forno da padaria. Transcorria a o movimento destruidor da democracia do Brasil, a Revolu\u00e7\u00e3o de 31 de mar\u00e7o. Um certo dia, senhoras e senhores deputados, em uma briga entre dois grupos da C\u00e2mara , o vereador Manoel Ribeiro de um lado e a ex-vereadora de saudosa mem\u00f3ria, Lia Rocha Varela, do outro lado.<\/p>\n<p>A vereadora Lia queria prorroga\u00e7\u00e3o do seu mandato de presidente da C\u00e2mara, tendo total apoio do ex-prefeito, ex-governador Jo\u00e3o Castelo, tamb\u00e9m de saudosa mem\u00f3ria, na \u00e9poca governador do estado. Ele quaria a prorroga\u00e7\u00e3o do mandato de sua aliada Lia Varela. E n\u00f3s fomos \u00e0 luta em um embate em plena Pra\u00e7a Jo\u00e3o Lisboa. E, numa cadeira de engraxate, transformada em urna eleitoral, a maioria daquela casa parlamentar me elegeu presidente. Foi naquele local, em frente do Poder, realizamos v\u00e1rias sess\u00f5es. O pleito foi parar no Tribunal de Justi\u00e7a do Estado. Havia, ent\u00e3o, duas mesas e duas sess\u00f5es di\u00e1rias da C\u00e2mara: uma realizada no Poder e a outra na Pra\u00e7a Jo\u00e3o Lisboa, tendo a mim como presidente eleito. Ganhamos na Justi\u00e7a e eu pude tomar posse da presid\u00eancia da C\u00e2mara Municipal de S\u00e3o Lu\u00eds. E eu estou dizendo isto porque recebi uma placa de ex-presidente. Eu fiquei muito feliz, muito honrado em receber esta placa, uma homenagem especial como ex-presidente da C\u00e2mara Municipal de S\u00e3o Lu\u00eds\u201d, afirmou.<\/p>\n<p>Sempre exibindo a placa, o deputado foi mais al\u00e9m, ao assinalar : Esse \u00e9 um orgulho que trago comigo. Terr sido vereador da capital e ter dirigido aquele Poder. E eu l\u00e1 disse que todo pol\u00edtico deveria iniciar a sua vida no plen\u00e1rio de uma C\u00e2mara Municipal, ali \u00e9 a primeira escola, a grande escola. \u00c9 o grande ensinamento. \u00c9 o primeiro contato do pol\u00edtico com o povo, com a comunidade, os embates com os problemas sociais. O vereador \u00e9 um lutador de primeiro momento, de primeira hora ao lado da comunidade. E eu trago comigo este orgulho, esta lembran\u00e7a, este peda\u00e7o da hist\u00f3ria que a minha capital, que a minha cidade de S\u00e3o Lu\u00eds me proporcionou, vereador de S\u00e3o Lu\u00eds, ex-presidente daquele poder.v Agrade\u00e7o a Deus por ter me proporcionado aquele grande momento da minha vida. Agrade\u00e7o ao presidente Astro de Ogum pelo reconhecimento do trabalho realizado naquela Casa. Agrade\u00e7o ao povo de S\u00e3o Lu\u00eds por ter me conduzido a ela. E agrade\u00e7o agora a voc\u00eas, deputados e deputadas, a oportunidade que me concedem de poder expressar tudo isto a todos voc\u00eas. Muito obrigado e que Deus nos aben\u00e7oe a todos\u201d, finalizou.<\/p>\n","protected":false},"excerpt":{"rendered":"<p>O deputado Edivaldo Holanda (PTC), ocupou a tribuna da Assembleia Legislativa na tarde de segunda-feira (26), para destacar as a\u00e7\u00f5es [&hellip;]<\/p>\n","protected":false},"author":0,"featured_media":0,"comment_status":"open","ping_status":"open","sticky":false,"template":"","format":"standard","meta":{"site-sidebar-layout":"default","site-content-layout":"","ast-site-content-layout":"default","site-content-style":"default","site-sidebar-style":"default","ast-global-header-display":"","ast-banner-title-visibility":"","ast-main-header-display":"","ast-hfb-above-header-display":"","ast-hfb-below-header-display":"","ast-hfb-mobile-header-display":"","site-post-title":"","ast-breadcrumbs-content":"","ast-featured-img":"","footer-sml-layout":"","ast-disable-related-posts":"","theme-transparent-header-meta":"","adv-header-id-meta":"","stick-header-meta":"","header-above-stick-meta":"","header-main-stick-meta":"","header-below-stick-meta":"","astra-migrate-meta-layouts":"default","ast-page-background-enabled":"default","ast-page-background-meta":{"desktop":{"background-color":"var(--ast-global-color-5)","background-image":"","background-repeat":"repeat","background-position":"center center","background-size":"auto","background-attachment":"scroll","background-type":"","background-media":"","overlay-type":"","overlay-color":"","overlay-opacity":"","overlay-gradient":""},"tablet":{"background-color":"","background-image":"","background-repeat":"repeat","background-position":"center center","background-size":"auto","background-attachment":"scroll","background-type":"","background-media":"","overlay-type":"","overlay-color":"","overlay-opacity":"","overlay-gradient":""},"mobile":{"background-color":"","background-image":"","background-repeat":"repeat","background-position":"center center","background-size":"auto","background-attachment":"scroll","background-type":"","background-media":"","overlay-type":"","overlay-color":"","overlay-opacity":"","overlay-gradient":""}},"ast-content-background-meta":{"desktop":{"background-color":"var(--ast-global-color-4)","background-image":"","background-repeat":"repeat","background-position":"center center","background-size":"auto","background-attachment":"scroll","background-type":"","background-media":"","overlay-type":"","overlay-color":"","overlay-opacity":"","overlay-gradient":""},"tablet":{"background-color":"var(--ast-global-color-4)","background-image":"","background-repeat":"repeat","background-position":"center center","background-size":"auto","background-attachment":"scroll","background-type":"","background-media":"","overlay-type":"","overlay-color":"","overlay-opacity":"","overlay-gradient":""},"mobile":{"background-color":"var(--ast-global-color-4)","background-image":"","background-repeat":"repeat","background-position":"center center","background-size":"auto","background-attachment":"scroll","background-type":"","background-media":"","overlay-type":"","overlay-color":"","overlay-opacity":"","overlay-gradient":""}},"footnotes":""},"categories":[1],"tags":[],"class_list":["post-49901","post","type-post","status-publish","format-standard","hentry","category-sem-categoria"],"yoast_head":"<!-- This site is optimized with the Yoast SEO plugin v26.6 - https:\/\/yoast.com\/wordpress\/plugins\/seo\/ -->\n<title>Edivaldo Holanda agradece homenagem da C\u00e2mara e destaca trabalho de Astro de Ogum - Daniel Matos<\/title>\n<meta name=\"robots\" content=\"index, follow, max-snippet:-1, max-image-preview:large, max-video-preview:-1\" \/>\n<link rel=\"canonical\" href=\"https:\/\/www.blogsoestado.com\/danielmatos\/edivaldo-holanda-agradece-homenagem-da-camara-e-destaca-trabalho-de-astro-de-ogum\/\" \/>\n<meta property=\"og:locale\" content=\"pt_BR\" \/>\n<meta property=\"og:type\" content=\"article\" \/>\n<meta property=\"og:title\" content=\"Edivaldo Holanda agradece homenagem da C\u00e2mara e destaca trabalho de Astro de Ogum - Daniel Matos\" \/>\n<meta property=\"og:description\" content=\"O deputado Edivaldo Holanda (PTC), ocupou a tribuna da Assembleia Legislativa na tarde de segunda-feira (26), para destacar as a\u00e7\u00f5es [&hellip;]\" \/>\n<meta property=\"og:url\" content=\"https:\/\/www.blogsoestado.com\/danielmatos\/edivaldo-holanda-agradece-homenagem-da-camara-e-destaca-trabalho-de-astro-de-ogum\/\" \/>\n<meta property=\"og:site_name\" content=\"Daniel Matos\" \/>\n<meta property=\"article:published_time\" content=\"2018-03-29T16:30:19+00:00\" \/>\n<meta property=\"og:image\" content=\"https:\/\/www.blogsoestado.com\/danielmatos\/files\/2018\/03\/edivaldo-astro-homenagem.jpg\" \/>\n<meta name=\"twitter:card\" content=\"summary_large_image\" \/>\n<meta name=\"twitter:label1\" content=\"Est. tempo de leitura\" \/>\n\t<meta name=\"twitter:data1\" content=\"4 minutos\" \/>\n<script type=\"application\/ld+json\" class=\"yoast-schema-graph\">{\"@context\":\"https:\/\/schema.org\",\"@graph\":[{\"@type\":\"WebPage\",\"@id\":\"https:\/\/www.blogsoestado.com\/danielmatos\/edivaldo-holanda-agradece-homenagem-da-camara-e-destaca-trabalho-de-astro-de-ogum\/\",\"url\":\"https:\/\/www.blogsoestado.com\/danielmatos\/edivaldo-holanda-agradece-homenagem-da-camara-e-destaca-trabalho-de-astro-de-ogum\/\",\"name\":\"Edivaldo Holanda agradece homenagem da C\u00e2mara e destaca trabalho de Astro de Ogum - Daniel Matos\",\"isPartOf\":{\"@id\":\"https:\/\/www.blogsoestado.com\/danielmatos\/#website\"},\"primaryImageOfPage\":{\"@id\":\"https:\/\/www.blogsoestado.com\/danielmatos\/edivaldo-holanda-agradece-homenagem-da-camara-e-destaca-trabalho-de-astro-de-ogum\/#primaryimage\"},\"image\":{\"@id\":\"https:\/\/www.blogsoestado.com\/danielmatos\/edivaldo-holanda-agradece-homenagem-da-camara-e-destaca-trabalho-de-astro-de-ogum\/#primaryimage\"},\"thumbnailUrl\":\"https:\/\/www.blogsoestado.com\/danielmatos\/files\/2018\/03\/edivaldo-astro-homenagem.jpg\",\"datePublished\":\"2018-03-29T16:30:19+00:00\",\"author\":{\"@id\":\"\"},\"breadcrumb\":{\"@id\":\"https:\/\/www.blogsoestado.com\/danielmatos\/edivaldo-holanda-agradece-homenagem-da-camara-e-destaca-trabalho-de-astro-de-ogum\/#breadcrumb\"},\"inLanguage\":\"pt-BR\",\"potentialAction\":[{\"@type\":\"ReadAction\",\"target\":[\"https:\/\/www.blogsoestado.com\/danielmatos\/edivaldo-holanda-agradece-homenagem-da-camara-e-destaca-trabalho-de-astro-de-ogum\/\"]}]},{\"@type\":\"ImageObject\",\"inLanguage\":\"pt-BR\",\"@id\":\"https:\/\/www.blogsoestado.com\/danielmatos\/edivaldo-holanda-agradece-homenagem-da-camara-e-destaca-trabalho-de-astro-de-ogum\/#primaryimage\",\"url\":\"https:\/\/www.blogsoestado.com\/danielmatos\/files\/2018\/03\/edivaldo-astro-homenagem.jpg\",\"contentUrl\":\"https:\/\/www.blogsoestado.com\/danielmatos\/files\/2018\/03\/edivaldo-astro-homenagem.jpg\"},{\"@type\":\"BreadcrumbList\",\"@id\":\"https:\/\/www.blogsoestado.com\/danielmatos\/edivaldo-holanda-agradece-homenagem-da-camara-e-destaca-trabalho-de-astro-de-ogum\/#breadcrumb\",\"itemListElement\":[{\"@type\":\"ListItem\",\"position\":1,\"name\":\"In\u00edcio\",\"item\":\"https:\/\/www.blogsoestado.com\/danielmatos\/\"},{\"@type\":\"ListItem\",\"position\":2,\"name\":\"Edivaldo Holanda agradece homenagem da C\u00e2mara e destaca trabalho de Astro de Ogum\"}]},{\"@type\":\"WebSite\",\"@id\":\"https:\/\/www.blogsoestado.com\/danielmatos\/#website\",\"url\":\"https:\/\/www.blogsoestado.com\/danielmatos\/\",\"name\":\"Daniel Matos\",\"description\":\"\",\"potentialAction\":[{\"@type\":\"SearchAction\",\"target\":{\"@type\":\"EntryPoint\",\"urlTemplate\":\"https:\/\/www.blogsoestado.com\/danielmatos\/?s={search_term_string}\"},\"query-input\":{\"@type\":\"PropertyValueSpecification\",\"valueRequired\":true,\"valueName\":\"search_term_string\"}}],\"inLanguage\":\"pt-BR\"}]}<\/script>\n<!-- \/ Yoast SEO plugin. -->","yoast_head_json":{"title":"Edivaldo Holanda agradece homenagem da C\u00e2mara e destaca trabalho de Astro de Ogum - Daniel Matos","robots":{"index":"index","follow":"follow","max-snippet":"max-snippet:-1","max-image-preview":"max-image-preview:large","max-video-preview":"max-video-preview:-1"},"canonical":"https:\/\/www.blogsoestado.com\/danielmatos\/edivaldo-holanda-agradece-homenagem-da-camara-e-destaca-trabalho-de-astro-de-ogum\/","og_locale":"pt_BR","og_type":"article","og_title":"Edivaldo Holanda agradece homenagem da C\u00e2mara e destaca trabalho de Astro de Ogum - Daniel Matos","og_description":"O deputado Edivaldo Holanda (PTC), ocupou a tribuna da Assembleia Legislativa na tarde de segunda-feira (26), para destacar as a\u00e7\u00f5es [&hellip;]","og_url":"https:\/\/www.blogsoestado.com\/danielmatos\/edivaldo-holanda-agradece-homenagem-da-camara-e-destaca-trabalho-de-astro-de-ogum\/","og_site_name":"Daniel Matos","article_published_time":"2018-03-29T16:30:19+00:00","og_image":[{"url":"https:\/\/www.blogsoestado.com\/danielmatos\/files\/2018\/03\/edivaldo-astro-homenagem.jpg","type":"","width":"","height":""}],"twitter_card":"summary_large_image","twitter_misc":{"Est. tempo de leitura":"4 minutos"},"schema":{"@context":"https:\/\/schema.org","@graph":[{"@type":"WebPage","@id":"https:\/\/www.blogsoestado.com\/danielmatos\/edivaldo-holanda-agradece-homenagem-da-camara-e-destaca-trabalho-de-astro-de-ogum\/","url":"https:\/\/www.blogsoestado.com\/danielmatos\/edivaldo-holanda-agradece-homenagem-da-camara-e-destaca-trabalho-de-astro-de-ogum\/","name":"Edivaldo Holanda agradece homenagem da C\u00e2mara e destaca trabalho de Astro de Ogum - Daniel Matos","isPartOf":{"@id":"https:\/\/www.blogsoestado.com\/danielmatos\/#website"},"primaryImageOfPage":{"@id":"https:\/\/www.blogsoestado.com\/danielmatos\/edivaldo-holanda-agradece-homenagem-da-camara-e-destaca-trabalho-de-astro-de-ogum\/#primaryimage"},"image":{"@id":"https:\/\/www.blogsoestado.com\/danielmatos\/edivaldo-holanda-agradece-homenagem-da-camara-e-destaca-trabalho-de-astro-de-ogum\/#primaryimage"},"thumbnailUrl":"https:\/\/www.blogsoestado.com\/danielmatos\/files\/2018\/03\/edivaldo-astro-homenagem.jpg","datePublished":"2018-03-29T16:30:19+00:00","author":{"@id":""},"breadcrumb":{"@id":"https:\/\/www.blogsoestado.com\/danielmatos\/edivaldo-holanda-agradece-homenagem-da-camara-e-destaca-trabalho-de-astro-de-ogum\/#breadcrumb"},"inLanguage":"pt-BR","potentialAction":[{"@type":"ReadAction","target":["https:\/\/www.blogsoestado.com\/danielmatos\/edivaldo-holanda-agradece-homenagem-da-camara-e-destaca-trabalho-de-astro-de-ogum\/"]}]},{"@type":"ImageObject","inLanguage":"pt-BR","@id":"https:\/\/www.blogsoestado.com\/danielmatos\/edivaldo-holanda-agradece-homenagem-da-camara-e-destaca-trabalho-de-astro-de-ogum\/#primaryimage","url":"https:\/\/www.blogsoestado.com\/danielmatos\/files\/2018\/03\/edivaldo-astro-homenagem.jpg","contentUrl":"https:\/\/www.blogsoestado.com\/danielmatos\/files\/2018\/03\/edivaldo-astro-homenagem.jpg"},{"@type":"BreadcrumbList","@id":"https:\/\/www.blogsoestado.com\/danielmatos\/edivaldo-holanda-agradece-homenagem-da-camara-e-destaca-trabalho-de-astro-de-ogum\/#breadcrumb","itemListElement":[{"@type":"ListItem","position":1,"name":"In\u00edcio","item":"https:\/\/www.blogsoestado.com\/danielmatos\/"},{"@type":"ListItem","position":2,"name":"Edivaldo Holanda agradece homenagem da C\u00e2mara e destaca trabalho de Astro de Ogum"}]},{"@type":"WebSite","@id":"https:\/\/www.blogsoestado.com\/danielmatos\/#website","url":"https:\/\/www.blogsoestado.com\/danielmatos\/","name":"Daniel Matos","description":"","potentialAction":[{"@type":"SearchAction","target":{"@type":"EntryPoint","urlTemplate":"https:\/\/www.blogsoestado.com\/danielmatos\/?s={search_term_string}"},"query-input":{"@type":"PropertyValueSpecification","valueRequired":true,"valueName":"search_term_string"}}],"inLanguage":"pt-BR"}]}},"jetpack_featured_media_url":"","_links":{"self":[{"href":"https:\/\/www.blogsoestado.com\/danielmatos\/wp-json\/wp\/v2\/posts\/49901","targetHints":{"allow":["GET"]}}],"collection":[{"href":"https:\/\/www.blogsoestado.com\/danielmatos\/wp-json\/wp\/v2\/posts"}],"about":[{"href":"https:\/\/www.blogsoestado.com\/danielmatos\/wp-json\/wp\/v2\/types\/post"}],"replies":[{"embeddable":true,"href":"https:\/\/www.blogsoestado.com\/danielmatos\/wp-json\/wp\/v2\/comments?post=49901"}],"version-history":[{"count":0,"href":"https:\/\/www.blogsoestado.com\/danielmatos\/wp-json\/wp\/v2\/posts\/49901\/revisions"}],"wp:attachment":[{"href":"https:\/\/www.blogsoestado.com\/danielmatos\/wp-json\/wp\/v2\/media?parent=49901"}],"wp:term":[{"taxonomy":"category","embeddable":true,"href":"https:\/\/www.blogsoestado.com\/danielmatos\/wp-json\/wp\/v2\/categories?post=49901"},{"taxonomy":"post_tag","embeddable":true,"href":"https:\/\/www.blogsoestado.com\/danielmatos\/wp-json\/wp\/v2\/tags?post=49901"}],"curies":[{"name":"wp","href":"https:\/\/api.w.org\/{rel}","templated":true}]}}