{"id":49956,"date":"2018-04-01T21:13:25","date_gmt":"2018-04-02T00:13:25","guid":{"rendered":"https:\/\/www.blogsoestado.com\/danielmatos\/?p=49956"},"modified":"2018-04-01T21:13:25","modified_gmt":"2018-04-02T00:13:25","slug":"ssp-confirma-morte-de-tres-medicos-e-piloto-em-queda-de-helicoptero-em-rosario","status":"publish","type":"post","link":"https:\/\/www.blogsoestado.com\/danielmatos\/ssp-confirma-morte-de-tres-medicos-e-piloto-em-queda-de-helicoptero-em-rosario\/","title":{"rendered":"SSP confirma morte de tr\u00eas m\u00e9dicos e piloto em queda de helic\u00f3ptero, em Ros\u00e1rio"},"content":{"rendered":"<figure id=\"attachment_49964\" aria-describedby=\"caption-attachment-49964\" style=\"width: 600px\" class=\"wp-caption aligncenter\"><img fetchpriority=\"high\" decoding=\"async\" class=\"wp-image-49964\" src=\"https:\/\/www.blogsoestado.com\/danielmatos\/files\/2018\/04\/IMG-20180401-WA0065-576x1024.jpg\" alt=\"\" width=\"600\" height=\"1067\" \/><figcaption id=\"caption-attachment-49964\" class=\"wp-caption-text\">Equipes de resgate e curiosos no local onde a aeronave caiu<\/figcaption><\/figure>\n<p>A Secretaria de Seguran\u00e7a P\u00fablica do Maranh\u00e3o (SSP-MA) informa que na tarde deste domingo (1), o helic\u00f3ptero &#8211; modelo Robson 44, prefixo PP- WRV- caiu em uma fazenda localizada entre os povoados Miritil e Lentel, pr\u00f3ximo ao munic\u00edpio de Ros\u00e1rio.<\/p>\n<p>Equipes do Corpo de Bombeiros Militar do Maranh\u00e3o, uma ambul\u00e2ncia e um caminh\u00e3o de combate a inc\u00eandio foram mobilizados para a opera\u00e7\u00e3o de resgate das quatro v\u00edtimas que estavam presas nas ferragens da aeronave.<\/p>\n<p>Os passageiros Jos\u00e9 Cleber Luz Ara\u00fajo, Jonas Eloi da Luz, Rodrigo Capobiongo Braga (m\u00e9dicos), e o piloto, o policial civil Alfredo Oliveira Barbosa Neto, morreram no acidente. As investiga\u00e7\u00f5es ficar\u00e3o sob a responsabilidade do Centro de Investiga\u00e7\u00e3o e Preven\u00e7\u00e3o de Acidentes Aeron\u00e1uticos (Cenipa), da Aeronautica.<\/p>\n","protected":false},"excerpt":{"rendered":"<p>A Secretaria de Seguran\u00e7a P\u00fablica do Maranh\u00e3o (SSP-MA) informa que na tarde deste domingo (1), o helic\u00f3ptero &#8211; modelo Robson [&hellip;]<\/p>\n","protected":false},"author":0,"featured_media":0,"comment_status":"open","ping_status":"open","sticky":false,"template":"","format":"standard","meta":{"site-sidebar-layout":"default","site-content-layout":"","ast-site-content-layout":"default","site-content-style":"default","site-sidebar-style":"default","ast-global-header-display":"","ast-banner-title-visibility":"","ast-main-header-display":"","ast-hfb-above-header-display":"","ast-hfb-below-header-display":"","ast-hfb-mobile-header-display":"","site-post-title":"","ast-breadcrumbs-content":"","ast-featured-img":"","footer-sml-layout":"","ast-disable-related-posts":"","theme-transparent-header-meta":"","adv-header-id-meta":"","stick-header-meta":"","header-above-stick-meta":"","header-main-stick-meta":"","header-below-stick-meta":"","astra-migrate-meta-layouts":"default","ast-page-background-enabled":"default","ast-page-background-meta":{"desktop":{"background-color":"var(--ast-global-color-5)","background-image":"","background-repeat":"repeat","background-position":"center center","background-size":"auto","background-attachment":"scroll","background-type":"","background-media":"","overlay-type":"","overlay-color":"","overlay-opacity":"","overlay-gradient":""},"tablet":{"background-color":"","background-image":"","background-repeat":"repeat","background-position":"center center","background-size":"auto","background-attachment":"scroll","background-type":"","background-media":"","overlay-type":"","overlay-color":"","overlay-opacity":"","overlay-gradient":""},"mobile":{"background-color":"","background-image":"","background-repeat":"repeat","background-position":"center center","background-size":"auto","background-attachment":"scroll","background-type":"","background-media":"","overlay-type":"","overlay-color":"","overlay-opacity":"","overlay-gradient":""}},"ast-content-background-meta":{"desktop":{"background-color":"var(--ast-global-color-4)","background-image":"","background-repeat":"repeat","background-position":"center center","background-size":"auto","background-attachment":"scroll","background-type":"","background-media":"","overlay-type":"","overlay-color":"","overlay-opacity":"","overlay-gradient":""},"tablet":{"background-color":"var(--ast-global-color-4)","background-image":"","background-repeat":"repeat","background-position":"center center","background-size":"auto","background-attachment":"scroll","background-type":"","background-media":"","overlay-type":"","overlay-color":"","overlay-opacity":"","overlay-gradient":""},"mobile":{"background-color":"var(--ast-global-color-4)","background-image":"","background-repeat":"repeat","background-position":"center center","background-size":"auto","background-attachment":"scroll","background-type":"","background-media":"","overlay-type":"","overlay-color":"","overlay-opacity":"","overlay-gradient":""}},"footnotes":""},"categories":[1],"tags":[],"class_list":["post-49956","post","type-post","status-publish","format-standard","hentry","category-sem-categoria"],"yoast_head":"<!-- This site is optimized with the Yoast SEO plugin v26.6 - https:\/\/yoast.com\/wordpress\/plugins\/seo\/ -->\n<title>SSP confirma morte de tr\u00eas m\u00e9dicos e piloto em queda de helic\u00f3ptero, em Ros\u00e1rio - Daniel Matos<\/title>\n<meta name=\"robots\" content=\"index, follow, max-snippet:-1, max-image-preview:large, max-video-preview:-1\" \/>\n<link rel=\"canonical\" href=\"https:\/\/www.blogsoestado.com\/danielmatos\/ssp-confirma-morte-de-tres-medicos-e-piloto-em-queda-de-helicoptero-em-rosario\/\" \/>\n<meta property=\"og:locale\" content=\"pt_BR\" \/>\n<meta property=\"og:type\" content=\"article\" \/>\n<meta property=\"og:title\" content=\"SSP confirma morte de tr\u00eas m\u00e9dicos e piloto em queda de helic\u00f3ptero, em Ros\u00e1rio - Daniel Matos\" \/>\n<meta property=\"og:description\" content=\"A Secretaria de Seguran\u00e7a P\u00fablica do Maranh\u00e3o (SSP-MA) informa que na tarde deste domingo (1), o helic\u00f3ptero &#8211; modelo Robson [&hellip;]\" \/>\n<meta property=\"og:url\" content=\"https:\/\/www.blogsoestado.com\/danielmatos\/ssp-confirma-morte-de-tres-medicos-e-piloto-em-queda-de-helicoptero-em-rosario\/\" \/>\n<meta property=\"og:site_name\" content=\"Daniel Matos\" \/>\n<meta property=\"article:published_time\" content=\"2018-04-02T00:13:25+00:00\" \/>\n<meta property=\"og:image\" content=\"https:\/\/www.blogsoestado.com\/danielmatos\/files\/2018\/04\/IMG-20180401-WA0065-576x1024.jpg\" \/>\n<meta name=\"twitter:card\" content=\"summary_large_image\" \/>\n<meta name=\"twitter:label1\" content=\"Est. tempo de leitura\" \/>\n\t<meta name=\"twitter:data1\" content=\"1 minuto\" \/>\n<script type=\"application\/ld+json\" class=\"yoast-schema-graph\">{\"@context\":\"https:\/\/schema.org\",\"@graph\":[{\"@type\":\"WebPage\",\"@id\":\"https:\/\/www.blogsoestado.com\/danielmatos\/ssp-confirma-morte-de-tres-medicos-e-piloto-em-queda-de-helicoptero-em-rosario\/\",\"url\":\"https:\/\/www.blogsoestado.com\/danielmatos\/ssp-confirma-morte-de-tres-medicos-e-piloto-em-queda-de-helicoptero-em-rosario\/\",\"name\":\"SSP confirma morte de tr\u00eas m\u00e9dicos e piloto em queda de helic\u00f3ptero, em Ros\u00e1rio - Daniel Matos\",\"isPartOf\":{\"@id\":\"https:\/\/www.blogsoestado.com\/danielmatos\/#website\"},\"primaryImageOfPage\":{\"@id\":\"https:\/\/www.blogsoestado.com\/danielmatos\/ssp-confirma-morte-de-tres-medicos-e-piloto-em-queda-de-helicoptero-em-rosario\/#primaryimage\"},\"image\":{\"@id\":\"https:\/\/www.blogsoestado.com\/danielmatos\/ssp-confirma-morte-de-tres-medicos-e-piloto-em-queda-de-helicoptero-em-rosario\/#primaryimage\"},\"thumbnailUrl\":\"https:\/\/www.blogsoestado.com\/danielmatos\/files\/2018\/04\/IMG-20180401-WA0065-576x1024.jpg\",\"datePublished\":\"2018-04-02T00:13:25+00:00\",\"author\":{\"@id\":\"\"},\"breadcrumb\":{\"@id\":\"https:\/\/www.blogsoestado.com\/danielmatos\/ssp-confirma-morte-de-tres-medicos-e-piloto-em-queda-de-helicoptero-em-rosario\/#breadcrumb\"},\"inLanguage\":\"pt-BR\",\"potentialAction\":[{\"@type\":\"ReadAction\",\"target\":[\"https:\/\/www.blogsoestado.com\/danielmatos\/ssp-confirma-morte-de-tres-medicos-e-piloto-em-queda-de-helicoptero-em-rosario\/\"]}]},{\"@type\":\"ImageObject\",\"inLanguage\":\"pt-BR\",\"@id\":\"https:\/\/www.blogsoestado.com\/danielmatos\/ssp-confirma-morte-de-tres-medicos-e-piloto-em-queda-de-helicoptero-em-rosario\/#primaryimage\",\"url\":\"https:\/\/www.blogsoestado.com\/danielmatos\/files\/2018\/04\/IMG-20180401-WA0065-576x1024.jpg\",\"contentUrl\":\"https:\/\/www.blogsoestado.com\/danielmatos\/files\/2018\/04\/IMG-20180401-WA0065-576x1024.jpg\"},{\"@type\":\"BreadcrumbList\",\"@id\":\"https:\/\/www.blogsoestado.com\/danielmatos\/ssp-confirma-morte-de-tres-medicos-e-piloto-em-queda-de-helicoptero-em-rosario\/#breadcrumb\",\"itemListElement\":[{\"@type\":\"ListItem\",\"position\":1,\"name\":\"In\u00edcio\",\"item\":\"https:\/\/www.blogsoestado.com\/danielmatos\/\"},{\"@type\":\"ListItem\",\"position\":2,\"name\":\"SSP confirma morte de tr\u00eas m\u00e9dicos e piloto em queda de helic\u00f3ptero, em Ros\u00e1rio\"}]},{\"@type\":\"WebSite\",\"@id\":\"https:\/\/www.blogsoestado.com\/danielmatos\/#website\",\"url\":\"https:\/\/www.blogsoestado.com\/danielmatos\/\",\"name\":\"Daniel Matos\",\"description\":\"\",\"potentialAction\":[{\"@type\":\"SearchAction\",\"target\":{\"@type\":\"EntryPoint\",\"urlTemplate\":\"https:\/\/www.blogsoestado.com\/danielmatos\/?s={search_term_string}\"},\"query-input\":{\"@type\":\"PropertyValueSpecification\",\"valueRequired\":true,\"valueName\":\"search_term_string\"}}],\"inLanguage\":\"pt-BR\"}]}<\/script>\n<!-- \/ Yoast SEO plugin. -->","yoast_head_json":{"title":"SSP confirma morte de tr\u00eas m\u00e9dicos e piloto em queda de helic\u00f3ptero, em Ros\u00e1rio - Daniel Matos","robots":{"index":"index","follow":"follow","max-snippet":"max-snippet:-1","max-image-preview":"max-image-preview:large","max-video-preview":"max-video-preview:-1"},"canonical":"https:\/\/www.blogsoestado.com\/danielmatos\/ssp-confirma-morte-de-tres-medicos-e-piloto-em-queda-de-helicoptero-em-rosario\/","og_locale":"pt_BR","og_type":"article","og_title":"SSP confirma morte de tr\u00eas m\u00e9dicos e piloto em queda de helic\u00f3ptero, em Ros\u00e1rio - Daniel Matos","og_description":"A Secretaria de Seguran\u00e7a P\u00fablica do Maranh\u00e3o (SSP-MA) informa que na tarde deste domingo (1), o helic\u00f3ptero &#8211; modelo Robson [&hellip;]","og_url":"https:\/\/www.blogsoestado.com\/danielmatos\/ssp-confirma-morte-de-tres-medicos-e-piloto-em-queda-de-helicoptero-em-rosario\/","og_site_name":"Daniel Matos","article_published_time":"2018-04-02T00:13:25+00:00","og_image":[{"url":"https:\/\/www.blogsoestado.com\/danielmatos\/files\/2018\/04\/IMG-20180401-WA0065-576x1024.jpg","type":"","width":"","height":""}],"twitter_card":"summary_large_image","twitter_misc":{"Est. tempo de leitura":"1 minuto"},"schema":{"@context":"https:\/\/schema.org","@graph":[{"@type":"WebPage","@id":"https:\/\/www.blogsoestado.com\/danielmatos\/ssp-confirma-morte-de-tres-medicos-e-piloto-em-queda-de-helicoptero-em-rosario\/","url":"https:\/\/www.blogsoestado.com\/danielmatos\/ssp-confirma-morte-de-tres-medicos-e-piloto-em-queda-de-helicoptero-em-rosario\/","name":"SSP confirma morte de tr\u00eas m\u00e9dicos e piloto em queda de helic\u00f3ptero, em Ros\u00e1rio - Daniel Matos","isPartOf":{"@id":"https:\/\/www.blogsoestado.com\/danielmatos\/#website"},"primaryImageOfPage":{"@id":"https:\/\/www.blogsoestado.com\/danielmatos\/ssp-confirma-morte-de-tres-medicos-e-piloto-em-queda-de-helicoptero-em-rosario\/#primaryimage"},"image":{"@id":"https:\/\/www.blogsoestado.com\/danielmatos\/ssp-confirma-morte-de-tres-medicos-e-piloto-em-queda-de-helicoptero-em-rosario\/#primaryimage"},"thumbnailUrl":"https:\/\/www.blogsoestado.com\/danielmatos\/files\/2018\/04\/IMG-20180401-WA0065-576x1024.jpg","datePublished":"2018-04-02T00:13:25+00:00","author":{"@id":""},"breadcrumb":{"@id":"https:\/\/www.blogsoestado.com\/danielmatos\/ssp-confirma-morte-de-tres-medicos-e-piloto-em-queda-de-helicoptero-em-rosario\/#breadcrumb"},"inLanguage":"pt-BR","potentialAction":[{"@type":"ReadAction","target":["https:\/\/www.blogsoestado.com\/danielmatos\/ssp-confirma-morte-de-tres-medicos-e-piloto-em-queda-de-helicoptero-em-rosario\/"]}]},{"@type":"ImageObject","inLanguage":"pt-BR","@id":"https:\/\/www.blogsoestado.com\/danielmatos\/ssp-confirma-morte-de-tres-medicos-e-piloto-em-queda-de-helicoptero-em-rosario\/#primaryimage","url":"https:\/\/www.blogsoestado.com\/danielmatos\/files\/2018\/04\/IMG-20180401-WA0065-576x1024.jpg","contentUrl":"https:\/\/www.blogsoestado.com\/danielmatos\/files\/2018\/04\/IMG-20180401-WA0065-576x1024.jpg"},{"@type":"BreadcrumbList","@id":"https:\/\/www.blogsoestado.com\/danielmatos\/ssp-confirma-morte-de-tres-medicos-e-piloto-em-queda-de-helicoptero-em-rosario\/#breadcrumb","itemListElement":[{"@type":"ListItem","position":1,"name":"In\u00edcio","item":"https:\/\/www.blogsoestado.com\/danielmatos\/"},{"@type":"ListItem","position":2,"name":"SSP confirma morte de tr\u00eas m\u00e9dicos e piloto em queda de helic\u00f3ptero, em Ros\u00e1rio"}]},{"@type":"WebSite","@id":"https:\/\/www.blogsoestado.com\/danielmatos\/#website","url":"https:\/\/www.blogsoestado.com\/danielmatos\/","name":"Daniel Matos","description":"","potentialAction":[{"@type":"SearchAction","target":{"@type":"EntryPoint","urlTemplate":"https:\/\/www.blogsoestado.com\/danielmatos\/?s={search_term_string}"},"query-input":{"@type":"PropertyValueSpecification","valueRequired":true,"valueName":"search_term_string"}}],"inLanguage":"pt-BR"}]}},"jetpack_featured_media_url":"","_links":{"self":[{"href":"https:\/\/www.blogsoestado.com\/danielmatos\/wp-json\/wp\/v2\/posts\/49956","targetHints":{"allow":["GET"]}}],"collection":[{"href":"https:\/\/www.blogsoestado.com\/danielmatos\/wp-json\/wp\/v2\/posts"}],"about":[{"href":"https:\/\/www.blogsoestado.com\/danielmatos\/wp-json\/wp\/v2\/types\/post"}],"replies":[{"embeddable":true,"href":"https:\/\/www.blogsoestado.com\/danielmatos\/wp-json\/wp\/v2\/comments?post=49956"}],"version-history":[{"count":0,"href":"https:\/\/www.blogsoestado.com\/danielmatos\/wp-json\/wp\/v2\/posts\/49956\/revisions"}],"wp:attachment":[{"href":"https:\/\/www.blogsoestado.com\/danielmatos\/wp-json\/wp\/v2\/media?parent=49956"}],"wp:term":[{"taxonomy":"category","embeddable":true,"href":"https:\/\/www.blogsoestado.com\/danielmatos\/wp-json\/wp\/v2\/categories?post=49956"},{"taxonomy":"post_tag","embeddable":true,"href":"https:\/\/www.blogsoestado.com\/danielmatos\/wp-json\/wp\/v2\/tags?post=49956"}],"curies":[{"name":"wp","href":"https:\/\/api.w.org\/{rel}","templated":true}]}}