{"id":49973,"date":"2018-04-02T11:11:48","date_gmt":"2018-04-02T14:11:48","guid":{"rendered":"https:\/\/www.blogsoestado.com\/danielmatos\/?p=49973"},"modified":"2018-04-02T11:11:48","modified_gmt":"2018-04-02T14:11:48","slug":"deputado-wellington-realiza-audiencia-para-defender-familias-do-cajueiro-e-discutir-impactos-sociais-da-resex","status":"publish","type":"post","link":"https:\/\/www.blogsoestado.com\/danielmatos\/deputado-wellington-realiza-audiencia-para-defender-familias-do-cajueiro-e-discutir-impactos-sociais-da-resex\/","title":{"rendered":"Deputado Wellington realiza audi\u00eancia para defender fam\u00edlias do Cajueiro e discutir impactos sociais da Resex"},"content":{"rendered":"<p><img fetchpriority=\"high\" decoding=\"async\" class=\"aligncenter size-full wp-image-49974\" src=\"https:\/\/www.blogsoestado.com\/danielmatos\/files\/2018\/04\/w-resex.jpg\" alt=\"\" width=\"481\" height=\"480\" \/><\/p>\n<p>O deputado estadual progressista Wellington do Curso realizar\u00e1 na pr\u00f3xima segunda-feira, dia 2 de abril, audi\u00eancia p\u00fablica para discutir sobre impactos sociais da implanta\u00e7\u00e3o da Resex de Tau\u00e1-Mirim e, assim, articular a\u00e7\u00f5es que garantam a defesa dos direitos dos moradores do Cajueiro.<\/p>\n<p>Ao fazer o convite para participa\u00e7\u00e3o na audi\u00eancia , o deputado Wellington destacou que o Parlamento Estadual n\u00e3o pode ficar inerte diante dos impactos sociais causados ao povoado do Cajueiro.<\/p>\n<p>\u201cH\u00e1 um processo em tramita\u00e7\u00e3o no Judici\u00e1rio que, inclusive, obriga o Estado do Maranh\u00e3o a cumprir determina\u00e7\u00e3o de n\u00e3o deslocar as comunidades tradicionais na regi\u00e3o mediante a desapropria\u00e7\u00e3o de qualquer ato que consista em retirar os moradores para instalar ind\u00fastrias n\u00e3o relacionadas \u00e0 atividade rural. Sabemos dos impactos sociais, da imin\u00eancia de viola\u00e7\u00e3o de direitos e \u00e9 por isso que estamos nessa discuss\u00e3o. Enquanto membros do Parlamento Estadual, n\u00e3o podemos permitir que os moradores do povoado Cajueiro sofram com isso. Portanto, convidamos todos para essa discuss\u00e3o e esperamos encontrar meios que garantam os direitos dos maranhenses\u201d, afirmou Wellington, que \u00e9 presidente da Comiss\u00e3o de Direitos Humanos da Assembleia Legislativa.<\/p>\n<p>A audi\u00eancia acontecer\u00e1 na segunda-feira, a partir das 14h, no audit\u00f3rio Plenarinho da Assembleia. Devem estar presentes membros do Minist\u00e9rio P\u00fablico, Judici\u00e1rio, l\u00edderes comunit\u00e1rios, Comiss\u00e3o de Direitos Humanos da OAB, moradores do Cajueiro entre outros.<\/p>\n","protected":false},"excerpt":{"rendered":"<p>O deputado estadual progressista Wellington do Curso realizar\u00e1 na pr\u00f3xima segunda-feira, dia 2 de abril, audi\u00eancia p\u00fablica para discutir sobre [&hellip;]<\/p>\n","protected":false},"author":0,"featured_media":0,"comment_status":"open","ping_status":"open","sticky":false,"template":"","format":"standard","meta":{"site-sidebar-layout":"default","site-content-layout":"","ast-site-content-layout":"default","site-content-style":"default","site-sidebar-style":"default","ast-global-header-display":"","ast-banner-title-visibility":"","ast-main-header-display":"","ast-hfb-above-header-display":"","ast-hfb-below-header-display":"","ast-hfb-mobile-header-display":"","site-post-title":"","ast-breadcrumbs-content":"","ast-featured-img":"","footer-sml-layout":"","ast-disable-related-posts":"","theme-transparent-header-meta":"","adv-header-id-meta":"","stick-header-meta":"","header-above-stick-meta":"","header-main-stick-meta":"","header-below-stick-meta":"","astra-migrate-meta-layouts":"default","ast-page-background-enabled":"default","ast-page-background-meta":{"desktop":{"background-color":"var(--ast-global-color-5)","background-image":"","background-repeat":"repeat","background-position":"center center","background-size":"auto","background-attachment":"scroll","background-type":"","background-media":"","overlay-type":"","overlay-color":"","overlay-opacity":"","overlay-gradient":""},"tablet":{"background-color":"","background-image":"","background-repeat":"repeat","background-position":"center center","background-size":"auto","background-attachment":"scroll","background-type":"","background-media":"","overlay-type":"","overlay-color":"","overlay-opacity":"","overlay-gradient":""},"mobile":{"background-color":"","background-image":"","background-repeat":"repeat","background-position":"center center","background-size":"auto","background-attachment":"scroll","background-type":"","background-media":"","overlay-type":"","overlay-color":"","overlay-opacity":"","overlay-gradient":""}},"ast-content-background-meta":{"desktop":{"background-color":"var(--ast-global-color-4)","background-image":"","background-repeat":"repeat","background-position":"center center","background-size":"auto","background-attachment":"scroll","background-type":"","background-media":"","overlay-type":"","overlay-color":"","overlay-opacity":"","overlay-gradient":""},"tablet":{"background-color":"var(--ast-global-color-4)","background-image":"","background-repeat":"repeat","background-position":"center center","background-size":"auto","background-attachment":"scroll","background-type":"","background-media":"","overlay-type":"","overlay-color":"","overlay-opacity":"","overlay-gradient":""},"mobile":{"background-color":"var(--ast-global-color-4)","background-image":"","background-repeat":"repeat","background-position":"center center","background-size":"auto","background-attachment":"scroll","background-type":"","background-media":"","overlay-type":"","overlay-color":"","overlay-opacity":"","overlay-gradient":""}},"footnotes":""},"categories":[1],"tags":[],"class_list":["post-49973","post","type-post","status-publish","format-standard","hentry","category-sem-categoria"],"yoast_head":"<!-- This site is optimized with the Yoast SEO plugin v26.6 - https:\/\/yoast.com\/wordpress\/plugins\/seo\/ -->\n<title>Deputado Wellington realiza audi\u00eancia para defender fam\u00edlias do Cajueiro e discutir impactos sociais da Resex - Daniel Matos<\/title>\n<meta name=\"robots\" content=\"index, follow, max-snippet:-1, max-image-preview:large, max-video-preview:-1\" \/>\n<link rel=\"canonical\" href=\"https:\/\/www.blogsoestado.com\/danielmatos\/deputado-wellington-realiza-audiencia-para-defender-familias-do-cajueiro-e-discutir-impactos-sociais-da-resex\/\" \/>\n<meta property=\"og:locale\" content=\"pt_BR\" \/>\n<meta property=\"og:type\" content=\"article\" \/>\n<meta property=\"og:title\" content=\"Deputado Wellington realiza audi\u00eancia para defender fam\u00edlias do Cajueiro e discutir impactos sociais da Resex - Daniel Matos\" \/>\n<meta property=\"og:description\" content=\"O deputado estadual progressista Wellington do Curso realizar\u00e1 na pr\u00f3xima segunda-feira, dia 2 de abril, audi\u00eancia p\u00fablica para discutir sobre [&hellip;]\" \/>\n<meta property=\"og:url\" content=\"https:\/\/www.blogsoestado.com\/danielmatos\/deputado-wellington-realiza-audiencia-para-defender-familias-do-cajueiro-e-discutir-impactos-sociais-da-resex\/\" \/>\n<meta property=\"og:site_name\" content=\"Daniel Matos\" \/>\n<meta property=\"article:published_time\" content=\"2018-04-02T14:11:48+00:00\" \/>\n<meta property=\"og:image\" content=\"https:\/\/www.blogsoestado.com\/danielmatos\/files\/2018\/04\/w-resex.jpg\" \/>\n<meta name=\"twitter:card\" content=\"summary_large_image\" \/>\n<meta name=\"twitter:label1\" content=\"Est. tempo de leitura\" \/>\n\t<meta name=\"twitter:data1\" content=\"1 minuto\" \/>\n<script type=\"application\/ld+json\" class=\"yoast-schema-graph\">{\"@context\":\"https:\/\/schema.org\",\"@graph\":[{\"@type\":\"WebPage\",\"@id\":\"https:\/\/www.blogsoestado.com\/danielmatos\/deputado-wellington-realiza-audiencia-para-defender-familias-do-cajueiro-e-discutir-impactos-sociais-da-resex\/\",\"url\":\"https:\/\/www.blogsoestado.com\/danielmatos\/deputado-wellington-realiza-audiencia-para-defender-familias-do-cajueiro-e-discutir-impactos-sociais-da-resex\/\",\"name\":\"Deputado Wellington realiza audi\u00eancia para defender fam\u00edlias do Cajueiro e discutir impactos sociais da Resex - Daniel Matos\",\"isPartOf\":{\"@id\":\"https:\/\/www.blogsoestado.com\/danielmatos\/#website\"},\"primaryImageOfPage\":{\"@id\":\"https:\/\/www.blogsoestado.com\/danielmatos\/deputado-wellington-realiza-audiencia-para-defender-familias-do-cajueiro-e-discutir-impactos-sociais-da-resex\/#primaryimage\"},\"image\":{\"@id\":\"https:\/\/www.blogsoestado.com\/danielmatos\/deputado-wellington-realiza-audiencia-para-defender-familias-do-cajueiro-e-discutir-impactos-sociais-da-resex\/#primaryimage\"},\"thumbnailUrl\":\"https:\/\/www.blogsoestado.com\/danielmatos\/files\/2018\/04\/w-resex.jpg\",\"datePublished\":\"2018-04-02T14:11:48+00:00\",\"author\":{\"@id\":\"\"},\"breadcrumb\":{\"@id\":\"https:\/\/www.blogsoestado.com\/danielmatos\/deputado-wellington-realiza-audiencia-para-defender-familias-do-cajueiro-e-discutir-impactos-sociais-da-resex\/#breadcrumb\"},\"inLanguage\":\"pt-BR\",\"potentialAction\":[{\"@type\":\"ReadAction\",\"target\":[\"https:\/\/www.blogsoestado.com\/danielmatos\/deputado-wellington-realiza-audiencia-para-defender-familias-do-cajueiro-e-discutir-impactos-sociais-da-resex\/\"]}]},{\"@type\":\"ImageObject\",\"inLanguage\":\"pt-BR\",\"@id\":\"https:\/\/www.blogsoestado.com\/danielmatos\/deputado-wellington-realiza-audiencia-para-defender-familias-do-cajueiro-e-discutir-impactos-sociais-da-resex\/#primaryimage\",\"url\":\"https:\/\/www.blogsoestado.com\/danielmatos\/files\/2018\/04\/w-resex.jpg\",\"contentUrl\":\"https:\/\/www.blogsoestado.com\/danielmatos\/files\/2018\/04\/w-resex.jpg\"},{\"@type\":\"BreadcrumbList\",\"@id\":\"https:\/\/www.blogsoestado.com\/danielmatos\/deputado-wellington-realiza-audiencia-para-defender-familias-do-cajueiro-e-discutir-impactos-sociais-da-resex\/#breadcrumb\",\"itemListElement\":[{\"@type\":\"ListItem\",\"position\":1,\"name\":\"In\u00edcio\",\"item\":\"https:\/\/www.blogsoestado.com\/danielmatos\/\"},{\"@type\":\"ListItem\",\"position\":2,\"name\":\"Deputado Wellington realiza audi\u00eancia para defender fam\u00edlias do Cajueiro e discutir impactos sociais da Resex\"}]},{\"@type\":\"WebSite\",\"@id\":\"https:\/\/www.blogsoestado.com\/danielmatos\/#website\",\"url\":\"https:\/\/www.blogsoestado.com\/danielmatos\/\",\"name\":\"Daniel Matos\",\"description\":\"\",\"potentialAction\":[{\"@type\":\"SearchAction\",\"target\":{\"@type\":\"EntryPoint\",\"urlTemplate\":\"https:\/\/www.blogsoestado.com\/danielmatos\/?s={search_term_string}\"},\"query-input\":{\"@type\":\"PropertyValueSpecification\",\"valueRequired\":true,\"valueName\":\"search_term_string\"}}],\"inLanguage\":\"pt-BR\"}]}<\/script>\n<!-- \/ Yoast SEO plugin. -->","yoast_head_json":{"title":"Deputado Wellington realiza audi\u00eancia para defender fam\u00edlias do Cajueiro e discutir impactos sociais da Resex - Daniel Matos","robots":{"index":"index","follow":"follow","max-snippet":"max-snippet:-1","max-image-preview":"max-image-preview:large","max-video-preview":"max-video-preview:-1"},"canonical":"https:\/\/www.blogsoestado.com\/danielmatos\/deputado-wellington-realiza-audiencia-para-defender-familias-do-cajueiro-e-discutir-impactos-sociais-da-resex\/","og_locale":"pt_BR","og_type":"article","og_title":"Deputado Wellington realiza audi\u00eancia para defender fam\u00edlias do Cajueiro e discutir impactos sociais da Resex - Daniel Matos","og_description":"O deputado estadual progressista Wellington do Curso realizar\u00e1 na pr\u00f3xima segunda-feira, dia 2 de abril, audi\u00eancia p\u00fablica para discutir sobre [&hellip;]","og_url":"https:\/\/www.blogsoestado.com\/danielmatos\/deputado-wellington-realiza-audiencia-para-defender-familias-do-cajueiro-e-discutir-impactos-sociais-da-resex\/","og_site_name":"Daniel Matos","article_published_time":"2018-04-02T14:11:48+00:00","og_image":[{"url":"https:\/\/www.blogsoestado.com\/danielmatos\/files\/2018\/04\/w-resex.jpg","type":"","width":"","height":""}],"twitter_card":"summary_large_image","twitter_misc":{"Est. tempo de leitura":"1 minuto"},"schema":{"@context":"https:\/\/schema.org","@graph":[{"@type":"WebPage","@id":"https:\/\/www.blogsoestado.com\/danielmatos\/deputado-wellington-realiza-audiencia-para-defender-familias-do-cajueiro-e-discutir-impactos-sociais-da-resex\/","url":"https:\/\/www.blogsoestado.com\/danielmatos\/deputado-wellington-realiza-audiencia-para-defender-familias-do-cajueiro-e-discutir-impactos-sociais-da-resex\/","name":"Deputado Wellington realiza audi\u00eancia para defender fam\u00edlias do Cajueiro e discutir impactos sociais da Resex - Daniel Matos","isPartOf":{"@id":"https:\/\/www.blogsoestado.com\/danielmatos\/#website"},"primaryImageOfPage":{"@id":"https:\/\/www.blogsoestado.com\/danielmatos\/deputado-wellington-realiza-audiencia-para-defender-familias-do-cajueiro-e-discutir-impactos-sociais-da-resex\/#primaryimage"},"image":{"@id":"https:\/\/www.blogsoestado.com\/danielmatos\/deputado-wellington-realiza-audiencia-para-defender-familias-do-cajueiro-e-discutir-impactos-sociais-da-resex\/#primaryimage"},"thumbnailUrl":"https:\/\/www.blogsoestado.com\/danielmatos\/files\/2018\/04\/w-resex.jpg","datePublished":"2018-04-02T14:11:48+00:00","author":{"@id":""},"breadcrumb":{"@id":"https:\/\/www.blogsoestado.com\/danielmatos\/deputado-wellington-realiza-audiencia-para-defender-familias-do-cajueiro-e-discutir-impactos-sociais-da-resex\/#breadcrumb"},"inLanguage":"pt-BR","potentialAction":[{"@type":"ReadAction","target":["https:\/\/www.blogsoestado.com\/danielmatos\/deputado-wellington-realiza-audiencia-para-defender-familias-do-cajueiro-e-discutir-impactos-sociais-da-resex\/"]}]},{"@type":"ImageObject","inLanguage":"pt-BR","@id":"https:\/\/www.blogsoestado.com\/danielmatos\/deputado-wellington-realiza-audiencia-para-defender-familias-do-cajueiro-e-discutir-impactos-sociais-da-resex\/#primaryimage","url":"https:\/\/www.blogsoestado.com\/danielmatos\/files\/2018\/04\/w-resex.jpg","contentUrl":"https:\/\/www.blogsoestado.com\/danielmatos\/files\/2018\/04\/w-resex.jpg"},{"@type":"BreadcrumbList","@id":"https:\/\/www.blogsoestado.com\/danielmatos\/deputado-wellington-realiza-audiencia-para-defender-familias-do-cajueiro-e-discutir-impactos-sociais-da-resex\/#breadcrumb","itemListElement":[{"@type":"ListItem","position":1,"name":"In\u00edcio","item":"https:\/\/www.blogsoestado.com\/danielmatos\/"},{"@type":"ListItem","position":2,"name":"Deputado Wellington realiza audi\u00eancia para defender fam\u00edlias do Cajueiro e discutir impactos sociais da Resex"}]},{"@type":"WebSite","@id":"https:\/\/www.blogsoestado.com\/danielmatos\/#website","url":"https:\/\/www.blogsoestado.com\/danielmatos\/","name":"Daniel Matos","description":"","potentialAction":[{"@type":"SearchAction","target":{"@type":"EntryPoint","urlTemplate":"https:\/\/www.blogsoestado.com\/danielmatos\/?s={search_term_string}"},"query-input":{"@type":"PropertyValueSpecification","valueRequired":true,"valueName":"search_term_string"}}],"inLanguage":"pt-BR"}]}},"jetpack_featured_media_url":"","_links":{"self":[{"href":"https:\/\/www.blogsoestado.com\/danielmatos\/wp-json\/wp\/v2\/posts\/49973","targetHints":{"allow":["GET"]}}],"collection":[{"href":"https:\/\/www.blogsoestado.com\/danielmatos\/wp-json\/wp\/v2\/posts"}],"about":[{"href":"https:\/\/www.blogsoestado.com\/danielmatos\/wp-json\/wp\/v2\/types\/post"}],"replies":[{"embeddable":true,"href":"https:\/\/www.blogsoestado.com\/danielmatos\/wp-json\/wp\/v2\/comments?post=49973"}],"version-history":[{"count":0,"href":"https:\/\/www.blogsoestado.com\/danielmatos\/wp-json\/wp\/v2\/posts\/49973\/revisions"}],"wp:attachment":[{"href":"https:\/\/www.blogsoestado.com\/danielmatos\/wp-json\/wp\/v2\/media?parent=49973"}],"wp:term":[{"taxonomy":"category","embeddable":true,"href":"https:\/\/www.blogsoestado.com\/danielmatos\/wp-json\/wp\/v2\/categories?post=49973"},{"taxonomy":"post_tag","embeddable":true,"href":"https:\/\/www.blogsoestado.com\/danielmatos\/wp-json\/wp\/v2\/tags?post=49973"}],"curies":[{"name":"wp","href":"https:\/\/api.w.org\/{rel}","templated":true}]}}