{"id":49977,"date":"2018-04-02T12:44:04","date_gmt":"2018-04-02T15:44:04","guid":{"rendered":"https:\/\/www.blogsoestado.com\/danielmatos\/?p=49977"},"modified":"2018-04-02T12:44:04","modified_gmt":"2018-04-02T15:44:04","slug":"atrelado-ao-pcdob-sindicato-de-professores-e-usado-para-desestabilizar-prefeitos-que-nao-apoiam-flavio-dino","status":"publish","type":"post","link":"https:\/\/www.blogsoestado.com\/danielmatos\/atrelado-ao-pcdob-sindicato-de-professores-e-usado-para-desestabilizar-prefeitos-que-nao-apoiam-flavio-dino\/","title":{"rendered":"Atrelado ao PCdoB, sindicato de professores \u00e9 usado para desestabilizar prefeitos que n\u00e3o apoiam Fl\u00e1vio Dino"},"content":{"rendered":"<figure id=\"attachment_49978\" aria-describedby=\"caption-attachment-49978\" style=\"width: 300px\" class=\"wp-caption alignleft\"><img fetchpriority=\"high\" decoding=\"async\" class=\"size-medium wp-image-49978\" src=\"https:\/\/www.blogsoestado.com\/danielmatos\/files\/2018\/04\/sinproesemma-barreirinhas2-300x300.jpg\" alt=\"\" width=\"300\" height=\"300\" \/><figcaption id=\"caption-attachment-49978\" class=\"wp-caption-text\">Greve realizada pelo SINPROESSEMA em Barreirinhas \u00e9 legitima ou atende a interesses pol\u00edticos?<\/figcaption><\/figure>\n<p><a href=\"https:\/\/www.blogsoestado.com\/danielmatos\/2016\/01\/27\/desamparados-por-sindicatos-pelegos-professores-vao-a-luta-sozinhos-por-reajuste-do-piso\/\">Omisso na luta pelo piso salarial nacional na rede p\u00fablica estadual de ensino<\/a>, o\u00a0Sindicato dos Trabalhadores em Educa\u00e7\u00e3o B\u00e1sica das Redes P\u00fablicas Estadual e Municipais do Estado do Maranh\u00e3o (SINPROESEMMA), bra\u00e7o do PCdoB no movimento sindical, est\u00e1 sendo usado para tumultuar gest\u00f5es municipais do interior do estado que t\u00eam \u00e0 frente prefeitos n\u00e3o alinhados politicamente ao governo do comunista Fl\u00e1vio Dino. Um exemplo \u00e9 Barreirinhas, onde a entidade inicia uma greve hoje, praticamente no in\u00edcio do ano letivo, alegando n\u00e3o cumprimento da jornada de trabalho da categoria, deixando milhares de crian\u00e7as e adolescentes fora das salas de aula.<\/p>\n<p>Administrado por Alb\u00e9rico Filho (PMDB), que em 2016 imp\u00f4s expressiva ao derrota ao candidato a prefeito apoiado pelo governo estadual, o Munic\u00edpio de Barreirinhas amarga colapso em sua rede de ensino p\u00fablico por causa da mobiliza\u00e7\u00e3o do SINPROESEMMA, que garante estar defendendo os direitos dos educadores.<\/p>\n<p>No entanto, a mesma disposi\u00e7\u00e3o n\u00e3o \u00e9 percebida na atua\u00e7\u00e3o do sindicato em rela\u00e7\u00e3o \u00e0 insist\u00eancia de Fl\u00e1vio Dino em descumprir a\u00a0Lei Federal n\u00ba. 11.738, de 16 de julho de 2008, que instituiu o piso nacional para os profissionais do magist\u00e9rio p\u00fablico da educa\u00e7\u00e3o b\u00e1sica, mais conhecida como \u201cLei do Piso\u201d.<\/p>\n<p>Ao partir para cima de prefeitos advers\u00e1rios do governo e acovardar-se na luta por sal\u00e1rio digno, garantido por lei, aos seus associados, o SINPROESEMMA mostra, de forma inequ\u00edvoca de que lado est\u00e1. Em vez de defender os interesses dos professores, o sindicato atua como instrumento de manobra na rela\u00e7\u00e3o conflituosa,\u00a0marcada por\u00a0 desassist\u00eancia e boicotes, entre o Pal\u00e1cio dos Le\u00f5es e gestores municipais n\u00e3o aliados ao projeto de poder comunista.<\/p>\n<p>Paralisa\u00e7\u00f5es de professores provocam grave desgaste a qualquer administrador p\u00fablico, pois representam a nega\u00e7\u00e3o do direito constitucional \u00e0 educa\u00e7\u00e3o. Ao deixar-se manipular por interesses meramente eleitoreiros, o SINPROESEMMA faz um trabalho sujo, semelhante a um crime de encomenda, cujo mandante n\u00e3o demonstra\u00a0 qualquer compromisso com a educa\u00e7\u00e3o digna e de qualidade, t\u00e3o propagandeada nestes tempos que antecedem a campanha.<\/p>\n","protected":false},"excerpt":{"rendered":"<p>Omisso na luta pelo piso salarial nacional na rede p\u00fablica estadual de ensino, o\u00a0Sindicato dos Trabalhadores em Educa\u00e7\u00e3o B\u00e1sica das [&hellip;]<\/p>\n","protected":false},"author":0,"featured_media":0,"comment_status":"open","ping_status":"open","sticky":false,"template":"","format":"standard","meta":{"site-sidebar-layout":"default","site-content-layout":"","ast-site-content-layout":"default","site-content-style":"default","site-sidebar-style":"default","ast-global-header-display":"","ast-banner-title-visibility":"","ast-main-header-display":"","ast-hfb-above-header-display":"","ast-hfb-below-header-display":"","ast-hfb-mobile-header-display":"","site-post-title":"","ast-breadcrumbs-content":"","ast-featured-img":"","footer-sml-layout":"","ast-disable-related-posts":"","theme-transparent-header-meta":"","adv-header-id-meta":"","stick-header-meta":"","header-above-stick-meta":"","header-main-stick-meta":"","header-below-stick-meta":"","astra-migrate-meta-layouts":"default","ast-page-background-enabled":"default","ast-page-background-meta":{"desktop":{"background-color":"var(--ast-global-color-5)","background-image":"","background-repeat":"repeat","background-position":"center center","background-size":"auto","background-attachment":"scroll","background-type":"","background-media":"","overlay-type":"","overlay-color":"","overlay-opacity":"","overlay-gradient":""},"tablet":{"background-color":"","background-image":"","background-repeat":"repeat","background-position":"center center","background-size":"auto","background-attachment":"scroll","background-type":"","background-media":"","overlay-type":"","overlay-color":"","overlay-opacity":"","overlay-gradient":""},"mobile":{"background-color":"","background-image":"","background-repeat":"repeat","background-position":"center center","background-size":"auto","background-attachment":"scroll","background-type":"","background-media":"","overlay-type":"","overlay-color":"","overlay-opacity":"","overlay-gradient":""}},"ast-content-background-meta":{"desktop":{"background-color":"var(--ast-global-color-4)","background-image":"","background-repeat":"repeat","background-position":"center center","background-size":"auto","background-attachment":"scroll","background-type":"","background-media":"","overlay-type":"","overlay-color":"","overlay-opacity":"","overlay-gradient":""},"tablet":{"background-color":"var(--ast-global-color-4)","background-image":"","background-repeat":"repeat","background-position":"center center","background-size":"auto","background-attachment":"scroll","background-type":"","background-media":"","overlay-type":"","overlay-color":"","overlay-opacity":"","overlay-gradient":""},"mobile":{"background-color":"var(--ast-global-color-4)","background-image":"","background-repeat":"repeat","background-position":"center center","background-size":"auto","background-attachment":"scroll","background-type":"","background-media":"","overlay-type":"","overlay-color":"","overlay-opacity":"","overlay-gradient":""}},"footnotes":""},"categories":[1],"tags":[],"class_list":["post-49977","post","type-post","status-publish","format-standard","hentry","category-sem-categoria"],"yoast_head":"<!-- This site is optimized with the Yoast SEO plugin v26.6 - https:\/\/yoast.com\/wordpress\/plugins\/seo\/ -->\n<title>Atrelado ao PCdoB, sindicato de professores \u00e9 usado para desestabilizar prefeitos que n\u00e3o apoiam Fl\u00e1vio Dino - Daniel Matos<\/title>\n<meta name=\"robots\" content=\"index, follow, max-snippet:-1, max-image-preview:large, max-video-preview:-1\" \/>\n<link rel=\"canonical\" href=\"https:\/\/www.blogsoestado.com\/danielmatos\/atrelado-ao-pcdob-sindicato-de-professores-e-usado-para-desestabilizar-prefeitos-que-nao-apoiam-flavio-dino\/\" \/>\n<meta property=\"og:locale\" content=\"pt_BR\" \/>\n<meta property=\"og:type\" content=\"article\" \/>\n<meta property=\"og:title\" content=\"Atrelado ao PCdoB, sindicato de professores \u00e9 usado para desestabilizar prefeitos que n\u00e3o apoiam Fl\u00e1vio Dino - Daniel Matos\" \/>\n<meta property=\"og:description\" content=\"Omisso na luta pelo piso salarial nacional na rede p\u00fablica estadual de ensino, o\u00a0Sindicato dos Trabalhadores em Educa\u00e7\u00e3o B\u00e1sica das [&hellip;]\" \/>\n<meta property=\"og:url\" content=\"https:\/\/www.blogsoestado.com\/danielmatos\/atrelado-ao-pcdob-sindicato-de-professores-e-usado-para-desestabilizar-prefeitos-que-nao-apoiam-flavio-dino\/\" \/>\n<meta property=\"og:site_name\" content=\"Daniel Matos\" \/>\n<meta property=\"article:published_time\" content=\"2018-04-02T15:44:04+00:00\" \/>\n<meta property=\"og:image\" content=\"https:\/\/www.blogsoestado.com\/danielmatos\/files\/2018\/04\/sinproesemma-barreirinhas2-300x300.jpg\" \/>\n<meta name=\"twitter:card\" content=\"summary_large_image\" \/>\n<meta name=\"twitter:label1\" content=\"Est. tempo de leitura\" \/>\n\t<meta name=\"twitter:data1\" content=\"2 minutos\" \/>\n<script type=\"application\/ld+json\" class=\"yoast-schema-graph\">{\"@context\":\"https:\/\/schema.org\",\"@graph\":[{\"@type\":\"WebPage\",\"@id\":\"https:\/\/www.blogsoestado.com\/danielmatos\/atrelado-ao-pcdob-sindicato-de-professores-e-usado-para-desestabilizar-prefeitos-que-nao-apoiam-flavio-dino\/\",\"url\":\"https:\/\/www.blogsoestado.com\/danielmatos\/atrelado-ao-pcdob-sindicato-de-professores-e-usado-para-desestabilizar-prefeitos-que-nao-apoiam-flavio-dino\/\",\"name\":\"Atrelado ao PCdoB, sindicato de professores \u00e9 usado para desestabilizar prefeitos que n\u00e3o apoiam Fl\u00e1vio Dino - Daniel Matos\",\"isPartOf\":{\"@id\":\"https:\/\/www.blogsoestado.com\/danielmatos\/#website\"},\"primaryImageOfPage\":{\"@id\":\"https:\/\/www.blogsoestado.com\/danielmatos\/atrelado-ao-pcdob-sindicato-de-professores-e-usado-para-desestabilizar-prefeitos-que-nao-apoiam-flavio-dino\/#primaryimage\"},\"image\":{\"@id\":\"https:\/\/www.blogsoestado.com\/danielmatos\/atrelado-ao-pcdob-sindicato-de-professores-e-usado-para-desestabilizar-prefeitos-que-nao-apoiam-flavio-dino\/#primaryimage\"},\"thumbnailUrl\":\"https:\/\/www.blogsoestado.com\/danielmatos\/files\/2018\/04\/sinproesemma-barreirinhas2-300x300.jpg\",\"datePublished\":\"2018-04-02T15:44:04+00:00\",\"author\":{\"@id\":\"\"},\"breadcrumb\":{\"@id\":\"https:\/\/www.blogsoestado.com\/danielmatos\/atrelado-ao-pcdob-sindicato-de-professores-e-usado-para-desestabilizar-prefeitos-que-nao-apoiam-flavio-dino\/#breadcrumb\"},\"inLanguage\":\"pt-BR\",\"potentialAction\":[{\"@type\":\"ReadAction\",\"target\":[\"https:\/\/www.blogsoestado.com\/danielmatos\/atrelado-ao-pcdob-sindicato-de-professores-e-usado-para-desestabilizar-prefeitos-que-nao-apoiam-flavio-dino\/\"]}]},{\"@type\":\"ImageObject\",\"inLanguage\":\"pt-BR\",\"@id\":\"https:\/\/www.blogsoestado.com\/danielmatos\/atrelado-ao-pcdob-sindicato-de-professores-e-usado-para-desestabilizar-prefeitos-que-nao-apoiam-flavio-dino\/#primaryimage\",\"url\":\"https:\/\/www.blogsoestado.com\/danielmatos\/files\/2018\/04\/sinproesemma-barreirinhas2-300x300.jpg\",\"contentUrl\":\"https:\/\/www.blogsoestado.com\/danielmatos\/files\/2018\/04\/sinproesemma-barreirinhas2-300x300.jpg\"},{\"@type\":\"BreadcrumbList\",\"@id\":\"https:\/\/www.blogsoestado.com\/danielmatos\/atrelado-ao-pcdob-sindicato-de-professores-e-usado-para-desestabilizar-prefeitos-que-nao-apoiam-flavio-dino\/#breadcrumb\",\"itemListElement\":[{\"@type\":\"ListItem\",\"position\":1,\"name\":\"In\u00edcio\",\"item\":\"https:\/\/www.blogsoestado.com\/danielmatos\/\"},{\"@type\":\"ListItem\",\"position\":2,\"name\":\"Atrelado ao PCdoB, sindicato de professores \u00e9 usado para desestabilizar prefeitos que n\u00e3o apoiam Fl\u00e1vio Dino\"}]},{\"@type\":\"WebSite\",\"@id\":\"https:\/\/www.blogsoestado.com\/danielmatos\/#website\",\"url\":\"https:\/\/www.blogsoestado.com\/danielmatos\/\",\"name\":\"Daniel Matos\",\"description\":\"\",\"potentialAction\":[{\"@type\":\"SearchAction\",\"target\":{\"@type\":\"EntryPoint\",\"urlTemplate\":\"https:\/\/www.blogsoestado.com\/danielmatos\/?s={search_term_string}\"},\"query-input\":{\"@type\":\"PropertyValueSpecification\",\"valueRequired\":true,\"valueName\":\"search_term_string\"}}],\"inLanguage\":\"pt-BR\"}]}<\/script>\n<!-- \/ Yoast SEO plugin. -->","yoast_head_json":{"title":"Atrelado ao PCdoB, sindicato de professores \u00e9 usado para desestabilizar prefeitos que n\u00e3o apoiam Fl\u00e1vio Dino - Daniel Matos","robots":{"index":"index","follow":"follow","max-snippet":"max-snippet:-1","max-image-preview":"max-image-preview:large","max-video-preview":"max-video-preview:-1"},"canonical":"https:\/\/www.blogsoestado.com\/danielmatos\/atrelado-ao-pcdob-sindicato-de-professores-e-usado-para-desestabilizar-prefeitos-que-nao-apoiam-flavio-dino\/","og_locale":"pt_BR","og_type":"article","og_title":"Atrelado ao PCdoB, sindicato de professores \u00e9 usado para desestabilizar prefeitos que n\u00e3o apoiam Fl\u00e1vio Dino - Daniel Matos","og_description":"Omisso na luta pelo piso salarial nacional na rede p\u00fablica estadual de ensino, o\u00a0Sindicato dos Trabalhadores em Educa\u00e7\u00e3o B\u00e1sica das [&hellip;]","og_url":"https:\/\/www.blogsoestado.com\/danielmatos\/atrelado-ao-pcdob-sindicato-de-professores-e-usado-para-desestabilizar-prefeitos-que-nao-apoiam-flavio-dino\/","og_site_name":"Daniel Matos","article_published_time":"2018-04-02T15:44:04+00:00","og_image":[{"url":"https:\/\/www.blogsoestado.com\/danielmatos\/files\/2018\/04\/sinproesemma-barreirinhas2-300x300.jpg","type":"","width":"","height":""}],"twitter_card":"summary_large_image","twitter_misc":{"Est. tempo de leitura":"2 minutos"},"schema":{"@context":"https:\/\/schema.org","@graph":[{"@type":"WebPage","@id":"https:\/\/www.blogsoestado.com\/danielmatos\/atrelado-ao-pcdob-sindicato-de-professores-e-usado-para-desestabilizar-prefeitos-que-nao-apoiam-flavio-dino\/","url":"https:\/\/www.blogsoestado.com\/danielmatos\/atrelado-ao-pcdob-sindicato-de-professores-e-usado-para-desestabilizar-prefeitos-que-nao-apoiam-flavio-dino\/","name":"Atrelado ao PCdoB, sindicato de professores \u00e9 usado para desestabilizar prefeitos que n\u00e3o apoiam Fl\u00e1vio Dino - Daniel Matos","isPartOf":{"@id":"https:\/\/www.blogsoestado.com\/danielmatos\/#website"},"primaryImageOfPage":{"@id":"https:\/\/www.blogsoestado.com\/danielmatos\/atrelado-ao-pcdob-sindicato-de-professores-e-usado-para-desestabilizar-prefeitos-que-nao-apoiam-flavio-dino\/#primaryimage"},"image":{"@id":"https:\/\/www.blogsoestado.com\/danielmatos\/atrelado-ao-pcdob-sindicato-de-professores-e-usado-para-desestabilizar-prefeitos-que-nao-apoiam-flavio-dino\/#primaryimage"},"thumbnailUrl":"https:\/\/www.blogsoestado.com\/danielmatos\/files\/2018\/04\/sinproesemma-barreirinhas2-300x300.jpg","datePublished":"2018-04-02T15:44:04+00:00","author":{"@id":""},"breadcrumb":{"@id":"https:\/\/www.blogsoestado.com\/danielmatos\/atrelado-ao-pcdob-sindicato-de-professores-e-usado-para-desestabilizar-prefeitos-que-nao-apoiam-flavio-dino\/#breadcrumb"},"inLanguage":"pt-BR","potentialAction":[{"@type":"ReadAction","target":["https:\/\/www.blogsoestado.com\/danielmatos\/atrelado-ao-pcdob-sindicato-de-professores-e-usado-para-desestabilizar-prefeitos-que-nao-apoiam-flavio-dino\/"]}]},{"@type":"ImageObject","inLanguage":"pt-BR","@id":"https:\/\/www.blogsoestado.com\/danielmatos\/atrelado-ao-pcdob-sindicato-de-professores-e-usado-para-desestabilizar-prefeitos-que-nao-apoiam-flavio-dino\/#primaryimage","url":"https:\/\/www.blogsoestado.com\/danielmatos\/files\/2018\/04\/sinproesemma-barreirinhas2-300x300.jpg","contentUrl":"https:\/\/www.blogsoestado.com\/danielmatos\/files\/2018\/04\/sinproesemma-barreirinhas2-300x300.jpg"},{"@type":"BreadcrumbList","@id":"https:\/\/www.blogsoestado.com\/danielmatos\/atrelado-ao-pcdob-sindicato-de-professores-e-usado-para-desestabilizar-prefeitos-que-nao-apoiam-flavio-dino\/#breadcrumb","itemListElement":[{"@type":"ListItem","position":1,"name":"In\u00edcio","item":"https:\/\/www.blogsoestado.com\/danielmatos\/"},{"@type":"ListItem","position":2,"name":"Atrelado ao PCdoB, sindicato de professores \u00e9 usado para desestabilizar prefeitos que n\u00e3o apoiam Fl\u00e1vio Dino"}]},{"@type":"WebSite","@id":"https:\/\/www.blogsoestado.com\/danielmatos\/#website","url":"https:\/\/www.blogsoestado.com\/danielmatos\/","name":"Daniel Matos","description":"","potentialAction":[{"@type":"SearchAction","target":{"@type":"EntryPoint","urlTemplate":"https:\/\/www.blogsoestado.com\/danielmatos\/?s={search_term_string}"},"query-input":{"@type":"PropertyValueSpecification","valueRequired":true,"valueName":"search_term_string"}}],"inLanguage":"pt-BR"}]}},"jetpack_featured_media_url":"","_links":{"self":[{"href":"https:\/\/www.blogsoestado.com\/danielmatos\/wp-json\/wp\/v2\/posts\/49977","targetHints":{"allow":["GET"]}}],"collection":[{"href":"https:\/\/www.blogsoestado.com\/danielmatos\/wp-json\/wp\/v2\/posts"}],"about":[{"href":"https:\/\/www.blogsoestado.com\/danielmatos\/wp-json\/wp\/v2\/types\/post"}],"replies":[{"embeddable":true,"href":"https:\/\/www.blogsoestado.com\/danielmatos\/wp-json\/wp\/v2\/comments?post=49977"}],"version-history":[{"count":0,"href":"https:\/\/www.blogsoestado.com\/danielmatos\/wp-json\/wp\/v2\/posts\/49977\/revisions"}],"wp:attachment":[{"href":"https:\/\/www.blogsoestado.com\/danielmatos\/wp-json\/wp\/v2\/media?parent=49977"}],"wp:term":[{"taxonomy":"category","embeddable":true,"href":"https:\/\/www.blogsoestado.com\/danielmatos\/wp-json\/wp\/v2\/categories?post=49977"},{"taxonomy":"post_tag","embeddable":true,"href":"https:\/\/www.blogsoestado.com\/danielmatos\/wp-json\/wp\/v2\/tags?post=49977"}],"curies":[{"name":"wp","href":"https:\/\/api.w.org\/{rel}","templated":true}]}}