{"id":49989,"date":"2018-04-02T16:00:45","date_gmt":"2018-04-02T19:00:45","guid":{"rendered":"https:\/\/www.blogsoestado.com\/danielmatos\/?p=49989"},"modified":"2018-04-02T16:00:45","modified_gmt":"2018-04-02T19:00:45","slug":"em-sao-joao-batista-prefeito-e-ex-prefeitos-sao-condenados-por-nao-pagarem-contas-de-energia","status":"publish","type":"post","link":"https:\/\/www.blogsoestado.com\/danielmatos\/em-sao-joao-batista-prefeito-e-ex-prefeitos-sao-condenados-por-nao-pagarem-contas-de-energia\/","title":{"rendered":"Em S\u00e3o Jo\u00e3o Batista, prefeito e ex-prefeitos s\u00e3o condenados por n\u00e3o pagarem contas de energia"},"content":{"rendered":"<h2><span style=\"color: #ff0000;\">Com aumento do d\u00e9bito, inadimpl\u00eancia estava gerando preju\u00edzos \u00e0 municipalidade<\/span><\/h2>\n<figure id=\"attachment_49020\" aria-describedby=\"caption-attachment-49020\" style=\"width: 300px\" class=\"wp-caption alignleft\"><img fetchpriority=\"high\" decoding=\"async\" class=\"size-medium wp-image-49020\" src=\"https:\/\/www.blogsoestado.com\/danielmatos\/files\/2018\/02\/dominici-dino-300x248.jpg\" alt=\"\" width=\"300\" height=\"248\" \/><figcaption id=\"caption-attachment-49020\" class=\"wp-caption-text\">Prefeito Jo\u00e3o Dominici com o governador Fl\u00e1vio Dino, seu aliado<\/figcaption><\/figure>\n<p>Em atendimento a pedido do Minist\u00e9rio P\u00fablico do Maranh\u00e3o, formulado em A\u00e7\u00e3o Civil P\u00fablica por ato de improbidade administrativa, a Justi\u00e7a decidiu, no dia 21 de mar\u00e7o, bloquear os bens de dois ex-prefeitos (Amarildo Pinheiro Costa e Fabr\u00edcio Costa Correia J\u00fanior) e do atual prefeito de S\u00e3o Jo\u00e3o Batista, Jo\u00e3o C\u00e2ndido Dominici.<\/p>\n<p>Os gestores foram condenados por ato de improbidade, que consistiu na aus\u00eancia de pagamento das contas de energia el\u00e9trica da Prefeitura junto \u00e0 Cemar, o que estaria provocando um aumento do d\u00e9bito, decorrente da incid\u00eancia de juros de mora, multa e corre\u00e7\u00e3o monet\u00e1ria, com preju\u00edzo \u00e0 municipalidade.<\/p>\n<p>A medida cautelar deferida torna indispon\u00edveis os bens do ex-prefeito Amarildo Pinheiro Costa at\u00e9 o montante de R$ 235.833,96; de Fabr\u00edcio Costa J\u00fanior at\u00e9 R$ 52.578,90; e do atual prefeito Jo\u00e3o C\u00e2ndido Dominici at\u00e9 o montante de R$ 33.964,20. Tais valores s\u00e3o referentes ao acr\u00e9scimo gerado no endividamento municipal e de eventual multa civil.<\/p>\n<p>De autoria do promotor de justi\u00e7a Felipe Augusto Rotondo, a A\u00e7\u00e3o Civil P\u00fablica foi julgada pelo juiz de direito Jos\u00e9 Ribamar Dias J\u00fanior, da comarca de S\u00e3o Jo\u00e3o Batista.<\/p>\n<p>Para o membro do Minist\u00e9rio P\u00fablico, os requeridos \u201cagiram de forma negligente e irrespons\u00e1vel no que diz respeito \u00e0 conserva\u00e7\u00e3o do patrim\u00f4nio p\u00fablico, al\u00e9m de terem causado preju\u00edzo ao er\u00e1rio, na forma do pagamento de juros, multas e corre\u00e7\u00e3o monet\u00e1ria.\u201d<\/p>\n<p>Em sua decis\u00e3o o magistrado observou que, embora o d\u00e9bito tenha se iniciado na gest\u00e3o de Amarildo Pinheiro Costa, a situa\u00e7\u00e3o foi mantida por todo o per\u00edodo seguinte, sem que os gestores posteriores adotassem as provid\u00eancias necess\u00e1rias \u00e0 suspens\u00e3o da incid\u00eancia dos encargos de mora. \u201cTodo o acr\u00e9scimo do d\u00e9bito municipal, concernente nos juros, corre\u00e7\u00e3o monet\u00e1ria e multas, decorreu de conduta aparentemente negligente dos requeridos em praticar seus atos de of\u00edcio, de exercer seu poder-dever\u201d, proferiu o juiz.<\/p>\n<p><strong>RASTREAMENTO<\/strong><\/p>\n<p>Para garantir a efetividade da medida judicial, foram determinados o rastreamento e o bloqueio de valores em contas banc\u00e1rias em nome dos requeridos, em valores suficientes at\u00e9 o montante indicado.<\/p>\n<p>Caso n\u00e3o sejam encontrados recursos suficientes nas contas banc\u00e1rias, devem ser oficiados os Servi\u00e7os de Registro de Im\u00f3veis competentes, para a averba\u00e7\u00e3o da indisponibilidade nas matr\u00edculas de im\u00f3veis, em nome dos requeridos, bem como requisitado ao Departamento de Tr\u00e2nsito do Estado do Maranh\u00e3o (Detran) para inser\u00e7\u00e3o de restri\u00e7\u00e3o judicial nos registros de ve\u00edculos em nome dos gestores, no sentido de impedir qualquer transfer\u00eancia, venda ou aliena\u00e7\u00e3o, observado o limite do valor bloqueado.<\/p>\n<p><strong>Fonte:<\/strong> Minist\u00e9rio P\u00fablico do Maranh\u00e3o<\/p>\n","protected":false},"excerpt":{"rendered":"<p>Com aumento do d\u00e9bito, inadimpl\u00eancia estava gerando preju\u00edzos \u00e0 municipalidade Em atendimento a pedido do Minist\u00e9rio P\u00fablico do Maranh\u00e3o, formulado [&hellip;]<\/p>\n","protected":false},"author":0,"featured_media":0,"comment_status":"open","ping_status":"open","sticky":false,"template":"","format":"standard","meta":{"site-sidebar-layout":"default","site-content-layout":"","ast-site-content-layout":"default","site-content-style":"default","site-sidebar-style":"default","ast-global-header-display":"","ast-banner-title-visibility":"","ast-main-header-display":"","ast-hfb-above-header-display":"","ast-hfb-below-header-display":"","ast-hfb-mobile-header-display":"","site-post-title":"","ast-breadcrumbs-content":"","ast-featured-img":"","footer-sml-layout":"","ast-disable-related-posts":"","theme-transparent-header-meta":"","adv-header-id-meta":"","stick-header-meta":"","header-above-stick-meta":"","header-main-stick-meta":"","header-below-stick-meta":"","astra-migrate-meta-layouts":"default","ast-page-background-enabled":"default","ast-page-background-meta":{"desktop":{"background-color":"var(--ast-global-color-5)","background-image":"","background-repeat":"repeat","background-position":"center center","background-size":"auto","background-attachment":"scroll","background-type":"","background-media":"","overlay-type":"","overlay-color":"","overlay-opacity":"","overlay-gradient":""},"tablet":{"background-color":"","background-image":"","background-repeat":"repeat","background-position":"center center","background-size":"auto","background-attachment":"scroll","background-type":"","background-media":"","overlay-type":"","overlay-color":"","overlay-opacity":"","overlay-gradient":""},"mobile":{"background-color":"","background-image":"","background-repeat":"repeat","background-position":"center center","background-size":"auto","background-attachment":"scroll","background-type":"","background-media":"","overlay-type":"","overlay-color":"","overlay-opacity":"","overlay-gradient":""}},"ast-content-background-meta":{"desktop":{"background-color":"var(--ast-global-color-4)","background-image":"","background-repeat":"repeat","background-position":"center center","background-size":"auto","background-attachment":"scroll","background-type":"","background-media":"","overlay-type":"","overlay-color":"","overlay-opacity":"","overlay-gradient":""},"tablet":{"background-color":"var(--ast-global-color-4)","background-image":"","background-repeat":"repeat","background-position":"center center","background-size":"auto","background-attachment":"scroll","background-type":"","background-media":"","overlay-type":"","overlay-color":"","overlay-opacity":"","overlay-gradient":""},"mobile":{"background-color":"var(--ast-global-color-4)","background-image":"","background-repeat":"repeat","background-position":"center center","background-size":"auto","background-attachment":"scroll","background-type":"","background-media":"","overlay-type":"","overlay-color":"","overlay-opacity":"","overlay-gradient":""}},"footnotes":""},"categories":[1],"tags":[],"class_list":["post-49989","post","type-post","status-publish","format-standard","hentry","category-sem-categoria"],"yoast_head":"<!-- This site is optimized with the Yoast SEO plugin v26.6 - https:\/\/yoast.com\/wordpress\/plugins\/seo\/ -->\n<title>Em S\u00e3o Jo\u00e3o Batista, prefeito e ex-prefeitos s\u00e3o condenados por n\u00e3o pagarem contas de energia - Daniel Matos<\/title>\n<meta name=\"robots\" content=\"index, follow, max-snippet:-1, max-image-preview:large, max-video-preview:-1\" \/>\n<link rel=\"canonical\" href=\"https:\/\/www.blogsoestado.com\/danielmatos\/em-sao-joao-batista-prefeito-e-ex-prefeitos-sao-condenados-por-nao-pagarem-contas-de-energia\/\" \/>\n<meta property=\"og:locale\" content=\"pt_BR\" \/>\n<meta property=\"og:type\" content=\"article\" \/>\n<meta property=\"og:title\" content=\"Em S\u00e3o Jo\u00e3o Batista, prefeito e ex-prefeitos s\u00e3o condenados por n\u00e3o pagarem contas de energia - Daniel Matos\" \/>\n<meta property=\"og:description\" content=\"Com aumento do d\u00e9bito, inadimpl\u00eancia estava gerando preju\u00edzos \u00e0 municipalidade Em atendimento a pedido do Minist\u00e9rio P\u00fablico do Maranh\u00e3o, formulado [&hellip;]\" \/>\n<meta property=\"og:url\" content=\"https:\/\/www.blogsoestado.com\/danielmatos\/em-sao-joao-batista-prefeito-e-ex-prefeitos-sao-condenados-por-nao-pagarem-contas-de-energia\/\" \/>\n<meta property=\"og:site_name\" content=\"Daniel Matos\" \/>\n<meta property=\"article:published_time\" content=\"2018-04-02T19:00:45+00:00\" \/>\n<meta property=\"og:image\" content=\"https:\/\/www.blogsoestado.com\/danielmatos\/files\/2018\/02\/dominici-dino-300x248.jpg\" \/>\n<meta name=\"twitter:card\" content=\"summary_large_image\" \/>\n<meta name=\"twitter:label1\" content=\"Est. tempo de leitura\" \/>\n\t<meta name=\"twitter:data1\" content=\"3 minutos\" \/>\n<script type=\"application\/ld+json\" class=\"yoast-schema-graph\">{\"@context\":\"https:\/\/schema.org\",\"@graph\":[{\"@type\":\"WebPage\",\"@id\":\"https:\/\/www.blogsoestado.com\/danielmatos\/em-sao-joao-batista-prefeito-e-ex-prefeitos-sao-condenados-por-nao-pagarem-contas-de-energia\/\",\"url\":\"https:\/\/www.blogsoestado.com\/danielmatos\/em-sao-joao-batista-prefeito-e-ex-prefeitos-sao-condenados-por-nao-pagarem-contas-de-energia\/\",\"name\":\"Em S\u00e3o Jo\u00e3o Batista, prefeito e ex-prefeitos s\u00e3o condenados por n\u00e3o pagarem contas de energia - Daniel Matos\",\"isPartOf\":{\"@id\":\"https:\/\/www.blogsoestado.com\/danielmatos\/#website\"},\"primaryImageOfPage\":{\"@id\":\"https:\/\/www.blogsoestado.com\/danielmatos\/em-sao-joao-batista-prefeito-e-ex-prefeitos-sao-condenados-por-nao-pagarem-contas-de-energia\/#primaryimage\"},\"image\":{\"@id\":\"https:\/\/www.blogsoestado.com\/danielmatos\/em-sao-joao-batista-prefeito-e-ex-prefeitos-sao-condenados-por-nao-pagarem-contas-de-energia\/#primaryimage\"},\"thumbnailUrl\":\"https:\/\/www.blogsoestado.com\/danielmatos\/files\/2018\/02\/dominici-dino-300x248.jpg\",\"datePublished\":\"2018-04-02T19:00:45+00:00\",\"author\":{\"@id\":\"\"},\"breadcrumb\":{\"@id\":\"https:\/\/www.blogsoestado.com\/danielmatos\/em-sao-joao-batista-prefeito-e-ex-prefeitos-sao-condenados-por-nao-pagarem-contas-de-energia\/#breadcrumb\"},\"inLanguage\":\"pt-BR\",\"potentialAction\":[{\"@type\":\"ReadAction\",\"target\":[\"https:\/\/www.blogsoestado.com\/danielmatos\/em-sao-joao-batista-prefeito-e-ex-prefeitos-sao-condenados-por-nao-pagarem-contas-de-energia\/\"]}]},{\"@type\":\"ImageObject\",\"inLanguage\":\"pt-BR\",\"@id\":\"https:\/\/www.blogsoestado.com\/danielmatos\/em-sao-joao-batista-prefeito-e-ex-prefeitos-sao-condenados-por-nao-pagarem-contas-de-energia\/#primaryimage\",\"url\":\"https:\/\/www.blogsoestado.com\/danielmatos\/files\/2018\/02\/dominici-dino-300x248.jpg\",\"contentUrl\":\"https:\/\/www.blogsoestado.com\/danielmatos\/files\/2018\/02\/dominici-dino-300x248.jpg\"},{\"@type\":\"BreadcrumbList\",\"@id\":\"https:\/\/www.blogsoestado.com\/danielmatos\/em-sao-joao-batista-prefeito-e-ex-prefeitos-sao-condenados-por-nao-pagarem-contas-de-energia\/#breadcrumb\",\"itemListElement\":[{\"@type\":\"ListItem\",\"position\":1,\"name\":\"In\u00edcio\",\"item\":\"https:\/\/www.blogsoestado.com\/danielmatos\/\"},{\"@type\":\"ListItem\",\"position\":2,\"name\":\"Em S\u00e3o Jo\u00e3o Batista, prefeito e ex-prefeitos s\u00e3o condenados por n\u00e3o pagarem contas de energia\"}]},{\"@type\":\"WebSite\",\"@id\":\"https:\/\/www.blogsoestado.com\/danielmatos\/#website\",\"url\":\"https:\/\/www.blogsoestado.com\/danielmatos\/\",\"name\":\"Daniel Matos\",\"description\":\"\",\"potentialAction\":[{\"@type\":\"SearchAction\",\"target\":{\"@type\":\"EntryPoint\",\"urlTemplate\":\"https:\/\/www.blogsoestado.com\/danielmatos\/?s={search_term_string}\"},\"query-input\":{\"@type\":\"PropertyValueSpecification\",\"valueRequired\":true,\"valueName\":\"search_term_string\"}}],\"inLanguage\":\"pt-BR\"}]}<\/script>\n<!-- \/ Yoast SEO plugin. -->","yoast_head_json":{"title":"Em S\u00e3o Jo\u00e3o Batista, prefeito e ex-prefeitos s\u00e3o condenados por n\u00e3o pagarem contas de energia - Daniel Matos","robots":{"index":"index","follow":"follow","max-snippet":"max-snippet:-1","max-image-preview":"max-image-preview:large","max-video-preview":"max-video-preview:-1"},"canonical":"https:\/\/www.blogsoestado.com\/danielmatos\/em-sao-joao-batista-prefeito-e-ex-prefeitos-sao-condenados-por-nao-pagarem-contas-de-energia\/","og_locale":"pt_BR","og_type":"article","og_title":"Em S\u00e3o Jo\u00e3o Batista, prefeito e ex-prefeitos s\u00e3o condenados por n\u00e3o pagarem contas de energia - Daniel Matos","og_description":"Com aumento do d\u00e9bito, inadimpl\u00eancia estava gerando preju\u00edzos \u00e0 municipalidade Em atendimento a pedido do Minist\u00e9rio P\u00fablico do Maranh\u00e3o, formulado [&hellip;]","og_url":"https:\/\/www.blogsoestado.com\/danielmatos\/em-sao-joao-batista-prefeito-e-ex-prefeitos-sao-condenados-por-nao-pagarem-contas-de-energia\/","og_site_name":"Daniel Matos","article_published_time":"2018-04-02T19:00:45+00:00","og_image":[{"url":"https:\/\/www.blogsoestado.com\/danielmatos\/files\/2018\/02\/dominici-dino-300x248.jpg","type":"","width":"","height":""}],"twitter_card":"summary_large_image","twitter_misc":{"Est. tempo de leitura":"3 minutos"},"schema":{"@context":"https:\/\/schema.org","@graph":[{"@type":"WebPage","@id":"https:\/\/www.blogsoestado.com\/danielmatos\/em-sao-joao-batista-prefeito-e-ex-prefeitos-sao-condenados-por-nao-pagarem-contas-de-energia\/","url":"https:\/\/www.blogsoestado.com\/danielmatos\/em-sao-joao-batista-prefeito-e-ex-prefeitos-sao-condenados-por-nao-pagarem-contas-de-energia\/","name":"Em S\u00e3o Jo\u00e3o Batista, prefeito e ex-prefeitos s\u00e3o condenados por n\u00e3o pagarem contas de energia - Daniel Matos","isPartOf":{"@id":"https:\/\/www.blogsoestado.com\/danielmatos\/#website"},"primaryImageOfPage":{"@id":"https:\/\/www.blogsoestado.com\/danielmatos\/em-sao-joao-batista-prefeito-e-ex-prefeitos-sao-condenados-por-nao-pagarem-contas-de-energia\/#primaryimage"},"image":{"@id":"https:\/\/www.blogsoestado.com\/danielmatos\/em-sao-joao-batista-prefeito-e-ex-prefeitos-sao-condenados-por-nao-pagarem-contas-de-energia\/#primaryimage"},"thumbnailUrl":"https:\/\/www.blogsoestado.com\/danielmatos\/files\/2018\/02\/dominici-dino-300x248.jpg","datePublished":"2018-04-02T19:00:45+00:00","author":{"@id":""},"breadcrumb":{"@id":"https:\/\/www.blogsoestado.com\/danielmatos\/em-sao-joao-batista-prefeito-e-ex-prefeitos-sao-condenados-por-nao-pagarem-contas-de-energia\/#breadcrumb"},"inLanguage":"pt-BR","potentialAction":[{"@type":"ReadAction","target":["https:\/\/www.blogsoestado.com\/danielmatos\/em-sao-joao-batista-prefeito-e-ex-prefeitos-sao-condenados-por-nao-pagarem-contas-de-energia\/"]}]},{"@type":"ImageObject","inLanguage":"pt-BR","@id":"https:\/\/www.blogsoestado.com\/danielmatos\/em-sao-joao-batista-prefeito-e-ex-prefeitos-sao-condenados-por-nao-pagarem-contas-de-energia\/#primaryimage","url":"https:\/\/www.blogsoestado.com\/danielmatos\/files\/2018\/02\/dominici-dino-300x248.jpg","contentUrl":"https:\/\/www.blogsoestado.com\/danielmatos\/files\/2018\/02\/dominici-dino-300x248.jpg"},{"@type":"BreadcrumbList","@id":"https:\/\/www.blogsoestado.com\/danielmatos\/em-sao-joao-batista-prefeito-e-ex-prefeitos-sao-condenados-por-nao-pagarem-contas-de-energia\/#breadcrumb","itemListElement":[{"@type":"ListItem","position":1,"name":"In\u00edcio","item":"https:\/\/www.blogsoestado.com\/danielmatos\/"},{"@type":"ListItem","position":2,"name":"Em S\u00e3o Jo\u00e3o Batista, prefeito e ex-prefeitos s\u00e3o condenados por n\u00e3o pagarem contas de energia"}]},{"@type":"WebSite","@id":"https:\/\/www.blogsoestado.com\/danielmatos\/#website","url":"https:\/\/www.blogsoestado.com\/danielmatos\/","name":"Daniel Matos","description":"","potentialAction":[{"@type":"SearchAction","target":{"@type":"EntryPoint","urlTemplate":"https:\/\/www.blogsoestado.com\/danielmatos\/?s={search_term_string}"},"query-input":{"@type":"PropertyValueSpecification","valueRequired":true,"valueName":"search_term_string"}}],"inLanguage":"pt-BR"}]}},"jetpack_featured_media_url":"","_links":{"self":[{"href":"https:\/\/www.blogsoestado.com\/danielmatos\/wp-json\/wp\/v2\/posts\/49989","targetHints":{"allow":["GET"]}}],"collection":[{"href":"https:\/\/www.blogsoestado.com\/danielmatos\/wp-json\/wp\/v2\/posts"}],"about":[{"href":"https:\/\/www.blogsoestado.com\/danielmatos\/wp-json\/wp\/v2\/types\/post"}],"replies":[{"embeddable":true,"href":"https:\/\/www.blogsoestado.com\/danielmatos\/wp-json\/wp\/v2\/comments?post=49989"}],"version-history":[{"count":0,"href":"https:\/\/www.blogsoestado.com\/danielmatos\/wp-json\/wp\/v2\/posts\/49989\/revisions"}],"wp:attachment":[{"href":"https:\/\/www.blogsoestado.com\/danielmatos\/wp-json\/wp\/v2\/media?parent=49989"}],"wp:term":[{"taxonomy":"category","embeddable":true,"href":"https:\/\/www.blogsoestado.com\/danielmatos\/wp-json\/wp\/v2\/categories?post=49989"},{"taxonomy":"post_tag","embeddable":true,"href":"https:\/\/www.blogsoestado.com\/danielmatos\/wp-json\/wp\/v2\/tags?post=49989"}],"curies":[{"name":"wp","href":"https:\/\/api.w.org\/{rel}","templated":true}]}}