{"id":49994,"date":"2018-04-02T15:50:08","date_gmt":"2018-04-02T18:50:08","guid":{"rendered":"https:\/\/www.blogsoestado.com\/danielmatos\/?p=49994"},"modified":"2018-04-02T15:50:08","modified_gmt":"2018-04-02T18:50:08","slug":"para-figueiredo-lanca-pre-candidatura-em-sao-joao-batista-e-recebe-apoio-politico-expressivo","status":"publish","type":"post","link":"https:\/\/www.blogsoestado.com\/danielmatos\/para-figueiredo-lanca-pre-candidatura-em-sao-joao-batista-e-recebe-apoio-politico-expressivo\/","title":{"rendered":"Par\u00e1 Figueiredo lan\u00e7a pr\u00e9-candidatura em S\u00e3o Jo\u00e3o Batista e recebe apoio pol\u00edtico expressivo"},"content":{"rendered":"<figure id=\"attachment_49995\" aria-describedby=\"caption-attachment-49995\" style=\"width: 640px\" class=\"wp-caption aligncenter\"><img fetchpriority=\"high\" decoding=\"async\" class=\"wp-image-49995 size-full\" src=\"https:\/\/www.blogsoestado.com\/danielmatos\/files\/2018\/04\/para-lan\u00e7a.jpg\" alt=\"\" width=\"640\" height=\"360\" \/><figcaption id=\"caption-attachment-49995\" class=\"wp-caption-text\">Par\u00e1 reuniu grupo numeroso de apoiadores no lan\u00e7amento da sua pr\u00e9-candidatura a deputado estadual<\/figcaption><\/figure>\n<p>O jovem empres\u00e1rio Par\u00e1 Figueiredo reuniu, no \u00faltimo s\u00e1bado, 31, diversas lideran\u00e7as em S\u00e3o Jo\u00e3o Batista no lan\u00e7amento da sua pr\u00e9-candidatura a deputado estadual. O evento foi realizado na casa do secret\u00e1rio de Sa\u00fade de Pindar\u00e9 Mirim, Carlos Figueiredo, e selou o apoio de ex-prefeitos, vereadores, ex-vereadores e lideran\u00e7as pol\u00edticas e comunit\u00e1rias do munic\u00edpio.<\/p>\n<p>Filho do presidente do Tribunal de Justi\u00e7a do Maranh\u00e3o, Par\u00e1 Figueiredo deve ter apoio de diversos prefeitos do estado e j\u00e1 vem trabalhando sua pr\u00e9-candidatura desde o ano passado. De acordo com as informa\u00e7\u00f5es passadas ao Blog do Jailson Mendes pela assessoria do pr\u00e9-candidato, ele confirmou o apoio de pelo menos tr\u00eas ex-prefeitos, dois vereadores e diversos ex-vereadores e lideran\u00e7as de S\u00e3o Jo\u00e3o Batista.<\/p>\n<p>A reuni\u00e3o contou com a presen\u00e7a do filho do presidente do TJ, Par\u00e1 Figueiredo, dos vereadores Renato Machado e Chico de Nhozinho; do secret\u00e1rio de sa\u00fade de Pindar\u00e9, Carlos Figueiredo e dezenas de lideran\u00e7as. Ontem, ele agradeceu o apoio que vem recebendo e confirmou o apoio dos ex-prefeitos Luiz Figueiredo, Junior de Fabr\u00edcio e Tonho Figueiredo, do vereador Renato Machado e de outros pol\u00edticos.<\/p>\n<p>A lista de apoiadores cont\u00e9m Washington Cotrim, Ivaldo Gomes, Raimundinho Machado, Reinaldo Boi de Barro, J\u00fanior Carreteiro, Kati\u00e9 Dominici, Gato Dominici, Uira Dominici, Pelado de Santa Rita, Willame Barros, Br\u00e1ulio, Ailton de Dezinho, Jorge Pereira, Perrete, Sargento Batista, Dr Ferreira, Dr Ribamar, Jomar C\u00e2mara, J\u00fanior de Seu N\u00e9, Rico Pinheiro, F\u00e1bio Marley, Jo\u00e3o de Santinho Gomes, Leoncinho, Mundico Coronha, dentre outros.<\/p>\n<p>Embora tenha participado do evento, o vereador Chico de Nhozinho n\u00e3o confirmou a alian\u00e7a e disse que n\u00e3o declarou apoio ainda ao pr\u00e9-candidato a deputado estadual, Par\u00e1 Figueiredo.<\/p>\n<p><strong>Fonte: <\/strong>Folha de SJB<\/p>\n","protected":false},"excerpt":{"rendered":"<p>O jovem empres\u00e1rio Par\u00e1 Figueiredo reuniu, no \u00faltimo s\u00e1bado, 31, diversas lideran\u00e7as em S\u00e3o Jo\u00e3o Batista no lan\u00e7amento da sua [&hellip;]<\/p>\n","protected":false},"author":0,"featured_media":0,"comment_status":"open","ping_status":"open","sticky":false,"template":"","format":"standard","meta":{"site-sidebar-layout":"default","site-content-layout":"","ast-site-content-layout":"default","site-content-style":"default","site-sidebar-style":"default","ast-global-header-display":"","ast-banner-title-visibility":"","ast-main-header-display":"","ast-hfb-above-header-display":"","ast-hfb-below-header-display":"","ast-hfb-mobile-header-display":"","site-post-title":"","ast-breadcrumbs-content":"","ast-featured-img":"","footer-sml-layout":"","ast-disable-related-posts":"","theme-transparent-header-meta":"","adv-header-id-meta":"","stick-header-meta":"","header-above-stick-meta":"","header-main-stick-meta":"","header-below-stick-meta":"","astra-migrate-meta-layouts":"default","ast-page-background-enabled":"default","ast-page-background-meta":{"desktop":{"background-color":"var(--ast-global-color-5)","background-image":"","background-repeat":"repeat","background-position":"center center","background-size":"auto","background-attachment":"scroll","background-type":"","background-media":"","overlay-type":"","overlay-color":"","overlay-opacity":"","overlay-gradient":""},"tablet":{"background-color":"","background-image":"","background-repeat":"repeat","background-position":"center center","background-size":"auto","background-attachment":"scroll","background-type":"","background-media":"","overlay-type":"","overlay-color":"","overlay-opacity":"","overlay-gradient":""},"mobile":{"background-color":"","background-image":"","background-repeat":"repeat","background-position":"center center","background-size":"auto","background-attachment":"scroll","background-type":"","background-media":"","overlay-type":"","overlay-color":"","overlay-opacity":"","overlay-gradient":""}},"ast-content-background-meta":{"desktop":{"background-color":"var(--ast-global-color-4)","background-image":"","background-repeat":"repeat","background-position":"center center","background-size":"auto","background-attachment":"scroll","background-type":"","background-media":"","overlay-type":"","overlay-color":"","overlay-opacity":"","overlay-gradient":""},"tablet":{"background-color":"var(--ast-global-color-4)","background-image":"","background-repeat":"repeat","background-position":"center center","background-size":"auto","background-attachment":"scroll","background-type":"","background-media":"","overlay-type":"","overlay-color":"","overlay-opacity":"","overlay-gradient":""},"mobile":{"background-color":"var(--ast-global-color-4)","background-image":"","background-repeat":"repeat","background-position":"center center","background-size":"auto","background-attachment":"scroll","background-type":"","background-media":"","overlay-type":"","overlay-color":"","overlay-opacity":"","overlay-gradient":""}},"footnotes":""},"categories":[1],"tags":[],"class_list":["post-49994","post","type-post","status-publish","format-standard","hentry","category-sem-categoria"],"yoast_head":"<!-- This site is optimized with the Yoast SEO plugin v26.6 - https:\/\/yoast.com\/wordpress\/plugins\/seo\/ -->\n<title>Par\u00e1 Figueiredo lan\u00e7a pr\u00e9-candidatura em S\u00e3o Jo\u00e3o Batista e recebe apoio pol\u00edtico expressivo - Daniel Matos<\/title>\n<meta name=\"robots\" content=\"index, follow, max-snippet:-1, max-image-preview:large, max-video-preview:-1\" \/>\n<link rel=\"canonical\" href=\"https:\/\/www.blogsoestado.com\/danielmatos\/para-figueiredo-lanca-pre-candidatura-em-sao-joao-batista-e-recebe-apoio-politico-expressivo\/\" \/>\n<meta property=\"og:locale\" content=\"pt_BR\" \/>\n<meta property=\"og:type\" content=\"article\" \/>\n<meta property=\"og:title\" content=\"Par\u00e1 Figueiredo lan\u00e7a pr\u00e9-candidatura em S\u00e3o Jo\u00e3o Batista e recebe apoio pol\u00edtico expressivo - Daniel Matos\" \/>\n<meta property=\"og:description\" content=\"O jovem empres\u00e1rio Par\u00e1 Figueiredo reuniu, no \u00faltimo s\u00e1bado, 31, diversas lideran\u00e7as em S\u00e3o Jo\u00e3o Batista no lan\u00e7amento da sua [&hellip;]\" \/>\n<meta property=\"og:url\" content=\"https:\/\/www.blogsoestado.com\/danielmatos\/para-figueiredo-lanca-pre-candidatura-em-sao-joao-batista-e-recebe-apoio-politico-expressivo\/\" \/>\n<meta property=\"og:site_name\" content=\"Daniel Matos\" \/>\n<meta property=\"article:published_time\" content=\"2018-04-02T18:50:08+00:00\" \/>\n<meta name=\"twitter:card\" content=\"summary_large_image\" \/>\n<meta name=\"twitter:label1\" content=\"Est. tempo de leitura\" \/>\n\t<meta name=\"twitter:data1\" content=\"2 minutos\" \/>\n<script type=\"application\/ld+json\" class=\"yoast-schema-graph\">{\"@context\":\"https:\/\/schema.org\",\"@graph\":[{\"@type\":\"WebPage\",\"@id\":\"https:\/\/www.blogsoestado.com\/danielmatos\/para-figueiredo-lanca-pre-candidatura-em-sao-joao-batista-e-recebe-apoio-politico-expressivo\/\",\"url\":\"https:\/\/www.blogsoestado.com\/danielmatos\/para-figueiredo-lanca-pre-candidatura-em-sao-joao-batista-e-recebe-apoio-politico-expressivo\/\",\"name\":\"Par\u00e1 Figueiredo lan\u00e7a pr\u00e9-candidatura em S\u00e3o Jo\u00e3o Batista e recebe apoio pol\u00edtico expressivo - Daniel Matos\",\"isPartOf\":{\"@id\":\"https:\/\/www.blogsoestado.com\/danielmatos\/#website\"},\"datePublished\":\"2018-04-02T18:50:08+00:00\",\"author\":{\"@id\":\"\"},\"breadcrumb\":{\"@id\":\"https:\/\/www.blogsoestado.com\/danielmatos\/para-figueiredo-lanca-pre-candidatura-em-sao-joao-batista-e-recebe-apoio-politico-expressivo\/#breadcrumb\"},\"inLanguage\":\"pt-BR\",\"potentialAction\":[{\"@type\":\"ReadAction\",\"target\":[\"https:\/\/www.blogsoestado.com\/danielmatos\/para-figueiredo-lanca-pre-candidatura-em-sao-joao-batista-e-recebe-apoio-politico-expressivo\/\"]}]},{\"@type\":\"BreadcrumbList\",\"@id\":\"https:\/\/www.blogsoestado.com\/danielmatos\/para-figueiredo-lanca-pre-candidatura-em-sao-joao-batista-e-recebe-apoio-politico-expressivo\/#breadcrumb\",\"itemListElement\":[{\"@type\":\"ListItem\",\"position\":1,\"name\":\"In\u00edcio\",\"item\":\"https:\/\/www.blogsoestado.com\/danielmatos\/\"},{\"@type\":\"ListItem\",\"position\":2,\"name\":\"Par\u00e1 Figueiredo lan\u00e7a pr\u00e9-candidatura em S\u00e3o Jo\u00e3o Batista e recebe apoio pol\u00edtico expressivo\"}]},{\"@type\":\"WebSite\",\"@id\":\"https:\/\/www.blogsoestado.com\/danielmatos\/#website\",\"url\":\"https:\/\/www.blogsoestado.com\/danielmatos\/\",\"name\":\"Daniel Matos\",\"description\":\"\",\"potentialAction\":[{\"@type\":\"SearchAction\",\"target\":{\"@type\":\"EntryPoint\",\"urlTemplate\":\"https:\/\/www.blogsoestado.com\/danielmatos\/?s={search_term_string}\"},\"query-input\":{\"@type\":\"PropertyValueSpecification\",\"valueRequired\":true,\"valueName\":\"search_term_string\"}}],\"inLanguage\":\"pt-BR\"}]}<\/script>\n<!-- \/ Yoast SEO plugin. -->","yoast_head_json":{"title":"Par\u00e1 Figueiredo lan\u00e7a pr\u00e9-candidatura em S\u00e3o Jo\u00e3o Batista e recebe apoio pol\u00edtico expressivo - Daniel Matos","robots":{"index":"index","follow":"follow","max-snippet":"max-snippet:-1","max-image-preview":"max-image-preview:large","max-video-preview":"max-video-preview:-1"},"canonical":"https:\/\/www.blogsoestado.com\/danielmatos\/para-figueiredo-lanca-pre-candidatura-em-sao-joao-batista-e-recebe-apoio-politico-expressivo\/","og_locale":"pt_BR","og_type":"article","og_title":"Par\u00e1 Figueiredo lan\u00e7a pr\u00e9-candidatura em S\u00e3o Jo\u00e3o Batista e recebe apoio pol\u00edtico expressivo - Daniel Matos","og_description":"O jovem empres\u00e1rio Par\u00e1 Figueiredo reuniu, no \u00faltimo s\u00e1bado, 31, diversas lideran\u00e7as em S\u00e3o Jo\u00e3o Batista no lan\u00e7amento da sua [&hellip;]","og_url":"https:\/\/www.blogsoestado.com\/danielmatos\/para-figueiredo-lanca-pre-candidatura-em-sao-joao-batista-e-recebe-apoio-politico-expressivo\/","og_site_name":"Daniel Matos","article_published_time":"2018-04-02T18:50:08+00:00","twitter_card":"summary_large_image","twitter_misc":{"Est. tempo de leitura":"2 minutos"},"schema":{"@context":"https:\/\/schema.org","@graph":[{"@type":"WebPage","@id":"https:\/\/www.blogsoestado.com\/danielmatos\/para-figueiredo-lanca-pre-candidatura-em-sao-joao-batista-e-recebe-apoio-politico-expressivo\/","url":"https:\/\/www.blogsoestado.com\/danielmatos\/para-figueiredo-lanca-pre-candidatura-em-sao-joao-batista-e-recebe-apoio-politico-expressivo\/","name":"Par\u00e1 Figueiredo lan\u00e7a pr\u00e9-candidatura em S\u00e3o Jo\u00e3o Batista e recebe apoio pol\u00edtico expressivo - Daniel Matos","isPartOf":{"@id":"https:\/\/www.blogsoestado.com\/danielmatos\/#website"},"datePublished":"2018-04-02T18:50:08+00:00","author":{"@id":""},"breadcrumb":{"@id":"https:\/\/www.blogsoestado.com\/danielmatos\/para-figueiredo-lanca-pre-candidatura-em-sao-joao-batista-e-recebe-apoio-politico-expressivo\/#breadcrumb"},"inLanguage":"pt-BR","potentialAction":[{"@type":"ReadAction","target":["https:\/\/www.blogsoestado.com\/danielmatos\/para-figueiredo-lanca-pre-candidatura-em-sao-joao-batista-e-recebe-apoio-politico-expressivo\/"]}]},{"@type":"BreadcrumbList","@id":"https:\/\/www.blogsoestado.com\/danielmatos\/para-figueiredo-lanca-pre-candidatura-em-sao-joao-batista-e-recebe-apoio-politico-expressivo\/#breadcrumb","itemListElement":[{"@type":"ListItem","position":1,"name":"In\u00edcio","item":"https:\/\/www.blogsoestado.com\/danielmatos\/"},{"@type":"ListItem","position":2,"name":"Par\u00e1 Figueiredo lan\u00e7a pr\u00e9-candidatura em S\u00e3o Jo\u00e3o Batista e recebe apoio pol\u00edtico expressivo"}]},{"@type":"WebSite","@id":"https:\/\/www.blogsoestado.com\/danielmatos\/#website","url":"https:\/\/www.blogsoestado.com\/danielmatos\/","name":"Daniel Matos","description":"","potentialAction":[{"@type":"SearchAction","target":{"@type":"EntryPoint","urlTemplate":"https:\/\/www.blogsoestado.com\/danielmatos\/?s={search_term_string}"},"query-input":{"@type":"PropertyValueSpecification","valueRequired":true,"valueName":"search_term_string"}}],"inLanguage":"pt-BR"}]}},"jetpack_featured_media_url":"","_links":{"self":[{"href":"https:\/\/www.blogsoestado.com\/danielmatos\/wp-json\/wp\/v2\/posts\/49994","targetHints":{"allow":["GET"]}}],"collection":[{"href":"https:\/\/www.blogsoestado.com\/danielmatos\/wp-json\/wp\/v2\/posts"}],"about":[{"href":"https:\/\/www.blogsoestado.com\/danielmatos\/wp-json\/wp\/v2\/types\/post"}],"replies":[{"embeddable":true,"href":"https:\/\/www.blogsoestado.com\/danielmatos\/wp-json\/wp\/v2\/comments?post=49994"}],"version-history":[{"count":0,"href":"https:\/\/www.blogsoestado.com\/danielmatos\/wp-json\/wp\/v2\/posts\/49994\/revisions"}],"wp:attachment":[{"href":"https:\/\/www.blogsoestado.com\/danielmatos\/wp-json\/wp\/v2\/media?parent=49994"}],"wp:term":[{"taxonomy":"category","embeddable":true,"href":"https:\/\/www.blogsoestado.com\/danielmatos\/wp-json\/wp\/v2\/categories?post=49994"},{"taxonomy":"post_tag","embeddable":true,"href":"https:\/\/www.blogsoestado.com\/danielmatos\/wp-json\/wp\/v2\/tags?post=49994"}],"curies":[{"name":"wp","href":"https:\/\/api.w.org\/{rel}","templated":true}]}}