{"id":50014,"date":"2018-04-03T10:47:28","date_gmt":"2018-04-03T13:47:28","guid":{"rendered":"https:\/\/www.blogsoestado.com\/danielmatos\/?p=50014"},"modified":"2018-04-03T10:47:28","modified_gmt":"2018-04-03T13:47:28","slug":"2-de-abril-dia-mundial-da-conscientizacao-do-autismo","status":"publish","type":"post","link":"https:\/\/www.blogsoestado.com\/danielmatos\/2-de-abril-dia-mundial-da-conscientizacao-do-autismo\/","title":{"rendered":"2 de abril: Dia Mundial da Conscientiza\u00e7\u00e3o do Autismo"},"content":{"rendered":"<h2><span style=\"color: #ff0000;\">Psic\u00f3loga explica os sintomas do transtorno que atinge um em cada 60 indiv\u00edduos, segundo dados da ONU<\/span><\/h2>\n<figure id=\"attachment_50015\" aria-describedby=\"caption-attachment-50015\" style=\"width: 448px\" class=\"wp-caption alignright\"><img fetchpriority=\"high\" decoding=\"async\" class=\"wp-image-50015 size-full\" src=\"https:\/\/www.blogsoestado.com\/danielmatos\/files\/2018\/04\/sarah-lopes.jpg\" alt=\"\" width=\"448\" height=\"300\" \/><figcaption id=\"caption-attachment-50015\" class=\"wp-caption-text\">Psic\u00f3loga Sarah Lopes diz que casos mais graves podem ser diagnosticados mais cedo considerando alguns sinais<\/figcaption><\/figure>\n<p>O Dia Mundial da Conscientiza\u00e7\u00e3o do Autismo \u00e9 comemorado dia 2 abril com o objetivo de pedir mais aten\u00e7\u00e3o ao transtorno do espectro autista &#8211; nome oficinal do autismo. Segundo a Organiza\u00e7\u00e3o das Na\u00e7\u00f5es Unidas (ONU), aproximadamente 1% da popula\u00e7\u00e3o mundial ou um em cada 68 indiv\u00edduos apresenta algum transtorno do g\u00eanero, e a discuss\u00e3o do tema est\u00e1 mais abrangente a cada ano.<\/p>\n<p>De acordo com a psic\u00f3loga Sarah Lopes, do Hapvida Sa\u00fade, o autismo \u00e9 um transtorno global do desenvolvimento, ainda de origem desconhecida. \u201cExistem algumas teorias quanto \u00e0s causas, mas, nenhuma ainda confirmada. Este transtorno afeta especialmente a capacidade comunicativa das crian\u00e7as\u201d, explica.<\/p>\n<p>Os n\u00edveis da patologia est\u00e3o divididos em leve, moderado e grave, sendo os mais conhecidos o Autismo Infantil e a S\u00edndrome de Aspeger. Os sinais do autismo, quando leve ou moderado, costumam ser percebidos em idade escolar ou quando h\u00e1 um atraso na linguagem oral durante a inf\u00e2ncia.<\/p>\n<p>\u201cCasos mais graves podem ser diagnosticados mais cedo considerando alguns sinais: aus\u00eancia de interesse nos adultos, n\u00e3o reconhecimento dos pais ou de seu pr\u00f3prio nome, restri\u00e7\u00e3o alimentar seletiva e atraso no desenvolvimento motor. Quando a crian\u00e7a \u00e9 maior, podemos observar as dificuldades para express\u00e3o de sentimentos, linguagem simb\u00f3lica (fantasiar em brincadeiras, como brincar que fala ao telefone, casinha, carrinho), para aceitar regras e complica\u00e7\u00f5es no processo de aprendizagem\u201d, descreve a psic\u00f3loga.<\/p>\n<p>O diagn\u00f3stico acontece com a avalia\u00e7\u00e3o cl\u00ednica de um psiquiatra infantil ou neuropediatra, que se baseia na an\u00e1lise dos sintomas citados acima, al\u00e9m da realiza\u00e7\u00e3o de outros exames complementares que, apesar de n\u00e3o identificarem o transtorno, servem para verificar a exist\u00eancia de duas ou mais doen\u00e7as em simult\u00e2neo e\/ou relacionadas.<\/p>\n<p>O tratamento, normalmente multidisciplinar, consiste em permitir a compreens\u00e3o lingu\u00edstica da crian\u00e7a, auxiliar sua express\u00e3o simb\u00f3lica e possibilitar seu desenvolvimento cognitivo e motor. \u201cDependendo da gravidade, o uso de medica\u00e7\u00e3o pode ser indicado\u201d, conclui.<\/p>\n","protected":false},"excerpt":{"rendered":"<p>Psic\u00f3loga explica os sintomas do transtorno que atinge um em cada 60 indiv\u00edduos, segundo dados da ONU O Dia Mundial [&hellip;]<\/p>\n","protected":false},"author":0,"featured_media":0,"comment_status":"open","ping_status":"open","sticky":false,"template":"","format":"standard","meta":{"site-sidebar-layout":"default","site-content-layout":"","ast-site-content-layout":"default","site-content-style":"default","site-sidebar-style":"default","ast-global-header-display":"","ast-banner-title-visibility":"","ast-main-header-display":"","ast-hfb-above-header-display":"","ast-hfb-below-header-display":"","ast-hfb-mobile-header-display":"","site-post-title":"","ast-breadcrumbs-content":"","ast-featured-img":"","footer-sml-layout":"","ast-disable-related-posts":"","theme-transparent-header-meta":"","adv-header-id-meta":"","stick-header-meta":"","header-above-stick-meta":"","header-main-stick-meta":"","header-below-stick-meta":"","astra-migrate-meta-layouts":"default","ast-page-background-enabled":"default","ast-page-background-meta":{"desktop":{"background-color":"var(--ast-global-color-5)","background-image":"","background-repeat":"repeat","background-position":"center center","background-size":"auto","background-attachment":"scroll","background-type":"","background-media":"","overlay-type":"","overlay-color":"","overlay-opacity":"","overlay-gradient":""},"tablet":{"background-color":"","background-image":"","background-repeat":"repeat","background-position":"center center","background-size":"auto","background-attachment":"scroll","background-type":"","background-media":"","overlay-type":"","overlay-color":"","overlay-opacity":"","overlay-gradient":""},"mobile":{"background-color":"","background-image":"","background-repeat":"repeat","background-position":"center center","background-size":"auto","background-attachment":"scroll","background-type":"","background-media":"","overlay-type":"","overlay-color":"","overlay-opacity":"","overlay-gradient":""}},"ast-content-background-meta":{"desktop":{"background-color":"var(--ast-global-color-4)","background-image":"","background-repeat":"repeat","background-position":"center center","background-size":"auto","background-attachment":"scroll","background-type":"","background-media":"","overlay-type":"","overlay-color":"","overlay-opacity":"","overlay-gradient":""},"tablet":{"background-color":"var(--ast-global-color-4)","background-image":"","background-repeat":"repeat","background-position":"center center","background-size":"auto","background-attachment":"scroll","background-type":"","background-media":"","overlay-type":"","overlay-color":"","overlay-opacity":"","overlay-gradient":""},"mobile":{"background-color":"var(--ast-global-color-4)","background-image":"","background-repeat":"repeat","background-position":"center center","background-size":"auto","background-attachment":"scroll","background-type":"","background-media":"","overlay-type":"","overlay-color":"","overlay-opacity":"","overlay-gradient":""}},"footnotes":""},"categories":[1],"tags":[],"class_list":["post-50014","post","type-post","status-publish","format-standard","hentry","category-sem-categoria"],"yoast_head":"<!-- This site is optimized with the Yoast SEO plugin v26.6 - https:\/\/yoast.com\/wordpress\/plugins\/seo\/ -->\n<title>2 de abril: Dia Mundial da Conscientiza\u00e7\u00e3o do Autismo - Daniel Matos<\/title>\n<meta name=\"robots\" content=\"index, follow, max-snippet:-1, max-image-preview:large, max-video-preview:-1\" \/>\n<link rel=\"canonical\" href=\"https:\/\/www.blogsoestado.com\/danielmatos\/2-de-abril-dia-mundial-da-conscientizacao-do-autismo\/\" \/>\n<meta property=\"og:locale\" content=\"pt_BR\" \/>\n<meta property=\"og:type\" content=\"article\" \/>\n<meta property=\"og:title\" content=\"2 de abril: Dia Mundial da Conscientiza\u00e7\u00e3o do Autismo - Daniel Matos\" \/>\n<meta property=\"og:description\" content=\"Psic\u00f3loga explica os sintomas do transtorno que atinge um em cada 60 indiv\u00edduos, segundo dados da ONU O Dia Mundial [&hellip;]\" \/>\n<meta property=\"og:url\" content=\"https:\/\/www.blogsoestado.com\/danielmatos\/2-de-abril-dia-mundial-da-conscientizacao-do-autismo\/\" \/>\n<meta property=\"og:site_name\" content=\"Daniel Matos\" \/>\n<meta property=\"article:published_time\" content=\"2018-04-03T13:47:28+00:00\" \/>\n<meta property=\"og:image\" content=\"https:\/\/www.blogsoestado.com\/danielmatos\/files\/2018\/04\/sarah-lopes.jpg\" \/>\n<meta name=\"twitter:card\" content=\"summary_large_image\" \/>\n<meta name=\"twitter:label1\" content=\"Est. tempo de leitura\" \/>\n\t<meta name=\"twitter:data1\" content=\"2 minutos\" \/>\n<script type=\"application\/ld+json\" class=\"yoast-schema-graph\">{\"@context\":\"https:\/\/schema.org\",\"@graph\":[{\"@type\":\"WebPage\",\"@id\":\"https:\/\/www.blogsoestado.com\/danielmatos\/2-de-abril-dia-mundial-da-conscientizacao-do-autismo\/\",\"url\":\"https:\/\/www.blogsoestado.com\/danielmatos\/2-de-abril-dia-mundial-da-conscientizacao-do-autismo\/\",\"name\":\"2 de abril: Dia Mundial da Conscientiza\u00e7\u00e3o do Autismo - Daniel Matos\",\"isPartOf\":{\"@id\":\"https:\/\/www.blogsoestado.com\/danielmatos\/#website\"},\"primaryImageOfPage\":{\"@id\":\"https:\/\/www.blogsoestado.com\/danielmatos\/2-de-abril-dia-mundial-da-conscientizacao-do-autismo\/#primaryimage\"},\"image\":{\"@id\":\"https:\/\/www.blogsoestado.com\/danielmatos\/2-de-abril-dia-mundial-da-conscientizacao-do-autismo\/#primaryimage\"},\"thumbnailUrl\":\"https:\/\/www.blogsoestado.com\/danielmatos\/files\/2018\/04\/sarah-lopes.jpg\",\"datePublished\":\"2018-04-03T13:47:28+00:00\",\"author\":{\"@id\":\"\"},\"breadcrumb\":{\"@id\":\"https:\/\/www.blogsoestado.com\/danielmatos\/2-de-abril-dia-mundial-da-conscientizacao-do-autismo\/#breadcrumb\"},\"inLanguage\":\"pt-BR\",\"potentialAction\":[{\"@type\":\"ReadAction\",\"target\":[\"https:\/\/www.blogsoestado.com\/danielmatos\/2-de-abril-dia-mundial-da-conscientizacao-do-autismo\/\"]}]},{\"@type\":\"ImageObject\",\"inLanguage\":\"pt-BR\",\"@id\":\"https:\/\/www.blogsoestado.com\/danielmatos\/2-de-abril-dia-mundial-da-conscientizacao-do-autismo\/#primaryimage\",\"url\":\"https:\/\/www.blogsoestado.com\/danielmatos\/files\/2018\/04\/sarah-lopes.jpg\",\"contentUrl\":\"https:\/\/www.blogsoestado.com\/danielmatos\/files\/2018\/04\/sarah-lopes.jpg\"},{\"@type\":\"BreadcrumbList\",\"@id\":\"https:\/\/www.blogsoestado.com\/danielmatos\/2-de-abril-dia-mundial-da-conscientizacao-do-autismo\/#breadcrumb\",\"itemListElement\":[{\"@type\":\"ListItem\",\"position\":1,\"name\":\"In\u00edcio\",\"item\":\"https:\/\/www.blogsoestado.com\/danielmatos\/\"},{\"@type\":\"ListItem\",\"position\":2,\"name\":\"2 de abril: Dia Mundial da Conscientiza\u00e7\u00e3o do Autismo\"}]},{\"@type\":\"WebSite\",\"@id\":\"https:\/\/www.blogsoestado.com\/danielmatos\/#website\",\"url\":\"https:\/\/www.blogsoestado.com\/danielmatos\/\",\"name\":\"Daniel Matos\",\"description\":\"\",\"potentialAction\":[{\"@type\":\"SearchAction\",\"target\":{\"@type\":\"EntryPoint\",\"urlTemplate\":\"https:\/\/www.blogsoestado.com\/danielmatos\/?s={search_term_string}\"},\"query-input\":{\"@type\":\"PropertyValueSpecification\",\"valueRequired\":true,\"valueName\":\"search_term_string\"}}],\"inLanguage\":\"pt-BR\"}]}<\/script>\n<!-- \/ Yoast SEO plugin. -->","yoast_head_json":{"title":"2 de abril: Dia Mundial da Conscientiza\u00e7\u00e3o do Autismo - Daniel Matos","robots":{"index":"index","follow":"follow","max-snippet":"max-snippet:-1","max-image-preview":"max-image-preview:large","max-video-preview":"max-video-preview:-1"},"canonical":"https:\/\/www.blogsoestado.com\/danielmatos\/2-de-abril-dia-mundial-da-conscientizacao-do-autismo\/","og_locale":"pt_BR","og_type":"article","og_title":"2 de abril: Dia Mundial da Conscientiza\u00e7\u00e3o do Autismo - Daniel Matos","og_description":"Psic\u00f3loga explica os sintomas do transtorno que atinge um em cada 60 indiv\u00edduos, segundo dados da ONU O Dia Mundial [&hellip;]","og_url":"https:\/\/www.blogsoestado.com\/danielmatos\/2-de-abril-dia-mundial-da-conscientizacao-do-autismo\/","og_site_name":"Daniel Matos","article_published_time":"2018-04-03T13:47:28+00:00","og_image":[{"url":"https:\/\/www.blogsoestado.com\/danielmatos\/files\/2018\/04\/sarah-lopes.jpg","type":"","width":"","height":""}],"twitter_card":"summary_large_image","twitter_misc":{"Est. tempo de leitura":"2 minutos"},"schema":{"@context":"https:\/\/schema.org","@graph":[{"@type":"WebPage","@id":"https:\/\/www.blogsoestado.com\/danielmatos\/2-de-abril-dia-mundial-da-conscientizacao-do-autismo\/","url":"https:\/\/www.blogsoestado.com\/danielmatos\/2-de-abril-dia-mundial-da-conscientizacao-do-autismo\/","name":"2 de abril: Dia Mundial da Conscientiza\u00e7\u00e3o do Autismo - Daniel Matos","isPartOf":{"@id":"https:\/\/www.blogsoestado.com\/danielmatos\/#website"},"primaryImageOfPage":{"@id":"https:\/\/www.blogsoestado.com\/danielmatos\/2-de-abril-dia-mundial-da-conscientizacao-do-autismo\/#primaryimage"},"image":{"@id":"https:\/\/www.blogsoestado.com\/danielmatos\/2-de-abril-dia-mundial-da-conscientizacao-do-autismo\/#primaryimage"},"thumbnailUrl":"https:\/\/www.blogsoestado.com\/danielmatos\/files\/2018\/04\/sarah-lopes.jpg","datePublished":"2018-04-03T13:47:28+00:00","author":{"@id":""},"breadcrumb":{"@id":"https:\/\/www.blogsoestado.com\/danielmatos\/2-de-abril-dia-mundial-da-conscientizacao-do-autismo\/#breadcrumb"},"inLanguage":"pt-BR","potentialAction":[{"@type":"ReadAction","target":["https:\/\/www.blogsoestado.com\/danielmatos\/2-de-abril-dia-mundial-da-conscientizacao-do-autismo\/"]}]},{"@type":"ImageObject","inLanguage":"pt-BR","@id":"https:\/\/www.blogsoestado.com\/danielmatos\/2-de-abril-dia-mundial-da-conscientizacao-do-autismo\/#primaryimage","url":"https:\/\/www.blogsoestado.com\/danielmatos\/files\/2018\/04\/sarah-lopes.jpg","contentUrl":"https:\/\/www.blogsoestado.com\/danielmatos\/files\/2018\/04\/sarah-lopes.jpg"},{"@type":"BreadcrumbList","@id":"https:\/\/www.blogsoestado.com\/danielmatos\/2-de-abril-dia-mundial-da-conscientizacao-do-autismo\/#breadcrumb","itemListElement":[{"@type":"ListItem","position":1,"name":"In\u00edcio","item":"https:\/\/www.blogsoestado.com\/danielmatos\/"},{"@type":"ListItem","position":2,"name":"2 de abril: Dia Mundial da Conscientiza\u00e7\u00e3o do Autismo"}]},{"@type":"WebSite","@id":"https:\/\/www.blogsoestado.com\/danielmatos\/#website","url":"https:\/\/www.blogsoestado.com\/danielmatos\/","name":"Daniel Matos","description":"","potentialAction":[{"@type":"SearchAction","target":{"@type":"EntryPoint","urlTemplate":"https:\/\/www.blogsoestado.com\/danielmatos\/?s={search_term_string}"},"query-input":{"@type":"PropertyValueSpecification","valueRequired":true,"valueName":"search_term_string"}}],"inLanguage":"pt-BR"}]}},"jetpack_featured_media_url":"","_links":{"self":[{"href":"https:\/\/www.blogsoestado.com\/danielmatos\/wp-json\/wp\/v2\/posts\/50014","targetHints":{"allow":["GET"]}}],"collection":[{"href":"https:\/\/www.blogsoestado.com\/danielmatos\/wp-json\/wp\/v2\/posts"}],"about":[{"href":"https:\/\/www.blogsoestado.com\/danielmatos\/wp-json\/wp\/v2\/types\/post"}],"replies":[{"embeddable":true,"href":"https:\/\/www.blogsoestado.com\/danielmatos\/wp-json\/wp\/v2\/comments?post=50014"}],"version-history":[{"count":0,"href":"https:\/\/www.blogsoestado.com\/danielmatos\/wp-json\/wp\/v2\/posts\/50014\/revisions"}],"wp:attachment":[{"href":"https:\/\/www.blogsoestado.com\/danielmatos\/wp-json\/wp\/v2\/media?parent=50014"}],"wp:term":[{"taxonomy":"category","embeddable":true,"href":"https:\/\/www.blogsoestado.com\/danielmatos\/wp-json\/wp\/v2\/categories?post=50014"},{"taxonomy":"post_tag","embeddable":true,"href":"https:\/\/www.blogsoestado.com\/danielmatos\/wp-json\/wp\/v2\/tags?post=50014"}],"curies":[{"name":"wp","href":"https:\/\/api.w.org\/{rel}","templated":true}]}}