{"id":50032,"date":"2018-04-03T14:31:57","date_gmt":"2018-04-03T17:31:57","guid":{"rendered":"https:\/\/www.blogsoestado.com\/danielmatos\/?p=50032"},"modified":"2018-04-03T14:31:57","modified_gmt":"2018-04-03T17:31:57","slug":"inclusao-social-e-diversao-marcam-fim-de-semana-de-pascoa-no-rio-anil-shopping","status":"publish","type":"post","link":"https:\/\/www.blogsoestado.com\/danielmatos\/inclusao-social-e-diversao-marcam-fim-de-semana-de-pascoa-no-rio-anil-shopping\/","title":{"rendered":"Inclus\u00e3o social e divers\u00e3o marcam fim de semana de P\u00e1scoa no Rio Anil Shopping"},"content":{"rendered":"<figure id=\"attachment_50033\" aria-describedby=\"caption-attachment-50033\" style=\"width: 640px\" class=\"wp-caption aligncenter\"><img fetchpriority=\"high\" decoding=\"async\" class=\"size-full wp-image-50033\" src=\"https:\/\/www.blogsoestado.com\/danielmatos\/files\/2018\/04\/rio-anil-pascoa.jpg\" alt=\"\" width=\"640\" height=\"425\" \/><figcaption id=\"caption-attachment-50033\" class=\"wp-caption-text\">Luise Winkler, presidente do Grupo Ilha Azul, entre a gerente de marketing do Rio Anil, Natalia Zerbini, e o analista de marketing, Felipe Garcez<\/figcaption><\/figure>\n<p>O \u00faltimo fim de semana foi repleto de momentos felizes no Rio Anil, para centenas de crian\u00e7as, adolescentes e as fam\u00edlias que foram ao shopping. \u00c9 que desde a manh\u00e3 de s\u00e1bado (31) o Rio Anil desenvolveu uma programa\u00e7\u00e3o para proporcionar divers\u00e3o e intera\u00e7\u00e3o aos frequentadores do shopping.<\/p>\n<p><strong>Cinema e Autismo<\/strong><\/p>\n<p>Tudo come\u00e7ou com uma sess\u00e3o inclusiva de cinema, destinada, principalmente, a crian\u00e7as e adolescentes com TEA \u2013 Transtorno do Espectro Autista, em homenagem ao Dia Mundial de Conscientiza\u00e7\u00e3o do Autismo, celebrado no dia 2 de abril. O filme, \u201cPedro Coelho\u201d, foi exibido em uma sala totalmente adaptada, com luz e som especiais, onde cerca de 150 pessoas assistiram \u00e0 proje\u00e7\u00e3o reunidas.<\/p>\n<figure id=\"attachment_50034\" aria-describedby=\"caption-attachment-50034\" style=\"width: 640px\" class=\"wp-caption aligncenter\"><img decoding=\"async\" class=\"size-full wp-image-50034\" src=\"https:\/\/www.blogsoestado.com\/danielmatos\/files\/2018\/04\/rio-anil-pascoa2.jpg\" alt=\"\" width=\"640\" height=\"425\" \/><figcaption id=\"caption-attachment-50034\" class=\"wp-caption-text\">Parte do p\u00fablico da sess\u00e3o inclusiva de cinema, que reuniu pessoa com e sem autismo\u00a0<\/figcaption><\/figure>\n<p>Esta foi a terceira vez que o Rio Anil Shopping promoveu a a\u00e7\u00e3o, em parceria com o Grupo Ilha Azul, que re\u00fane familiares de pessoas com autismo, e a rede de cinemas Cinesystem, que liberou a entrada das crian\u00e7as \u2013 somente os acompanhantes pagaram o ingresso, ao valor de meia-entrada (R$11,50). Ap\u00f3s a exibi\u00e7\u00e3o do filme, a meninada brincou, com exclusividade, no mais novo parque tem\u00e1tico do Rio Anil, a Floresta Encantada, que s\u00f3 foi inaugurada oficialmente na tarde de s\u00e1bado.<\/p>\n<p><strong>Floresta Encantada<\/strong><\/p>\n<figure id=\"attachment_50035\" aria-describedby=\"caption-attachment-50035\" style=\"width: 640px\" class=\"wp-caption aligncenter\"><img decoding=\"async\" class=\"size-full wp-image-50035\" src=\"https:\/\/www.blogsoestado.com\/danielmatos\/files\/2018\/04\/rio-anil-pascoa3.jpg\" alt=\"\" width=\"640\" height=\"425\" \/><figcaption id=\"caption-attachment-50035\" class=\"wp-caption-text\">Paulo de Tarso Jr, do Jornal O Imparcial, com a namorada, Aid\u00ea Rocha, o irm\u00e3o e os sobrinhos<\/figcaption><\/figure>\n<p>J\u00e1 na tarde de s\u00e1bado, outras centenas de pessoas se encontraram na inaugura\u00e7\u00e3o do parque Floresta Encantada, atra\u00e7\u00e3o permanente e gratuita no Rio Anil. O parque \u00e9 formado por brinquedos que incentivam a atividade f\u00edsica, com muito sobe e desce de \u00e1rvores e casinhas com escorregadores. O personagem central \u00e9 o Juba, um le\u00e3o fofo que se tornou o mais novo mascote do shopping.<\/p>\n<figure id=\"attachment_50036\" aria-describedby=\"caption-attachment-50036\" style=\"width: 640px\" class=\"wp-caption aligncenter\"><img loading=\"lazy\" decoding=\"async\" class=\"size-full wp-image-50036\" src=\"https:\/\/www.blogsoestado.com\/danielmatos\/files\/2018\/04\/rio-anil-pascoa4.jpg\" alt=\"\" width=\"640\" height=\"425\" \/><figcaption id=\"caption-attachment-50036\" class=\"wp-caption-text\">A jornalista Karine Baldez com o marido, m\u00e9dico Francisco Veras Junior, e a filhinha Giovana<\/figcaption><\/figure>\n<p>A imprensa, convidada especial para a inaugura\u00e7\u00e3o, compareceu em peso, assim como influenciadores digitais que sempre prestigiam as a\u00e7\u00f5es do Rio Anil, como a maranhense Laryssa, do Instagram \u201cCoisas de Laryssa\u201d. \u201cEu sempre fa\u00e7o quest\u00e3o de vir aqui brincar e dividir esses momentos com meus seguidores\u201d, revela a talentosa jovem.<\/p>\n<figure id=\"attachment_50037\" aria-describedby=\"caption-attachment-50037\" style=\"width: 640px\" class=\"wp-caption aligncenter\"><img loading=\"lazy\" decoding=\"async\" class=\"size-full wp-image-50037\" src=\"https:\/\/www.blogsoestado.com\/danielmatos\/files\/2018\/04\/rio-anil-pascoa5.jpg\" alt=\"\" width=\"640\" height=\"425\" \/><figcaption id=\"caption-attachment-50037\" class=\"wp-caption-text\">Cerca de 150 espectadores da sess\u00e3o inclusiva de \u201cPedro Coelho\u201d<\/figcaption><\/figure>\n<p>No Domingo de P\u00e1scoa (1\u00ba de abril), a programa\u00e7\u00e3o com muita recrea\u00e7\u00e3o infantil, pintura facial e ca\u00e7a aos ovos se repetiu no parque tem\u00e1tico Floresta Encantada, que permanece em funcionamento, no mesmo hor\u00e1rio do shopping, das 10h \u00e0s 22h, diariamente, com acesso inteiramente gratuito, no piso L2. \u201cEssa \u00e9 a forma de garantir lazer democr\u00e1tico a todas as fam\u00edlias que frequentam o Rio Anil, pois aqui as crian\u00e7as se divertem aos olhos dos pais e m\u00e3es, que contam com a seguran\u00e7a de um espa\u00e7o adaptado e confort\u00e1vel para a fam\u00edlia inteira\u201d, garante Natalia Zerbini, gerente de marketing do Rio Anil Shopping.<\/p>\n","protected":false},"excerpt":{"rendered":"<p>O \u00faltimo fim de semana foi repleto de momentos felizes no Rio Anil, para centenas de crian\u00e7as, adolescentes e as [&hellip;]<\/p>\n","protected":false},"author":0,"featured_media":0,"comment_status":"open","ping_status":"open","sticky":false,"template":"","format":"standard","meta":{"site-sidebar-layout":"default","site-content-layout":"","ast-site-content-layout":"default","site-content-style":"default","site-sidebar-style":"default","ast-global-header-display":"","ast-banner-title-visibility":"","ast-main-header-display":"","ast-hfb-above-header-display":"","ast-hfb-below-header-display":"","ast-hfb-mobile-header-display":"","site-post-title":"","ast-breadcrumbs-content":"","ast-featured-img":"","footer-sml-layout":"","ast-disable-related-posts":"","theme-transparent-header-meta":"","adv-header-id-meta":"","stick-header-meta":"","header-above-stick-meta":"","header-main-stick-meta":"","header-below-stick-meta":"","astra-migrate-meta-layouts":"default","ast-page-background-enabled":"default","ast-page-background-meta":{"desktop":{"background-color":"var(--ast-global-color-5)","background-image":"","background-repeat":"repeat","background-position":"center center","background-size":"auto","background-attachment":"scroll","background-type":"","background-media":"","overlay-type":"","overlay-color":"","overlay-opacity":"","overlay-gradient":""},"tablet":{"background-color":"","background-image":"","background-repeat":"repeat","background-position":"center center","background-size":"auto","background-attachment":"scroll","background-type":"","background-media":"","overlay-type":"","overlay-color":"","overlay-opacity":"","overlay-gradient":""},"mobile":{"background-color":"","background-image":"","background-repeat":"repeat","background-position":"center center","background-size":"auto","background-attachment":"scroll","background-type":"","background-media":"","overlay-type":"","overlay-color":"","overlay-opacity":"","overlay-gradient":""}},"ast-content-background-meta":{"desktop":{"background-color":"var(--ast-global-color-4)","background-image":"","background-repeat":"repeat","background-position":"center center","background-size":"auto","background-attachment":"scroll","background-type":"","background-media":"","overlay-type":"","overlay-color":"","overlay-opacity":"","overlay-gradient":""},"tablet":{"background-color":"var(--ast-global-color-4)","background-image":"","background-repeat":"repeat","background-position":"center center","background-size":"auto","background-attachment":"scroll","background-type":"","background-media":"","overlay-type":"","overlay-color":"","overlay-opacity":"","overlay-gradient":""},"mobile":{"background-color":"var(--ast-global-color-4)","background-image":"","background-repeat":"repeat","background-position":"center center","background-size":"auto","background-attachment":"scroll","background-type":"","background-media":"","overlay-type":"","overlay-color":"","overlay-opacity":"","overlay-gradient":""}},"footnotes":""},"categories":[1],"tags":[],"class_list":["post-50032","post","type-post","status-publish","format-standard","hentry","category-sem-categoria"],"yoast_head":"<!-- This site is optimized with the Yoast SEO plugin v26.6 - https:\/\/yoast.com\/wordpress\/plugins\/seo\/ -->\n<title>Inclus\u00e3o social e divers\u00e3o marcam fim de semana de P\u00e1scoa no Rio Anil Shopping - Daniel Matos<\/title>\n<meta name=\"robots\" content=\"index, follow, max-snippet:-1, max-image-preview:large, max-video-preview:-1\" \/>\n<link rel=\"canonical\" href=\"https:\/\/www.blogsoestado.com\/danielmatos\/inclusao-social-e-diversao-marcam-fim-de-semana-de-pascoa-no-rio-anil-shopping\/\" \/>\n<meta property=\"og:locale\" content=\"pt_BR\" \/>\n<meta property=\"og:type\" content=\"article\" \/>\n<meta property=\"og:title\" content=\"Inclus\u00e3o social e divers\u00e3o marcam fim de semana de P\u00e1scoa no Rio Anil Shopping - Daniel Matos\" \/>\n<meta property=\"og:description\" content=\"O \u00faltimo fim de semana foi repleto de momentos felizes no Rio Anil, para centenas de crian\u00e7as, adolescentes e as [&hellip;]\" \/>\n<meta property=\"og:url\" content=\"https:\/\/www.blogsoestado.com\/danielmatos\/inclusao-social-e-diversao-marcam-fim-de-semana-de-pascoa-no-rio-anil-shopping\/\" \/>\n<meta property=\"og:site_name\" content=\"Daniel Matos\" \/>\n<meta property=\"article:published_time\" content=\"2018-04-03T17:31:57+00:00\" \/>\n<meta property=\"og:image\" content=\"https:\/\/www.blogsoestado.com\/danielmatos\/files\/2018\/04\/rio-anil-pascoa.jpg\" \/>\n<meta name=\"twitter:card\" content=\"summary_large_image\" \/>\n<meta name=\"twitter:label1\" content=\"Est. tempo de leitura\" \/>\n\t<meta name=\"twitter:data1\" content=\"3 minutos\" \/>\n<script type=\"application\/ld+json\" class=\"yoast-schema-graph\">{\"@context\":\"https:\/\/schema.org\",\"@graph\":[{\"@type\":\"WebPage\",\"@id\":\"https:\/\/www.blogsoestado.com\/danielmatos\/inclusao-social-e-diversao-marcam-fim-de-semana-de-pascoa-no-rio-anil-shopping\/\",\"url\":\"https:\/\/www.blogsoestado.com\/danielmatos\/inclusao-social-e-diversao-marcam-fim-de-semana-de-pascoa-no-rio-anil-shopping\/\",\"name\":\"Inclus\u00e3o social e divers\u00e3o marcam fim de semana de P\u00e1scoa no Rio Anil Shopping - Daniel Matos\",\"isPartOf\":{\"@id\":\"https:\/\/www.blogsoestado.com\/danielmatos\/#website\"},\"primaryImageOfPage\":{\"@id\":\"https:\/\/www.blogsoestado.com\/danielmatos\/inclusao-social-e-diversao-marcam-fim-de-semana-de-pascoa-no-rio-anil-shopping\/#primaryimage\"},\"image\":{\"@id\":\"https:\/\/www.blogsoestado.com\/danielmatos\/inclusao-social-e-diversao-marcam-fim-de-semana-de-pascoa-no-rio-anil-shopping\/#primaryimage\"},\"thumbnailUrl\":\"https:\/\/www.blogsoestado.com\/danielmatos\/files\/2018\/04\/rio-anil-pascoa.jpg\",\"datePublished\":\"2018-04-03T17:31:57+00:00\",\"author\":{\"@id\":\"\"},\"breadcrumb\":{\"@id\":\"https:\/\/www.blogsoestado.com\/danielmatos\/inclusao-social-e-diversao-marcam-fim-de-semana-de-pascoa-no-rio-anil-shopping\/#breadcrumb\"},\"inLanguage\":\"pt-BR\",\"potentialAction\":[{\"@type\":\"ReadAction\",\"target\":[\"https:\/\/www.blogsoestado.com\/danielmatos\/inclusao-social-e-diversao-marcam-fim-de-semana-de-pascoa-no-rio-anil-shopping\/\"]}]},{\"@type\":\"ImageObject\",\"inLanguage\":\"pt-BR\",\"@id\":\"https:\/\/www.blogsoestado.com\/danielmatos\/inclusao-social-e-diversao-marcam-fim-de-semana-de-pascoa-no-rio-anil-shopping\/#primaryimage\",\"url\":\"https:\/\/www.blogsoestado.com\/danielmatos\/files\/2018\/04\/rio-anil-pascoa.jpg\",\"contentUrl\":\"https:\/\/www.blogsoestado.com\/danielmatos\/files\/2018\/04\/rio-anil-pascoa.jpg\"},{\"@type\":\"BreadcrumbList\",\"@id\":\"https:\/\/www.blogsoestado.com\/danielmatos\/inclusao-social-e-diversao-marcam-fim-de-semana-de-pascoa-no-rio-anil-shopping\/#breadcrumb\",\"itemListElement\":[{\"@type\":\"ListItem\",\"position\":1,\"name\":\"In\u00edcio\",\"item\":\"https:\/\/www.blogsoestado.com\/danielmatos\/\"},{\"@type\":\"ListItem\",\"position\":2,\"name\":\"Inclus\u00e3o social e divers\u00e3o marcam fim de semana de P\u00e1scoa no Rio Anil Shopping\"}]},{\"@type\":\"WebSite\",\"@id\":\"https:\/\/www.blogsoestado.com\/danielmatos\/#website\",\"url\":\"https:\/\/www.blogsoestado.com\/danielmatos\/\",\"name\":\"Daniel Matos\",\"description\":\"\",\"potentialAction\":[{\"@type\":\"SearchAction\",\"target\":{\"@type\":\"EntryPoint\",\"urlTemplate\":\"https:\/\/www.blogsoestado.com\/danielmatos\/?s={search_term_string}\"},\"query-input\":{\"@type\":\"PropertyValueSpecification\",\"valueRequired\":true,\"valueName\":\"search_term_string\"}}],\"inLanguage\":\"pt-BR\"}]}<\/script>\n<!-- \/ Yoast SEO plugin. -->","yoast_head_json":{"title":"Inclus\u00e3o social e divers\u00e3o marcam fim de semana de P\u00e1scoa no Rio Anil Shopping - Daniel Matos","robots":{"index":"index","follow":"follow","max-snippet":"max-snippet:-1","max-image-preview":"max-image-preview:large","max-video-preview":"max-video-preview:-1"},"canonical":"https:\/\/www.blogsoestado.com\/danielmatos\/inclusao-social-e-diversao-marcam-fim-de-semana-de-pascoa-no-rio-anil-shopping\/","og_locale":"pt_BR","og_type":"article","og_title":"Inclus\u00e3o social e divers\u00e3o marcam fim de semana de P\u00e1scoa no Rio Anil Shopping - Daniel Matos","og_description":"O \u00faltimo fim de semana foi repleto de momentos felizes no Rio Anil, para centenas de crian\u00e7as, adolescentes e as [&hellip;]","og_url":"https:\/\/www.blogsoestado.com\/danielmatos\/inclusao-social-e-diversao-marcam-fim-de-semana-de-pascoa-no-rio-anil-shopping\/","og_site_name":"Daniel Matos","article_published_time":"2018-04-03T17:31:57+00:00","og_image":[{"url":"https:\/\/www.blogsoestado.com\/danielmatos\/files\/2018\/04\/rio-anil-pascoa.jpg","type":"","width":"","height":""}],"twitter_card":"summary_large_image","twitter_misc":{"Est. tempo de leitura":"3 minutos"},"schema":{"@context":"https:\/\/schema.org","@graph":[{"@type":"WebPage","@id":"https:\/\/www.blogsoestado.com\/danielmatos\/inclusao-social-e-diversao-marcam-fim-de-semana-de-pascoa-no-rio-anil-shopping\/","url":"https:\/\/www.blogsoestado.com\/danielmatos\/inclusao-social-e-diversao-marcam-fim-de-semana-de-pascoa-no-rio-anil-shopping\/","name":"Inclus\u00e3o social e divers\u00e3o marcam fim de semana de P\u00e1scoa no Rio Anil Shopping - Daniel Matos","isPartOf":{"@id":"https:\/\/www.blogsoestado.com\/danielmatos\/#website"},"primaryImageOfPage":{"@id":"https:\/\/www.blogsoestado.com\/danielmatos\/inclusao-social-e-diversao-marcam-fim-de-semana-de-pascoa-no-rio-anil-shopping\/#primaryimage"},"image":{"@id":"https:\/\/www.blogsoestado.com\/danielmatos\/inclusao-social-e-diversao-marcam-fim-de-semana-de-pascoa-no-rio-anil-shopping\/#primaryimage"},"thumbnailUrl":"https:\/\/www.blogsoestado.com\/danielmatos\/files\/2018\/04\/rio-anil-pascoa.jpg","datePublished":"2018-04-03T17:31:57+00:00","author":{"@id":""},"breadcrumb":{"@id":"https:\/\/www.blogsoestado.com\/danielmatos\/inclusao-social-e-diversao-marcam-fim-de-semana-de-pascoa-no-rio-anil-shopping\/#breadcrumb"},"inLanguage":"pt-BR","potentialAction":[{"@type":"ReadAction","target":["https:\/\/www.blogsoestado.com\/danielmatos\/inclusao-social-e-diversao-marcam-fim-de-semana-de-pascoa-no-rio-anil-shopping\/"]}]},{"@type":"ImageObject","inLanguage":"pt-BR","@id":"https:\/\/www.blogsoestado.com\/danielmatos\/inclusao-social-e-diversao-marcam-fim-de-semana-de-pascoa-no-rio-anil-shopping\/#primaryimage","url":"https:\/\/www.blogsoestado.com\/danielmatos\/files\/2018\/04\/rio-anil-pascoa.jpg","contentUrl":"https:\/\/www.blogsoestado.com\/danielmatos\/files\/2018\/04\/rio-anil-pascoa.jpg"},{"@type":"BreadcrumbList","@id":"https:\/\/www.blogsoestado.com\/danielmatos\/inclusao-social-e-diversao-marcam-fim-de-semana-de-pascoa-no-rio-anil-shopping\/#breadcrumb","itemListElement":[{"@type":"ListItem","position":1,"name":"In\u00edcio","item":"https:\/\/www.blogsoestado.com\/danielmatos\/"},{"@type":"ListItem","position":2,"name":"Inclus\u00e3o social e divers\u00e3o marcam fim de semana de P\u00e1scoa no Rio Anil Shopping"}]},{"@type":"WebSite","@id":"https:\/\/www.blogsoestado.com\/danielmatos\/#website","url":"https:\/\/www.blogsoestado.com\/danielmatos\/","name":"Daniel Matos","description":"","potentialAction":[{"@type":"SearchAction","target":{"@type":"EntryPoint","urlTemplate":"https:\/\/www.blogsoestado.com\/danielmatos\/?s={search_term_string}"},"query-input":{"@type":"PropertyValueSpecification","valueRequired":true,"valueName":"search_term_string"}}],"inLanguage":"pt-BR"}]}},"jetpack_featured_media_url":"","_links":{"self":[{"href":"https:\/\/www.blogsoestado.com\/danielmatos\/wp-json\/wp\/v2\/posts\/50032","targetHints":{"allow":["GET"]}}],"collection":[{"href":"https:\/\/www.blogsoestado.com\/danielmatos\/wp-json\/wp\/v2\/posts"}],"about":[{"href":"https:\/\/www.blogsoestado.com\/danielmatos\/wp-json\/wp\/v2\/types\/post"}],"replies":[{"embeddable":true,"href":"https:\/\/www.blogsoestado.com\/danielmatos\/wp-json\/wp\/v2\/comments?post=50032"}],"version-history":[{"count":0,"href":"https:\/\/www.blogsoestado.com\/danielmatos\/wp-json\/wp\/v2\/posts\/50032\/revisions"}],"wp:attachment":[{"href":"https:\/\/www.blogsoestado.com\/danielmatos\/wp-json\/wp\/v2\/media?parent=50032"}],"wp:term":[{"taxonomy":"category","embeddable":true,"href":"https:\/\/www.blogsoestado.com\/danielmatos\/wp-json\/wp\/v2\/categories?post=50032"},{"taxonomy":"post_tag","embeddable":true,"href":"https:\/\/www.blogsoestado.com\/danielmatos\/wp-json\/wp\/v2\/tags?post=50032"}],"curies":[{"name":"wp","href":"https:\/\/api.w.org\/{rel}","templated":true}]}}