{"id":50039,"date":"2018-04-06T17:00:34","date_gmt":"2018-04-06T20:00:34","guid":{"rendered":"https:\/\/www.blogsoestado.com\/danielmatos\/?p=50039"},"modified":"2018-04-06T17:00:34","modified_gmt":"2018-04-06T20:00:34","slug":"projeto-sambanejo-vai-agitar-o-sabado-no-mokai","status":"publish","type":"post","link":"https:\/\/www.blogsoestado.com\/danielmatos\/projeto-sambanejo-vai-agitar-o-sabado-no-mokai\/","title":{"rendered":"Projeto Sambanejo vai agitar o s\u00e1bado no Mokai"},"content":{"rendered":"<figure id=\"attachment_50040\" aria-describedby=\"caption-attachment-50040\" style=\"width: 640px\" class=\"wp-caption aligncenter\"><img fetchpriority=\"high\" decoding=\"async\" class=\"size-full wp-image-50040\" src=\"https:\/\/www.blogsoestado.com\/danielmatos\/files\/2018\/04\/mokai-sab.jpg\" alt=\"\" width=\"640\" height=\"473\" \/><figcaption id=\"caption-attachment-50040\" class=\"wp-caption-text\">A Dupla Dam &amp; Nay, que se apresenta nesse s\u00e1bado no projeto Sambanejo do Mokai<\/figcaption><\/figure>\n<p>O primeiro s\u00e1bado do m\u00eas de abril (07.04) vai ser festivo e dan\u00e7ante no Mokai Lounge Bar, na Av. dos Holandeses.<\/p>\n<figure id=\"attachment_50041\" aria-describedby=\"caption-attachment-50041\" style=\"width: 640px\" class=\"wp-caption aligncenter\"><img decoding=\"async\" class=\"size-full wp-image-50041\" src=\"https:\/\/www.blogsoestado.com\/danielmatos\/files\/2018\/04\/mokai-sab2.jpg\" alt=\"\" width=\"640\" height=\"426\" \/><figcaption id=\"caption-attachment-50041\" class=\"wp-caption-text\">O cantor Fl\u00e1vio Maca tamb\u00e9m agita o s\u00e1bado do Mokai Lounge Ba<\/figcaption><\/figure>\n<p>A festa fica por conta do projeto Sambanejo, que une os ritmos do samba, pagode e sertanejo numa festa dan\u00e7ante e alegre. No comando do agito, o cantor Flavio Maca e a dupla Dam &amp; Nay, que prometem colocar todos para dan\u00e7ar. \u00c0 partir das 22H, ingressos \u00e0 venda no local.<\/p>\n","protected":false},"excerpt":{"rendered":"<p>O primeiro s\u00e1bado do m\u00eas de abril (07.04) vai ser festivo e dan\u00e7ante no Mokai Lounge Bar, na Av. dos [&hellip;]<\/p>\n","protected":false},"author":0,"featured_media":0,"comment_status":"open","ping_status":"open","sticky":false,"template":"","format":"standard","meta":{"site-sidebar-layout":"default","site-content-layout":"","ast-site-content-layout":"default","site-content-style":"default","site-sidebar-style":"default","ast-global-header-display":"","ast-banner-title-visibility":"","ast-main-header-display":"","ast-hfb-above-header-display":"","ast-hfb-below-header-display":"","ast-hfb-mobile-header-display":"","site-post-title":"","ast-breadcrumbs-content":"","ast-featured-img":"","footer-sml-layout":"","ast-disable-related-posts":"","theme-transparent-header-meta":"","adv-header-id-meta":"","stick-header-meta":"","header-above-stick-meta":"","header-main-stick-meta":"","header-below-stick-meta":"","astra-migrate-meta-layouts":"default","ast-page-background-enabled":"default","ast-page-background-meta":{"desktop":{"background-color":"var(--ast-global-color-5)","background-image":"","background-repeat":"repeat","background-position":"center center","background-size":"auto","background-attachment":"scroll","background-type":"","background-media":"","overlay-type":"","overlay-color":"","overlay-opacity":"","overlay-gradient":""},"tablet":{"background-color":"","background-image":"","background-repeat":"repeat","background-position":"center center","background-size":"auto","background-attachment":"scroll","background-type":"","background-media":"","overlay-type":"","overlay-color":"","overlay-opacity":"","overlay-gradient":""},"mobile":{"background-color":"","background-image":"","background-repeat":"repeat","background-position":"center center","background-size":"auto","background-attachment":"scroll","background-type":"","background-media":"","overlay-type":"","overlay-color":"","overlay-opacity":"","overlay-gradient":""}},"ast-content-background-meta":{"desktop":{"background-color":"var(--ast-global-color-4)","background-image":"","background-repeat":"repeat","background-position":"center center","background-size":"auto","background-attachment":"scroll","background-type":"","background-media":"","overlay-type":"","overlay-color":"","overlay-opacity":"","overlay-gradient":""},"tablet":{"background-color":"var(--ast-global-color-4)","background-image":"","background-repeat":"repeat","background-position":"center center","background-size":"auto","background-attachment":"scroll","background-type":"","background-media":"","overlay-type":"","overlay-color":"","overlay-opacity":"","overlay-gradient":""},"mobile":{"background-color":"var(--ast-global-color-4)","background-image":"","background-repeat":"repeat","background-position":"center center","background-size":"auto","background-attachment":"scroll","background-type":"","background-media":"","overlay-type":"","overlay-color":"","overlay-opacity":"","overlay-gradient":""}},"footnotes":""},"categories":[1],"tags":[],"class_list":["post-50039","post","type-post","status-publish","format-standard","hentry","category-sem-categoria"],"yoast_head":"<!-- This site is optimized with the Yoast SEO plugin v26.6 - https:\/\/yoast.com\/wordpress\/plugins\/seo\/ -->\n<title>Projeto Sambanejo vai agitar o s\u00e1bado no Mokai - Daniel Matos<\/title>\n<meta name=\"robots\" content=\"index, follow, max-snippet:-1, max-image-preview:large, max-video-preview:-1\" \/>\n<link rel=\"canonical\" href=\"https:\/\/www.blogsoestado.com\/danielmatos\/projeto-sambanejo-vai-agitar-o-sabado-no-mokai\/\" \/>\n<meta property=\"og:locale\" content=\"pt_BR\" \/>\n<meta property=\"og:type\" content=\"article\" \/>\n<meta property=\"og:title\" content=\"Projeto Sambanejo vai agitar o s\u00e1bado no Mokai - Daniel Matos\" \/>\n<meta property=\"og:description\" content=\"O primeiro s\u00e1bado do m\u00eas de abril (07.04) vai ser festivo e dan\u00e7ante no Mokai Lounge Bar, na Av. dos [&hellip;]\" \/>\n<meta property=\"og:url\" content=\"https:\/\/www.blogsoestado.com\/danielmatos\/projeto-sambanejo-vai-agitar-o-sabado-no-mokai\/\" \/>\n<meta property=\"og:site_name\" content=\"Daniel Matos\" \/>\n<meta property=\"article:published_time\" content=\"2018-04-06T20:00:34+00:00\" \/>\n<meta property=\"og:image\" content=\"https:\/\/www.blogsoestado.com\/danielmatos\/files\/2018\/04\/mokai-sab.jpg\" \/>\n<meta name=\"twitter:card\" content=\"summary_large_image\" \/>\n<meta name=\"twitter:label1\" content=\"Est. tempo de leitura\" \/>\n\t<meta name=\"twitter:data1\" content=\"1 minuto\" \/>\n<script type=\"application\/ld+json\" class=\"yoast-schema-graph\">{\"@context\":\"https:\/\/schema.org\",\"@graph\":[{\"@type\":\"WebPage\",\"@id\":\"https:\/\/www.blogsoestado.com\/danielmatos\/projeto-sambanejo-vai-agitar-o-sabado-no-mokai\/\",\"url\":\"https:\/\/www.blogsoestado.com\/danielmatos\/projeto-sambanejo-vai-agitar-o-sabado-no-mokai\/\",\"name\":\"Projeto Sambanejo vai agitar o s\u00e1bado no Mokai - Daniel Matos\",\"isPartOf\":{\"@id\":\"https:\/\/www.blogsoestado.com\/danielmatos\/#website\"},\"primaryImageOfPage\":{\"@id\":\"https:\/\/www.blogsoestado.com\/danielmatos\/projeto-sambanejo-vai-agitar-o-sabado-no-mokai\/#primaryimage\"},\"image\":{\"@id\":\"https:\/\/www.blogsoestado.com\/danielmatos\/projeto-sambanejo-vai-agitar-o-sabado-no-mokai\/#primaryimage\"},\"thumbnailUrl\":\"https:\/\/www.blogsoestado.com\/danielmatos\/files\/2018\/04\/mokai-sab.jpg\",\"datePublished\":\"2018-04-06T20:00:34+00:00\",\"author\":{\"@id\":\"\"},\"breadcrumb\":{\"@id\":\"https:\/\/www.blogsoestado.com\/danielmatos\/projeto-sambanejo-vai-agitar-o-sabado-no-mokai\/#breadcrumb\"},\"inLanguage\":\"pt-BR\",\"potentialAction\":[{\"@type\":\"ReadAction\",\"target\":[\"https:\/\/www.blogsoestado.com\/danielmatos\/projeto-sambanejo-vai-agitar-o-sabado-no-mokai\/\"]}]},{\"@type\":\"ImageObject\",\"inLanguage\":\"pt-BR\",\"@id\":\"https:\/\/www.blogsoestado.com\/danielmatos\/projeto-sambanejo-vai-agitar-o-sabado-no-mokai\/#primaryimage\",\"url\":\"https:\/\/www.blogsoestado.com\/danielmatos\/files\/2018\/04\/mokai-sab.jpg\",\"contentUrl\":\"https:\/\/www.blogsoestado.com\/danielmatos\/files\/2018\/04\/mokai-sab.jpg\"},{\"@type\":\"BreadcrumbList\",\"@id\":\"https:\/\/www.blogsoestado.com\/danielmatos\/projeto-sambanejo-vai-agitar-o-sabado-no-mokai\/#breadcrumb\",\"itemListElement\":[{\"@type\":\"ListItem\",\"position\":1,\"name\":\"In\u00edcio\",\"item\":\"https:\/\/www.blogsoestado.com\/danielmatos\/\"},{\"@type\":\"ListItem\",\"position\":2,\"name\":\"Projeto Sambanejo vai agitar o s\u00e1bado no Mokai\"}]},{\"@type\":\"WebSite\",\"@id\":\"https:\/\/www.blogsoestado.com\/danielmatos\/#website\",\"url\":\"https:\/\/www.blogsoestado.com\/danielmatos\/\",\"name\":\"Daniel Matos\",\"description\":\"\",\"potentialAction\":[{\"@type\":\"SearchAction\",\"target\":{\"@type\":\"EntryPoint\",\"urlTemplate\":\"https:\/\/www.blogsoestado.com\/danielmatos\/?s={search_term_string}\"},\"query-input\":{\"@type\":\"PropertyValueSpecification\",\"valueRequired\":true,\"valueName\":\"search_term_string\"}}],\"inLanguage\":\"pt-BR\"}]}<\/script>\n<!-- \/ Yoast SEO plugin. -->","yoast_head_json":{"title":"Projeto Sambanejo vai agitar o s\u00e1bado no Mokai - Daniel Matos","robots":{"index":"index","follow":"follow","max-snippet":"max-snippet:-1","max-image-preview":"max-image-preview:large","max-video-preview":"max-video-preview:-1"},"canonical":"https:\/\/www.blogsoestado.com\/danielmatos\/projeto-sambanejo-vai-agitar-o-sabado-no-mokai\/","og_locale":"pt_BR","og_type":"article","og_title":"Projeto Sambanejo vai agitar o s\u00e1bado no Mokai - Daniel Matos","og_description":"O primeiro s\u00e1bado do m\u00eas de abril (07.04) vai ser festivo e dan\u00e7ante no Mokai Lounge Bar, na Av. dos [&hellip;]","og_url":"https:\/\/www.blogsoestado.com\/danielmatos\/projeto-sambanejo-vai-agitar-o-sabado-no-mokai\/","og_site_name":"Daniel Matos","article_published_time":"2018-04-06T20:00:34+00:00","og_image":[{"url":"https:\/\/www.blogsoestado.com\/danielmatos\/files\/2018\/04\/mokai-sab.jpg","type":"","width":"","height":""}],"twitter_card":"summary_large_image","twitter_misc":{"Est. tempo de leitura":"1 minuto"},"schema":{"@context":"https:\/\/schema.org","@graph":[{"@type":"WebPage","@id":"https:\/\/www.blogsoestado.com\/danielmatos\/projeto-sambanejo-vai-agitar-o-sabado-no-mokai\/","url":"https:\/\/www.blogsoestado.com\/danielmatos\/projeto-sambanejo-vai-agitar-o-sabado-no-mokai\/","name":"Projeto Sambanejo vai agitar o s\u00e1bado no Mokai - Daniel Matos","isPartOf":{"@id":"https:\/\/www.blogsoestado.com\/danielmatos\/#website"},"primaryImageOfPage":{"@id":"https:\/\/www.blogsoestado.com\/danielmatos\/projeto-sambanejo-vai-agitar-o-sabado-no-mokai\/#primaryimage"},"image":{"@id":"https:\/\/www.blogsoestado.com\/danielmatos\/projeto-sambanejo-vai-agitar-o-sabado-no-mokai\/#primaryimage"},"thumbnailUrl":"https:\/\/www.blogsoestado.com\/danielmatos\/files\/2018\/04\/mokai-sab.jpg","datePublished":"2018-04-06T20:00:34+00:00","author":{"@id":""},"breadcrumb":{"@id":"https:\/\/www.blogsoestado.com\/danielmatos\/projeto-sambanejo-vai-agitar-o-sabado-no-mokai\/#breadcrumb"},"inLanguage":"pt-BR","potentialAction":[{"@type":"ReadAction","target":["https:\/\/www.blogsoestado.com\/danielmatos\/projeto-sambanejo-vai-agitar-o-sabado-no-mokai\/"]}]},{"@type":"ImageObject","inLanguage":"pt-BR","@id":"https:\/\/www.blogsoestado.com\/danielmatos\/projeto-sambanejo-vai-agitar-o-sabado-no-mokai\/#primaryimage","url":"https:\/\/www.blogsoestado.com\/danielmatos\/files\/2018\/04\/mokai-sab.jpg","contentUrl":"https:\/\/www.blogsoestado.com\/danielmatos\/files\/2018\/04\/mokai-sab.jpg"},{"@type":"BreadcrumbList","@id":"https:\/\/www.blogsoestado.com\/danielmatos\/projeto-sambanejo-vai-agitar-o-sabado-no-mokai\/#breadcrumb","itemListElement":[{"@type":"ListItem","position":1,"name":"In\u00edcio","item":"https:\/\/www.blogsoestado.com\/danielmatos\/"},{"@type":"ListItem","position":2,"name":"Projeto Sambanejo vai agitar o s\u00e1bado no Mokai"}]},{"@type":"WebSite","@id":"https:\/\/www.blogsoestado.com\/danielmatos\/#website","url":"https:\/\/www.blogsoestado.com\/danielmatos\/","name":"Daniel Matos","description":"","potentialAction":[{"@type":"SearchAction","target":{"@type":"EntryPoint","urlTemplate":"https:\/\/www.blogsoestado.com\/danielmatos\/?s={search_term_string}"},"query-input":{"@type":"PropertyValueSpecification","valueRequired":true,"valueName":"search_term_string"}}],"inLanguage":"pt-BR"}]}},"jetpack_featured_media_url":"","_links":{"self":[{"href":"https:\/\/www.blogsoestado.com\/danielmatos\/wp-json\/wp\/v2\/posts\/50039","targetHints":{"allow":["GET"]}}],"collection":[{"href":"https:\/\/www.blogsoestado.com\/danielmatos\/wp-json\/wp\/v2\/posts"}],"about":[{"href":"https:\/\/www.blogsoestado.com\/danielmatos\/wp-json\/wp\/v2\/types\/post"}],"replies":[{"embeddable":true,"href":"https:\/\/www.blogsoestado.com\/danielmatos\/wp-json\/wp\/v2\/comments?post=50039"}],"version-history":[{"count":0,"href":"https:\/\/www.blogsoestado.com\/danielmatos\/wp-json\/wp\/v2\/posts\/50039\/revisions"}],"wp:attachment":[{"href":"https:\/\/www.blogsoestado.com\/danielmatos\/wp-json\/wp\/v2\/media?parent=50039"}],"wp:term":[{"taxonomy":"category","embeddable":true,"href":"https:\/\/www.blogsoestado.com\/danielmatos\/wp-json\/wp\/v2\/categories?post=50039"},{"taxonomy":"post_tag","embeddable":true,"href":"https:\/\/www.blogsoestado.com\/danielmatos\/wp-json\/wp\/v2\/tags?post=50039"}],"curies":[{"name":"wp","href":"https:\/\/api.w.org\/{rel}","templated":true}]}}