{"id":50052,"date":"2018-04-03T19:30:17","date_gmt":"2018-04-03T22:30:17","guid":{"rendered":"https:\/\/www.blogsoestado.com\/danielmatos\/?p=50052"},"modified":"2018-04-03T19:30:17","modified_gmt":"2018-04-03T22:30:17","slug":"em-audiencia-publica-wellington-diz-que-flavio-dino-trai-populacao-do-cajueiro-ao-defender-empreendimento","status":"publish","type":"post","link":"https:\/\/www.blogsoestado.com\/danielmatos\/em-audiencia-publica-wellington-diz-que-flavio-dino-trai-populacao-do-cajueiro-ao-defender-empreendimento\/","title":{"rendered":"Em audi\u00eancia p\u00fablica, Wellington diz que Fl\u00e1vio Dino trai popula\u00e7\u00e3o do Cajueiro ao defender empreendimento"},"content":{"rendered":"<figure id=\"attachment_50053\" aria-describedby=\"caption-attachment-50053\" style=\"width: 650px\" class=\"wp-caption aligncenter\"><img fetchpriority=\"high\" decoding=\"async\" class=\"wp-image-50053\" src=\"https:\/\/www.blogsoestado.com\/danielmatos\/files\/2018\/04\/w-cajueiro.jpg\" alt=\"\" width=\"650\" height=\"421\" \/><figcaption id=\"caption-attachment-50053\" class=\"wp-caption-text\">Audi\u00eancia discutiu impactos sociais da instala\u00e7\u00e3o de empreendimento na localidade Cajueiro<\/figcaption><\/figure>\n<p>Ap\u00f3s mais de cinco horas de audi\u00eancia, o deputado estadual progressista Wellington do Curso, enquanto presidente da Comiss\u00e3o de Direitos Humanos da Assembleia Legislativa, ouviu as principais solicita\u00e7\u00f5es dos moradores das comunidades do Cajueiro. Estiveram presentes membros do Minist\u00e9rio P\u00fablico, Comiss\u00e3o de Direitos Humanos da OAB, IBAMA, al\u00e9m de pessoas solid\u00e1rias \u00e0 causa, a exemplo do professor Hor\u00e1cio Antunes, do Grupo de Estudos Desenvolvimento Modernidade e Meio Ambiente, da UFMA.<\/p>\n<p>Na ocasi\u00e3o, moradores expuseram sentimento de ang\u00fastia e preocupa\u00e7\u00e3o que predominam nas comunidades do Cajueiro.<\/p>\n<p>\u201cEles est\u00e3o querendo vender a nossa gente. Est\u00e3o querendo nos vender. Sim, nos vender\u2026porque ali no Cajueiro n\u00e3o \u00e9 s\u00f3 um peda\u00e7o de terra. \u00c9 um peda\u00e7o de cada um de n\u00f3s. \u00c9 isso que o Governador est\u00e1 querendo fazer: nos vender pra WTorres\u201d, desabafou uma moradora do Cajueiro.<\/p>\n<p>Sobre a situa\u00e7\u00e3o, Wellington colocou a Comiss\u00e3o de Defesa dos Direitos Humanos \u00e0 disposi\u00e7\u00e3o e deixou claro seu posicionamento em defesa dos moradores do Cajueiro e da cria\u00e7\u00e3o da Resex.<\/p>\n<p>\u201cEssa discuss\u00e3o quanto \u00e0 quest\u00e3o do Cajueiro n\u00e3o \u00e9 de agora. J\u00e1 \u00e9 algo que tem tempo. Nosso posicionamento sempre foi um s\u00f3: a favor de quem vive no Cajueiro e em defesa da Resex. O Governador, ao que parece, esqueceu dos seus antigos ideais e, agora, vira as costas para a popula\u00e7\u00e3o\u2026defendendo um \u2018empreendimento\u2019 que ter\u00e1, e j\u00e1 at\u00e9 o tem, in\u00fameros impactos, sobretudo negativos, para a popula\u00e7\u00e3o. Enquanto deputado estadual, n\u00e3o posso dar ordem alguma ao Governador, mas deixo aqui claro o meu posicionamento em defesa do povo de Cajueiro. Governador Fl\u00e1vio Dino, n\u00e3o traia quem um dia confiou em Vossa Excel\u00eancia\u201d, disse Wellington.<\/p>\n<p>Entre os encaminhamentos da audi\u00eancia, est\u00e3o: articular junto ao CONSEMA uma reuni\u00e3o do Conselho com Comiss\u00e3o de representantes das comunidades tradicionais do Cajueiro; oficializar o IPHAN quanto aos procedimentos adotados para preserva\u00e7\u00e3o dos bens culturais e materiais presentes nas comunidades tradicionais do Cajueiro; fortalecer as a\u00e7\u00f5es a fim de suspender as licen\u00e7as ambientais; al\u00e9m de articular visita de inspe\u00e7\u00e3o \u201cin loco\u201d (nas comunidades do Cajueiro e canteiro de obras da empresa W.Torres) a ser realizada pela Comiss\u00e3o de Direitos Humanos da Assembleia em parceria com a Comiss\u00e3o de Meio Ambiente, uma vez que a quest\u00e3o deve ser analisada sob a perspectiva social e ambiental.<\/p>\n","protected":false},"excerpt":{"rendered":"<p>Ap\u00f3s mais de cinco horas de audi\u00eancia, o deputado estadual progressista Wellington do Curso, enquanto presidente da Comiss\u00e3o de Direitos [&hellip;]<\/p>\n","protected":false},"author":0,"featured_media":0,"comment_status":"open","ping_status":"open","sticky":false,"template":"","format":"standard","meta":{"site-sidebar-layout":"default","site-content-layout":"","ast-site-content-layout":"default","site-content-style":"default","site-sidebar-style":"default","ast-global-header-display":"","ast-banner-title-visibility":"","ast-main-header-display":"","ast-hfb-above-header-display":"","ast-hfb-below-header-display":"","ast-hfb-mobile-header-display":"","site-post-title":"","ast-breadcrumbs-content":"","ast-featured-img":"","footer-sml-layout":"","ast-disable-related-posts":"","theme-transparent-header-meta":"","adv-header-id-meta":"","stick-header-meta":"","header-above-stick-meta":"","header-main-stick-meta":"","header-below-stick-meta":"","astra-migrate-meta-layouts":"default","ast-page-background-enabled":"default","ast-page-background-meta":{"desktop":{"background-color":"var(--ast-global-color-5)","background-image":"","background-repeat":"repeat","background-position":"center center","background-size":"auto","background-attachment":"scroll","background-type":"","background-media":"","overlay-type":"","overlay-color":"","overlay-opacity":"","overlay-gradient":""},"tablet":{"background-color":"","background-image":"","background-repeat":"repeat","background-position":"center center","background-size":"auto","background-attachment":"scroll","background-type":"","background-media":"","overlay-type":"","overlay-color":"","overlay-opacity":"","overlay-gradient":""},"mobile":{"background-color":"","background-image":"","background-repeat":"repeat","background-position":"center center","background-size":"auto","background-attachment":"scroll","background-type":"","background-media":"","overlay-type":"","overlay-color":"","overlay-opacity":"","overlay-gradient":""}},"ast-content-background-meta":{"desktop":{"background-color":"var(--ast-global-color-4)","background-image":"","background-repeat":"repeat","background-position":"center center","background-size":"auto","background-attachment":"scroll","background-type":"","background-media":"","overlay-type":"","overlay-color":"","overlay-opacity":"","overlay-gradient":""},"tablet":{"background-color":"var(--ast-global-color-4)","background-image":"","background-repeat":"repeat","background-position":"center center","background-size":"auto","background-attachment":"scroll","background-type":"","background-media":"","overlay-type":"","overlay-color":"","overlay-opacity":"","overlay-gradient":""},"mobile":{"background-color":"var(--ast-global-color-4)","background-image":"","background-repeat":"repeat","background-position":"center center","background-size":"auto","background-attachment":"scroll","background-type":"","background-media":"","overlay-type":"","overlay-color":"","overlay-opacity":"","overlay-gradient":""}},"footnotes":""},"categories":[1],"tags":[],"class_list":["post-50052","post","type-post","status-publish","format-standard","hentry","category-sem-categoria"],"yoast_head":"<!-- This site is optimized with the Yoast SEO plugin v26.6 - https:\/\/yoast.com\/wordpress\/plugins\/seo\/ -->\n<title>Em audi\u00eancia p\u00fablica, Wellington diz que Fl\u00e1vio Dino trai popula\u00e7\u00e3o do Cajueiro ao defender empreendimento - Daniel Matos<\/title>\n<meta name=\"robots\" content=\"index, follow, max-snippet:-1, max-image-preview:large, max-video-preview:-1\" \/>\n<link rel=\"canonical\" href=\"https:\/\/www.blogsoestado.com\/danielmatos\/em-audiencia-publica-wellington-diz-que-flavio-dino-trai-populacao-do-cajueiro-ao-defender-empreendimento\/\" \/>\n<meta property=\"og:locale\" content=\"pt_BR\" \/>\n<meta property=\"og:type\" content=\"article\" \/>\n<meta property=\"og:title\" content=\"Em audi\u00eancia p\u00fablica, Wellington diz que Fl\u00e1vio Dino trai popula\u00e7\u00e3o do Cajueiro ao defender empreendimento - Daniel Matos\" \/>\n<meta property=\"og:description\" content=\"Ap\u00f3s mais de cinco horas de audi\u00eancia, o deputado estadual progressista Wellington do Curso, enquanto presidente da Comiss\u00e3o de Direitos [&hellip;]\" \/>\n<meta property=\"og:url\" content=\"https:\/\/www.blogsoestado.com\/danielmatos\/em-audiencia-publica-wellington-diz-que-flavio-dino-trai-populacao-do-cajueiro-ao-defender-empreendimento\/\" \/>\n<meta property=\"og:site_name\" content=\"Daniel Matos\" \/>\n<meta property=\"article:published_time\" content=\"2018-04-03T22:30:17+00:00\" \/>\n<meta property=\"og:image\" content=\"https:\/\/www.blogsoestado.com\/danielmatos\/files\/2018\/04\/w-cajueiro.jpg\" \/>\n<meta name=\"twitter:card\" content=\"summary_large_image\" \/>\n<meta name=\"twitter:label1\" content=\"Est. tempo de leitura\" \/>\n\t<meta name=\"twitter:data1\" content=\"2 minutos\" \/>\n<script type=\"application\/ld+json\" class=\"yoast-schema-graph\">{\"@context\":\"https:\/\/schema.org\",\"@graph\":[{\"@type\":\"WebPage\",\"@id\":\"https:\/\/www.blogsoestado.com\/danielmatos\/em-audiencia-publica-wellington-diz-que-flavio-dino-trai-populacao-do-cajueiro-ao-defender-empreendimento\/\",\"url\":\"https:\/\/www.blogsoestado.com\/danielmatos\/em-audiencia-publica-wellington-diz-que-flavio-dino-trai-populacao-do-cajueiro-ao-defender-empreendimento\/\",\"name\":\"Em audi\u00eancia p\u00fablica, Wellington diz que Fl\u00e1vio Dino trai popula\u00e7\u00e3o do Cajueiro ao defender empreendimento - Daniel Matos\",\"isPartOf\":{\"@id\":\"https:\/\/www.blogsoestado.com\/danielmatos\/#website\"},\"primaryImageOfPage\":{\"@id\":\"https:\/\/www.blogsoestado.com\/danielmatos\/em-audiencia-publica-wellington-diz-que-flavio-dino-trai-populacao-do-cajueiro-ao-defender-empreendimento\/#primaryimage\"},\"image\":{\"@id\":\"https:\/\/www.blogsoestado.com\/danielmatos\/em-audiencia-publica-wellington-diz-que-flavio-dino-trai-populacao-do-cajueiro-ao-defender-empreendimento\/#primaryimage\"},\"thumbnailUrl\":\"https:\/\/www.blogsoestado.com\/danielmatos\/files\/2018\/04\/w-cajueiro.jpg\",\"datePublished\":\"2018-04-03T22:30:17+00:00\",\"author\":{\"@id\":\"\"},\"breadcrumb\":{\"@id\":\"https:\/\/www.blogsoestado.com\/danielmatos\/em-audiencia-publica-wellington-diz-que-flavio-dino-trai-populacao-do-cajueiro-ao-defender-empreendimento\/#breadcrumb\"},\"inLanguage\":\"pt-BR\",\"potentialAction\":[{\"@type\":\"ReadAction\",\"target\":[\"https:\/\/www.blogsoestado.com\/danielmatos\/em-audiencia-publica-wellington-diz-que-flavio-dino-trai-populacao-do-cajueiro-ao-defender-empreendimento\/\"]}]},{\"@type\":\"ImageObject\",\"inLanguage\":\"pt-BR\",\"@id\":\"https:\/\/www.blogsoestado.com\/danielmatos\/em-audiencia-publica-wellington-diz-que-flavio-dino-trai-populacao-do-cajueiro-ao-defender-empreendimento\/#primaryimage\",\"url\":\"https:\/\/www.blogsoestado.com\/danielmatos\/files\/2018\/04\/w-cajueiro.jpg\",\"contentUrl\":\"https:\/\/www.blogsoestado.com\/danielmatos\/files\/2018\/04\/w-cajueiro.jpg\"},{\"@type\":\"BreadcrumbList\",\"@id\":\"https:\/\/www.blogsoestado.com\/danielmatos\/em-audiencia-publica-wellington-diz-que-flavio-dino-trai-populacao-do-cajueiro-ao-defender-empreendimento\/#breadcrumb\",\"itemListElement\":[{\"@type\":\"ListItem\",\"position\":1,\"name\":\"In\u00edcio\",\"item\":\"https:\/\/www.blogsoestado.com\/danielmatos\/\"},{\"@type\":\"ListItem\",\"position\":2,\"name\":\"Em audi\u00eancia p\u00fablica, Wellington diz que Fl\u00e1vio Dino trai popula\u00e7\u00e3o do Cajueiro ao defender empreendimento\"}]},{\"@type\":\"WebSite\",\"@id\":\"https:\/\/www.blogsoestado.com\/danielmatos\/#website\",\"url\":\"https:\/\/www.blogsoestado.com\/danielmatos\/\",\"name\":\"Daniel Matos\",\"description\":\"\",\"potentialAction\":[{\"@type\":\"SearchAction\",\"target\":{\"@type\":\"EntryPoint\",\"urlTemplate\":\"https:\/\/www.blogsoestado.com\/danielmatos\/?s={search_term_string}\"},\"query-input\":{\"@type\":\"PropertyValueSpecification\",\"valueRequired\":true,\"valueName\":\"search_term_string\"}}],\"inLanguage\":\"pt-BR\"}]}<\/script>\n<!-- \/ Yoast SEO plugin. -->","yoast_head_json":{"title":"Em audi\u00eancia p\u00fablica, Wellington diz que Fl\u00e1vio Dino trai popula\u00e7\u00e3o do Cajueiro ao defender empreendimento - Daniel Matos","robots":{"index":"index","follow":"follow","max-snippet":"max-snippet:-1","max-image-preview":"max-image-preview:large","max-video-preview":"max-video-preview:-1"},"canonical":"https:\/\/www.blogsoestado.com\/danielmatos\/em-audiencia-publica-wellington-diz-que-flavio-dino-trai-populacao-do-cajueiro-ao-defender-empreendimento\/","og_locale":"pt_BR","og_type":"article","og_title":"Em audi\u00eancia p\u00fablica, Wellington diz que Fl\u00e1vio Dino trai popula\u00e7\u00e3o do Cajueiro ao defender empreendimento - Daniel Matos","og_description":"Ap\u00f3s mais de cinco horas de audi\u00eancia, o deputado estadual progressista Wellington do Curso, enquanto presidente da Comiss\u00e3o de Direitos [&hellip;]","og_url":"https:\/\/www.blogsoestado.com\/danielmatos\/em-audiencia-publica-wellington-diz-que-flavio-dino-trai-populacao-do-cajueiro-ao-defender-empreendimento\/","og_site_name":"Daniel Matos","article_published_time":"2018-04-03T22:30:17+00:00","og_image":[{"url":"https:\/\/www.blogsoestado.com\/danielmatos\/files\/2018\/04\/w-cajueiro.jpg","type":"","width":"","height":""}],"twitter_card":"summary_large_image","twitter_misc":{"Est. tempo de leitura":"2 minutos"},"schema":{"@context":"https:\/\/schema.org","@graph":[{"@type":"WebPage","@id":"https:\/\/www.blogsoestado.com\/danielmatos\/em-audiencia-publica-wellington-diz-que-flavio-dino-trai-populacao-do-cajueiro-ao-defender-empreendimento\/","url":"https:\/\/www.blogsoestado.com\/danielmatos\/em-audiencia-publica-wellington-diz-que-flavio-dino-trai-populacao-do-cajueiro-ao-defender-empreendimento\/","name":"Em audi\u00eancia p\u00fablica, Wellington diz que Fl\u00e1vio Dino trai popula\u00e7\u00e3o do Cajueiro ao defender empreendimento - Daniel Matos","isPartOf":{"@id":"https:\/\/www.blogsoestado.com\/danielmatos\/#website"},"primaryImageOfPage":{"@id":"https:\/\/www.blogsoestado.com\/danielmatos\/em-audiencia-publica-wellington-diz-que-flavio-dino-trai-populacao-do-cajueiro-ao-defender-empreendimento\/#primaryimage"},"image":{"@id":"https:\/\/www.blogsoestado.com\/danielmatos\/em-audiencia-publica-wellington-diz-que-flavio-dino-trai-populacao-do-cajueiro-ao-defender-empreendimento\/#primaryimage"},"thumbnailUrl":"https:\/\/www.blogsoestado.com\/danielmatos\/files\/2018\/04\/w-cajueiro.jpg","datePublished":"2018-04-03T22:30:17+00:00","author":{"@id":""},"breadcrumb":{"@id":"https:\/\/www.blogsoestado.com\/danielmatos\/em-audiencia-publica-wellington-diz-que-flavio-dino-trai-populacao-do-cajueiro-ao-defender-empreendimento\/#breadcrumb"},"inLanguage":"pt-BR","potentialAction":[{"@type":"ReadAction","target":["https:\/\/www.blogsoestado.com\/danielmatos\/em-audiencia-publica-wellington-diz-que-flavio-dino-trai-populacao-do-cajueiro-ao-defender-empreendimento\/"]}]},{"@type":"ImageObject","inLanguage":"pt-BR","@id":"https:\/\/www.blogsoestado.com\/danielmatos\/em-audiencia-publica-wellington-diz-que-flavio-dino-trai-populacao-do-cajueiro-ao-defender-empreendimento\/#primaryimage","url":"https:\/\/www.blogsoestado.com\/danielmatos\/files\/2018\/04\/w-cajueiro.jpg","contentUrl":"https:\/\/www.blogsoestado.com\/danielmatos\/files\/2018\/04\/w-cajueiro.jpg"},{"@type":"BreadcrumbList","@id":"https:\/\/www.blogsoestado.com\/danielmatos\/em-audiencia-publica-wellington-diz-que-flavio-dino-trai-populacao-do-cajueiro-ao-defender-empreendimento\/#breadcrumb","itemListElement":[{"@type":"ListItem","position":1,"name":"In\u00edcio","item":"https:\/\/www.blogsoestado.com\/danielmatos\/"},{"@type":"ListItem","position":2,"name":"Em audi\u00eancia p\u00fablica, Wellington diz que Fl\u00e1vio Dino trai popula\u00e7\u00e3o do Cajueiro ao defender empreendimento"}]},{"@type":"WebSite","@id":"https:\/\/www.blogsoestado.com\/danielmatos\/#website","url":"https:\/\/www.blogsoestado.com\/danielmatos\/","name":"Daniel Matos","description":"","potentialAction":[{"@type":"SearchAction","target":{"@type":"EntryPoint","urlTemplate":"https:\/\/www.blogsoestado.com\/danielmatos\/?s={search_term_string}"},"query-input":{"@type":"PropertyValueSpecification","valueRequired":true,"valueName":"search_term_string"}}],"inLanguage":"pt-BR"}]}},"jetpack_featured_media_url":"","_links":{"self":[{"href":"https:\/\/www.blogsoestado.com\/danielmatos\/wp-json\/wp\/v2\/posts\/50052","targetHints":{"allow":["GET"]}}],"collection":[{"href":"https:\/\/www.blogsoestado.com\/danielmatos\/wp-json\/wp\/v2\/posts"}],"about":[{"href":"https:\/\/www.blogsoestado.com\/danielmatos\/wp-json\/wp\/v2\/types\/post"}],"replies":[{"embeddable":true,"href":"https:\/\/www.blogsoestado.com\/danielmatos\/wp-json\/wp\/v2\/comments?post=50052"}],"version-history":[{"count":0,"href":"https:\/\/www.blogsoestado.com\/danielmatos\/wp-json\/wp\/v2\/posts\/50052\/revisions"}],"wp:attachment":[{"href":"https:\/\/www.blogsoestado.com\/danielmatos\/wp-json\/wp\/v2\/media?parent=50052"}],"wp:term":[{"taxonomy":"category","embeddable":true,"href":"https:\/\/www.blogsoestado.com\/danielmatos\/wp-json\/wp\/v2\/categories?post=50052"},{"taxonomy":"post_tag","embeddable":true,"href":"https:\/\/www.blogsoestado.com\/danielmatos\/wp-json\/wp\/v2\/tags?post=50052"}],"curies":[{"name":"wp","href":"https:\/\/api.w.org\/{rel}","templated":true}]}}