{"id":50065,"date":"2018-04-03T22:00:09","date_gmt":"2018-04-04T01:00:09","guid":{"rendered":"https:\/\/www.blogsoestado.com\/danielmatos\/?p=50065"},"modified":"2018-04-03T22:00:09","modified_gmt":"2018-04-04T01:00:09","slug":"ze-inacio-posiciona-se-sobre-filiacao-do-deputado-waldir-maranhao-ao-pt","status":"publish","type":"post","link":"https:\/\/www.blogsoestado.com\/danielmatos\/ze-inacio-posiciona-se-sobre-filiacao-do-deputado-waldir-maranhao-ao-pt\/","title":{"rendered":"Z\u00e9 In\u00e1cio posiciona-se sobre filia\u00e7\u00e3o do deputado Waldir Maranh\u00e3o ao PT"},"content":{"rendered":"<figure id=\"attachment_50066\" aria-describedby=\"caption-attachment-50066\" style=\"width: 448px\" class=\"wp-caption alignleft\"><img fetchpriority=\"high\" decoding=\"async\" class=\"size-full wp-image-50066\" src=\"https:\/\/www.blogsoestado.com\/danielmatos\/files\/2018\/04\/inacio-waldir.jpg\" alt=\"\" width=\"448\" height=\"299\" \/><figcaption id=\"caption-attachment-50066\" class=\"wp-caption-text\">Z\u00e9 In\u00e1cio mostrou-se favor\u00e1vel \u00e0 filia\u00e7\u00e3o de Waldir Maranh\u00e3o<\/figcaption><\/figure>\n<p>O deputado estadual Z\u00e9 In\u00e1cio (PT) utilizou a tribuna da Assembleia Legislativa, nesta ter\u00e7a-feira (3), para se posicionar sobre a solicita\u00e7\u00e3o de filia\u00e7\u00e3o do deputado federal Waldir Maranh\u00e3o (Avante) ao Partido dos Trabalhadores (PT).<\/p>\n<p>Como militante pol\u00edtico que defende o fortalecimento da legenda e do partido no Estado, Z\u00e9 In\u00e1cio mostrou-se favor\u00e1vel \u00e0 filia\u00e7\u00e3o. \u201cO deputado Waldir decide filiar-se ao PT no momento em que o pa\u00eds enfrenta uma grave crise econ\u00f4mica, pol\u00edtica e social, em que a democracia \u00e9 amea\u00e7ada constantemente e direitos conquistados a duras penas pelo povo s\u00e3o aniquilados por um governo ileg\u00edtimo, por um governo golpista. O deputado, inclusive, tentou evitar o golpe quando se posicionou contra o impeachment e a favor da presidenta Dilma quando exercia a presid\u00eancia da C\u00e2mara\u201d, disse.<\/p>\n<p>Z\u00e9 In\u00e1cio tamb\u00e9m falou sobre a chapa majorit\u00e1ria do governador Fl\u00e1vio Dino (PCdoB). \u201cO governador tem e ter\u00e1 o meu apoio para concorrer \u00e0 reelei\u00e7\u00e3o, mas n\u00e3o podemos abrir m\u00e3o desse debate pol\u00edtico e dizer que o PT tem for\u00e7a suficiente para contribuir fortemente para sua reelei\u00e7\u00e3o, tendo um nome que possa vir a ser o deputado Waldir Maranh\u00e3o na chapa majorit\u00e1ria. Com o apoio do governador e de Lula, ele passa a ser um dos candidatos mais competitivos ao Senado, por isso que, talvez, alguns temam a ida dele para o PT\u201d, refletiu.<\/p>\n<p>Por fim, o deputado destacou a import\u00e2ncia de eleger parlamentares petistas que possam dar sustenta\u00e7\u00e3o ao projeto nacional de fortalecimento da democracia brasileira e de retomada das conquistas hist\u00f3ricas alcan\u00e7adas nos governos do PT. \u201cNa luta para que possamos ter um estado de bem estar social, como j\u00e1 promoveu o PT nos seus primeiros governos, no governo Lula e no governo Dilma, por meio de programas como \u2018Bolsa Fam\u00edlia\u2019, \u2018Prouni\u2019, \u2018Minha Casa Minha Vida\u2019, \u2018Ci\u00eancias sem Fronteiras\u2019 e tantos outros programas. \u00c9 importante que haja, na C\u00e2mara e no Senado Federal, pessoas comprometidas com esse tipo de projeto. Por isso que n\u00f3s lutamos para ter um senador do PT na chapa de reelei\u00e7\u00e3o do governador Fl\u00e1vio Dino\u201d, concluiu.<\/p>\n","protected":false},"excerpt":{"rendered":"<p>O deputado estadual Z\u00e9 In\u00e1cio (PT) utilizou a tribuna da Assembleia Legislativa, nesta ter\u00e7a-feira (3), para se posicionar sobre a [&hellip;]<\/p>\n","protected":false},"author":0,"featured_media":0,"comment_status":"open","ping_status":"open","sticky":false,"template":"","format":"standard","meta":{"site-sidebar-layout":"default","site-content-layout":"","ast-site-content-layout":"default","site-content-style":"default","site-sidebar-style":"default","ast-global-header-display":"","ast-banner-title-visibility":"","ast-main-header-display":"","ast-hfb-above-header-display":"","ast-hfb-below-header-display":"","ast-hfb-mobile-header-display":"","site-post-title":"","ast-breadcrumbs-content":"","ast-featured-img":"","footer-sml-layout":"","ast-disable-related-posts":"","theme-transparent-header-meta":"","adv-header-id-meta":"","stick-header-meta":"","header-above-stick-meta":"","header-main-stick-meta":"","header-below-stick-meta":"","astra-migrate-meta-layouts":"default","ast-page-background-enabled":"default","ast-page-background-meta":{"desktop":{"background-color":"var(--ast-global-color-5)","background-image":"","background-repeat":"repeat","background-position":"center center","background-size":"auto","background-attachment":"scroll","background-type":"","background-media":"","overlay-type":"","overlay-color":"","overlay-opacity":"","overlay-gradient":""},"tablet":{"background-color":"","background-image":"","background-repeat":"repeat","background-position":"center center","background-size":"auto","background-attachment":"scroll","background-type":"","background-media":"","overlay-type":"","overlay-color":"","overlay-opacity":"","overlay-gradient":""},"mobile":{"background-color":"","background-image":"","background-repeat":"repeat","background-position":"center center","background-size":"auto","background-attachment":"scroll","background-type":"","background-media":"","overlay-type":"","overlay-color":"","overlay-opacity":"","overlay-gradient":""}},"ast-content-background-meta":{"desktop":{"background-color":"var(--ast-global-color-4)","background-image":"","background-repeat":"repeat","background-position":"center center","background-size":"auto","background-attachment":"scroll","background-type":"","background-media":"","overlay-type":"","overlay-color":"","overlay-opacity":"","overlay-gradient":""},"tablet":{"background-color":"var(--ast-global-color-4)","background-image":"","background-repeat":"repeat","background-position":"center center","background-size":"auto","background-attachment":"scroll","background-type":"","background-media":"","overlay-type":"","overlay-color":"","overlay-opacity":"","overlay-gradient":""},"mobile":{"background-color":"var(--ast-global-color-4)","background-image":"","background-repeat":"repeat","background-position":"center center","background-size":"auto","background-attachment":"scroll","background-type":"","background-media":"","overlay-type":"","overlay-color":"","overlay-opacity":"","overlay-gradient":""}},"footnotes":""},"categories":[1],"tags":[],"class_list":["post-50065","post","type-post","status-publish","format-standard","hentry","category-sem-categoria"],"yoast_head":"<!-- This site is optimized with the Yoast SEO plugin v26.6 - https:\/\/yoast.com\/wordpress\/plugins\/seo\/ -->\n<title>Z\u00e9 In\u00e1cio posiciona-se sobre filia\u00e7\u00e3o do deputado Waldir Maranh\u00e3o ao PT - Daniel Matos<\/title>\n<meta name=\"robots\" content=\"index, follow, max-snippet:-1, max-image-preview:large, max-video-preview:-1\" \/>\n<link rel=\"canonical\" href=\"https:\/\/www.blogsoestado.com\/danielmatos\/ze-inacio-posiciona-se-sobre-filiacao-do-deputado-waldir-maranhao-ao-pt\/\" \/>\n<meta property=\"og:locale\" content=\"pt_BR\" \/>\n<meta property=\"og:type\" content=\"article\" \/>\n<meta property=\"og:title\" content=\"Z\u00e9 In\u00e1cio posiciona-se sobre filia\u00e7\u00e3o do deputado Waldir Maranh\u00e3o ao PT - Daniel Matos\" \/>\n<meta property=\"og:description\" content=\"O deputado estadual Z\u00e9 In\u00e1cio (PT) utilizou a tribuna da Assembleia Legislativa, nesta ter\u00e7a-feira (3), para se posicionar sobre a [&hellip;]\" \/>\n<meta property=\"og:url\" content=\"https:\/\/www.blogsoestado.com\/danielmatos\/ze-inacio-posiciona-se-sobre-filiacao-do-deputado-waldir-maranhao-ao-pt\/\" \/>\n<meta property=\"og:site_name\" content=\"Daniel Matos\" \/>\n<meta property=\"article:published_time\" content=\"2018-04-04T01:00:09+00:00\" \/>\n<meta property=\"og:image\" content=\"https:\/\/www.blogsoestado.com\/danielmatos\/files\/2018\/04\/inacio-waldir.jpg\" \/>\n<meta name=\"twitter:card\" content=\"summary_large_image\" \/>\n<meta name=\"twitter:label1\" content=\"Est. tempo de leitura\" \/>\n\t<meta name=\"twitter:data1\" content=\"2 minutos\" \/>\n<script type=\"application\/ld+json\" class=\"yoast-schema-graph\">{\"@context\":\"https:\/\/schema.org\",\"@graph\":[{\"@type\":\"WebPage\",\"@id\":\"https:\/\/www.blogsoestado.com\/danielmatos\/ze-inacio-posiciona-se-sobre-filiacao-do-deputado-waldir-maranhao-ao-pt\/\",\"url\":\"https:\/\/www.blogsoestado.com\/danielmatos\/ze-inacio-posiciona-se-sobre-filiacao-do-deputado-waldir-maranhao-ao-pt\/\",\"name\":\"Z\u00e9 In\u00e1cio posiciona-se sobre filia\u00e7\u00e3o do deputado Waldir Maranh\u00e3o ao PT - Daniel Matos\",\"isPartOf\":{\"@id\":\"https:\/\/www.blogsoestado.com\/danielmatos\/#website\"},\"primaryImageOfPage\":{\"@id\":\"https:\/\/www.blogsoestado.com\/danielmatos\/ze-inacio-posiciona-se-sobre-filiacao-do-deputado-waldir-maranhao-ao-pt\/#primaryimage\"},\"image\":{\"@id\":\"https:\/\/www.blogsoestado.com\/danielmatos\/ze-inacio-posiciona-se-sobre-filiacao-do-deputado-waldir-maranhao-ao-pt\/#primaryimage\"},\"thumbnailUrl\":\"https:\/\/www.blogsoestado.com\/danielmatos\/files\/2018\/04\/inacio-waldir.jpg\",\"datePublished\":\"2018-04-04T01:00:09+00:00\",\"author\":{\"@id\":\"\"},\"breadcrumb\":{\"@id\":\"https:\/\/www.blogsoestado.com\/danielmatos\/ze-inacio-posiciona-se-sobre-filiacao-do-deputado-waldir-maranhao-ao-pt\/#breadcrumb\"},\"inLanguage\":\"pt-BR\",\"potentialAction\":[{\"@type\":\"ReadAction\",\"target\":[\"https:\/\/www.blogsoestado.com\/danielmatos\/ze-inacio-posiciona-se-sobre-filiacao-do-deputado-waldir-maranhao-ao-pt\/\"]}]},{\"@type\":\"ImageObject\",\"inLanguage\":\"pt-BR\",\"@id\":\"https:\/\/www.blogsoestado.com\/danielmatos\/ze-inacio-posiciona-se-sobre-filiacao-do-deputado-waldir-maranhao-ao-pt\/#primaryimage\",\"url\":\"https:\/\/www.blogsoestado.com\/danielmatos\/files\/2018\/04\/inacio-waldir.jpg\",\"contentUrl\":\"https:\/\/www.blogsoestado.com\/danielmatos\/files\/2018\/04\/inacio-waldir.jpg\"},{\"@type\":\"BreadcrumbList\",\"@id\":\"https:\/\/www.blogsoestado.com\/danielmatos\/ze-inacio-posiciona-se-sobre-filiacao-do-deputado-waldir-maranhao-ao-pt\/#breadcrumb\",\"itemListElement\":[{\"@type\":\"ListItem\",\"position\":1,\"name\":\"In\u00edcio\",\"item\":\"https:\/\/www.blogsoestado.com\/danielmatos\/\"},{\"@type\":\"ListItem\",\"position\":2,\"name\":\"Z\u00e9 In\u00e1cio posiciona-se sobre filia\u00e7\u00e3o do deputado Waldir Maranh\u00e3o ao PT\"}]},{\"@type\":\"WebSite\",\"@id\":\"https:\/\/www.blogsoestado.com\/danielmatos\/#website\",\"url\":\"https:\/\/www.blogsoestado.com\/danielmatos\/\",\"name\":\"Daniel Matos\",\"description\":\"\",\"potentialAction\":[{\"@type\":\"SearchAction\",\"target\":{\"@type\":\"EntryPoint\",\"urlTemplate\":\"https:\/\/www.blogsoestado.com\/danielmatos\/?s={search_term_string}\"},\"query-input\":{\"@type\":\"PropertyValueSpecification\",\"valueRequired\":true,\"valueName\":\"search_term_string\"}}],\"inLanguage\":\"pt-BR\"}]}<\/script>\n<!-- \/ Yoast SEO plugin. -->","yoast_head_json":{"title":"Z\u00e9 In\u00e1cio posiciona-se sobre filia\u00e7\u00e3o do deputado Waldir Maranh\u00e3o ao PT - Daniel Matos","robots":{"index":"index","follow":"follow","max-snippet":"max-snippet:-1","max-image-preview":"max-image-preview:large","max-video-preview":"max-video-preview:-1"},"canonical":"https:\/\/www.blogsoestado.com\/danielmatos\/ze-inacio-posiciona-se-sobre-filiacao-do-deputado-waldir-maranhao-ao-pt\/","og_locale":"pt_BR","og_type":"article","og_title":"Z\u00e9 In\u00e1cio posiciona-se sobre filia\u00e7\u00e3o do deputado Waldir Maranh\u00e3o ao PT - Daniel Matos","og_description":"O deputado estadual Z\u00e9 In\u00e1cio (PT) utilizou a tribuna da Assembleia Legislativa, nesta ter\u00e7a-feira (3), para se posicionar sobre a [&hellip;]","og_url":"https:\/\/www.blogsoestado.com\/danielmatos\/ze-inacio-posiciona-se-sobre-filiacao-do-deputado-waldir-maranhao-ao-pt\/","og_site_name":"Daniel Matos","article_published_time":"2018-04-04T01:00:09+00:00","og_image":[{"url":"https:\/\/www.blogsoestado.com\/danielmatos\/files\/2018\/04\/inacio-waldir.jpg","type":"","width":"","height":""}],"twitter_card":"summary_large_image","twitter_misc":{"Est. tempo de leitura":"2 minutos"},"schema":{"@context":"https:\/\/schema.org","@graph":[{"@type":"WebPage","@id":"https:\/\/www.blogsoestado.com\/danielmatos\/ze-inacio-posiciona-se-sobre-filiacao-do-deputado-waldir-maranhao-ao-pt\/","url":"https:\/\/www.blogsoestado.com\/danielmatos\/ze-inacio-posiciona-se-sobre-filiacao-do-deputado-waldir-maranhao-ao-pt\/","name":"Z\u00e9 In\u00e1cio posiciona-se sobre filia\u00e7\u00e3o do deputado Waldir Maranh\u00e3o ao PT - Daniel Matos","isPartOf":{"@id":"https:\/\/www.blogsoestado.com\/danielmatos\/#website"},"primaryImageOfPage":{"@id":"https:\/\/www.blogsoestado.com\/danielmatos\/ze-inacio-posiciona-se-sobre-filiacao-do-deputado-waldir-maranhao-ao-pt\/#primaryimage"},"image":{"@id":"https:\/\/www.blogsoestado.com\/danielmatos\/ze-inacio-posiciona-se-sobre-filiacao-do-deputado-waldir-maranhao-ao-pt\/#primaryimage"},"thumbnailUrl":"https:\/\/www.blogsoestado.com\/danielmatos\/files\/2018\/04\/inacio-waldir.jpg","datePublished":"2018-04-04T01:00:09+00:00","author":{"@id":""},"breadcrumb":{"@id":"https:\/\/www.blogsoestado.com\/danielmatos\/ze-inacio-posiciona-se-sobre-filiacao-do-deputado-waldir-maranhao-ao-pt\/#breadcrumb"},"inLanguage":"pt-BR","potentialAction":[{"@type":"ReadAction","target":["https:\/\/www.blogsoestado.com\/danielmatos\/ze-inacio-posiciona-se-sobre-filiacao-do-deputado-waldir-maranhao-ao-pt\/"]}]},{"@type":"ImageObject","inLanguage":"pt-BR","@id":"https:\/\/www.blogsoestado.com\/danielmatos\/ze-inacio-posiciona-se-sobre-filiacao-do-deputado-waldir-maranhao-ao-pt\/#primaryimage","url":"https:\/\/www.blogsoestado.com\/danielmatos\/files\/2018\/04\/inacio-waldir.jpg","contentUrl":"https:\/\/www.blogsoestado.com\/danielmatos\/files\/2018\/04\/inacio-waldir.jpg"},{"@type":"BreadcrumbList","@id":"https:\/\/www.blogsoestado.com\/danielmatos\/ze-inacio-posiciona-se-sobre-filiacao-do-deputado-waldir-maranhao-ao-pt\/#breadcrumb","itemListElement":[{"@type":"ListItem","position":1,"name":"In\u00edcio","item":"https:\/\/www.blogsoestado.com\/danielmatos\/"},{"@type":"ListItem","position":2,"name":"Z\u00e9 In\u00e1cio posiciona-se sobre filia\u00e7\u00e3o do deputado Waldir Maranh\u00e3o ao PT"}]},{"@type":"WebSite","@id":"https:\/\/www.blogsoestado.com\/danielmatos\/#website","url":"https:\/\/www.blogsoestado.com\/danielmatos\/","name":"Daniel Matos","description":"","potentialAction":[{"@type":"SearchAction","target":{"@type":"EntryPoint","urlTemplate":"https:\/\/www.blogsoestado.com\/danielmatos\/?s={search_term_string}"},"query-input":{"@type":"PropertyValueSpecification","valueRequired":true,"valueName":"search_term_string"}}],"inLanguage":"pt-BR"}]}},"jetpack_featured_media_url":"","_links":{"self":[{"href":"https:\/\/www.blogsoestado.com\/danielmatos\/wp-json\/wp\/v2\/posts\/50065","targetHints":{"allow":["GET"]}}],"collection":[{"href":"https:\/\/www.blogsoestado.com\/danielmatos\/wp-json\/wp\/v2\/posts"}],"about":[{"href":"https:\/\/www.blogsoestado.com\/danielmatos\/wp-json\/wp\/v2\/types\/post"}],"replies":[{"embeddable":true,"href":"https:\/\/www.blogsoestado.com\/danielmatos\/wp-json\/wp\/v2\/comments?post=50065"}],"version-history":[{"count":0,"href":"https:\/\/www.blogsoestado.com\/danielmatos\/wp-json\/wp\/v2\/posts\/50065\/revisions"}],"wp:attachment":[{"href":"https:\/\/www.blogsoestado.com\/danielmatos\/wp-json\/wp\/v2\/media?parent=50065"}],"wp:term":[{"taxonomy":"category","embeddable":true,"href":"https:\/\/www.blogsoestado.com\/danielmatos\/wp-json\/wp\/v2\/categories?post=50065"},{"taxonomy":"post_tag","embeddable":true,"href":"https:\/\/www.blogsoestado.com\/danielmatos\/wp-json\/wp\/v2\/tags?post=50065"}],"curies":[{"name":"wp","href":"https:\/\/api.w.org\/{rel}","templated":true}]}}