{"id":50117,"date":"2018-04-05T10:20:02","date_gmt":"2018-04-05T13:20:02","guid":{"rendered":"https:\/\/www.blogsoestado.com\/danielmatos\/?p=50117"},"modified":"2018-04-05T10:20:02","modified_gmt":"2018-04-05T13:20:02","slug":"marcial-lima-filia-se-ao-prtb-e-disputara-eleicao-para-deputado-estadual","status":"publish","type":"post","link":"https:\/\/www.blogsoestado.com\/danielmatos\/marcial-lima-filia-se-ao-prtb-e-disputara-eleicao-para-deputado-estadual\/","title":{"rendered":"Marcial Lima filia-se ao PRTB e disputar\u00e1 elei\u00e7\u00e3o para deputado estadual"},"content":{"rendered":"<figure id=\"attachment_50132\" aria-describedby=\"caption-attachment-50132\" style=\"width: 640px\" class=\"wp-caption aligncenter\"><img fetchpriority=\"high\" decoding=\"async\" class=\"wp-image-50132 size-full\" src=\"https:\/\/www.blogsoestado.com\/danielmatos\/files\/2018\/04\/marcial-prtb.jpg\" alt=\"\" width=\"640\" height=\"480\" \/><figcaption id=\"caption-attachment-50132\" class=\"wp-caption-text\">Ao lado do presidente estadual do PRTB, M\u00e1rcio Coutinho, e do tamb\u00e9m vereador Silvino Abreu, Marcial Lima exibe ficha de filia\u00e7\u00e3o<\/figcaption><\/figure>\n<p>O vereador Marcial Lima decidiu o seu rumo partid\u00e1rio visando \u00e0s elei\u00e7\u00f5es de outubro de 2018. Depois de receber Carta Anu\u00eancia de desfilia\u00e7\u00e3o do Patriota\/PEN -51, de forma amig\u00e1vel, respeitosa e fraterna, j\u00e1 comunicada \u00e0 Justi\u00e7a Eleitoral, ele resolveu aceitar o convite e garantir filia\u00e7\u00e3o no Partido Renovador Trabalhista Brasileiro (PRTB -28), sigla pela qual concorrer\u00e1 ao mandato de deputado estadual.<\/p>\n<p>Marcial agradeceu \u00e0s agremia\u00e7\u00f5es partid\u00e1rias que o convidaram e com as quais conversou neste per\u00edodo de janela eleitoral de filia\u00e7\u00e3o e desfilia\u00e7\u00e3o autorizada pelo Tribunal Superior Eleitoral (TSE). No entanto, observou que\u00a0poderia tomar um \u00fanico rumo. &#8220;Depois de ouvir v\u00e1rios segmentos e em respeito aos diret\u00f3rios Municipal de S\u00e3o Lu\u00eds e Estadual, vamos com o 28!&#8221;, anunciou.<\/p>\n<p>O vereador agradeceu ao presidente M\u00e1rcio Coutinho e a todos os filiados do PRTB do Maranh\u00e3o. &#8220;Em conjunto, vamos fortalecer esta caminhada. Entendemos que o partido sai fortalecido com os novos quadros, principalmente na C\u00e2mara Municipal de S\u00e3o Lu\u00eds&#8221;, assinalou.<\/p>\n<p>Marcial Lima parabenizou todos os integrantes do PRTB, que mant\u00eam, de forma organizada, uma agremia\u00e7\u00e3o partid\u00e1ria bem representada no Maranh\u00e3o. &#8220;Com nomes que ser\u00e3o bem avaliados pelos eleitores maranhenses, acreditamos que o PRTB ter\u00e1 um grande papel e destaque no pleito de outubro de 2018&#8221;, confia.<\/p>\n<p>Ele diz crer, ainda, que o partido est\u00e1 no caminho certo. E destaca que a sigla\u00a0vive um momento de a\u00e7\u00e3o, multiplica\u00e7\u00e3o, respeito e unidade e trabalha para ter uma bancada representativa na Assembleia Legislativa do Maranh\u00e3o, em 2019.<\/p>\n<p>&#8220;O mundo \u00e9 dos parceiros, renova\u00e7\u00e3o j\u00e1!!! Grato pela acolhida no PRTB. N\u00e3o esque\u00e7a que nos encontramos nesta caminhada di\u00e1ria, e a mudan\u00e7a, em 2018, s\u00f3 depende de n\u00f3s&#8221;, declarou Marcial Lima.<\/p>\n","protected":false},"excerpt":{"rendered":"<p>O vereador Marcial Lima decidiu o seu rumo partid\u00e1rio visando \u00e0s elei\u00e7\u00f5es de outubro de 2018. Depois de receber Carta [&hellip;]<\/p>\n","protected":false},"author":0,"featured_media":0,"comment_status":"open","ping_status":"open","sticky":false,"template":"","format":"standard","meta":{"site-sidebar-layout":"default","site-content-layout":"","ast-site-content-layout":"default","site-content-style":"default","site-sidebar-style":"default","ast-global-header-display":"","ast-banner-title-visibility":"","ast-main-header-display":"","ast-hfb-above-header-display":"","ast-hfb-below-header-display":"","ast-hfb-mobile-header-display":"","site-post-title":"","ast-breadcrumbs-content":"","ast-featured-img":"","footer-sml-layout":"","ast-disable-related-posts":"","theme-transparent-header-meta":"","adv-header-id-meta":"","stick-header-meta":"","header-above-stick-meta":"","header-main-stick-meta":"","header-below-stick-meta":"","astra-migrate-meta-layouts":"default","ast-page-background-enabled":"default","ast-page-background-meta":{"desktop":{"background-color":"var(--ast-global-color-5)","background-image":"","background-repeat":"repeat","background-position":"center center","background-size":"auto","background-attachment":"scroll","background-type":"","background-media":"","overlay-type":"","overlay-color":"","overlay-opacity":"","overlay-gradient":""},"tablet":{"background-color":"","background-image":"","background-repeat":"repeat","background-position":"center center","background-size":"auto","background-attachment":"scroll","background-type":"","background-media":"","overlay-type":"","overlay-color":"","overlay-opacity":"","overlay-gradient":""},"mobile":{"background-color":"","background-image":"","background-repeat":"repeat","background-position":"center center","background-size":"auto","background-attachment":"scroll","background-type":"","background-media":"","overlay-type":"","overlay-color":"","overlay-opacity":"","overlay-gradient":""}},"ast-content-background-meta":{"desktop":{"background-color":"var(--ast-global-color-4)","background-image":"","background-repeat":"repeat","background-position":"center center","background-size":"auto","background-attachment":"scroll","background-type":"","background-media":"","overlay-type":"","overlay-color":"","overlay-opacity":"","overlay-gradient":""},"tablet":{"background-color":"var(--ast-global-color-4)","background-image":"","background-repeat":"repeat","background-position":"center center","background-size":"auto","background-attachment":"scroll","background-type":"","background-media":"","overlay-type":"","overlay-color":"","overlay-opacity":"","overlay-gradient":""},"mobile":{"background-color":"var(--ast-global-color-4)","background-image":"","background-repeat":"repeat","background-position":"center center","background-size":"auto","background-attachment":"scroll","background-type":"","background-media":"","overlay-type":"","overlay-color":"","overlay-opacity":"","overlay-gradient":""}},"footnotes":""},"categories":[1],"tags":[],"class_list":["post-50117","post","type-post","status-publish","format-standard","hentry","category-sem-categoria"],"yoast_head":"<!-- This site is optimized with the Yoast SEO plugin v26.6 - https:\/\/yoast.com\/wordpress\/plugins\/seo\/ -->\n<title>Marcial Lima filia-se ao PRTB e disputar\u00e1 elei\u00e7\u00e3o para deputado estadual - Daniel Matos<\/title>\n<meta name=\"robots\" content=\"index, follow, max-snippet:-1, max-image-preview:large, max-video-preview:-1\" \/>\n<link rel=\"canonical\" href=\"https:\/\/www.blogsoestado.com\/danielmatos\/marcial-lima-filia-se-ao-prtb-e-disputara-eleicao-para-deputado-estadual\/\" \/>\n<meta property=\"og:locale\" content=\"pt_BR\" \/>\n<meta property=\"og:type\" content=\"article\" \/>\n<meta property=\"og:title\" content=\"Marcial Lima filia-se ao PRTB e disputar\u00e1 elei\u00e7\u00e3o para deputado estadual - Daniel Matos\" \/>\n<meta property=\"og:description\" content=\"O vereador Marcial Lima decidiu o seu rumo partid\u00e1rio visando \u00e0s elei\u00e7\u00f5es de outubro de 2018. Depois de receber Carta [&hellip;]\" \/>\n<meta property=\"og:url\" content=\"https:\/\/www.blogsoestado.com\/danielmatos\/marcial-lima-filia-se-ao-prtb-e-disputara-eleicao-para-deputado-estadual\/\" \/>\n<meta property=\"og:site_name\" content=\"Daniel Matos\" \/>\n<meta property=\"article:published_time\" content=\"2018-04-05T13:20:02+00:00\" \/>\n<meta property=\"og:image\" content=\"https:\/\/www.blogsoestado.com\/danielmatos\/files\/2018\/04\/marcial-prtb.jpg\" \/>\n<meta name=\"twitter:card\" content=\"summary_large_image\" \/>\n<meta name=\"twitter:label1\" content=\"Est. tempo de leitura\" \/>\n\t<meta name=\"twitter:data1\" content=\"2 minutos\" \/>\n<script type=\"application\/ld+json\" class=\"yoast-schema-graph\">{\"@context\":\"https:\/\/schema.org\",\"@graph\":[{\"@type\":\"WebPage\",\"@id\":\"https:\/\/www.blogsoestado.com\/danielmatos\/marcial-lima-filia-se-ao-prtb-e-disputara-eleicao-para-deputado-estadual\/\",\"url\":\"https:\/\/www.blogsoestado.com\/danielmatos\/marcial-lima-filia-se-ao-prtb-e-disputara-eleicao-para-deputado-estadual\/\",\"name\":\"Marcial Lima filia-se ao PRTB e disputar\u00e1 elei\u00e7\u00e3o para deputado estadual - Daniel Matos\",\"isPartOf\":{\"@id\":\"https:\/\/www.blogsoestado.com\/danielmatos\/#website\"},\"primaryImageOfPage\":{\"@id\":\"https:\/\/www.blogsoestado.com\/danielmatos\/marcial-lima-filia-se-ao-prtb-e-disputara-eleicao-para-deputado-estadual\/#primaryimage\"},\"image\":{\"@id\":\"https:\/\/www.blogsoestado.com\/danielmatos\/marcial-lima-filia-se-ao-prtb-e-disputara-eleicao-para-deputado-estadual\/#primaryimage\"},\"thumbnailUrl\":\"https:\/\/www.blogsoestado.com\/danielmatos\/files\/2018\/04\/marcial-prtb.jpg\",\"datePublished\":\"2018-04-05T13:20:02+00:00\",\"author\":{\"@id\":\"\"},\"breadcrumb\":{\"@id\":\"https:\/\/www.blogsoestado.com\/danielmatos\/marcial-lima-filia-se-ao-prtb-e-disputara-eleicao-para-deputado-estadual\/#breadcrumb\"},\"inLanguage\":\"pt-BR\",\"potentialAction\":[{\"@type\":\"ReadAction\",\"target\":[\"https:\/\/www.blogsoestado.com\/danielmatos\/marcial-lima-filia-se-ao-prtb-e-disputara-eleicao-para-deputado-estadual\/\"]}]},{\"@type\":\"ImageObject\",\"inLanguage\":\"pt-BR\",\"@id\":\"https:\/\/www.blogsoestado.com\/danielmatos\/marcial-lima-filia-se-ao-prtb-e-disputara-eleicao-para-deputado-estadual\/#primaryimage\",\"url\":\"https:\/\/www.blogsoestado.com\/danielmatos\/files\/2018\/04\/marcial-prtb.jpg\",\"contentUrl\":\"https:\/\/www.blogsoestado.com\/danielmatos\/files\/2018\/04\/marcial-prtb.jpg\"},{\"@type\":\"BreadcrumbList\",\"@id\":\"https:\/\/www.blogsoestado.com\/danielmatos\/marcial-lima-filia-se-ao-prtb-e-disputara-eleicao-para-deputado-estadual\/#breadcrumb\",\"itemListElement\":[{\"@type\":\"ListItem\",\"position\":1,\"name\":\"In\u00edcio\",\"item\":\"https:\/\/www.blogsoestado.com\/danielmatos\/\"},{\"@type\":\"ListItem\",\"position\":2,\"name\":\"Marcial Lima filia-se ao PRTB e disputar\u00e1 elei\u00e7\u00e3o para deputado estadual\"}]},{\"@type\":\"WebSite\",\"@id\":\"https:\/\/www.blogsoestado.com\/danielmatos\/#website\",\"url\":\"https:\/\/www.blogsoestado.com\/danielmatos\/\",\"name\":\"Daniel Matos\",\"description\":\"\",\"potentialAction\":[{\"@type\":\"SearchAction\",\"target\":{\"@type\":\"EntryPoint\",\"urlTemplate\":\"https:\/\/www.blogsoestado.com\/danielmatos\/?s={search_term_string}\"},\"query-input\":{\"@type\":\"PropertyValueSpecification\",\"valueRequired\":true,\"valueName\":\"search_term_string\"}}],\"inLanguage\":\"pt-BR\"}]}<\/script>\n<!-- \/ Yoast SEO plugin. -->","yoast_head_json":{"title":"Marcial Lima filia-se ao PRTB e disputar\u00e1 elei\u00e7\u00e3o para deputado estadual - Daniel Matos","robots":{"index":"index","follow":"follow","max-snippet":"max-snippet:-1","max-image-preview":"max-image-preview:large","max-video-preview":"max-video-preview:-1"},"canonical":"https:\/\/www.blogsoestado.com\/danielmatos\/marcial-lima-filia-se-ao-prtb-e-disputara-eleicao-para-deputado-estadual\/","og_locale":"pt_BR","og_type":"article","og_title":"Marcial Lima filia-se ao PRTB e disputar\u00e1 elei\u00e7\u00e3o para deputado estadual - Daniel Matos","og_description":"O vereador Marcial Lima decidiu o seu rumo partid\u00e1rio visando \u00e0s elei\u00e7\u00f5es de outubro de 2018. Depois de receber Carta [&hellip;]","og_url":"https:\/\/www.blogsoestado.com\/danielmatos\/marcial-lima-filia-se-ao-prtb-e-disputara-eleicao-para-deputado-estadual\/","og_site_name":"Daniel Matos","article_published_time":"2018-04-05T13:20:02+00:00","og_image":[{"url":"https:\/\/www.blogsoestado.com\/danielmatos\/files\/2018\/04\/marcial-prtb.jpg","type":"","width":"","height":""}],"twitter_card":"summary_large_image","twitter_misc":{"Est. tempo de leitura":"2 minutos"},"schema":{"@context":"https:\/\/schema.org","@graph":[{"@type":"WebPage","@id":"https:\/\/www.blogsoestado.com\/danielmatos\/marcial-lima-filia-se-ao-prtb-e-disputara-eleicao-para-deputado-estadual\/","url":"https:\/\/www.blogsoestado.com\/danielmatos\/marcial-lima-filia-se-ao-prtb-e-disputara-eleicao-para-deputado-estadual\/","name":"Marcial Lima filia-se ao PRTB e disputar\u00e1 elei\u00e7\u00e3o para deputado estadual - Daniel Matos","isPartOf":{"@id":"https:\/\/www.blogsoestado.com\/danielmatos\/#website"},"primaryImageOfPage":{"@id":"https:\/\/www.blogsoestado.com\/danielmatos\/marcial-lima-filia-se-ao-prtb-e-disputara-eleicao-para-deputado-estadual\/#primaryimage"},"image":{"@id":"https:\/\/www.blogsoestado.com\/danielmatos\/marcial-lima-filia-se-ao-prtb-e-disputara-eleicao-para-deputado-estadual\/#primaryimage"},"thumbnailUrl":"https:\/\/www.blogsoestado.com\/danielmatos\/files\/2018\/04\/marcial-prtb.jpg","datePublished":"2018-04-05T13:20:02+00:00","author":{"@id":""},"breadcrumb":{"@id":"https:\/\/www.blogsoestado.com\/danielmatos\/marcial-lima-filia-se-ao-prtb-e-disputara-eleicao-para-deputado-estadual\/#breadcrumb"},"inLanguage":"pt-BR","potentialAction":[{"@type":"ReadAction","target":["https:\/\/www.blogsoestado.com\/danielmatos\/marcial-lima-filia-se-ao-prtb-e-disputara-eleicao-para-deputado-estadual\/"]}]},{"@type":"ImageObject","inLanguage":"pt-BR","@id":"https:\/\/www.blogsoestado.com\/danielmatos\/marcial-lima-filia-se-ao-prtb-e-disputara-eleicao-para-deputado-estadual\/#primaryimage","url":"https:\/\/www.blogsoestado.com\/danielmatos\/files\/2018\/04\/marcial-prtb.jpg","contentUrl":"https:\/\/www.blogsoestado.com\/danielmatos\/files\/2018\/04\/marcial-prtb.jpg"},{"@type":"BreadcrumbList","@id":"https:\/\/www.blogsoestado.com\/danielmatos\/marcial-lima-filia-se-ao-prtb-e-disputara-eleicao-para-deputado-estadual\/#breadcrumb","itemListElement":[{"@type":"ListItem","position":1,"name":"In\u00edcio","item":"https:\/\/www.blogsoestado.com\/danielmatos\/"},{"@type":"ListItem","position":2,"name":"Marcial Lima filia-se ao PRTB e disputar\u00e1 elei\u00e7\u00e3o para deputado estadual"}]},{"@type":"WebSite","@id":"https:\/\/www.blogsoestado.com\/danielmatos\/#website","url":"https:\/\/www.blogsoestado.com\/danielmatos\/","name":"Daniel Matos","description":"","potentialAction":[{"@type":"SearchAction","target":{"@type":"EntryPoint","urlTemplate":"https:\/\/www.blogsoestado.com\/danielmatos\/?s={search_term_string}"},"query-input":{"@type":"PropertyValueSpecification","valueRequired":true,"valueName":"search_term_string"}}],"inLanguage":"pt-BR"}]}},"jetpack_featured_media_url":"","_links":{"self":[{"href":"https:\/\/www.blogsoestado.com\/danielmatos\/wp-json\/wp\/v2\/posts\/50117","targetHints":{"allow":["GET"]}}],"collection":[{"href":"https:\/\/www.blogsoestado.com\/danielmatos\/wp-json\/wp\/v2\/posts"}],"about":[{"href":"https:\/\/www.blogsoestado.com\/danielmatos\/wp-json\/wp\/v2\/types\/post"}],"replies":[{"embeddable":true,"href":"https:\/\/www.blogsoestado.com\/danielmatos\/wp-json\/wp\/v2\/comments?post=50117"}],"version-history":[{"count":0,"href":"https:\/\/www.blogsoestado.com\/danielmatos\/wp-json\/wp\/v2\/posts\/50117\/revisions"}],"wp:attachment":[{"href":"https:\/\/www.blogsoestado.com\/danielmatos\/wp-json\/wp\/v2\/media?parent=50117"}],"wp:term":[{"taxonomy":"category","embeddable":true,"href":"https:\/\/www.blogsoestado.com\/danielmatos\/wp-json\/wp\/v2\/categories?post=50117"},{"taxonomy":"post_tag","embeddable":true,"href":"https:\/\/www.blogsoestado.com\/danielmatos\/wp-json\/wp\/v2\/tags?post=50117"}],"curies":[{"name":"wp","href":"https:\/\/api.w.org\/{rel}","templated":true}]}}