{"id":50119,"date":"2018-04-07T07:00:20","date_gmt":"2018-04-07T10:00:20","guid":{"rendered":"https:\/\/www.blogsoestado.com\/danielmatos\/?p=50119"},"modified":"2018-04-07T07:00:20","modified_gmt":"2018-04-07T10:00:20","slug":"roberto-carlos-faz-show-em-sao-luis-no-dia-dos-namorados","status":"publish","type":"post","link":"https:\/\/www.blogsoestado.com\/danielmatos\/roberto-carlos-faz-show-em-sao-luis-no-dia-dos-namorados\/","title":{"rendered":"Roberto Carlos faz show em S\u00e3o Lu\u00eds no Dia dos Namorados"},"content":{"rendered":"<h2><span style=\"color: #ff0000;\">O mito, a voz, o carisma, o amor e toda emo\u00e7\u00e3o de Roberto Carlos, que se apresenta em junho, dia 12 (ter\u00e7a-feira) no estacionamento do S\u00e3o Lu\u00eds Shopping<\/span><\/h2>\n<figure id=\"attachment_50120\" aria-describedby=\"caption-attachment-50120\" style=\"width: 448px\" class=\"wp-caption alignright\"><img fetchpriority=\"high\" decoding=\"async\" class=\"wp-image-50120 size-full\" src=\"https:\/\/www.blogsoestado.com\/danielmatos\/files\/2018\/04\/robertocarlos.jpg\" alt=\"\" width=\"448\" height=\"299\" \/><figcaption id=\"caption-attachment-50120\" class=\"wp-caption-text\">\u00cddolo da can\u00e7\u00e3o latino-americana, Roberto Carlos dispensa apresenta\u00e7\u00f5es<\/figcaption><\/figure>\n<p>De volta depois de seis anos, Roberto Carlos tem um novo encontro com S\u00e3o Lu\u00eds e a data n\u00e3o poderia ser outra: 12 de junho, Dia dos Namorados. Apresenta\u00e7\u00e3o ser\u00e1 no estacionamento do S\u00e3o Lu\u00eds Shopping, com abertura dos port\u00f5es \u00e0s 19h30 e realiza\u00e7\u00e3o da 4M\u00e3os Entretenimento, DC7, Multi Entretenimento e Solo Muisc.<\/p>\n<p>Os ingressos estar\u00e3o \u00e0 venda a partir do dia 11 de abril na Loja 4M\u00e3os Store (S\u00e3o Lu\u00eds Shopping), Degraus (Rio Anil Shopping e Shopping da Ilha) e Bilheteria Digital (Shopping da Ilha, Rio Poty Hotel e Rio Anil Shopping). O evento ser\u00e1 distribu\u00eddo em cadeiras, todas numeradas.<\/p>\n<p>Ele dispensa apresenta\u00e7\u00f5es, o \u00eddolo da can\u00e7\u00e3o latino-americana est\u00e1 de volta ao pa\u00eds, ap\u00f3s temporada de grande sucesso realizada em Portugal, com as casas de espet\u00e1culo lotadas em todas as apresenta\u00e7\u00f5es. Foram 5 shows nas cidades de Lisboa e Porto em comemora\u00e7\u00e3o ao seu anivers\u00e1rio e o cantor conquistou os Portugueses com o seu sucesso mais recente, Sereia, da novela das 21 da Globo \u201cA For\u00e7a do Querer\u201d, de Gl\u00f3ria Perez. \u00c9 um exemplo do sucesso mundial da M\u00fasica Popular Brasileira. O cantor, que em novembro de 2015 foi homenageado pelo Grammy Latino como personalidade do ano e lan\u00e7ou o CD \u201cPrimera Fila\u201d, gravado em Londres, no Est\u00fadio Abbey Road, desperta todo o carinho e admira\u00e7\u00e3o nos milh\u00f5es de f\u00e3s que o acompanham pelo Brasil e pelo mundo. Um \u00edcone da credibilidade, romantismo, da religiosidade e da fam\u00edlia. Roberto Carlos promete mais uma vez arrebatar os f\u00e3s com mais um show impec\u00e1vel ao lado de sua orquestra e coral.<\/p>\n<p>A CARREIRA<\/p>\n<p>Roberto Carlos nasceu em Cachoeiro do Itapemirim, uma cidade no Estado do Esp\u00edrito Santo e come\u00e7ou a cantar na r\u00e1dio aos nove anos. Na juventude sua fam\u00edlia mudou-se para o Rio de Janeiro, onde ele formou com amigos de escola o conjunto vocal The Sputnicks, depois em um outro grupo, The Snakes, j\u00e1 com a presen\u00e7a de Erasmo Carlos, seu parceiro na maioria de sua obra. Roberto Carlos passou a se apresentar em clubes e festas tanto sozinho como no grupo, e aos poucos estava na televis\u00e3o no programa &#8220;Clube do Rock&#8221;, sendo anunciado ao p\u00fablico como o &#8220;Elvis brasileiro&#8221; ao cantar &#8220;Jailhouse rock&#8221;. Roberto tamb\u00e9m cantava na boate do Hotel Plaza seguindo a linha bossa-nova de Jo\u00e3o Gilberto enquanto percorria o caminho de artista iniciante atr\u00e1s de gravadora.<\/p>\n<p>Sua primeira grava\u00e7\u00e3o foi em 1959 pela Polydor, em 1960 gravou um novo disco de 78 RPM, e com o primeiro LP a m\u00fasica &#8220;Louco Por Voc\u00ea&#8221; estourou rapidamente. Com apari\u00e7\u00f5es frequentes em programas da TV, come\u00e7ava ali um caminho de sucesso sendo reconhecido em todo o pa\u00eds. Em 1963 com o lan\u00e7amento do disco Splish Splash, se transforma num dos mais populares artistas jovens da \u00e9poca. O ano seguinte \u00e9 marcado pelo lan\u00e7amento de \u00c9 Proibido Fumar, cheio de can\u00e7\u00f5es que se tornariam cl\u00e1ssicos da m\u00fasica brasileira, como &#8220;O Calhambeque&#8221;.<\/p>\n<p>Com a explos\u00e3o mundial dos Beatles, o rock estava chegando ao Brasil, manifestando-se atrav\u00e9s de um movimento que o colocaria pela primeira vez no trono de Rei: a Jovem Guarda, recordista de audi\u00eancia entre os jovens e um dos maiores sucessos da TV brasileira at\u00e9 hoje. Em novembro de 1965 veio o LP Jovem Guarda, revolucionando a linguagem musical da \u00e9poca atrav\u00e9s de can\u00e7\u00f5es como &#8220;Quero que v\u00e1 tudo pro inferno&#8221;, cuja letra era ousada para \u00e9poca.<\/p>\n<p>Tendo a companhia dos amigos e parceiros Erasmo Carlos e Wanderl\u00e9a na linha de frente da Jovem Guarda, Roberto ditava a moda, inspirando roupas e adere\u00e7os utilizados pelos jovens brasileiros. Em 1967 a Jovem Guarda atingia seu auge. A dupla Roberto-Erasmo, definitivamente consagrada, popularizava express\u00f5es que se tornavam refer\u00eancia para os jovens. E a fama de Roberto chegava \u00e0 Fran\u00e7a, apresentando-se no MIDEM, em Cannes. Seu novo disco, Roberto Carlos em Ritmo de Aventura, traria mais sucessos e proporcionaria sua estreia no cinema no ano seguinte. Impulsionado pelo disco, o filme &#8220;Roberto Carlos em Ritmo de Aventura&#8221;, de Roberto Farias, estrelado pelo Rei e com participa\u00e7\u00f5es de Wanderl\u00e9a e Erasmo, bateu recordes de bilheteria.<\/p>\n<p>Roberto continuava ampliando seus horizontes. Foi \u00e0 It\u00e1lia e voltou vencedor do Festival de San Remo, onde defendeu a m\u00fasica &#8220;Canzone per te&#8221;, de S\u00e9rgio Endrigo e Bardotti. Foi o primeiro estrangeiro a conseguir esta fa\u00e7anha. O ano seguinte come\u00e7a com o lan\u00e7amento de um novo filme &#8220;Roberto Carlos e o Diamante Cor-de-Rosa&#8221;, que mais uma vez arrastou multid\u00f5es aos cinemas. Musicalmente, Roberto j\u00e1 n\u00e3o estava mais em ritmo de aventura. Seu amadurecimento como compositor e int\u00e9rprete come\u00e7ava a ficar evidente no novo \u00e1lbum. M\u00fasicas como &#8220;Sua estupidez&#8221; e &#8220;As curvas da estrada de Santos&#8221; s\u00e3o uma pr\u00e9via do Roberto rom\u00e2ntico das pr\u00f3ximas d\u00e9cadas.<\/p>\n<p>O ano de 1970 foi marcado com a estreia de um supershow &#8220;Roberto Carlos a 200 km por hora&#8221;, na maior casa de espet\u00e1culos do Rio de Janeiro. Lan\u00e7ou seu terceiro filme, &#8220;Roberto Carlos a 300 km por hora&#8221;, o Rei virava \u00eddolo tamb\u00e9m no exterior, principalmente nos pa\u00edses de l\u00edngua latina. Recordista de vendas em todo o Brasil, recebendo Discos de Ouro a cada lan\u00e7amento, em 1972, a cantora Ornella Vanoni chegou ao primeiro lugar das paradas europeias com vers\u00f5es em italiano para suas m\u00fasicas.<\/p>\n<p>Em 1974, Roberto Carlos gravou o primeiro especial de Natal para a Rede Globo de Televis\u00e3o. Inaugurava ali uma tradi\u00e7\u00e3o que se repete at\u00e9 hoje, sempre com a participa\u00e7\u00e3o de convidados especiais, mostrando que o Rei sempre teve muito mais que &#8220;um milh\u00e3o de amigos&#8221;.<\/p>\n<p>Roberto foi o primeiro artista brasileiro a atingir a marca de mais de um milh\u00e3o de discos vendidos a cada lan\u00e7amento. A d\u00e9cada de 70 reservaria ainda mais dois momentos importantes: sua campanha em prol do Ano Internacional da Crian\u00e7a, atrav\u00e9s da Rede Globo de Televis\u00e3o, foi um sucesso estrondoso e a m\u00fasica &#8220;Amigo&#8221; serviu de tema para a visita do Papa Jo\u00e3o Paulo II ao M\u00e9xico, cantada por um coro de crian\u00e7as em transmiss\u00e3o ao vivo para todo o mundo.<\/p>\n<p>Com suas m\u00fasicas regravadas por artistas como J\u00falio Iglesias e Ray Conniff, Roberto finalmente grava um LP totalmente em ingl\u00eas. Como resultado: a CBS lhe confere o Globo de Cristal, pr\u00eamio que distingue oferecido aos artistas que atingem a marca de 5 milh\u00f5es de discos vendidos fora de seu pa\u00eds de origem. Seus LPs foram lan\u00e7ados em espanhol, italiano, ingl\u00eas e franc\u00eas. Em Portugal e Espanha, &#8220;Cama e Mesa&#8221; chegou aos primeiros lugares das paradas.<\/p>\n<p>Em 1983, com uma equipe de 110 pessoas, incluindo uma orquestra de 42 m\u00fasicos, Roberto Carlos realiza o Projeto Emo\u00e7\u00f5es e percorre 18 cidades de 14 estados do Norte\/Nordeste e Centro-Oeste do Brasil. Nos anos seguintes, Roberto Carlos conferiria novos par\u00e2metros aos padr\u00f5es de execu\u00e7\u00e3o de m\u00fasicas nas r\u00e1dios. &#8220;Caminhoneiro&#8221; (1984), &#8220;Verde e amarelo&#8221; (1985) e &#8220;Apocalipse&#8221; (1986) bateram recordes consecutivos, com respectivamente 3.287, 3.577, 3.608 execu\u00e7\u00f5es em um s\u00f3 dia. Para se ter uma ideia da grandiosidade destes n\u00fameros, as dez m\u00fasicas do LP de 1983, somadas, alcan\u00e7avam 5.981 execu\u00e7\u00f5es.<\/p>\n<p>No come\u00e7o de 1986, reuniu mais de 100 mil pessoas em quatro apresenta\u00e7\u00f5es no Gin\u00e1sio do Maracan\u00e3 (Rio de Janeiro) e neste mesmo ano subiu ao palco do Radio City Music Hall, em Nova York, com enorme repercuss\u00e3o. Em 1988, coube a ele a honra de ter sido o primeiro artista nacional da CBS com um CD lan\u00e7ado no Brasil. A consagra\u00e7\u00e3o definitiva no mercado latino viria com o Grammy de Melhor Int\u00e9rprete de M\u00fasica Pop Latina, pelo sucesso &#8220;Se o amor se vai&#8221;.<\/p>\n<p>Nos anos 90 Roberto Carlos consolidou o sucesso com turn\u00eas nacionais e internacionais, lan\u00e7amentos em discos com recordes de venda e em 2001 Roberto Carlos deliciou seu p\u00fablico com a grava\u00e7\u00e3o de seu disco ac\u00fastico MTV. Roberto Carlos recebeu em 2002 do Presidente da Rep\u00fablica do Brasil, Fernando Henrique Cardoso, a mais importante ins\u00edgnia brasileira, a comenda Ordem do M\u00e9rito Cultural na classe de Gr\u00e3-Cruz.<\/p>\n<p>Em 2005, Roberto Carlos iniciou o Projeto Emo\u00e7\u00f5es em Alto Mar, um cruzeiro anual pela Costa Brasileira em um sofisticado transatl\u00e2ntico, onde o artista re\u00fane seus admiradores, amigos e jornalistas e se apresentada em show intimista todas as noites. Este cruzeiro se tornou refer\u00eancia em turismo n\u00e1utico diferenciado.<\/p>\n<p>Em 2009, na celebra\u00e7\u00e3o dos seus 50 anos de carreira realizou 50 shows em todo o pa\u00eds para uma plateia de mais de 700 mil pessoas. Foi homenageado em dois espet\u00e1culos especiais que se transformaram em especiais de TV, CD e DVD: Elas Cantam Roberto, com 20 das mais importantes cantoras brasileiras interpretando seus sucessos, e Emo\u00e7\u00f5es Sertanejas, com 18 artistas\/duplas expressivas da m\u00fasica sertaneja apresentando suas can\u00e7\u00f5es neste estilo musical. Estes dois espet\u00e1culos tiveram a renda beneficente. E ainda foi montada uma exposi\u00e7\u00e3o com a trajet\u00f3ria de sua carreira num dos mais destacados espa\u00e7os para arte na cidade de S\u00e3o Paulo, a OCA, no Parque do Ibirapuera. Mais de 100 mil pessoas tiveram acesso a pertences pessoais do artista (roupas, presentes, trof\u00e9us, pr\u00eamios, autom\u00f3veis e outros objetos pessoais) e a toda a obra musical, v\u00eddeos, retrospectiva de filmes em um formato altamente tecnol\u00f3gico e contempor\u00e2neo.<\/p>\n<p>O ano de 2010 tamb\u00e9m foi marcado pela turn\u00ea internacional de Roberto Carlos que passou por diversos pa\u00edses das Am\u00e9ricas como Estados Unidos, Canad\u00e1, M\u00e9xico, Col\u00f4mbia, Guatemala, Peru, entre outras. Em Nova York foi homenageado pela gravadora Sony Music e recebeu um pr\u00eamio por mais de 100 milh\u00f5es de produtos (discos, CDs, DVDs) vendidos em todo o mundo. Ainda realizou o show \u00fanico &#8220;Roberto Carlos S\u00f3 Para Mulheres&#8221; dia 21 de novembro no Pal\u00e1cio do Anhembi, em S\u00e3o Paulo, para uma plateia exclusivamente feminina. No final deste ano, o artista recebeu uma das maiores demonstra\u00e7\u00f5es de carinho no Rio de Janeiro: o tradicional especial de final de ano da Rede Globo foi transmitido da Praia de Copacabana, onde ele se apresentou para uma plateia de aproximadamente um milh\u00e3o de pessoas.<\/p>\n<p>Come\u00e7ou com a s\u00e9tima edi\u00e7\u00e3o do Projeto Emo\u00e7\u00f5es em Alto Mar, no navio Costa Serena, e em mar\u00e7o a homenagem da Escola de Samba Beija Flor com o enredo contando a trajet\u00f3ria do artista e se sagrou campe\u00e3 do Desfile da Escolas do Grupo Especial. No dia 07 de setembro, concretizou o grande desafio que foi o Projeto Emo\u00e7\u00f5es em Jerusal\u00e9m, show realizado no anfiteatro Sultan\u00b4s Pool em Jerusal\u00e9m, e que se transformou em especial para a Rede Globo com dire\u00e7\u00e3o de Jayme Monjardim. Em 2012, reafirmou seu sucesso no exterior, fazendo turn\u00ea com ingressos esgotados em diversas cidades. Foram 19 shows, passando por diversos pa\u00edses, como M\u00e9xico, Peru e pelos Estados Unidos. Acaba de finalizar duas m\u00fasicas in\u00e9ditas que fazem parte da trilha sonora da novela &#8220;Salve Jorge&#8221;, de Gl\u00f3ria Perez: &#8220;Esse Cara Sou Eu&#8221; e &#8220;Furd\u00fancio&#8221;, lan\u00e7adas num Extend Play (EP) com quatro faixas, que comprovam o sucesso de Roberto, ultrapassando a marca de 2 milh\u00f5es de c\u00f3pias vendidas.<\/p>\n<p>Ele acaba de receber em 2014 uma homenagem pelos 12 milh\u00f5es de discos vendidos no M\u00e9xico, em toda a sua carreira e pelo primeiro lugar em 15 pa\u00edses com o EP &#8220;Esse tipo soy yo&#8221; pela Sony\/ Itunes, al\u00e9m de ter gravado um DVD em Las Vegas, que ser\u00e1 lan\u00e7ado no natal deste ano. Ele percorreu ao todo quatro pa\u00edses: Equador, M\u00e9xico, Estados Unidos e Canad\u00e1. Os shows aconteceram em Guayaquil, Quito, Cidade do M\u00e9xico, Veracruz, Guadalajara, Monterrey, Queretano, Puebla, M\u00e9rida, Las Vegas, San Diego, Los Angeles, San Jos\u00e9, McAllen, Miami, Chicago, Toronto, Nova York e Boston. Somando um total de p\u00fablico de 127.656 pessoas que assistiram a \u00faltima turn\u00ea internacional do Rei, que teve in\u00edcio no dia 24\/07, no Equador e terminou em Boston no dia 4 de outubro.<\/p>\n<p>Esta superprodu\u00e7\u00e3o exigiu log\u00edstica para levar 90 toneladas de equipamentos em 4 carretas de 20 metros de comprimento. 10 toneladas de backline foram transportadas via a\u00e9rea do Brasil, incluindo equipamentos particulares do RC e de seus m\u00fasicos. 14.743 km foram percorridos at\u00e9 o \u00faltimo show da turn\u00ea, sendo 4.343 km somente no interior do M\u00e9xico.O jato particular do RC percorreu 16 horas e 45 minutos, sendo 11 horas somente no deslocamento no interior do M\u00e9xico entre as cidades da turn\u00ea. 40 brasileiros fizeram parte do staff: t\u00e9cnica, m\u00fasicos do RC, somando com outros 20 profissionais de produ\u00e7\u00e3o do M\u00e9xico, que viajam para todos os shows, al\u00e9m de 150 pessoas em cada cidade (cen\u00e1rio, seguran\u00e7a e produ\u00e7\u00e3o)<\/p>\n<p><strong>PR\u00caMIOS RECEBIDOS<\/strong><\/p>\n<p>&#8211; Festival de San Remo (1968);<\/p>\n<p>&#8211; 03 Grammy&#8217;s;<\/p>\n<p>&#8211; 01 Grammy INTERNACIONAL em 1989 como melhor cantor;<\/p>\n<p>&#8211; 01 Grammy Latino em 2005 como melhor \u00e1lbum de musica rom\u00e2ntica (\u00c1lbum Pra Sempre AO VIVO &#8211; Gravado no Pacaembu);<\/p>\n<p>&#8211; 01 Grammy Latino em 2006 como melhor \u00e1lbum de m\u00fasica rom\u00e2ntica (\u00c1lbum &#8220;Roberto Carlos&#8221; 2005);<\/p>\n<p>&#8211; Lifetime Achivement Award (1991 &#8211; concedido aos artistas que por mais tempo t\u00eam permanecido no topo do sucesso);<\/p>\n<p>&#8211; Latin Music Awards 2006 com a m\u00fasica Detalhes e No Te Apartes de Mi;<\/p>\n<p>&#8211; 15 Trof\u00e9us Imprensa;<\/p>\n<p>&#8211; Pr\u00eamio Sharp;<\/p>\n<p>&#8211; Pr\u00eamio Shell;<\/p>\n<p>&#8211; Pr\u00eamio Multishow de melhor cantor (2002);<\/p>\n<p>&#8211; Marcas de Confian\u00e7a da Readers Digest de melhor cantor (2005 e 2006);<\/p>\n<p>&#8211; Pr\u00eamio Tim de 2003 e 2006 para citar apenas alguns dos pr\u00eamios recebidos.<\/p>\n<p><strong>Servi\u00e7o<\/strong><\/p>\n<p>O qu\u00ea: Show Roberto Carlos em S\u00c3O LU\u00cdS\/MA<\/p>\n<p>Onde: Estacionamento do S\u00e3o Lu\u00eds Shopping<\/p>\n<p>Quando: 12 de junho, Dia dos Namorados<\/p>\n<p>Abertura dos Port\u00f5es: 19h30<\/p>\n<p>Classifica\u00e7\u00e3o: 16 anos<\/p>\n<p>Ponto de venda: 4M\u00e3os Store (S\u00e3o Lu\u00eds Shopping), Loja Degraus (Rio Anil Shopping e Shopping da Ilha) e Bilheteria Digital (Rio Anil Shopping, Rio Poty Hotel e Shopping da Ilha).<\/p>\n<p><strong>VENDAS ON LINE:<\/strong><\/p>\n<p><a href=\"http:\/\/www.myticket.com.br\">www.myticket.com.br<\/a>.<\/p>\n<p>Informa\u00e7\u00f5es: (98) 3016-6663 \/ @4MAOS<\/p>\n<p>Realiza\u00e7\u00e3o: 4M\u00e3os, DC7, Multi Entretenimento e Solo Muisc<\/p>\n<p>** Meia entrada v\u00e1lida para estudantes e idosos acima de 60 anos &#8211; somente no setor Branco<\/p>\n<p>Ser\u00e1 exigida a carteira de estudantes na entrada com o pagamento da \u00faltima mensalidade e , do idoso, a Carteira de Identidade.<\/p>\n<p>No ingresso do estudante dever\u00e1 constar: ESTUDANTE<\/p>\n<p>No ingresso de idoso dever\u00e1 constar: IDOSO<\/p>\n<p>Em todos os ingressos favor constar o port\u00e3o de entrada &#8211; e importante pois iremos fazer uma sinaliza\u00e7\u00e3o especial<\/p>\n<p>ATEN\u00c7\u00c3O, CLIENTES PORTADORES DE NECESSIDADES ESPECIAIS QUE UTILIZAM CADEIRAS DE RODAS DEVEM ADQUIRIR OS INGRESSOS PR\u00d3PRIOS PARA ELES, E DEVER\u00c3O SE INSTALAR NAS \u00c1REAS RESERVADAS DE CADA SETOR.<\/p>\n","protected":false},"excerpt":{"rendered":"<p>O mito, a voz, o carisma, o amor e toda emo\u00e7\u00e3o de Roberto Carlos, que se apresenta em junho, dia [&hellip;]<\/p>\n","protected":false},"author":0,"featured_media":0,"comment_status":"open","ping_status":"open","sticky":false,"template":"","format":"standard","meta":{"site-sidebar-layout":"default","site-content-layout":"","ast-site-content-layout":"default","site-content-style":"default","site-sidebar-style":"default","ast-global-header-display":"","ast-banner-title-visibility":"","ast-main-header-display":"","ast-hfb-above-header-display":"","ast-hfb-below-header-display":"","ast-hfb-mobile-header-display":"","site-post-title":"","ast-breadcrumbs-content":"","ast-featured-img":"","footer-sml-layout":"","ast-disable-related-posts":"","theme-transparent-header-meta":"","adv-header-id-meta":"","stick-header-meta":"","header-above-stick-meta":"","header-main-stick-meta":"","header-below-stick-meta":"","astra-migrate-meta-layouts":"default","ast-page-background-enabled":"default","ast-page-background-meta":{"desktop":{"background-color":"var(--ast-global-color-5)","background-image":"","background-repeat":"repeat","background-position":"center center","background-size":"auto","background-attachment":"scroll","background-type":"","background-media":"","overlay-type":"","overlay-color":"","overlay-opacity":"","overlay-gradient":""},"tablet":{"background-color":"","background-image":"","background-repeat":"repeat","background-position":"center center","background-size":"auto","background-attachment":"scroll","background-type":"","background-media":"","overlay-type":"","overlay-color":"","overlay-opacity":"","overlay-gradient":""},"mobile":{"background-color":"","background-image":"","background-repeat":"repeat","background-position":"center center","background-size":"auto","background-attachment":"scroll","background-type":"","background-media":"","overlay-type":"","overlay-color":"","overlay-opacity":"","overlay-gradient":""}},"ast-content-background-meta":{"desktop":{"background-color":"var(--ast-global-color-4)","background-image":"","background-repeat":"repeat","background-position":"center center","background-size":"auto","background-attachment":"scroll","background-type":"","background-media":"","overlay-type":"","overlay-color":"","overlay-opacity":"","overlay-gradient":""},"tablet":{"background-color":"var(--ast-global-color-4)","background-image":"","background-repeat":"repeat","background-position":"center center","background-size":"auto","background-attachment":"scroll","background-type":"","background-media":"","overlay-type":"","overlay-color":"","overlay-opacity":"","overlay-gradient":""},"mobile":{"background-color":"var(--ast-global-color-4)","background-image":"","background-repeat":"repeat","background-position":"center center","background-size":"auto","background-attachment":"scroll","background-type":"","background-media":"","overlay-type":"","overlay-color":"","overlay-opacity":"","overlay-gradient":""}},"footnotes":""},"categories":[1],"tags":[],"class_list":["post-50119","post","type-post","status-publish","format-standard","hentry","category-sem-categoria"],"yoast_head":"<!-- This site is optimized with the Yoast SEO plugin v26.6 - https:\/\/yoast.com\/wordpress\/plugins\/seo\/ -->\n<title>Roberto Carlos faz show em S\u00e3o Lu\u00eds no Dia dos Namorados - Daniel Matos<\/title>\n<meta name=\"robots\" content=\"index, follow, max-snippet:-1, max-image-preview:large, max-video-preview:-1\" \/>\n<link rel=\"canonical\" href=\"https:\/\/www.blogsoestado.com\/danielmatos\/roberto-carlos-faz-show-em-sao-luis-no-dia-dos-namorados\/\" \/>\n<meta property=\"og:locale\" content=\"pt_BR\" \/>\n<meta property=\"og:type\" content=\"article\" \/>\n<meta property=\"og:title\" content=\"Roberto Carlos faz show em S\u00e3o Lu\u00eds no Dia dos Namorados - Daniel Matos\" \/>\n<meta property=\"og:description\" content=\"O mito, a voz, o carisma, o amor e toda emo\u00e7\u00e3o de Roberto Carlos, que se apresenta em junho, dia [&hellip;]\" \/>\n<meta property=\"og:url\" content=\"https:\/\/www.blogsoestado.com\/danielmatos\/roberto-carlos-faz-show-em-sao-luis-no-dia-dos-namorados\/\" \/>\n<meta property=\"og:site_name\" content=\"Daniel Matos\" \/>\n<meta property=\"article:published_time\" content=\"2018-04-07T10:00:20+00:00\" \/>\n<meta property=\"og:image\" content=\"https:\/\/www.blogsoestado.com\/danielmatos\/files\/2018\/04\/robertocarlos.jpg\" \/>\n<meta name=\"twitter:card\" content=\"summary_large_image\" \/>\n<meta name=\"twitter:label1\" content=\"Est. tempo de leitura\" \/>\n\t<meta name=\"twitter:data1\" content=\"13 minutos\" \/>\n<script type=\"application\/ld+json\" class=\"yoast-schema-graph\">{\"@context\":\"https:\/\/schema.org\",\"@graph\":[{\"@type\":\"WebPage\",\"@id\":\"https:\/\/www.blogsoestado.com\/danielmatos\/roberto-carlos-faz-show-em-sao-luis-no-dia-dos-namorados\/\",\"url\":\"https:\/\/www.blogsoestado.com\/danielmatos\/roberto-carlos-faz-show-em-sao-luis-no-dia-dos-namorados\/\",\"name\":\"Roberto Carlos faz show em S\u00e3o Lu\u00eds no Dia dos Namorados - Daniel Matos\",\"isPartOf\":{\"@id\":\"https:\/\/www.blogsoestado.com\/danielmatos\/#website\"},\"primaryImageOfPage\":{\"@id\":\"https:\/\/www.blogsoestado.com\/danielmatos\/roberto-carlos-faz-show-em-sao-luis-no-dia-dos-namorados\/#primaryimage\"},\"image\":{\"@id\":\"https:\/\/www.blogsoestado.com\/danielmatos\/roberto-carlos-faz-show-em-sao-luis-no-dia-dos-namorados\/#primaryimage\"},\"thumbnailUrl\":\"https:\/\/www.blogsoestado.com\/danielmatos\/files\/2018\/04\/robertocarlos.jpg\",\"datePublished\":\"2018-04-07T10:00:20+00:00\",\"author\":{\"@id\":\"\"},\"breadcrumb\":{\"@id\":\"https:\/\/www.blogsoestado.com\/danielmatos\/roberto-carlos-faz-show-em-sao-luis-no-dia-dos-namorados\/#breadcrumb\"},\"inLanguage\":\"pt-BR\",\"potentialAction\":[{\"@type\":\"ReadAction\",\"target\":[\"https:\/\/www.blogsoestado.com\/danielmatos\/roberto-carlos-faz-show-em-sao-luis-no-dia-dos-namorados\/\"]}]},{\"@type\":\"ImageObject\",\"inLanguage\":\"pt-BR\",\"@id\":\"https:\/\/www.blogsoestado.com\/danielmatos\/roberto-carlos-faz-show-em-sao-luis-no-dia-dos-namorados\/#primaryimage\",\"url\":\"https:\/\/www.blogsoestado.com\/danielmatos\/files\/2018\/04\/robertocarlos.jpg\",\"contentUrl\":\"https:\/\/www.blogsoestado.com\/danielmatos\/files\/2018\/04\/robertocarlos.jpg\"},{\"@type\":\"BreadcrumbList\",\"@id\":\"https:\/\/www.blogsoestado.com\/danielmatos\/roberto-carlos-faz-show-em-sao-luis-no-dia-dos-namorados\/#breadcrumb\",\"itemListElement\":[{\"@type\":\"ListItem\",\"position\":1,\"name\":\"In\u00edcio\",\"item\":\"https:\/\/www.blogsoestado.com\/danielmatos\/\"},{\"@type\":\"ListItem\",\"position\":2,\"name\":\"Roberto Carlos faz show em S\u00e3o Lu\u00eds no Dia dos Namorados\"}]},{\"@type\":\"WebSite\",\"@id\":\"https:\/\/www.blogsoestado.com\/danielmatos\/#website\",\"url\":\"https:\/\/www.blogsoestado.com\/danielmatos\/\",\"name\":\"Daniel Matos\",\"description\":\"\",\"potentialAction\":[{\"@type\":\"SearchAction\",\"target\":{\"@type\":\"EntryPoint\",\"urlTemplate\":\"https:\/\/www.blogsoestado.com\/danielmatos\/?s={search_term_string}\"},\"query-input\":{\"@type\":\"PropertyValueSpecification\",\"valueRequired\":true,\"valueName\":\"search_term_string\"}}],\"inLanguage\":\"pt-BR\"}]}<\/script>\n<!-- \/ Yoast SEO plugin. -->","yoast_head_json":{"title":"Roberto Carlos faz show em S\u00e3o Lu\u00eds no Dia dos Namorados - Daniel Matos","robots":{"index":"index","follow":"follow","max-snippet":"max-snippet:-1","max-image-preview":"max-image-preview:large","max-video-preview":"max-video-preview:-1"},"canonical":"https:\/\/www.blogsoestado.com\/danielmatos\/roberto-carlos-faz-show-em-sao-luis-no-dia-dos-namorados\/","og_locale":"pt_BR","og_type":"article","og_title":"Roberto Carlos faz show em S\u00e3o Lu\u00eds no Dia dos Namorados - Daniel Matos","og_description":"O mito, a voz, o carisma, o amor e toda emo\u00e7\u00e3o de Roberto Carlos, que se apresenta em junho, dia [&hellip;]","og_url":"https:\/\/www.blogsoestado.com\/danielmatos\/roberto-carlos-faz-show-em-sao-luis-no-dia-dos-namorados\/","og_site_name":"Daniel Matos","article_published_time":"2018-04-07T10:00:20+00:00","og_image":[{"url":"https:\/\/www.blogsoestado.com\/danielmatos\/files\/2018\/04\/robertocarlos.jpg","type":"","width":"","height":""}],"twitter_card":"summary_large_image","twitter_misc":{"Est. tempo de leitura":"13 minutos"},"schema":{"@context":"https:\/\/schema.org","@graph":[{"@type":"WebPage","@id":"https:\/\/www.blogsoestado.com\/danielmatos\/roberto-carlos-faz-show-em-sao-luis-no-dia-dos-namorados\/","url":"https:\/\/www.blogsoestado.com\/danielmatos\/roberto-carlos-faz-show-em-sao-luis-no-dia-dos-namorados\/","name":"Roberto Carlos faz show em S\u00e3o Lu\u00eds no Dia dos Namorados - Daniel Matos","isPartOf":{"@id":"https:\/\/www.blogsoestado.com\/danielmatos\/#website"},"primaryImageOfPage":{"@id":"https:\/\/www.blogsoestado.com\/danielmatos\/roberto-carlos-faz-show-em-sao-luis-no-dia-dos-namorados\/#primaryimage"},"image":{"@id":"https:\/\/www.blogsoestado.com\/danielmatos\/roberto-carlos-faz-show-em-sao-luis-no-dia-dos-namorados\/#primaryimage"},"thumbnailUrl":"https:\/\/www.blogsoestado.com\/danielmatos\/files\/2018\/04\/robertocarlos.jpg","datePublished":"2018-04-07T10:00:20+00:00","author":{"@id":""},"breadcrumb":{"@id":"https:\/\/www.blogsoestado.com\/danielmatos\/roberto-carlos-faz-show-em-sao-luis-no-dia-dos-namorados\/#breadcrumb"},"inLanguage":"pt-BR","potentialAction":[{"@type":"ReadAction","target":["https:\/\/www.blogsoestado.com\/danielmatos\/roberto-carlos-faz-show-em-sao-luis-no-dia-dos-namorados\/"]}]},{"@type":"ImageObject","inLanguage":"pt-BR","@id":"https:\/\/www.blogsoestado.com\/danielmatos\/roberto-carlos-faz-show-em-sao-luis-no-dia-dos-namorados\/#primaryimage","url":"https:\/\/www.blogsoestado.com\/danielmatos\/files\/2018\/04\/robertocarlos.jpg","contentUrl":"https:\/\/www.blogsoestado.com\/danielmatos\/files\/2018\/04\/robertocarlos.jpg"},{"@type":"BreadcrumbList","@id":"https:\/\/www.blogsoestado.com\/danielmatos\/roberto-carlos-faz-show-em-sao-luis-no-dia-dos-namorados\/#breadcrumb","itemListElement":[{"@type":"ListItem","position":1,"name":"In\u00edcio","item":"https:\/\/www.blogsoestado.com\/danielmatos\/"},{"@type":"ListItem","position":2,"name":"Roberto Carlos faz show em S\u00e3o Lu\u00eds no Dia dos Namorados"}]},{"@type":"WebSite","@id":"https:\/\/www.blogsoestado.com\/danielmatos\/#website","url":"https:\/\/www.blogsoestado.com\/danielmatos\/","name":"Daniel Matos","description":"","potentialAction":[{"@type":"SearchAction","target":{"@type":"EntryPoint","urlTemplate":"https:\/\/www.blogsoestado.com\/danielmatos\/?s={search_term_string}"},"query-input":{"@type":"PropertyValueSpecification","valueRequired":true,"valueName":"search_term_string"}}],"inLanguage":"pt-BR"}]}},"jetpack_featured_media_url":"","_links":{"self":[{"href":"https:\/\/www.blogsoestado.com\/danielmatos\/wp-json\/wp\/v2\/posts\/50119","targetHints":{"allow":["GET"]}}],"collection":[{"href":"https:\/\/www.blogsoestado.com\/danielmatos\/wp-json\/wp\/v2\/posts"}],"about":[{"href":"https:\/\/www.blogsoestado.com\/danielmatos\/wp-json\/wp\/v2\/types\/post"}],"replies":[{"embeddable":true,"href":"https:\/\/www.blogsoestado.com\/danielmatos\/wp-json\/wp\/v2\/comments?post=50119"}],"version-history":[{"count":0,"href":"https:\/\/www.blogsoestado.com\/danielmatos\/wp-json\/wp\/v2\/posts\/50119\/revisions"}],"wp:attachment":[{"href":"https:\/\/www.blogsoestado.com\/danielmatos\/wp-json\/wp\/v2\/media?parent=50119"}],"wp:term":[{"taxonomy":"category","embeddable":true,"href":"https:\/\/www.blogsoestado.com\/danielmatos\/wp-json\/wp\/v2\/categories?post=50119"},{"taxonomy":"post_tag","embeddable":true,"href":"https:\/\/www.blogsoestado.com\/danielmatos\/wp-json\/wp\/v2\/tags?post=50119"}],"curies":[{"name":"wp","href":"https:\/\/api.w.org\/{rel}","templated":true}]}}