{"id":50134,"date":"2018-04-05T14:05:45","date_gmt":"2018-04-05T17:05:45","guid":{"rendered":"https:\/\/www.blogsoestado.com\/danielmatos\/?p=50134"},"modified":"2018-04-05T14:05:45","modified_gmt":"2018-04-05T17:05:45","slug":"adiada-votacao-de-projeto-de-lei-que-regulamenta-o-uber-em-sao-luis","status":"publish","type":"post","link":"https:\/\/www.blogsoestado.com\/danielmatos\/adiada-votacao-de-projeto-de-lei-que-regulamenta-o-uber-em-sao-luis\/","title":{"rendered":"Adiada vota\u00e7\u00e3o de projeto de lei que regulamenta o Uber em S\u00e3o Lu\u00eds"},"content":{"rendered":"<figure id=\"attachment_50135\" aria-describedby=\"caption-attachment-50135\" style=\"width: 448px\" class=\"wp-caption alignleft\"><img fetchpriority=\"high\" decoding=\"async\" class=\"wp-image-50135 size-full\" src=\"https:\/\/www.blogsoestado.com\/danielmatos\/files\/2018\/04\/paulo-victor-uber.jpg\" alt=\"\" width=\"448\" height=\"297\" \/><figcaption id=\"caption-attachment-50135\" class=\"wp-caption-text\">Vereador Paulo Victor ter\u00e1 seu projeto sobre o Uber votado na pr\u00f3xima semana<\/figcaption><\/figure>\n<p>Durante a sess\u00e3o desta quarta-feira, 04, da C\u00e2mara Municipal, os vereadores decidiram adiar a vota\u00e7\u00e3o que analisa o texto do projeto de lei que define uma regulamenta\u00e7\u00e3o para o funcionamento do aplicativo Uber em S\u00e3o Lu\u00eds. A aprecia\u00e7\u00e3o das mat\u00e9ria ficou, ent\u00e3o, para a pr\u00f3xima semana.<\/p>\n<p>O projeto de lei, de autoria do vereador Paulo Victor (PROS), sofreu algumas altera\u00e7\u00f5es por parte da Comiss\u00e3o de Mobilidade Urbana do Legislativo Ludovicense, que ser\u00e3o apreciadas pelo plen\u00e1rio em forma de emendas. Uma delas determina que a empresa multinacional norte-americana, dona do aplicativo, pague ao munic\u00edpio de S\u00e3o Lu\u00eds o ISS.<\/p>\n<p>O autor da proposi\u00e7\u00e3o, Paulo Victor, enfatizou a import\u00e2ncia de realizar a vota\u00e7\u00e3o do projeto. \u201cO projeto tem que ser analisado nesta casa. Tenho certeza que irei derrubar todas as emendas apresentadas pelos colegas parlamentares\u201d, disse ele.<\/p>\n<p>J\u00e1 o presidente da C\u00e2mara Municipal, vereador Astro de Ogum (PR), afirmou que o projeto tem que atender todos os requisitos legais para que a popula\u00e7\u00e3o n\u00e3o seja prejudicada. \u201cResolvemos adiar para a pr\u00f3xima semana o projeto de lei que regulamenta o Uber em S\u00e3o Lu\u00eds. A nossa preocupa\u00e7\u00e3o \u00e9 que a popula\u00e7\u00e3o n\u00e3o saia prejudicada\u201d, disse.<\/p>\n<p><strong>UBER EM S\u00c3O LU\u00cdS<\/strong><\/p>\n<p>No dia 30 de agosto do ano passado, o Tribunal de Justi\u00e7a do Maranh\u00e3o suspendeu o efeito da Lei Municipal n\u00ba 429\/2016, que inviabilizava o uso do aplicativo Uber em S\u00e3o Lu\u00eds. A decis\u00e3o foi tomada pelo desembargador Marcelo Carvalho, atendendo a uma manifesta\u00e7\u00e3o, na semana passada, da Procuradoria-Geral da Justi\u00e7a do Maranh\u00e3o (PGR-MA).<\/p>\n<p>O desembargador, em seu despacho, destacou que proibir os servi\u00e7os que partem do uso do aplicativo n\u00e3o \u00e9 saud\u00e1vel ao mercado.<\/p>\n<p>\u201cEntendo que a proibi\u00e7\u00e3o do exerc\u00edcio de atividade de transporte individual de passageiros, plenamente amparado pelo ordenamento jur\u00eddico, impedindo a livre iniciativa, a efetiva concorr\u00eancia e a liberdade de escolha dos consumidores, evidencia iminente preju\u00edzo para estes e para os motoristas particulares que recebem o efeito negativo da norma impugnada, garantindo, por via transversa e ileg\u00edtima, o monop\u00f3lio do servi\u00e7o em quest\u00e3o aos taxistas\u201d, diz o despacho.<\/p>\n<p>No dia 22 de agosto, a PGR do Maranh\u00e3o entrou com uma A\u00e7\u00e3o Direta de Inconstitucionalidade contra a lei que pro\u00edbe o uso do Uber. A ADIN foi proposta pelo procurador geral Luiz Gonzaga Martins Coelho.<\/p>\n<p>A lei municipal que proibia o Uber em S\u00e3o Lu\u00eds foi promulgada no dia 26 de abril deste ano. A proposta foi da ex-vereadora Luciana Mendes. O projeto havia sido aprovado em 2016, mas n\u00e3o foi sancionado pelo prefeito Edivaldo Holanda Junior (PDT). Por conta disso, a mat\u00e9ria retornou a para a C\u00e2mara Municipal para que os procedimentos legais fossem adotados.<\/p>\n","protected":false},"excerpt":{"rendered":"<p>Durante a sess\u00e3o desta quarta-feira, 04, da C\u00e2mara Municipal, os vereadores decidiram adiar a vota\u00e7\u00e3o que analisa o texto do [&hellip;]<\/p>\n","protected":false},"author":0,"featured_media":0,"comment_status":"open","ping_status":"open","sticky":false,"template":"","format":"standard","meta":{"site-sidebar-layout":"default","site-content-layout":"","ast-site-content-layout":"default","site-content-style":"default","site-sidebar-style":"default","ast-global-header-display":"","ast-banner-title-visibility":"","ast-main-header-display":"","ast-hfb-above-header-display":"","ast-hfb-below-header-display":"","ast-hfb-mobile-header-display":"","site-post-title":"","ast-breadcrumbs-content":"","ast-featured-img":"","footer-sml-layout":"","ast-disable-related-posts":"","theme-transparent-header-meta":"","adv-header-id-meta":"","stick-header-meta":"","header-above-stick-meta":"","header-main-stick-meta":"","header-below-stick-meta":"","astra-migrate-meta-layouts":"default","ast-page-background-enabled":"default","ast-page-background-meta":{"desktop":{"background-color":"var(--ast-global-color-5)","background-image":"","background-repeat":"repeat","background-position":"center center","background-size":"auto","background-attachment":"scroll","background-type":"","background-media":"","overlay-type":"","overlay-color":"","overlay-opacity":"","overlay-gradient":""},"tablet":{"background-color":"","background-image":"","background-repeat":"repeat","background-position":"center center","background-size":"auto","background-attachment":"scroll","background-type":"","background-media":"","overlay-type":"","overlay-color":"","overlay-opacity":"","overlay-gradient":""},"mobile":{"background-color":"","background-image":"","background-repeat":"repeat","background-position":"center center","background-size":"auto","background-attachment":"scroll","background-type":"","background-media":"","overlay-type":"","overlay-color":"","overlay-opacity":"","overlay-gradient":""}},"ast-content-background-meta":{"desktop":{"background-color":"var(--ast-global-color-4)","background-image":"","background-repeat":"repeat","background-position":"center center","background-size":"auto","background-attachment":"scroll","background-type":"","background-media":"","overlay-type":"","overlay-color":"","overlay-opacity":"","overlay-gradient":""},"tablet":{"background-color":"var(--ast-global-color-4)","background-image":"","background-repeat":"repeat","background-position":"center center","background-size":"auto","background-attachment":"scroll","background-type":"","background-media":"","overlay-type":"","overlay-color":"","overlay-opacity":"","overlay-gradient":""},"mobile":{"background-color":"var(--ast-global-color-4)","background-image":"","background-repeat":"repeat","background-position":"center center","background-size":"auto","background-attachment":"scroll","background-type":"","background-media":"","overlay-type":"","overlay-color":"","overlay-opacity":"","overlay-gradient":""}},"footnotes":""},"categories":[1],"tags":[],"class_list":["post-50134","post","type-post","status-publish","format-standard","hentry","category-sem-categoria"],"yoast_head":"<!-- This site is optimized with the Yoast SEO plugin v26.6 - https:\/\/yoast.com\/wordpress\/plugins\/seo\/ -->\n<title>Adiada vota\u00e7\u00e3o de projeto de lei que regulamenta o Uber em S\u00e3o Lu\u00eds - Daniel Matos<\/title>\n<meta name=\"robots\" content=\"index, follow, max-snippet:-1, max-image-preview:large, max-video-preview:-1\" \/>\n<link rel=\"canonical\" href=\"https:\/\/www.blogsoestado.com\/danielmatos\/adiada-votacao-de-projeto-de-lei-que-regulamenta-o-uber-em-sao-luis\/\" \/>\n<meta property=\"og:locale\" content=\"pt_BR\" \/>\n<meta property=\"og:type\" content=\"article\" \/>\n<meta property=\"og:title\" content=\"Adiada vota\u00e7\u00e3o de projeto de lei que regulamenta o Uber em S\u00e3o Lu\u00eds - Daniel Matos\" \/>\n<meta property=\"og:description\" content=\"Durante a sess\u00e3o desta quarta-feira, 04, da C\u00e2mara Municipal, os vereadores decidiram adiar a vota\u00e7\u00e3o que analisa o texto do [&hellip;]\" \/>\n<meta property=\"og:url\" content=\"https:\/\/www.blogsoestado.com\/danielmatos\/adiada-votacao-de-projeto-de-lei-que-regulamenta-o-uber-em-sao-luis\/\" \/>\n<meta property=\"og:site_name\" content=\"Daniel Matos\" \/>\n<meta property=\"article:published_time\" content=\"2018-04-05T17:05:45+00:00\" \/>\n<meta property=\"og:image\" content=\"https:\/\/www.blogsoestado.com\/danielmatos\/files\/2018\/04\/paulo-victor-uber.jpg\" \/>\n<meta name=\"twitter:card\" content=\"summary_large_image\" \/>\n<meta name=\"twitter:label1\" content=\"Est. tempo de leitura\" \/>\n\t<meta name=\"twitter:data1\" content=\"3 minutos\" \/>\n<script type=\"application\/ld+json\" class=\"yoast-schema-graph\">{\"@context\":\"https:\/\/schema.org\",\"@graph\":[{\"@type\":\"WebPage\",\"@id\":\"https:\/\/www.blogsoestado.com\/danielmatos\/adiada-votacao-de-projeto-de-lei-que-regulamenta-o-uber-em-sao-luis\/\",\"url\":\"https:\/\/www.blogsoestado.com\/danielmatos\/adiada-votacao-de-projeto-de-lei-que-regulamenta-o-uber-em-sao-luis\/\",\"name\":\"Adiada vota\u00e7\u00e3o de projeto de lei que regulamenta o Uber em S\u00e3o Lu\u00eds - Daniel Matos\",\"isPartOf\":{\"@id\":\"https:\/\/www.blogsoestado.com\/danielmatos\/#website\"},\"primaryImageOfPage\":{\"@id\":\"https:\/\/www.blogsoestado.com\/danielmatos\/adiada-votacao-de-projeto-de-lei-que-regulamenta-o-uber-em-sao-luis\/#primaryimage\"},\"image\":{\"@id\":\"https:\/\/www.blogsoestado.com\/danielmatos\/adiada-votacao-de-projeto-de-lei-que-regulamenta-o-uber-em-sao-luis\/#primaryimage\"},\"thumbnailUrl\":\"https:\/\/www.blogsoestado.com\/danielmatos\/files\/2018\/04\/paulo-victor-uber.jpg\",\"datePublished\":\"2018-04-05T17:05:45+00:00\",\"author\":{\"@id\":\"\"},\"breadcrumb\":{\"@id\":\"https:\/\/www.blogsoestado.com\/danielmatos\/adiada-votacao-de-projeto-de-lei-que-regulamenta-o-uber-em-sao-luis\/#breadcrumb\"},\"inLanguage\":\"pt-BR\",\"potentialAction\":[{\"@type\":\"ReadAction\",\"target\":[\"https:\/\/www.blogsoestado.com\/danielmatos\/adiada-votacao-de-projeto-de-lei-que-regulamenta-o-uber-em-sao-luis\/\"]}]},{\"@type\":\"ImageObject\",\"inLanguage\":\"pt-BR\",\"@id\":\"https:\/\/www.blogsoestado.com\/danielmatos\/adiada-votacao-de-projeto-de-lei-que-regulamenta-o-uber-em-sao-luis\/#primaryimage\",\"url\":\"https:\/\/www.blogsoestado.com\/danielmatos\/files\/2018\/04\/paulo-victor-uber.jpg\",\"contentUrl\":\"https:\/\/www.blogsoestado.com\/danielmatos\/files\/2018\/04\/paulo-victor-uber.jpg\"},{\"@type\":\"BreadcrumbList\",\"@id\":\"https:\/\/www.blogsoestado.com\/danielmatos\/adiada-votacao-de-projeto-de-lei-que-regulamenta-o-uber-em-sao-luis\/#breadcrumb\",\"itemListElement\":[{\"@type\":\"ListItem\",\"position\":1,\"name\":\"In\u00edcio\",\"item\":\"https:\/\/www.blogsoestado.com\/danielmatos\/\"},{\"@type\":\"ListItem\",\"position\":2,\"name\":\"Adiada vota\u00e7\u00e3o de projeto de lei que regulamenta o Uber em S\u00e3o Lu\u00eds\"}]},{\"@type\":\"WebSite\",\"@id\":\"https:\/\/www.blogsoestado.com\/danielmatos\/#website\",\"url\":\"https:\/\/www.blogsoestado.com\/danielmatos\/\",\"name\":\"Daniel Matos\",\"description\":\"\",\"potentialAction\":[{\"@type\":\"SearchAction\",\"target\":{\"@type\":\"EntryPoint\",\"urlTemplate\":\"https:\/\/www.blogsoestado.com\/danielmatos\/?s={search_term_string}\"},\"query-input\":{\"@type\":\"PropertyValueSpecification\",\"valueRequired\":true,\"valueName\":\"search_term_string\"}}],\"inLanguage\":\"pt-BR\"}]}<\/script>\n<!-- \/ Yoast SEO plugin. -->","yoast_head_json":{"title":"Adiada vota\u00e7\u00e3o de projeto de lei que regulamenta o Uber em S\u00e3o Lu\u00eds - Daniel Matos","robots":{"index":"index","follow":"follow","max-snippet":"max-snippet:-1","max-image-preview":"max-image-preview:large","max-video-preview":"max-video-preview:-1"},"canonical":"https:\/\/www.blogsoestado.com\/danielmatos\/adiada-votacao-de-projeto-de-lei-que-regulamenta-o-uber-em-sao-luis\/","og_locale":"pt_BR","og_type":"article","og_title":"Adiada vota\u00e7\u00e3o de projeto de lei que regulamenta o Uber em S\u00e3o Lu\u00eds - Daniel Matos","og_description":"Durante a sess\u00e3o desta quarta-feira, 04, da C\u00e2mara Municipal, os vereadores decidiram adiar a vota\u00e7\u00e3o que analisa o texto do [&hellip;]","og_url":"https:\/\/www.blogsoestado.com\/danielmatos\/adiada-votacao-de-projeto-de-lei-que-regulamenta-o-uber-em-sao-luis\/","og_site_name":"Daniel Matos","article_published_time":"2018-04-05T17:05:45+00:00","og_image":[{"url":"https:\/\/www.blogsoestado.com\/danielmatos\/files\/2018\/04\/paulo-victor-uber.jpg","type":"","width":"","height":""}],"twitter_card":"summary_large_image","twitter_misc":{"Est. tempo de leitura":"3 minutos"},"schema":{"@context":"https:\/\/schema.org","@graph":[{"@type":"WebPage","@id":"https:\/\/www.blogsoestado.com\/danielmatos\/adiada-votacao-de-projeto-de-lei-que-regulamenta-o-uber-em-sao-luis\/","url":"https:\/\/www.blogsoestado.com\/danielmatos\/adiada-votacao-de-projeto-de-lei-que-regulamenta-o-uber-em-sao-luis\/","name":"Adiada vota\u00e7\u00e3o de projeto de lei que regulamenta o Uber em S\u00e3o Lu\u00eds - Daniel Matos","isPartOf":{"@id":"https:\/\/www.blogsoestado.com\/danielmatos\/#website"},"primaryImageOfPage":{"@id":"https:\/\/www.blogsoestado.com\/danielmatos\/adiada-votacao-de-projeto-de-lei-que-regulamenta-o-uber-em-sao-luis\/#primaryimage"},"image":{"@id":"https:\/\/www.blogsoestado.com\/danielmatos\/adiada-votacao-de-projeto-de-lei-que-regulamenta-o-uber-em-sao-luis\/#primaryimage"},"thumbnailUrl":"https:\/\/www.blogsoestado.com\/danielmatos\/files\/2018\/04\/paulo-victor-uber.jpg","datePublished":"2018-04-05T17:05:45+00:00","author":{"@id":""},"breadcrumb":{"@id":"https:\/\/www.blogsoestado.com\/danielmatos\/adiada-votacao-de-projeto-de-lei-que-regulamenta-o-uber-em-sao-luis\/#breadcrumb"},"inLanguage":"pt-BR","potentialAction":[{"@type":"ReadAction","target":["https:\/\/www.blogsoestado.com\/danielmatos\/adiada-votacao-de-projeto-de-lei-que-regulamenta-o-uber-em-sao-luis\/"]}]},{"@type":"ImageObject","inLanguage":"pt-BR","@id":"https:\/\/www.blogsoestado.com\/danielmatos\/adiada-votacao-de-projeto-de-lei-que-regulamenta-o-uber-em-sao-luis\/#primaryimage","url":"https:\/\/www.blogsoestado.com\/danielmatos\/files\/2018\/04\/paulo-victor-uber.jpg","contentUrl":"https:\/\/www.blogsoestado.com\/danielmatos\/files\/2018\/04\/paulo-victor-uber.jpg"},{"@type":"BreadcrumbList","@id":"https:\/\/www.blogsoestado.com\/danielmatos\/adiada-votacao-de-projeto-de-lei-que-regulamenta-o-uber-em-sao-luis\/#breadcrumb","itemListElement":[{"@type":"ListItem","position":1,"name":"In\u00edcio","item":"https:\/\/www.blogsoestado.com\/danielmatos\/"},{"@type":"ListItem","position":2,"name":"Adiada vota\u00e7\u00e3o de projeto de lei que regulamenta o Uber em S\u00e3o Lu\u00eds"}]},{"@type":"WebSite","@id":"https:\/\/www.blogsoestado.com\/danielmatos\/#website","url":"https:\/\/www.blogsoestado.com\/danielmatos\/","name":"Daniel Matos","description":"","potentialAction":[{"@type":"SearchAction","target":{"@type":"EntryPoint","urlTemplate":"https:\/\/www.blogsoestado.com\/danielmatos\/?s={search_term_string}"},"query-input":{"@type":"PropertyValueSpecification","valueRequired":true,"valueName":"search_term_string"}}],"inLanguage":"pt-BR"}]}},"jetpack_featured_media_url":"","_links":{"self":[{"href":"https:\/\/www.blogsoestado.com\/danielmatos\/wp-json\/wp\/v2\/posts\/50134","targetHints":{"allow":["GET"]}}],"collection":[{"href":"https:\/\/www.blogsoestado.com\/danielmatos\/wp-json\/wp\/v2\/posts"}],"about":[{"href":"https:\/\/www.blogsoestado.com\/danielmatos\/wp-json\/wp\/v2\/types\/post"}],"replies":[{"embeddable":true,"href":"https:\/\/www.blogsoestado.com\/danielmatos\/wp-json\/wp\/v2\/comments?post=50134"}],"version-history":[{"count":0,"href":"https:\/\/www.blogsoestado.com\/danielmatos\/wp-json\/wp\/v2\/posts\/50134\/revisions"}],"wp:attachment":[{"href":"https:\/\/www.blogsoestado.com\/danielmatos\/wp-json\/wp\/v2\/media?parent=50134"}],"wp:term":[{"taxonomy":"category","embeddable":true,"href":"https:\/\/www.blogsoestado.com\/danielmatos\/wp-json\/wp\/v2\/categories?post=50134"},{"taxonomy":"post_tag","embeddable":true,"href":"https:\/\/www.blogsoestado.com\/danielmatos\/wp-json\/wp\/v2\/tags?post=50134"}],"curies":[{"name":"wp","href":"https:\/\/api.w.org\/{rel}","templated":true}]}}