{"id":50137,"date":"2018-04-05T14:16:27","date_gmt":"2018-04-05T17:16:27","guid":{"rendered":"https:\/\/www.blogsoestado.com\/danielmatos\/?p=50137"},"modified":"2018-04-05T14:16:27","modified_gmt":"2018-04-05T17:16:27","slug":"repudio-ao-presidente-da-fmf-em-defesa-de-vereador-e-encaminhado-pela-camara","status":"publish","type":"post","link":"https:\/\/www.blogsoestado.com\/danielmatos\/repudio-ao-presidente-da-fmf-em-defesa-de-vereador-e-encaminhado-pela-camara\/","title":{"rendered":"Rep\u00fadio ao presidente da FMF em defesa  de vereador \u00e9 encaminhado pela C\u00e2mara"},"content":{"rendered":"<figure id=\"attachment_50138\" aria-describedby=\"caption-attachment-50138\" style=\"width: 448px\" class=\"wp-caption alignleft\"><img fetchpriority=\"high\" decoding=\"async\" class=\"wp-image-50138 size-full\" src=\"https:\/\/www.blogsoestado.com\/danielmatos\/files\/2018\/04\/marcial-mo\u00e7\u00e3o.jpg\" alt=\"\" width=\"448\" height=\"297\" \/><figcaption id=\"caption-attachment-50138\" class=\"wp-caption-text\">Marcial Lima criticou hor\u00e1rio da partida, alegando transtornos aos torcedores<\/figcaption><\/figure>\n<p>Um Mo\u00e7\u00e3o de Rep\u00fadio da C\u00e2mara Municipal de S\u00e3o Lu\u00eds ao presidente da FMF (Federa\u00e7\u00e3o Maranhense de Furebol), Antonio Am\u00e9rico, em raz\u00e3o do vereador Marcial Lima (PEN) \u201cmembro integrante desse parlamento foi citado por um membro da Federa\u00e7\u00e3o Maranhense de Futebol de maneira caluniosa e injuriosa, em fun\u00e7\u00e3o das suas atividades\u201d.<\/p>\n<p>A men\u00e7\u00e3o do nome vereador no citado coment\u00e1rio refere-se a manifesta\u00e7\u00e3o de Marcial Lima sobre a realiza\u00e7\u00e3o de uma partida de futebol em hor\u00e1rio que causa in\u00fameros transtornos aos frequentadores dos est\u00e1dios, como defici\u00eancia de p\u00fablico, exposi\u00e7\u00e3o de pessoas a situa\u00e7\u00f5es de inseguran\u00e7a, car\u00eancia de transporte p\u00fablico aos torcedores ap\u00f3s o final da partida.<\/p>\n<p>Na Mo\u00e7\u00e3o de Rep\u00fadio n\u00ba 051\/2018, est\u00e1 exposto que \u201cconsiderando que a cita\u00e7\u00e3o (do membro da FMF), conforme documento anexo, agride este colegiado e em cumprimento da legisla\u00e7\u00e3o vigente al\u00e9m de outras provid\u00eancias a serem tomadas posteriormente, este Parlamento decidiu apresentar ATO fazendo publicar al\u00e9m do envio a Federa\u00e7\u00e3o Maranhense de Futebol para o pronunciamento a respeito\u201d.<\/p>\n<p>\u201cConsiderando que o vereador Marcial Lima, no uso de suas atividades parlamentares, possui inviolabilidade que lhe garante as cr\u00edticas das a\u00e7\u00f5es no \u00e2mbito do munic\u00edpio de S\u00e3o Lu\u00eds\u201d, ilustra o documento para acrescentar que \u201cao edil cabe a responsabilidade de zelar pela comunidade que o elegeu para o mandato de vereador\u201d.<\/p>\n","protected":false},"excerpt":{"rendered":"<p>Um Mo\u00e7\u00e3o de Rep\u00fadio da C\u00e2mara Municipal de S\u00e3o Lu\u00eds ao presidente da FMF (Federa\u00e7\u00e3o Maranhense de Furebol), Antonio Am\u00e9rico, [&hellip;]<\/p>\n","protected":false},"author":0,"featured_media":0,"comment_status":"open","ping_status":"open","sticky":false,"template":"","format":"standard","meta":{"site-sidebar-layout":"default","site-content-layout":"","ast-site-content-layout":"default","site-content-style":"default","site-sidebar-style":"default","ast-global-header-display":"","ast-banner-title-visibility":"","ast-main-header-display":"","ast-hfb-above-header-display":"","ast-hfb-below-header-display":"","ast-hfb-mobile-header-display":"","site-post-title":"","ast-breadcrumbs-content":"","ast-featured-img":"","footer-sml-layout":"","ast-disable-related-posts":"","theme-transparent-header-meta":"","adv-header-id-meta":"","stick-header-meta":"","header-above-stick-meta":"","header-main-stick-meta":"","header-below-stick-meta":"","astra-migrate-meta-layouts":"default","ast-page-background-enabled":"default","ast-page-background-meta":{"desktop":{"background-color":"var(--ast-global-color-5)","background-image":"","background-repeat":"repeat","background-position":"center center","background-size":"auto","background-attachment":"scroll","background-type":"","background-media":"","overlay-type":"","overlay-color":"","overlay-opacity":"","overlay-gradient":""},"tablet":{"background-color":"","background-image":"","background-repeat":"repeat","background-position":"center center","background-size":"auto","background-attachment":"scroll","background-type":"","background-media":"","overlay-type":"","overlay-color":"","overlay-opacity":"","overlay-gradient":""},"mobile":{"background-color":"","background-image":"","background-repeat":"repeat","background-position":"center center","background-size":"auto","background-attachment":"scroll","background-type":"","background-media":"","overlay-type":"","overlay-color":"","overlay-opacity":"","overlay-gradient":""}},"ast-content-background-meta":{"desktop":{"background-color":"var(--ast-global-color-4)","background-image":"","background-repeat":"repeat","background-position":"center center","background-size":"auto","background-attachment":"scroll","background-type":"","background-media":"","overlay-type":"","overlay-color":"","overlay-opacity":"","overlay-gradient":""},"tablet":{"background-color":"var(--ast-global-color-4)","background-image":"","background-repeat":"repeat","background-position":"center center","background-size":"auto","background-attachment":"scroll","background-type":"","background-media":"","overlay-type":"","overlay-color":"","overlay-opacity":"","overlay-gradient":""},"mobile":{"background-color":"var(--ast-global-color-4)","background-image":"","background-repeat":"repeat","background-position":"center center","background-size":"auto","background-attachment":"scroll","background-type":"","background-media":"","overlay-type":"","overlay-color":"","overlay-opacity":"","overlay-gradient":""}},"footnotes":""},"categories":[1],"tags":[],"class_list":["post-50137","post","type-post","status-publish","format-standard","hentry","category-sem-categoria"],"yoast_head":"<!-- This site is optimized with the Yoast SEO plugin v26.6 - https:\/\/yoast.com\/wordpress\/plugins\/seo\/ -->\n<title>Rep\u00fadio ao presidente da FMF em defesa de vereador \u00e9 encaminhado pela C\u00e2mara - Daniel Matos<\/title>\n<meta name=\"robots\" content=\"index, follow, max-snippet:-1, max-image-preview:large, max-video-preview:-1\" \/>\n<link rel=\"canonical\" href=\"https:\/\/www.blogsoestado.com\/danielmatos\/repudio-ao-presidente-da-fmf-em-defesa-de-vereador-e-encaminhado-pela-camara\/\" \/>\n<meta property=\"og:locale\" content=\"pt_BR\" \/>\n<meta property=\"og:type\" content=\"article\" \/>\n<meta property=\"og:title\" content=\"Rep\u00fadio ao presidente da FMF em defesa de vereador \u00e9 encaminhado pela C\u00e2mara - Daniel Matos\" \/>\n<meta property=\"og:description\" content=\"Um Mo\u00e7\u00e3o de Rep\u00fadio da C\u00e2mara Municipal de S\u00e3o Lu\u00eds ao presidente da FMF (Federa\u00e7\u00e3o Maranhense de Furebol), Antonio Am\u00e9rico, [&hellip;]\" \/>\n<meta property=\"og:url\" content=\"https:\/\/www.blogsoestado.com\/danielmatos\/repudio-ao-presidente-da-fmf-em-defesa-de-vereador-e-encaminhado-pela-camara\/\" \/>\n<meta property=\"og:site_name\" content=\"Daniel Matos\" \/>\n<meta property=\"article:published_time\" content=\"2018-04-05T17:16:27+00:00\" \/>\n<meta name=\"twitter:card\" content=\"summary_large_image\" \/>\n<meta name=\"twitter:label1\" content=\"Est. tempo de leitura\" \/>\n\t<meta name=\"twitter:data1\" content=\"1 minuto\" \/>\n<script type=\"application\/ld+json\" class=\"yoast-schema-graph\">{\"@context\":\"https:\/\/schema.org\",\"@graph\":[{\"@type\":\"WebPage\",\"@id\":\"https:\/\/www.blogsoestado.com\/danielmatos\/repudio-ao-presidente-da-fmf-em-defesa-de-vereador-e-encaminhado-pela-camara\/\",\"url\":\"https:\/\/www.blogsoestado.com\/danielmatos\/repudio-ao-presidente-da-fmf-em-defesa-de-vereador-e-encaminhado-pela-camara\/\",\"name\":\"Rep\u00fadio ao presidente da FMF em defesa de vereador \u00e9 encaminhado pela C\u00e2mara - Daniel Matos\",\"isPartOf\":{\"@id\":\"https:\/\/www.blogsoestado.com\/danielmatos\/#website\"},\"datePublished\":\"2018-04-05T17:16:27+00:00\",\"author\":{\"@id\":\"\"},\"breadcrumb\":{\"@id\":\"https:\/\/www.blogsoestado.com\/danielmatos\/repudio-ao-presidente-da-fmf-em-defesa-de-vereador-e-encaminhado-pela-camara\/#breadcrumb\"},\"inLanguage\":\"pt-BR\",\"potentialAction\":[{\"@type\":\"ReadAction\",\"target\":[\"https:\/\/www.blogsoestado.com\/danielmatos\/repudio-ao-presidente-da-fmf-em-defesa-de-vereador-e-encaminhado-pela-camara\/\"]}]},{\"@type\":\"BreadcrumbList\",\"@id\":\"https:\/\/www.blogsoestado.com\/danielmatos\/repudio-ao-presidente-da-fmf-em-defesa-de-vereador-e-encaminhado-pela-camara\/#breadcrumb\",\"itemListElement\":[{\"@type\":\"ListItem\",\"position\":1,\"name\":\"In\u00edcio\",\"item\":\"https:\/\/www.blogsoestado.com\/danielmatos\/\"},{\"@type\":\"ListItem\",\"position\":2,\"name\":\"Rep\u00fadio ao presidente da FMF em defesa de vereador \u00e9 encaminhado pela C\u00e2mara\"}]},{\"@type\":\"WebSite\",\"@id\":\"https:\/\/www.blogsoestado.com\/danielmatos\/#website\",\"url\":\"https:\/\/www.blogsoestado.com\/danielmatos\/\",\"name\":\"Daniel Matos\",\"description\":\"\",\"potentialAction\":[{\"@type\":\"SearchAction\",\"target\":{\"@type\":\"EntryPoint\",\"urlTemplate\":\"https:\/\/www.blogsoestado.com\/danielmatos\/?s={search_term_string}\"},\"query-input\":{\"@type\":\"PropertyValueSpecification\",\"valueRequired\":true,\"valueName\":\"search_term_string\"}}],\"inLanguage\":\"pt-BR\"}]}<\/script>\n<!-- \/ Yoast SEO plugin. -->","yoast_head_json":{"title":"Rep\u00fadio ao presidente da FMF em defesa de vereador \u00e9 encaminhado pela C\u00e2mara - Daniel Matos","robots":{"index":"index","follow":"follow","max-snippet":"max-snippet:-1","max-image-preview":"max-image-preview:large","max-video-preview":"max-video-preview:-1"},"canonical":"https:\/\/www.blogsoestado.com\/danielmatos\/repudio-ao-presidente-da-fmf-em-defesa-de-vereador-e-encaminhado-pela-camara\/","og_locale":"pt_BR","og_type":"article","og_title":"Rep\u00fadio ao presidente da FMF em defesa de vereador \u00e9 encaminhado pela C\u00e2mara - Daniel Matos","og_description":"Um Mo\u00e7\u00e3o de Rep\u00fadio da C\u00e2mara Municipal de S\u00e3o Lu\u00eds ao presidente da FMF (Federa\u00e7\u00e3o Maranhense de Furebol), Antonio Am\u00e9rico, [&hellip;]","og_url":"https:\/\/www.blogsoestado.com\/danielmatos\/repudio-ao-presidente-da-fmf-em-defesa-de-vereador-e-encaminhado-pela-camara\/","og_site_name":"Daniel Matos","article_published_time":"2018-04-05T17:16:27+00:00","twitter_card":"summary_large_image","twitter_misc":{"Est. tempo de leitura":"1 minuto"},"schema":{"@context":"https:\/\/schema.org","@graph":[{"@type":"WebPage","@id":"https:\/\/www.blogsoestado.com\/danielmatos\/repudio-ao-presidente-da-fmf-em-defesa-de-vereador-e-encaminhado-pela-camara\/","url":"https:\/\/www.blogsoestado.com\/danielmatos\/repudio-ao-presidente-da-fmf-em-defesa-de-vereador-e-encaminhado-pela-camara\/","name":"Rep\u00fadio ao presidente da FMF em defesa de vereador \u00e9 encaminhado pela C\u00e2mara - Daniel Matos","isPartOf":{"@id":"https:\/\/www.blogsoestado.com\/danielmatos\/#website"},"datePublished":"2018-04-05T17:16:27+00:00","author":{"@id":""},"breadcrumb":{"@id":"https:\/\/www.blogsoestado.com\/danielmatos\/repudio-ao-presidente-da-fmf-em-defesa-de-vereador-e-encaminhado-pela-camara\/#breadcrumb"},"inLanguage":"pt-BR","potentialAction":[{"@type":"ReadAction","target":["https:\/\/www.blogsoestado.com\/danielmatos\/repudio-ao-presidente-da-fmf-em-defesa-de-vereador-e-encaminhado-pela-camara\/"]}]},{"@type":"BreadcrumbList","@id":"https:\/\/www.blogsoestado.com\/danielmatos\/repudio-ao-presidente-da-fmf-em-defesa-de-vereador-e-encaminhado-pela-camara\/#breadcrumb","itemListElement":[{"@type":"ListItem","position":1,"name":"In\u00edcio","item":"https:\/\/www.blogsoestado.com\/danielmatos\/"},{"@type":"ListItem","position":2,"name":"Rep\u00fadio ao presidente da FMF em defesa de vereador \u00e9 encaminhado pela C\u00e2mara"}]},{"@type":"WebSite","@id":"https:\/\/www.blogsoestado.com\/danielmatos\/#website","url":"https:\/\/www.blogsoestado.com\/danielmatos\/","name":"Daniel Matos","description":"","potentialAction":[{"@type":"SearchAction","target":{"@type":"EntryPoint","urlTemplate":"https:\/\/www.blogsoestado.com\/danielmatos\/?s={search_term_string}"},"query-input":{"@type":"PropertyValueSpecification","valueRequired":true,"valueName":"search_term_string"}}],"inLanguage":"pt-BR"}]}},"jetpack_featured_media_url":"","_links":{"self":[{"href":"https:\/\/www.blogsoestado.com\/danielmatos\/wp-json\/wp\/v2\/posts\/50137","targetHints":{"allow":["GET"]}}],"collection":[{"href":"https:\/\/www.blogsoestado.com\/danielmatos\/wp-json\/wp\/v2\/posts"}],"about":[{"href":"https:\/\/www.blogsoestado.com\/danielmatos\/wp-json\/wp\/v2\/types\/post"}],"replies":[{"embeddable":true,"href":"https:\/\/www.blogsoestado.com\/danielmatos\/wp-json\/wp\/v2\/comments?post=50137"}],"version-history":[{"count":0,"href":"https:\/\/www.blogsoestado.com\/danielmatos\/wp-json\/wp\/v2\/posts\/50137\/revisions"}],"wp:attachment":[{"href":"https:\/\/www.blogsoestado.com\/danielmatos\/wp-json\/wp\/v2\/media?parent=50137"}],"wp:term":[{"taxonomy":"category","embeddable":true,"href":"https:\/\/www.blogsoestado.com\/danielmatos\/wp-json\/wp\/v2\/categories?post=50137"},{"taxonomy":"post_tag","embeddable":true,"href":"https:\/\/www.blogsoestado.com\/danielmatos\/wp-json\/wp\/v2\/tags?post=50137"}],"curies":[{"name":"wp","href":"https:\/\/api.w.org\/{rel}","templated":true}]}}