{"id":50141,"date":"2018-04-05T15:46:26","date_gmt":"2018-04-05T18:46:26","guid":{"rendered":"https:\/\/www.blogsoestado.com\/danielmatos\/?p=50141"},"modified":"2018-04-05T15:46:26","modified_gmt":"2018-04-05T18:46:26","slug":"fora-do-pp-wellington-e-assediado-por-maura-jorge-eduardo-braide-e-roberto-rocha","status":"publish","type":"post","link":"https:\/\/www.blogsoestado.com\/danielmatos\/fora-do-pp-wellington-e-assediado-por-maura-jorge-eduardo-braide-e-roberto-rocha\/","title":{"rendered":"Fora do PP, Wellington \u00e9 assediado por Maura Jorge, Eduardo Braide e Roberto Rocha"},"content":{"rendered":"<figure id=\"attachment_49771\" aria-describedby=\"caption-attachment-49771\" style=\"width: 448px\" class=\"wp-caption alignright\"><img fetchpriority=\"high\" decoding=\"async\" class=\"wp-image-49771 size-full\" src=\"https:\/\/www.blogsoestado.com\/danielmatos\/files\/2018\/03\/w-ipva-detona.jpg\" alt=\"\" width=\"448\" height=\"299\" \/><figcaption id=\"caption-attachment-49771\" class=\"wp-caption-text\">Com v\u00e1rios convites parda filia\u00e7\u00e3o partid\u00e1ria, Wellington estuda as possibilidades<\/figcaption><\/figure>\n<p>O deputado estadual Wellington do Curso, que em pronunciamento na Assembleia Legislativa, nesta quinta-feira, anunciou que deixar\u00e1 o Partido Progressista (PP), recebeu propostas de pelo menos tr\u00eas partidos para que ingresse em seus quadros. Ainda estudando qual rumo tomar, o atuante parlamentar tem at\u00e9 o pr\u00f3ximo s\u00e1bado (7) para se decidir, j\u00e1 que nessa data se encerrar\u00e1 a janela para filia\u00e7\u00f5es e trocas partid\u00e1rias.<\/p>\n<p>A pr\u00e9-candidata ao governo Maura Jorge foi uma das que fez convite a Wellington. Rec\u00e9m-filiada ao PSL, com direito a manifesta\u00e7\u00e3o p\u00fablica de apoio do presidenci\u00e1vel Jair Bolsonaro, Maura manteve contato com o deputado para tentar convenc\u00ea-lo a ingressar na sigla. Ex-militar do Ex\u00e9rcito Brasileiro, assim como Bolsonaro, Wellington pode ou n\u00e3o se identificar com a proposta. Isso porque, apesar da experi\u00eancia nas For\u00e7as Armadas, o parlamentar \u00e9 presidente da Comiss\u00e3o de Direitos Humanos da Assembleia Legislativa, com atua\u00e7\u00e3o em defesa de minorias com as quais Bolsonaro j\u00e1 demonstrou n\u00e3o ter afinidade, assim como a evang\u00e9lica fervorosa Maura Jorge.<\/p>\n<p>O colega de parlamento e tamb\u00e9m pr\u00e9-candidato ao governo Eduardo Braide \u00e9 outro que j\u00e1 formulou convite para que Wellington ingresse em seu partido, o PMN. Presidente estadual da legenda municipalista, Braide quer fortalecer sua alian\u00e7a para cacifar-se ainda mais na disputa pelo Pal\u00e1cio dos Le\u00f5es. Conta a favor dessa proposta o fato de Wellington e Braide j\u00e1 terem caminhado juntos em uma campanha pol\u00edtica. Em 2016, no segundo turno da elei\u00e7\u00e3o para prefeito de S\u00e3o Lu\u00eds, Wellington, que teve expressiva vota\u00e7\u00e3o no primeiro turno, declarou apoio a Braide, ent\u00e3o azar\u00e3o do pleito. A uni\u00e3o por pouco n\u00e3o frustrou o projeto de reelei\u00e7\u00e3o do prefeito Edivaldo Holanda J\u00fanior (PDT), que saiu vitorioso com uma vantagem de pouco mais de 40 mil votos.<\/p>\n<p>Wellington tamb\u00e9m recebeu proposta para ingressar no ninho tucano. Presidente estadual do PSDB, o senador e pr\u00e9-candidato \u00e0 sucess\u00e3o estadual, Roberto Rocha, \u00e9 outro que tenta convencer o deputado a assinar ficha de filia\u00e7\u00e3o ao seu partido. Assim como Braide, Rocha esteve no mesmo palanque de Wellington, em 2016, s\u00f3 que no primeiro turno. \u00c0 \u00e9poca no PSB, o senador indicou seu filho, Roberto Rocha J\u00fanior, ent\u00e3o vereador, como vice do ex-progressista. A composi\u00e7\u00e3o foi bem sucedida, tendo a chapa permanecido na segunda posi\u00e7\u00e3o\u00a0at\u00e9 poucos dias antes da elei\u00e7\u00e3o.<\/p>\n<p>Sem qualquer defini\u00e7\u00e3o quanto \u00e0 filia\u00e7\u00e3o, Wellington n\u00e3o d\u00e1 pistas sobre qual escolha far\u00e1. &#8220;N\u00e3o tenho como definir ainda. S\u00e3o muitos convites e muitas possibilidades&#8221;, assinala.<\/p>\n","protected":false},"excerpt":{"rendered":"<p>O deputado estadual Wellington do Curso, que em pronunciamento na Assembleia Legislativa, nesta quinta-feira, anunciou que deixar\u00e1 o Partido Progressista [&hellip;]<\/p>\n","protected":false},"author":0,"featured_media":0,"comment_status":"open","ping_status":"open","sticky":false,"template":"","format":"standard","meta":{"site-sidebar-layout":"default","site-content-layout":"","ast-site-content-layout":"default","site-content-style":"default","site-sidebar-style":"default","ast-global-header-display":"","ast-banner-title-visibility":"","ast-main-header-display":"","ast-hfb-above-header-display":"","ast-hfb-below-header-display":"","ast-hfb-mobile-header-display":"","site-post-title":"","ast-breadcrumbs-content":"","ast-featured-img":"","footer-sml-layout":"","ast-disable-related-posts":"","theme-transparent-header-meta":"","adv-header-id-meta":"","stick-header-meta":"","header-above-stick-meta":"","header-main-stick-meta":"","header-below-stick-meta":"","astra-migrate-meta-layouts":"default","ast-page-background-enabled":"default","ast-page-background-meta":{"desktop":{"background-color":"var(--ast-global-color-5)","background-image":"","background-repeat":"repeat","background-position":"center center","background-size":"auto","background-attachment":"scroll","background-type":"","background-media":"","overlay-type":"","overlay-color":"","overlay-opacity":"","overlay-gradient":""},"tablet":{"background-color":"","background-image":"","background-repeat":"repeat","background-position":"center center","background-size":"auto","background-attachment":"scroll","background-type":"","background-media":"","overlay-type":"","overlay-color":"","overlay-opacity":"","overlay-gradient":""},"mobile":{"background-color":"","background-image":"","background-repeat":"repeat","background-position":"center center","background-size":"auto","background-attachment":"scroll","background-type":"","background-media":"","overlay-type":"","overlay-color":"","overlay-opacity":"","overlay-gradient":""}},"ast-content-background-meta":{"desktop":{"background-color":"var(--ast-global-color-4)","background-image":"","background-repeat":"repeat","background-position":"center center","background-size":"auto","background-attachment":"scroll","background-type":"","background-media":"","overlay-type":"","overlay-color":"","overlay-opacity":"","overlay-gradient":""},"tablet":{"background-color":"var(--ast-global-color-4)","background-image":"","background-repeat":"repeat","background-position":"center center","background-size":"auto","background-attachment":"scroll","background-type":"","background-media":"","overlay-type":"","overlay-color":"","overlay-opacity":"","overlay-gradient":""},"mobile":{"background-color":"var(--ast-global-color-4)","background-image":"","background-repeat":"repeat","background-position":"center center","background-size":"auto","background-attachment":"scroll","background-type":"","background-media":"","overlay-type":"","overlay-color":"","overlay-opacity":"","overlay-gradient":""}},"footnotes":""},"categories":[1],"tags":[],"class_list":["post-50141","post","type-post","status-publish","format-standard","hentry","category-sem-categoria"],"yoast_head":"<!-- This site is optimized with the Yoast SEO plugin v26.6 - https:\/\/yoast.com\/wordpress\/plugins\/seo\/ -->\n<title>Fora do PP, Wellington \u00e9 assediado por Maura Jorge, Eduardo Braide e Roberto Rocha - Daniel Matos<\/title>\n<meta name=\"robots\" content=\"index, follow, max-snippet:-1, max-image-preview:large, max-video-preview:-1\" \/>\n<link rel=\"canonical\" href=\"https:\/\/www.blogsoestado.com\/danielmatos\/fora-do-pp-wellington-e-assediado-por-maura-jorge-eduardo-braide-e-roberto-rocha\/\" \/>\n<meta property=\"og:locale\" content=\"pt_BR\" \/>\n<meta property=\"og:type\" content=\"article\" \/>\n<meta property=\"og:title\" content=\"Fora do PP, Wellington \u00e9 assediado por Maura Jorge, Eduardo Braide e Roberto Rocha - Daniel Matos\" \/>\n<meta property=\"og:description\" content=\"O deputado estadual Wellington do Curso, que em pronunciamento na Assembleia Legislativa, nesta quinta-feira, anunciou que deixar\u00e1 o Partido Progressista [&hellip;]\" \/>\n<meta property=\"og:url\" content=\"https:\/\/www.blogsoestado.com\/danielmatos\/fora-do-pp-wellington-e-assediado-por-maura-jorge-eduardo-braide-e-roberto-rocha\/\" \/>\n<meta property=\"og:site_name\" content=\"Daniel Matos\" \/>\n<meta property=\"article:published_time\" content=\"2018-04-05T18:46:26+00:00\" \/>\n<meta property=\"og:image\" content=\"https:\/\/www.blogsoestado.com\/danielmatos\/files\/2018\/03\/w-ipva-detona.jpg\" \/>\n<meta name=\"twitter:card\" content=\"summary_large_image\" \/>\n<meta name=\"twitter:label1\" content=\"Est. tempo de leitura\" \/>\n\t<meta name=\"twitter:data1\" content=\"2 minutos\" \/>\n<script type=\"application\/ld+json\" class=\"yoast-schema-graph\">{\"@context\":\"https:\/\/schema.org\",\"@graph\":[{\"@type\":\"WebPage\",\"@id\":\"https:\/\/www.blogsoestado.com\/danielmatos\/fora-do-pp-wellington-e-assediado-por-maura-jorge-eduardo-braide-e-roberto-rocha\/\",\"url\":\"https:\/\/www.blogsoestado.com\/danielmatos\/fora-do-pp-wellington-e-assediado-por-maura-jorge-eduardo-braide-e-roberto-rocha\/\",\"name\":\"Fora do PP, Wellington \u00e9 assediado por Maura Jorge, Eduardo Braide e Roberto Rocha - Daniel Matos\",\"isPartOf\":{\"@id\":\"https:\/\/www.blogsoestado.com\/danielmatos\/#website\"},\"primaryImageOfPage\":{\"@id\":\"https:\/\/www.blogsoestado.com\/danielmatos\/fora-do-pp-wellington-e-assediado-por-maura-jorge-eduardo-braide-e-roberto-rocha\/#primaryimage\"},\"image\":{\"@id\":\"https:\/\/www.blogsoestado.com\/danielmatos\/fora-do-pp-wellington-e-assediado-por-maura-jorge-eduardo-braide-e-roberto-rocha\/#primaryimage\"},\"thumbnailUrl\":\"https:\/\/www.blogsoestado.com\/danielmatos\/files\/2018\/03\/w-ipva-detona.jpg\",\"datePublished\":\"2018-04-05T18:46:26+00:00\",\"author\":{\"@id\":\"\"},\"breadcrumb\":{\"@id\":\"https:\/\/www.blogsoestado.com\/danielmatos\/fora-do-pp-wellington-e-assediado-por-maura-jorge-eduardo-braide-e-roberto-rocha\/#breadcrumb\"},\"inLanguage\":\"pt-BR\",\"potentialAction\":[{\"@type\":\"ReadAction\",\"target\":[\"https:\/\/www.blogsoestado.com\/danielmatos\/fora-do-pp-wellington-e-assediado-por-maura-jorge-eduardo-braide-e-roberto-rocha\/\"]}]},{\"@type\":\"ImageObject\",\"inLanguage\":\"pt-BR\",\"@id\":\"https:\/\/www.blogsoestado.com\/danielmatos\/fora-do-pp-wellington-e-assediado-por-maura-jorge-eduardo-braide-e-roberto-rocha\/#primaryimage\",\"url\":\"https:\/\/www.blogsoestado.com\/danielmatos\/files\/2018\/03\/w-ipva-detona.jpg\",\"contentUrl\":\"https:\/\/www.blogsoestado.com\/danielmatos\/files\/2018\/03\/w-ipva-detona.jpg\"},{\"@type\":\"BreadcrumbList\",\"@id\":\"https:\/\/www.blogsoestado.com\/danielmatos\/fora-do-pp-wellington-e-assediado-por-maura-jorge-eduardo-braide-e-roberto-rocha\/#breadcrumb\",\"itemListElement\":[{\"@type\":\"ListItem\",\"position\":1,\"name\":\"In\u00edcio\",\"item\":\"https:\/\/www.blogsoestado.com\/danielmatos\/\"},{\"@type\":\"ListItem\",\"position\":2,\"name\":\"Fora do PP, Wellington \u00e9 assediado por Maura Jorge, Eduardo Braide e Roberto Rocha\"}]},{\"@type\":\"WebSite\",\"@id\":\"https:\/\/www.blogsoestado.com\/danielmatos\/#website\",\"url\":\"https:\/\/www.blogsoestado.com\/danielmatos\/\",\"name\":\"Daniel Matos\",\"description\":\"\",\"potentialAction\":[{\"@type\":\"SearchAction\",\"target\":{\"@type\":\"EntryPoint\",\"urlTemplate\":\"https:\/\/www.blogsoestado.com\/danielmatos\/?s={search_term_string}\"},\"query-input\":{\"@type\":\"PropertyValueSpecification\",\"valueRequired\":true,\"valueName\":\"search_term_string\"}}],\"inLanguage\":\"pt-BR\"}]}<\/script>\n<!-- \/ Yoast SEO plugin. -->","yoast_head_json":{"title":"Fora do PP, Wellington \u00e9 assediado por Maura Jorge, Eduardo Braide e Roberto Rocha - Daniel Matos","robots":{"index":"index","follow":"follow","max-snippet":"max-snippet:-1","max-image-preview":"max-image-preview:large","max-video-preview":"max-video-preview:-1"},"canonical":"https:\/\/www.blogsoestado.com\/danielmatos\/fora-do-pp-wellington-e-assediado-por-maura-jorge-eduardo-braide-e-roberto-rocha\/","og_locale":"pt_BR","og_type":"article","og_title":"Fora do PP, Wellington \u00e9 assediado por Maura Jorge, Eduardo Braide e Roberto Rocha - Daniel Matos","og_description":"O deputado estadual Wellington do Curso, que em pronunciamento na Assembleia Legislativa, nesta quinta-feira, anunciou que deixar\u00e1 o Partido Progressista [&hellip;]","og_url":"https:\/\/www.blogsoestado.com\/danielmatos\/fora-do-pp-wellington-e-assediado-por-maura-jorge-eduardo-braide-e-roberto-rocha\/","og_site_name":"Daniel Matos","article_published_time":"2018-04-05T18:46:26+00:00","og_image":[{"url":"https:\/\/www.blogsoestado.com\/danielmatos\/files\/2018\/03\/w-ipva-detona.jpg","type":"","width":"","height":""}],"twitter_card":"summary_large_image","twitter_misc":{"Est. tempo de leitura":"2 minutos"},"schema":{"@context":"https:\/\/schema.org","@graph":[{"@type":"WebPage","@id":"https:\/\/www.blogsoestado.com\/danielmatos\/fora-do-pp-wellington-e-assediado-por-maura-jorge-eduardo-braide-e-roberto-rocha\/","url":"https:\/\/www.blogsoestado.com\/danielmatos\/fora-do-pp-wellington-e-assediado-por-maura-jorge-eduardo-braide-e-roberto-rocha\/","name":"Fora do PP, Wellington \u00e9 assediado por Maura Jorge, Eduardo Braide e Roberto Rocha - Daniel Matos","isPartOf":{"@id":"https:\/\/www.blogsoestado.com\/danielmatos\/#website"},"primaryImageOfPage":{"@id":"https:\/\/www.blogsoestado.com\/danielmatos\/fora-do-pp-wellington-e-assediado-por-maura-jorge-eduardo-braide-e-roberto-rocha\/#primaryimage"},"image":{"@id":"https:\/\/www.blogsoestado.com\/danielmatos\/fora-do-pp-wellington-e-assediado-por-maura-jorge-eduardo-braide-e-roberto-rocha\/#primaryimage"},"thumbnailUrl":"https:\/\/www.blogsoestado.com\/danielmatos\/files\/2018\/03\/w-ipva-detona.jpg","datePublished":"2018-04-05T18:46:26+00:00","author":{"@id":""},"breadcrumb":{"@id":"https:\/\/www.blogsoestado.com\/danielmatos\/fora-do-pp-wellington-e-assediado-por-maura-jorge-eduardo-braide-e-roberto-rocha\/#breadcrumb"},"inLanguage":"pt-BR","potentialAction":[{"@type":"ReadAction","target":["https:\/\/www.blogsoestado.com\/danielmatos\/fora-do-pp-wellington-e-assediado-por-maura-jorge-eduardo-braide-e-roberto-rocha\/"]}]},{"@type":"ImageObject","inLanguage":"pt-BR","@id":"https:\/\/www.blogsoestado.com\/danielmatos\/fora-do-pp-wellington-e-assediado-por-maura-jorge-eduardo-braide-e-roberto-rocha\/#primaryimage","url":"https:\/\/www.blogsoestado.com\/danielmatos\/files\/2018\/03\/w-ipva-detona.jpg","contentUrl":"https:\/\/www.blogsoestado.com\/danielmatos\/files\/2018\/03\/w-ipva-detona.jpg"},{"@type":"BreadcrumbList","@id":"https:\/\/www.blogsoestado.com\/danielmatos\/fora-do-pp-wellington-e-assediado-por-maura-jorge-eduardo-braide-e-roberto-rocha\/#breadcrumb","itemListElement":[{"@type":"ListItem","position":1,"name":"In\u00edcio","item":"https:\/\/www.blogsoestado.com\/danielmatos\/"},{"@type":"ListItem","position":2,"name":"Fora do PP, Wellington \u00e9 assediado por Maura Jorge, Eduardo Braide e Roberto Rocha"}]},{"@type":"WebSite","@id":"https:\/\/www.blogsoestado.com\/danielmatos\/#website","url":"https:\/\/www.blogsoestado.com\/danielmatos\/","name":"Daniel Matos","description":"","potentialAction":[{"@type":"SearchAction","target":{"@type":"EntryPoint","urlTemplate":"https:\/\/www.blogsoestado.com\/danielmatos\/?s={search_term_string}"},"query-input":{"@type":"PropertyValueSpecification","valueRequired":true,"valueName":"search_term_string"}}],"inLanguage":"pt-BR"}]}},"jetpack_featured_media_url":"","_links":{"self":[{"href":"https:\/\/www.blogsoestado.com\/danielmatos\/wp-json\/wp\/v2\/posts\/50141","targetHints":{"allow":["GET"]}}],"collection":[{"href":"https:\/\/www.blogsoestado.com\/danielmatos\/wp-json\/wp\/v2\/posts"}],"about":[{"href":"https:\/\/www.blogsoestado.com\/danielmatos\/wp-json\/wp\/v2\/types\/post"}],"replies":[{"embeddable":true,"href":"https:\/\/www.blogsoestado.com\/danielmatos\/wp-json\/wp\/v2\/comments?post=50141"}],"version-history":[{"count":0,"href":"https:\/\/www.blogsoestado.com\/danielmatos\/wp-json\/wp\/v2\/posts\/50141\/revisions"}],"wp:attachment":[{"href":"https:\/\/www.blogsoestado.com\/danielmatos\/wp-json\/wp\/v2\/media?parent=50141"}],"wp:term":[{"taxonomy":"category","embeddable":true,"href":"https:\/\/www.blogsoestado.com\/danielmatos\/wp-json\/wp\/v2\/categories?post=50141"},{"taxonomy":"post_tag","embeddable":true,"href":"https:\/\/www.blogsoestado.com\/danielmatos\/wp-json\/wp\/v2\/tags?post=50141"}],"curies":[{"name":"wp","href":"https:\/\/api.w.org\/{rel}","templated":true}]}}