{"id":50146,"date":"2018-04-05T17:32:41","date_gmt":"2018-04-05T20:32:41","guid":{"rendered":"https:\/\/www.blogsoestado.com\/danielmatos\/?p=50146"},"modified":"2018-04-05T17:32:41","modified_gmt":"2018-04-05T20:32:41","slug":"presidente-do-trf-4-sinaliza-que-analise-da-ultima-apelacao-de-lula-podera-ser-rapida","status":"publish","type":"post","link":"https:\/\/www.blogsoestado.com\/danielmatos\/presidente-do-trf-4-sinaliza-que-analise-da-ultima-apelacao-de-lula-podera-ser-rapida\/","title":{"rendered":"Presidente do TRF-4 sinaliza que an\u00e1lise da \u00faltima apela\u00e7\u00e3o de Lula poder\u00e1 ser r\u00e1pida"},"content":{"rendered":"<h2><span style=\"color: #ff0000;\">Desembargador Carlos Eduardo Thompson Flores foi entrevistado com exclusividade pela R\u00e1dio Bandeirantes<\/span><\/h2>\n<figure id=\"attachment_50147\" aria-describedby=\"caption-attachment-50147\" style=\"width: 448px\" class=\"wp-caption alignleft\"><img fetchpriority=\"high\" decoding=\"async\" class=\"wp-image-50147 size-full\" src=\"https:\/\/www.blogsoestado.com\/danielmatos\/files\/2018\/04\/lula-preso.jpg\" alt=\"\" width=\"448\" height=\"278\" \/><figcaption id=\"caption-attachment-50147\" class=\"wp-caption-text\">Destino de Lula pode ser decido rapidamente pelo TRF-4<\/figcaption><\/figure>\n<p><strong>S\u00e3o Paulo, 5 de abril de 2018<\/strong> \u2013 O presidente do tribunal que vai julgar a \u00faltima apela\u00e7\u00e3o de Lula em 2\u00aa inst\u00e2ncia sinaliza que a an\u00e1lise poder\u00e1 ser r\u00e1pida. Carlos Eduardo Thompson Flores foi entrevistado com exclusividade pela R\u00e1dio Bandeirantes na manh\u00e3 desta quinta-feira, poucas horas depois do Supremo negar o habeas corpus ao ex-presidente.<\/p>\n<p>Sem dar prazo para o caso de Lula, o desembargador lembrou que o TRF-4 n\u00e3o tem demorado para se posicionar sobre o chamado \u201cembargo dos embargos\u201d.<\/p>\n<p>A defesa tem at\u00e9 a pr\u00f3xima ter\u00e7a-feira (10) para apresentar esse recurso ao Tribunal Regional Federal da 4\u00aa regi\u00e3o, em Porto Alegre.<\/p>\n<p>Segundo o desembargador Thompson Flores, prevalecendo o hist\u00f3rico de casos semelhantes, a pris\u00e3o do ex-presidente dever\u00e1 mesmo ser decretada pelo juiz S\u00e9rgio Moro.<\/p>\n<p>Thompson Flores rejeitou a tese da defesa de Lula, que tem dito que o julgamento pelo juiz S\u00e9rgio Moro e no TRF-4 foi um jogo de cartas marcadas.<\/p>\n<p>Com rela\u00e7\u00e3o \u00e0 jurisprud\u00eancia sobre a pris\u00e3o ap\u00f3s a 2\u00aa inst\u00e2ncia, Thompson Flores disse ser pessoalmente favor\u00e1vel \u00e0 execu\u00e7\u00e3o da pena antes do \u201ctr\u00e2nsito em julgado\u201d, ou seja, do esgotamento de todos os recursos.<\/p>\n<p>O presidente do Tribunal Regional Federal da 4\u00aa Regi\u00e3o foi entrevistado pelos jornalistas Jos\u00e9 Paulo de Andrade, Salom\u00e3o \u00c9sper, Rafael Colombo e Pedro Campos no \u201cJornal Gente\u201d.<\/p>\n","protected":false},"excerpt":{"rendered":"<p>Desembargador Carlos Eduardo Thompson Flores foi entrevistado com exclusividade pela R\u00e1dio Bandeirantes S\u00e3o Paulo, 5 de abril de 2018 \u2013 [&hellip;]<\/p>\n","protected":false},"author":0,"featured_media":0,"comment_status":"open","ping_status":"open","sticky":false,"template":"","format":"standard","meta":{"site-sidebar-layout":"default","site-content-layout":"","ast-site-content-layout":"default","site-content-style":"default","site-sidebar-style":"default","ast-global-header-display":"","ast-banner-title-visibility":"","ast-main-header-display":"","ast-hfb-above-header-display":"","ast-hfb-below-header-display":"","ast-hfb-mobile-header-display":"","site-post-title":"","ast-breadcrumbs-content":"","ast-featured-img":"","footer-sml-layout":"","ast-disable-related-posts":"","theme-transparent-header-meta":"","adv-header-id-meta":"","stick-header-meta":"","header-above-stick-meta":"","header-main-stick-meta":"","header-below-stick-meta":"","astra-migrate-meta-layouts":"default","ast-page-background-enabled":"default","ast-page-background-meta":{"desktop":{"background-color":"var(--ast-global-color-5)","background-image":"","background-repeat":"repeat","background-position":"center center","background-size":"auto","background-attachment":"scroll","background-type":"","background-media":"","overlay-type":"","overlay-color":"","overlay-opacity":"","overlay-gradient":""},"tablet":{"background-color":"","background-image":"","background-repeat":"repeat","background-position":"center center","background-size":"auto","background-attachment":"scroll","background-type":"","background-media":"","overlay-type":"","overlay-color":"","overlay-opacity":"","overlay-gradient":""},"mobile":{"background-color":"","background-image":"","background-repeat":"repeat","background-position":"center center","background-size":"auto","background-attachment":"scroll","background-type":"","background-media":"","overlay-type":"","overlay-color":"","overlay-opacity":"","overlay-gradient":""}},"ast-content-background-meta":{"desktop":{"background-color":"var(--ast-global-color-4)","background-image":"","background-repeat":"repeat","background-position":"center center","background-size":"auto","background-attachment":"scroll","background-type":"","background-media":"","overlay-type":"","overlay-color":"","overlay-opacity":"","overlay-gradient":""},"tablet":{"background-color":"var(--ast-global-color-4)","background-image":"","background-repeat":"repeat","background-position":"center center","background-size":"auto","background-attachment":"scroll","background-type":"","background-media":"","overlay-type":"","overlay-color":"","overlay-opacity":"","overlay-gradient":""},"mobile":{"background-color":"var(--ast-global-color-4)","background-image":"","background-repeat":"repeat","background-position":"center center","background-size":"auto","background-attachment":"scroll","background-type":"","background-media":"","overlay-type":"","overlay-color":"","overlay-opacity":"","overlay-gradient":""}},"footnotes":""},"categories":[1],"tags":[],"class_list":["post-50146","post","type-post","status-publish","format-standard","hentry","category-sem-categoria"],"yoast_head":"<!-- This site is optimized with the Yoast SEO plugin v26.6 - https:\/\/yoast.com\/wordpress\/plugins\/seo\/ -->\n<title>Presidente do TRF-4 sinaliza que an\u00e1lise da \u00faltima apela\u00e7\u00e3o de Lula poder\u00e1 ser r\u00e1pida - Daniel Matos<\/title>\n<meta name=\"robots\" content=\"index, follow, max-snippet:-1, max-image-preview:large, max-video-preview:-1\" \/>\n<link rel=\"canonical\" href=\"https:\/\/www.blogsoestado.com\/danielmatos\/presidente-do-trf-4-sinaliza-que-analise-da-ultima-apelacao-de-lula-podera-ser-rapida\/\" \/>\n<meta property=\"og:locale\" content=\"pt_BR\" \/>\n<meta property=\"og:type\" content=\"article\" \/>\n<meta property=\"og:title\" content=\"Presidente do TRF-4 sinaliza que an\u00e1lise da \u00faltima apela\u00e7\u00e3o de Lula poder\u00e1 ser r\u00e1pida - Daniel Matos\" \/>\n<meta property=\"og:description\" content=\"Desembargador Carlos Eduardo Thompson Flores foi entrevistado com exclusividade pela R\u00e1dio Bandeirantes S\u00e3o Paulo, 5 de abril de 2018 \u2013 [&hellip;]\" \/>\n<meta property=\"og:url\" content=\"https:\/\/www.blogsoestado.com\/danielmatos\/presidente-do-trf-4-sinaliza-que-analise-da-ultima-apelacao-de-lula-podera-ser-rapida\/\" \/>\n<meta property=\"og:site_name\" content=\"Daniel Matos\" \/>\n<meta property=\"article:published_time\" content=\"2018-04-05T20:32:41+00:00\" \/>\n<meta property=\"og:image\" content=\"https:\/\/www.blogsoestado.com\/danielmatos\/files\/2018\/04\/lula-preso.jpg\" \/>\n<meta name=\"twitter:card\" content=\"summary_large_image\" \/>\n<meta name=\"twitter:label1\" content=\"Est. tempo de leitura\" \/>\n\t<meta name=\"twitter:data1\" content=\"1 minuto\" \/>\n<script type=\"application\/ld+json\" class=\"yoast-schema-graph\">{\"@context\":\"https:\/\/schema.org\",\"@graph\":[{\"@type\":\"WebPage\",\"@id\":\"https:\/\/www.blogsoestado.com\/danielmatos\/presidente-do-trf-4-sinaliza-que-analise-da-ultima-apelacao-de-lula-podera-ser-rapida\/\",\"url\":\"https:\/\/www.blogsoestado.com\/danielmatos\/presidente-do-trf-4-sinaliza-que-analise-da-ultima-apelacao-de-lula-podera-ser-rapida\/\",\"name\":\"Presidente do TRF-4 sinaliza que an\u00e1lise da \u00faltima apela\u00e7\u00e3o de Lula poder\u00e1 ser r\u00e1pida - Daniel Matos\",\"isPartOf\":{\"@id\":\"https:\/\/www.blogsoestado.com\/danielmatos\/#website\"},\"primaryImageOfPage\":{\"@id\":\"https:\/\/www.blogsoestado.com\/danielmatos\/presidente-do-trf-4-sinaliza-que-analise-da-ultima-apelacao-de-lula-podera-ser-rapida\/#primaryimage\"},\"image\":{\"@id\":\"https:\/\/www.blogsoestado.com\/danielmatos\/presidente-do-trf-4-sinaliza-que-analise-da-ultima-apelacao-de-lula-podera-ser-rapida\/#primaryimage\"},\"thumbnailUrl\":\"https:\/\/www.blogsoestado.com\/danielmatos\/files\/2018\/04\/lula-preso.jpg\",\"datePublished\":\"2018-04-05T20:32:41+00:00\",\"author\":{\"@id\":\"\"},\"breadcrumb\":{\"@id\":\"https:\/\/www.blogsoestado.com\/danielmatos\/presidente-do-trf-4-sinaliza-que-analise-da-ultima-apelacao-de-lula-podera-ser-rapida\/#breadcrumb\"},\"inLanguage\":\"pt-BR\",\"potentialAction\":[{\"@type\":\"ReadAction\",\"target\":[\"https:\/\/www.blogsoestado.com\/danielmatos\/presidente-do-trf-4-sinaliza-que-analise-da-ultima-apelacao-de-lula-podera-ser-rapida\/\"]}]},{\"@type\":\"ImageObject\",\"inLanguage\":\"pt-BR\",\"@id\":\"https:\/\/www.blogsoestado.com\/danielmatos\/presidente-do-trf-4-sinaliza-que-analise-da-ultima-apelacao-de-lula-podera-ser-rapida\/#primaryimage\",\"url\":\"https:\/\/www.blogsoestado.com\/danielmatos\/files\/2018\/04\/lula-preso.jpg\",\"contentUrl\":\"https:\/\/www.blogsoestado.com\/danielmatos\/files\/2018\/04\/lula-preso.jpg\"},{\"@type\":\"BreadcrumbList\",\"@id\":\"https:\/\/www.blogsoestado.com\/danielmatos\/presidente-do-trf-4-sinaliza-que-analise-da-ultima-apelacao-de-lula-podera-ser-rapida\/#breadcrumb\",\"itemListElement\":[{\"@type\":\"ListItem\",\"position\":1,\"name\":\"In\u00edcio\",\"item\":\"https:\/\/www.blogsoestado.com\/danielmatos\/\"},{\"@type\":\"ListItem\",\"position\":2,\"name\":\"Presidente do TRF-4 sinaliza que an\u00e1lise da \u00faltima apela\u00e7\u00e3o de Lula poder\u00e1 ser r\u00e1pida\"}]},{\"@type\":\"WebSite\",\"@id\":\"https:\/\/www.blogsoestado.com\/danielmatos\/#website\",\"url\":\"https:\/\/www.blogsoestado.com\/danielmatos\/\",\"name\":\"Daniel Matos\",\"description\":\"\",\"potentialAction\":[{\"@type\":\"SearchAction\",\"target\":{\"@type\":\"EntryPoint\",\"urlTemplate\":\"https:\/\/www.blogsoestado.com\/danielmatos\/?s={search_term_string}\"},\"query-input\":{\"@type\":\"PropertyValueSpecification\",\"valueRequired\":true,\"valueName\":\"search_term_string\"}}],\"inLanguage\":\"pt-BR\"}]}<\/script>\n<!-- \/ Yoast SEO plugin. -->","yoast_head_json":{"title":"Presidente do TRF-4 sinaliza que an\u00e1lise da \u00faltima apela\u00e7\u00e3o de Lula poder\u00e1 ser r\u00e1pida - Daniel Matos","robots":{"index":"index","follow":"follow","max-snippet":"max-snippet:-1","max-image-preview":"max-image-preview:large","max-video-preview":"max-video-preview:-1"},"canonical":"https:\/\/www.blogsoestado.com\/danielmatos\/presidente-do-trf-4-sinaliza-que-analise-da-ultima-apelacao-de-lula-podera-ser-rapida\/","og_locale":"pt_BR","og_type":"article","og_title":"Presidente do TRF-4 sinaliza que an\u00e1lise da \u00faltima apela\u00e7\u00e3o de Lula poder\u00e1 ser r\u00e1pida - Daniel Matos","og_description":"Desembargador Carlos Eduardo Thompson Flores foi entrevistado com exclusividade pela R\u00e1dio Bandeirantes S\u00e3o Paulo, 5 de abril de 2018 \u2013 [&hellip;]","og_url":"https:\/\/www.blogsoestado.com\/danielmatos\/presidente-do-trf-4-sinaliza-que-analise-da-ultima-apelacao-de-lula-podera-ser-rapida\/","og_site_name":"Daniel Matos","article_published_time":"2018-04-05T20:32:41+00:00","og_image":[{"url":"https:\/\/www.blogsoestado.com\/danielmatos\/files\/2018\/04\/lula-preso.jpg","type":"","width":"","height":""}],"twitter_card":"summary_large_image","twitter_misc":{"Est. tempo de leitura":"1 minuto"},"schema":{"@context":"https:\/\/schema.org","@graph":[{"@type":"WebPage","@id":"https:\/\/www.blogsoestado.com\/danielmatos\/presidente-do-trf-4-sinaliza-que-analise-da-ultima-apelacao-de-lula-podera-ser-rapida\/","url":"https:\/\/www.blogsoestado.com\/danielmatos\/presidente-do-trf-4-sinaliza-que-analise-da-ultima-apelacao-de-lula-podera-ser-rapida\/","name":"Presidente do TRF-4 sinaliza que an\u00e1lise da \u00faltima apela\u00e7\u00e3o de Lula poder\u00e1 ser r\u00e1pida - Daniel Matos","isPartOf":{"@id":"https:\/\/www.blogsoestado.com\/danielmatos\/#website"},"primaryImageOfPage":{"@id":"https:\/\/www.blogsoestado.com\/danielmatos\/presidente-do-trf-4-sinaliza-que-analise-da-ultima-apelacao-de-lula-podera-ser-rapida\/#primaryimage"},"image":{"@id":"https:\/\/www.blogsoestado.com\/danielmatos\/presidente-do-trf-4-sinaliza-que-analise-da-ultima-apelacao-de-lula-podera-ser-rapida\/#primaryimage"},"thumbnailUrl":"https:\/\/www.blogsoestado.com\/danielmatos\/files\/2018\/04\/lula-preso.jpg","datePublished":"2018-04-05T20:32:41+00:00","author":{"@id":""},"breadcrumb":{"@id":"https:\/\/www.blogsoestado.com\/danielmatos\/presidente-do-trf-4-sinaliza-que-analise-da-ultima-apelacao-de-lula-podera-ser-rapida\/#breadcrumb"},"inLanguage":"pt-BR","potentialAction":[{"@type":"ReadAction","target":["https:\/\/www.blogsoestado.com\/danielmatos\/presidente-do-trf-4-sinaliza-que-analise-da-ultima-apelacao-de-lula-podera-ser-rapida\/"]}]},{"@type":"ImageObject","inLanguage":"pt-BR","@id":"https:\/\/www.blogsoestado.com\/danielmatos\/presidente-do-trf-4-sinaliza-que-analise-da-ultima-apelacao-de-lula-podera-ser-rapida\/#primaryimage","url":"https:\/\/www.blogsoestado.com\/danielmatos\/files\/2018\/04\/lula-preso.jpg","contentUrl":"https:\/\/www.blogsoestado.com\/danielmatos\/files\/2018\/04\/lula-preso.jpg"},{"@type":"BreadcrumbList","@id":"https:\/\/www.blogsoestado.com\/danielmatos\/presidente-do-trf-4-sinaliza-que-analise-da-ultima-apelacao-de-lula-podera-ser-rapida\/#breadcrumb","itemListElement":[{"@type":"ListItem","position":1,"name":"In\u00edcio","item":"https:\/\/www.blogsoestado.com\/danielmatos\/"},{"@type":"ListItem","position":2,"name":"Presidente do TRF-4 sinaliza que an\u00e1lise da \u00faltima apela\u00e7\u00e3o de Lula poder\u00e1 ser r\u00e1pida"}]},{"@type":"WebSite","@id":"https:\/\/www.blogsoestado.com\/danielmatos\/#website","url":"https:\/\/www.blogsoestado.com\/danielmatos\/","name":"Daniel Matos","description":"","potentialAction":[{"@type":"SearchAction","target":{"@type":"EntryPoint","urlTemplate":"https:\/\/www.blogsoestado.com\/danielmatos\/?s={search_term_string}"},"query-input":{"@type":"PropertyValueSpecification","valueRequired":true,"valueName":"search_term_string"}}],"inLanguage":"pt-BR"}]}},"jetpack_featured_media_url":"","_links":{"self":[{"href":"https:\/\/www.blogsoestado.com\/danielmatos\/wp-json\/wp\/v2\/posts\/50146","targetHints":{"allow":["GET"]}}],"collection":[{"href":"https:\/\/www.blogsoestado.com\/danielmatos\/wp-json\/wp\/v2\/posts"}],"about":[{"href":"https:\/\/www.blogsoestado.com\/danielmatos\/wp-json\/wp\/v2\/types\/post"}],"replies":[{"embeddable":true,"href":"https:\/\/www.blogsoestado.com\/danielmatos\/wp-json\/wp\/v2\/comments?post=50146"}],"version-history":[{"count":0,"href":"https:\/\/www.blogsoestado.com\/danielmatos\/wp-json\/wp\/v2\/posts\/50146\/revisions"}],"wp:attachment":[{"href":"https:\/\/www.blogsoestado.com\/danielmatos\/wp-json\/wp\/v2\/media?parent=50146"}],"wp:term":[{"taxonomy":"category","embeddable":true,"href":"https:\/\/www.blogsoestado.com\/danielmatos\/wp-json\/wp\/v2\/categories?post=50146"},{"taxonomy":"post_tag","embeddable":true,"href":"https:\/\/www.blogsoestado.com\/danielmatos\/wp-json\/wp\/v2\/tags?post=50146"}],"curies":[{"name":"wp","href":"https:\/\/api.w.org\/{rel}","templated":true}]}}