{"id":50169,"date":"2018-04-06T15:18:19","date_gmt":"2018-04-06T18:18:19","guid":{"rendered":"https:\/\/www.blogsoestado.com\/danielmatos\/?p=50169"},"modified":"2018-04-06T15:18:19","modified_gmt":"2018-04-06T18:18:19","slug":"vereador-honorato-denuncia-golpe-contra-lula-e-contra-democracia","status":"publish","type":"post","link":"https:\/\/www.blogsoestado.com\/danielmatos\/vereador-honorato-denuncia-golpe-contra-lula-e-contra-democracia\/","title":{"rendered":"Vereador Honorato denuncia golpe contra Lula e contra a democracia"},"content":{"rendered":"<p><strong>Do <a href=\"http:\/\/isaiasrocha.com.br\/?p=9558\">Blog do Isa\u00edas Rocha<\/a><\/strong><\/p>\n<figure id=\"attachment_50170\" aria-describedby=\"caption-attachment-50170\" style=\"width: 448px\" class=\"wp-caption alignright\"><img fetchpriority=\"high\" decoding=\"async\" class=\"size-full wp-image-50170\" src=\"https:\/\/www.blogsoestado.com\/danielmatos\/files\/2018\/04\/honorato-lula.jpeg\" alt=\"\" width=\"448\" height=\"336\" \/><figcaption id=\"caption-attachment-50170\" class=\"wp-caption-text\">Honorato frisou que \u00e9 preciso dar um freio nas atitudes que ferem a Constitui\u00e7\u00e3o e a Justi\u00e7a cometidas pelo Juiz S\u00e9rgio Moto<\/figcaption><\/figure>\n<p>O presidente do Diret\u00f3rio Municipal do PT de S\u00e3o Lu\u00eds, vereador Honorato Fernandes, em entrevista a r\u00e1dio Difusora AM, na manh\u00e3 desta sexta-feira (06) voltou a destacar o fundo pol\u00edtico na decreta\u00e7\u00e3o da pris\u00e3o do ex-presidente Lula na \u00faltima quinta-feira (05). Honorato destacou que a constitui\u00e7\u00e3o est\u00e1 sendo afrontada e a Justi\u00e7a est\u00e1 de olhos vendados aos seus reais procedimentos, que \u00e9 fazer valer a Constitui\u00e7\u00e3o e dar direito de defesa ao cidad\u00e3o.<\/p>\n<p>\u201cO STF, por agrado ao Juiz de Curitiba, est\u00e1 passando por cima de tudo. Descumprindo prazos e tirando direitos de defesa. A vota\u00e7\u00e3o no STF foi um espet\u00e1culo triste. O voto da Ministra Rosa Weber foi um deboche com a na\u00e7\u00e3o onde ela disse que \u201cconsidera a 2\u00aa Instancia inconstitucional mais que o voto dela seria pela 2\u00aa instancia, e que j\u00e1 avisava que no futuro votaria contra\u201d. Se isso n\u00e3o for deboche o que ser\u00e1\u201d, disse Honorato que ainda destacou os dois pesos na decis\u00e3o da Ministra Carm\u00e9n L\u00facia que numa situa\u00e7\u00e3o id\u00eantica votou a favor do HC e que nesta se posicionou contra.<\/p>\n<p>\u201cEste \u00e9 claramente e sem sombra de d\u00favidas um julgamento pol\u00edtico. N\u00e3o s\u00f3 contra Lula, mas tamb\u00e9m contra o povo brasileiro. Temos que ficar atentos e cerrar fileiras contra os desmandos cometidos em nome da Justi\u00e7a\u201d, ressaltou.<\/p>\n<p>Honorato tamb\u00e9m frisou que \u00e9 preciso dar um freio nas atitudes que ferem a Constitui\u00e7\u00e3o e a Justi\u00e7a cometidas pelo Juiz S\u00e9rgio Moto.<\/p>\n<p>\u201cEste Juiz, na sua persegui\u00e7\u00e3o a Lula, est\u00e1 rasgando a Constitui\u00e7\u00e3o. Est\u00e3o fechando os olhos para os desmandos deste Juiz que deveria ser um cumpridor da Lei. Aonde vamos parar? S\u00e9rios precedentes, que ferem o direito a defesa de qualquer cidad\u00e3o, est\u00e3o sendo abertos. Isso \u00e9 um absurdo\u201d, disse Honorato ressaltando que o povo brasileiro, aqueles que realmente sabem o valor de Lula na mudan\u00e7a deste Pa\u00eds, n\u00e3o ficaram de bra\u00e7os cruzados a este barbaridade conduzida debaixo dos olhos vendados da Justi\u00e7a.<\/p>\n<p>\u201cVamos lutar pela nossa democracia. Vamos lutar pelos nossos direitos e vamos lutar por Lula. Estamos em vig\u00edlia e assim vamos continuar. Vamos denunciar mais este golpe em todos os espa\u00e7os, pois esta Luta vale a pena\u201d, finalizou Honorato.<\/p>\n","protected":false},"excerpt":{"rendered":"<p>Do Blog do Isa\u00edas Rocha O presidente do Diret\u00f3rio Municipal do PT de S\u00e3o Lu\u00eds, vereador Honorato Fernandes, em entrevista [&hellip;]<\/p>\n","protected":false},"author":0,"featured_media":0,"comment_status":"open","ping_status":"open","sticky":false,"template":"","format":"standard","meta":{"site-sidebar-layout":"default","site-content-layout":"","ast-site-content-layout":"default","site-content-style":"default","site-sidebar-style":"default","ast-global-header-display":"","ast-banner-title-visibility":"","ast-main-header-display":"","ast-hfb-above-header-display":"","ast-hfb-below-header-display":"","ast-hfb-mobile-header-display":"","site-post-title":"","ast-breadcrumbs-content":"","ast-featured-img":"","footer-sml-layout":"","ast-disable-related-posts":"","theme-transparent-header-meta":"","adv-header-id-meta":"","stick-header-meta":"","header-above-stick-meta":"","header-main-stick-meta":"","header-below-stick-meta":"","astra-migrate-meta-layouts":"default","ast-page-background-enabled":"default","ast-page-background-meta":{"desktop":{"background-color":"var(--ast-global-color-5)","background-image":"","background-repeat":"repeat","background-position":"center center","background-size":"auto","background-attachment":"scroll","background-type":"","background-media":"","overlay-type":"","overlay-color":"","overlay-opacity":"","overlay-gradient":""},"tablet":{"background-color":"","background-image":"","background-repeat":"repeat","background-position":"center center","background-size":"auto","background-attachment":"scroll","background-type":"","background-media":"","overlay-type":"","overlay-color":"","overlay-opacity":"","overlay-gradient":""},"mobile":{"background-color":"","background-image":"","background-repeat":"repeat","background-position":"center center","background-size":"auto","background-attachment":"scroll","background-type":"","background-media":"","overlay-type":"","overlay-color":"","overlay-opacity":"","overlay-gradient":""}},"ast-content-background-meta":{"desktop":{"background-color":"var(--ast-global-color-4)","background-image":"","background-repeat":"repeat","background-position":"center center","background-size":"auto","background-attachment":"scroll","background-type":"","background-media":"","overlay-type":"","overlay-color":"","overlay-opacity":"","overlay-gradient":""},"tablet":{"background-color":"var(--ast-global-color-4)","background-image":"","background-repeat":"repeat","background-position":"center center","background-size":"auto","background-attachment":"scroll","background-type":"","background-media":"","overlay-type":"","overlay-color":"","overlay-opacity":"","overlay-gradient":""},"mobile":{"background-color":"var(--ast-global-color-4)","background-image":"","background-repeat":"repeat","background-position":"center center","background-size":"auto","background-attachment":"scroll","background-type":"","background-media":"","overlay-type":"","overlay-color":"","overlay-opacity":"","overlay-gradient":""}},"footnotes":""},"categories":[1],"tags":[],"class_list":["post-50169","post","type-post","status-publish","format-standard","hentry","category-sem-categoria"],"yoast_head":"<!-- This site is optimized with the Yoast SEO plugin v26.6 - https:\/\/yoast.com\/wordpress\/plugins\/seo\/ -->\n<title>Vereador Honorato denuncia golpe contra Lula e contra a democracia - Daniel Matos<\/title>\n<meta name=\"robots\" content=\"index, follow, max-snippet:-1, max-image-preview:large, max-video-preview:-1\" \/>\n<link rel=\"canonical\" href=\"https:\/\/www.blogsoestado.com\/danielmatos\/vereador-honorato-denuncia-golpe-contra-lula-e-contra-democracia\/\" \/>\n<meta property=\"og:locale\" content=\"pt_BR\" \/>\n<meta property=\"og:type\" content=\"article\" \/>\n<meta property=\"og:title\" content=\"Vereador Honorato denuncia golpe contra Lula e contra a democracia - Daniel Matos\" \/>\n<meta property=\"og:description\" content=\"Do Blog do Isa\u00edas Rocha O presidente do Diret\u00f3rio Municipal do PT de S\u00e3o Lu\u00eds, vereador Honorato Fernandes, em entrevista [&hellip;]\" \/>\n<meta property=\"og:url\" content=\"https:\/\/www.blogsoestado.com\/danielmatos\/vereador-honorato-denuncia-golpe-contra-lula-e-contra-democracia\/\" \/>\n<meta property=\"og:site_name\" content=\"Daniel Matos\" \/>\n<meta property=\"article:published_time\" content=\"2018-04-06T18:18:19+00:00\" \/>\n<meta property=\"og:image\" content=\"https:\/\/www.blogsoestado.com\/danielmatos\/files\/2018\/04\/honorato-lula.jpeg\" \/>\n<meta name=\"twitter:card\" content=\"summary_large_image\" \/>\n<meta name=\"twitter:label1\" content=\"Est. tempo de leitura\" \/>\n\t<meta name=\"twitter:data1\" content=\"2 minutos\" \/>\n<script type=\"application\/ld+json\" class=\"yoast-schema-graph\">{\"@context\":\"https:\/\/schema.org\",\"@graph\":[{\"@type\":\"WebPage\",\"@id\":\"https:\/\/www.blogsoestado.com\/danielmatos\/vereador-honorato-denuncia-golpe-contra-lula-e-contra-democracia\/\",\"url\":\"https:\/\/www.blogsoestado.com\/danielmatos\/vereador-honorato-denuncia-golpe-contra-lula-e-contra-democracia\/\",\"name\":\"Vereador Honorato denuncia golpe contra Lula e contra a democracia - Daniel Matos\",\"isPartOf\":{\"@id\":\"https:\/\/www.blogsoestado.com\/danielmatos\/#website\"},\"primaryImageOfPage\":{\"@id\":\"https:\/\/www.blogsoestado.com\/danielmatos\/vereador-honorato-denuncia-golpe-contra-lula-e-contra-democracia\/#primaryimage\"},\"image\":{\"@id\":\"https:\/\/www.blogsoestado.com\/danielmatos\/vereador-honorato-denuncia-golpe-contra-lula-e-contra-democracia\/#primaryimage\"},\"thumbnailUrl\":\"https:\/\/www.blogsoestado.com\/danielmatos\/files\/2018\/04\/honorato-lula.jpeg\",\"datePublished\":\"2018-04-06T18:18:19+00:00\",\"author\":{\"@id\":\"\"},\"breadcrumb\":{\"@id\":\"https:\/\/www.blogsoestado.com\/danielmatos\/vereador-honorato-denuncia-golpe-contra-lula-e-contra-democracia\/#breadcrumb\"},\"inLanguage\":\"pt-BR\",\"potentialAction\":[{\"@type\":\"ReadAction\",\"target\":[\"https:\/\/www.blogsoestado.com\/danielmatos\/vereador-honorato-denuncia-golpe-contra-lula-e-contra-democracia\/\"]}]},{\"@type\":\"ImageObject\",\"inLanguage\":\"pt-BR\",\"@id\":\"https:\/\/www.blogsoestado.com\/danielmatos\/vereador-honorato-denuncia-golpe-contra-lula-e-contra-democracia\/#primaryimage\",\"url\":\"https:\/\/www.blogsoestado.com\/danielmatos\/files\/2018\/04\/honorato-lula.jpeg\",\"contentUrl\":\"https:\/\/www.blogsoestado.com\/danielmatos\/files\/2018\/04\/honorato-lula.jpeg\"},{\"@type\":\"BreadcrumbList\",\"@id\":\"https:\/\/www.blogsoestado.com\/danielmatos\/vereador-honorato-denuncia-golpe-contra-lula-e-contra-democracia\/#breadcrumb\",\"itemListElement\":[{\"@type\":\"ListItem\",\"position\":1,\"name\":\"In\u00edcio\",\"item\":\"https:\/\/www.blogsoestado.com\/danielmatos\/\"},{\"@type\":\"ListItem\",\"position\":2,\"name\":\"Vereador Honorato denuncia golpe contra Lula e contra a democracia\"}]},{\"@type\":\"WebSite\",\"@id\":\"https:\/\/www.blogsoestado.com\/danielmatos\/#website\",\"url\":\"https:\/\/www.blogsoestado.com\/danielmatos\/\",\"name\":\"Daniel Matos\",\"description\":\"\",\"potentialAction\":[{\"@type\":\"SearchAction\",\"target\":{\"@type\":\"EntryPoint\",\"urlTemplate\":\"https:\/\/www.blogsoestado.com\/danielmatos\/?s={search_term_string}\"},\"query-input\":{\"@type\":\"PropertyValueSpecification\",\"valueRequired\":true,\"valueName\":\"search_term_string\"}}],\"inLanguage\":\"pt-BR\"}]}<\/script>\n<!-- \/ Yoast SEO plugin. -->","yoast_head_json":{"title":"Vereador Honorato denuncia golpe contra Lula e contra a democracia - Daniel Matos","robots":{"index":"index","follow":"follow","max-snippet":"max-snippet:-1","max-image-preview":"max-image-preview:large","max-video-preview":"max-video-preview:-1"},"canonical":"https:\/\/www.blogsoestado.com\/danielmatos\/vereador-honorato-denuncia-golpe-contra-lula-e-contra-democracia\/","og_locale":"pt_BR","og_type":"article","og_title":"Vereador Honorato denuncia golpe contra Lula e contra a democracia - Daniel Matos","og_description":"Do Blog do Isa\u00edas Rocha O presidente do Diret\u00f3rio Municipal do PT de S\u00e3o Lu\u00eds, vereador Honorato Fernandes, em entrevista [&hellip;]","og_url":"https:\/\/www.blogsoestado.com\/danielmatos\/vereador-honorato-denuncia-golpe-contra-lula-e-contra-democracia\/","og_site_name":"Daniel Matos","article_published_time":"2018-04-06T18:18:19+00:00","og_image":[{"url":"https:\/\/www.blogsoestado.com\/danielmatos\/files\/2018\/04\/honorato-lula.jpeg","type":"","width":"","height":""}],"twitter_card":"summary_large_image","twitter_misc":{"Est. tempo de leitura":"2 minutos"},"schema":{"@context":"https:\/\/schema.org","@graph":[{"@type":"WebPage","@id":"https:\/\/www.blogsoestado.com\/danielmatos\/vereador-honorato-denuncia-golpe-contra-lula-e-contra-democracia\/","url":"https:\/\/www.blogsoestado.com\/danielmatos\/vereador-honorato-denuncia-golpe-contra-lula-e-contra-democracia\/","name":"Vereador Honorato denuncia golpe contra Lula e contra a democracia - Daniel Matos","isPartOf":{"@id":"https:\/\/www.blogsoestado.com\/danielmatos\/#website"},"primaryImageOfPage":{"@id":"https:\/\/www.blogsoestado.com\/danielmatos\/vereador-honorato-denuncia-golpe-contra-lula-e-contra-democracia\/#primaryimage"},"image":{"@id":"https:\/\/www.blogsoestado.com\/danielmatos\/vereador-honorato-denuncia-golpe-contra-lula-e-contra-democracia\/#primaryimage"},"thumbnailUrl":"https:\/\/www.blogsoestado.com\/danielmatos\/files\/2018\/04\/honorato-lula.jpeg","datePublished":"2018-04-06T18:18:19+00:00","author":{"@id":""},"breadcrumb":{"@id":"https:\/\/www.blogsoestado.com\/danielmatos\/vereador-honorato-denuncia-golpe-contra-lula-e-contra-democracia\/#breadcrumb"},"inLanguage":"pt-BR","potentialAction":[{"@type":"ReadAction","target":["https:\/\/www.blogsoestado.com\/danielmatos\/vereador-honorato-denuncia-golpe-contra-lula-e-contra-democracia\/"]}]},{"@type":"ImageObject","inLanguage":"pt-BR","@id":"https:\/\/www.blogsoestado.com\/danielmatos\/vereador-honorato-denuncia-golpe-contra-lula-e-contra-democracia\/#primaryimage","url":"https:\/\/www.blogsoestado.com\/danielmatos\/files\/2018\/04\/honorato-lula.jpeg","contentUrl":"https:\/\/www.blogsoestado.com\/danielmatos\/files\/2018\/04\/honorato-lula.jpeg"},{"@type":"BreadcrumbList","@id":"https:\/\/www.blogsoestado.com\/danielmatos\/vereador-honorato-denuncia-golpe-contra-lula-e-contra-democracia\/#breadcrumb","itemListElement":[{"@type":"ListItem","position":1,"name":"In\u00edcio","item":"https:\/\/www.blogsoestado.com\/danielmatos\/"},{"@type":"ListItem","position":2,"name":"Vereador Honorato denuncia golpe contra Lula e contra a democracia"}]},{"@type":"WebSite","@id":"https:\/\/www.blogsoestado.com\/danielmatos\/#website","url":"https:\/\/www.blogsoestado.com\/danielmatos\/","name":"Daniel Matos","description":"","potentialAction":[{"@type":"SearchAction","target":{"@type":"EntryPoint","urlTemplate":"https:\/\/www.blogsoestado.com\/danielmatos\/?s={search_term_string}"},"query-input":{"@type":"PropertyValueSpecification","valueRequired":true,"valueName":"search_term_string"}}],"inLanguage":"pt-BR"}]}},"jetpack_featured_media_url":"","_links":{"self":[{"href":"https:\/\/www.blogsoestado.com\/danielmatos\/wp-json\/wp\/v2\/posts\/50169","targetHints":{"allow":["GET"]}}],"collection":[{"href":"https:\/\/www.blogsoestado.com\/danielmatos\/wp-json\/wp\/v2\/posts"}],"about":[{"href":"https:\/\/www.blogsoestado.com\/danielmatos\/wp-json\/wp\/v2\/types\/post"}],"replies":[{"embeddable":true,"href":"https:\/\/www.blogsoestado.com\/danielmatos\/wp-json\/wp\/v2\/comments?post=50169"}],"version-history":[{"count":0,"href":"https:\/\/www.blogsoestado.com\/danielmatos\/wp-json\/wp\/v2\/posts\/50169\/revisions"}],"wp:attachment":[{"href":"https:\/\/www.blogsoestado.com\/danielmatos\/wp-json\/wp\/v2\/media?parent=50169"}],"wp:term":[{"taxonomy":"category","embeddable":true,"href":"https:\/\/www.blogsoestado.com\/danielmatos\/wp-json\/wp\/v2\/categories?post=50169"},{"taxonomy":"post_tag","embeddable":true,"href":"https:\/\/www.blogsoestado.com\/danielmatos\/wp-json\/wp\/v2\/tags?post=50169"}],"curies":[{"name":"wp","href":"https:\/\/api.w.org\/{rel}","templated":true}]}}