{"id":50172,"date":"2018-04-06T15:36:41","date_gmt":"2018-04-06T18:36:41","guid":{"rendered":"https:\/\/www.blogsoestado.com\/danielmatos\/?p=50172"},"modified":"2018-04-06T15:36:41","modified_gmt":"2018-04-06T18:36:41","slug":"conheca-allan-garces-o-emergente-lider-da-direita-do-maranhao","status":"publish","type":"post","link":"https:\/\/www.blogsoestado.com\/danielmatos\/conheca-allan-garces-o-emergente-lider-da-direita-do-maranhao\/","title":{"rendered":"Conhe\u00e7a Allan Garc\u00eas, o emergente l\u00edder da direita do Maranh\u00e3o"},"content":{"rendered":"<p><a href=\"http:\/\/www.jhivagosales.com.br\/2018\/04\/conheca-alllan-garces-o-emergente-lider.html\"><strong>Blog Jhivago Sales<\/strong><\/a><\/p>\n<figure id=\"attachment_50173\" aria-describedby=\"caption-attachment-50173\" style=\"width: 403px\" class=\"wp-caption alignleft\"><img fetchpriority=\"high\" decoding=\"async\" class=\"size-full wp-image-50173\" src=\"https:\/\/www.blogsoestado.com\/danielmatos\/files\/2018\/04\/alan-garces.jpg\" alt=\"\" width=\"403\" height=\"336\" \/><figcaption id=\"caption-attachment-50173\" class=\"wp-caption-text\">Alan Garc\u00eas foi o articulador e principal mentor do levante da direita no Maranh\u00e3o<\/figcaption><\/figure>\n<p>Conhe\u00e7a o perfil, o que pensa, os ideais que luta e o que repudia e combate, Allan Garc\u00eas (foto), o mais novo l\u00edder pol\u00edtico da direita maranhense, idealizador e fundador da UDM \u2013 Uni\u00e3o da Direita Maranhense, uma organiza\u00e7\u00e3o de direita de apoio pol\u00edtico. M\u00e9dico e professor universit\u00e1rio, pai de fam\u00edlia, crist\u00e3o e um grande patriota, foi o articulador e principal mentor do levante da Direita em nosso estado. Ele contou a nossa reportagem que foi inspirado pelo seu principal exemplo de retid\u00e3o na pol\u00edtica, o Dep. Federal Jair Bolsonaro.<\/p>\n<p><strong>SAIBA O QUE ALLAN GARC\u00caS DEFENDE&#8230;<\/strong><\/p>\n<p>Ele \u00e9 um dos principais apoiadores de Bolsonaro, \u00e9 de direita conservadora, casado, cidad\u00e3o honrado, professor e m\u00e9dico respeitado, defende a vida e a fam\u00edlia. Para a Sa\u00fade P\u00fablica, defende que haja uma moderniza\u00e7\u00e3o da tabela de honor\u00e1rios e nos programas do SUS para uma maior aten\u00e7\u00e3o \u00e0 sa\u00fade prim\u00e1ria, defende a participa\u00e7\u00e3o de parecerias privada com hospitais, cl\u00ednicas e laborat\u00f3rios. Para Educa\u00e7\u00e3o, ele defende melhorias para professores e alunos, com escolas nos moldes disciplinares e de organiza\u00e7\u00e3o dos col\u00e9gios militares, defende ainda um maior investimento com maior acesso na Educa\u00e7\u00e3o fundamental e maior apoio para as Universidades na produ\u00e7\u00e3o de ci\u00eancia e pesquisa. Seguran\u00e7a P\u00fablica defende um maior apoio e autonomia \u00e0s pol\u00edcias auxiliares, excludente de ilicitude no exerc\u00edcio profissional, uma maior autonomia para o Minist\u00e9rio P\u00fablico e Pol\u00edcia Federal. \u00c9 a favor, desde que haja crit\u00e9rios estabelecidos, que o cidad\u00e3o de bem possa andar armado. Para a Economia, Allan Garc\u00eas, embora seja conservador nos costumes, apoia uma economia liberal, o livre mercado e a privatiza\u00e7\u00f5es de algumas empresas estatais. Defende a diminui\u00e7\u00e3o dos imposto e corre\u00e7\u00e3o da al\u00edquota do imposto de renda e uma menor taxa tribut\u00e1ria. \u00c9 a favor das 10 medidas contra a corrup\u00e7\u00e3o. \u00c9 a favor do Estado m\u00ednimo, com menos interfer\u00eancia na vida do cidad\u00e3o, \u00e9 a favor de se enxugar a m\u00e1quina p\u00fablica, com a implementa\u00e7\u00e3o da Meritocracia, como formas eficientes de promover o crescimento s\u00f3cio-econ\u00f4mico. Defende que os ju\u00edzes do STF devam ser magistrados de carreiras, defende o fim do foro privilegiado e a prote\u00e7\u00e3o da opera\u00e7\u00e3o Lava Jato.<\/p>\n<p><strong>SAIBA O QUE ELE COMBATE E \u00c9 CONTRA&#8230;<\/strong><\/p>\n<p>Allan combate veemente a corrup\u00e7\u00e3o, o aborto, a libera\u00e7\u00e3o das drogas, a ideologia de g\u00eanero e tudo que concorra para a destruir os valores morais e de fam\u00edlia. Critica o comunismo e o socialismo por entender que s\u00e3o regimes que na ess\u00eancia n\u00e3o contribui de forma efetiva para a humanidade. Combate e condena uma maior influ\u00eancia do Estado na vida do povo. Combate a m\u00e1quina p\u00fablica inchada, as regalias, os benef\u00edcios dos pol\u00edticos e o assistencialismo irrespons\u00e1vel e corrupto.<\/p>\n","protected":false},"excerpt":{"rendered":"<p>Blog Jhivago Sales Conhe\u00e7a o perfil, o que pensa, os ideais que luta e o que repudia e combate, Allan [&hellip;]<\/p>\n","protected":false},"author":0,"featured_media":0,"comment_status":"open","ping_status":"open","sticky":false,"template":"","format":"standard","meta":{"site-sidebar-layout":"default","site-content-layout":"","ast-site-content-layout":"default","site-content-style":"default","site-sidebar-style":"default","ast-global-header-display":"","ast-banner-title-visibility":"","ast-main-header-display":"","ast-hfb-above-header-display":"","ast-hfb-below-header-display":"","ast-hfb-mobile-header-display":"","site-post-title":"","ast-breadcrumbs-content":"","ast-featured-img":"","footer-sml-layout":"","ast-disable-related-posts":"","theme-transparent-header-meta":"","adv-header-id-meta":"","stick-header-meta":"","header-above-stick-meta":"","header-main-stick-meta":"","header-below-stick-meta":"","astra-migrate-meta-layouts":"default","ast-page-background-enabled":"default","ast-page-background-meta":{"desktop":{"background-color":"var(--ast-global-color-5)","background-image":"","background-repeat":"repeat","background-position":"center center","background-size":"auto","background-attachment":"scroll","background-type":"","background-media":"","overlay-type":"","overlay-color":"","overlay-opacity":"","overlay-gradient":""},"tablet":{"background-color":"","background-image":"","background-repeat":"repeat","background-position":"center center","background-size":"auto","background-attachment":"scroll","background-type":"","background-media":"","overlay-type":"","overlay-color":"","overlay-opacity":"","overlay-gradient":""},"mobile":{"background-color":"","background-image":"","background-repeat":"repeat","background-position":"center center","background-size":"auto","background-attachment":"scroll","background-type":"","background-media":"","overlay-type":"","overlay-color":"","overlay-opacity":"","overlay-gradient":""}},"ast-content-background-meta":{"desktop":{"background-color":"var(--ast-global-color-4)","background-image":"","background-repeat":"repeat","background-position":"center center","background-size":"auto","background-attachment":"scroll","background-type":"","background-media":"","overlay-type":"","overlay-color":"","overlay-opacity":"","overlay-gradient":""},"tablet":{"background-color":"var(--ast-global-color-4)","background-image":"","background-repeat":"repeat","background-position":"center center","background-size":"auto","background-attachment":"scroll","background-type":"","background-media":"","overlay-type":"","overlay-color":"","overlay-opacity":"","overlay-gradient":""},"mobile":{"background-color":"var(--ast-global-color-4)","background-image":"","background-repeat":"repeat","background-position":"center center","background-size":"auto","background-attachment":"scroll","background-type":"","background-media":"","overlay-type":"","overlay-color":"","overlay-opacity":"","overlay-gradient":""}},"footnotes":""},"categories":[1],"tags":[],"class_list":["post-50172","post","type-post","status-publish","format-standard","hentry","category-sem-categoria"],"yoast_head":"<!-- This site is optimized with the Yoast SEO plugin v26.6 - https:\/\/yoast.com\/wordpress\/plugins\/seo\/ -->\n<title>Conhe\u00e7a Allan Garc\u00eas, o emergente l\u00edder da direita do Maranh\u00e3o - Daniel Matos<\/title>\n<meta name=\"robots\" content=\"index, follow, max-snippet:-1, max-image-preview:large, max-video-preview:-1\" \/>\n<link rel=\"canonical\" href=\"https:\/\/www.blogsoestado.com\/danielmatos\/conheca-allan-garces-o-emergente-lider-da-direita-do-maranhao\/\" \/>\n<meta property=\"og:locale\" content=\"pt_BR\" \/>\n<meta property=\"og:type\" content=\"article\" \/>\n<meta property=\"og:title\" content=\"Conhe\u00e7a Allan Garc\u00eas, o emergente l\u00edder da direita do Maranh\u00e3o - Daniel Matos\" \/>\n<meta property=\"og:description\" content=\"Blog Jhivago Sales Conhe\u00e7a o perfil, o que pensa, os ideais que luta e o que repudia e combate, Allan [&hellip;]\" \/>\n<meta property=\"og:url\" content=\"https:\/\/www.blogsoestado.com\/danielmatos\/conheca-allan-garces-o-emergente-lider-da-direita-do-maranhao\/\" \/>\n<meta property=\"og:site_name\" content=\"Daniel Matos\" \/>\n<meta property=\"article:published_time\" content=\"2018-04-06T18:36:41+00:00\" \/>\n<meta property=\"og:image\" content=\"https:\/\/www.blogsoestado.com\/danielmatos\/files\/2018\/04\/alan-garces.jpg\" \/>\n<meta name=\"twitter:card\" content=\"summary_large_image\" \/>\n<meta name=\"twitter:label1\" content=\"Est. tempo de leitura\" \/>\n\t<meta name=\"twitter:data1\" content=\"3 minutos\" \/>\n<script type=\"application\/ld+json\" class=\"yoast-schema-graph\">{\"@context\":\"https:\/\/schema.org\",\"@graph\":[{\"@type\":\"WebPage\",\"@id\":\"https:\/\/www.blogsoestado.com\/danielmatos\/conheca-allan-garces-o-emergente-lider-da-direita-do-maranhao\/\",\"url\":\"https:\/\/www.blogsoestado.com\/danielmatos\/conheca-allan-garces-o-emergente-lider-da-direita-do-maranhao\/\",\"name\":\"Conhe\u00e7a Allan Garc\u00eas, o emergente l\u00edder da direita do Maranh\u00e3o - Daniel Matos\",\"isPartOf\":{\"@id\":\"https:\/\/www.blogsoestado.com\/danielmatos\/#website\"},\"primaryImageOfPage\":{\"@id\":\"https:\/\/www.blogsoestado.com\/danielmatos\/conheca-allan-garces-o-emergente-lider-da-direita-do-maranhao\/#primaryimage\"},\"image\":{\"@id\":\"https:\/\/www.blogsoestado.com\/danielmatos\/conheca-allan-garces-o-emergente-lider-da-direita-do-maranhao\/#primaryimage\"},\"thumbnailUrl\":\"https:\/\/www.blogsoestado.com\/danielmatos\/files\/2018\/04\/alan-garces.jpg\",\"datePublished\":\"2018-04-06T18:36:41+00:00\",\"author\":{\"@id\":\"\"},\"breadcrumb\":{\"@id\":\"https:\/\/www.blogsoestado.com\/danielmatos\/conheca-allan-garces-o-emergente-lider-da-direita-do-maranhao\/#breadcrumb\"},\"inLanguage\":\"pt-BR\",\"potentialAction\":[{\"@type\":\"ReadAction\",\"target\":[\"https:\/\/www.blogsoestado.com\/danielmatos\/conheca-allan-garces-o-emergente-lider-da-direita-do-maranhao\/\"]}]},{\"@type\":\"ImageObject\",\"inLanguage\":\"pt-BR\",\"@id\":\"https:\/\/www.blogsoestado.com\/danielmatos\/conheca-allan-garces-o-emergente-lider-da-direita-do-maranhao\/#primaryimage\",\"url\":\"https:\/\/www.blogsoestado.com\/danielmatos\/files\/2018\/04\/alan-garces.jpg\",\"contentUrl\":\"https:\/\/www.blogsoestado.com\/danielmatos\/files\/2018\/04\/alan-garces.jpg\"},{\"@type\":\"BreadcrumbList\",\"@id\":\"https:\/\/www.blogsoestado.com\/danielmatos\/conheca-allan-garces-o-emergente-lider-da-direita-do-maranhao\/#breadcrumb\",\"itemListElement\":[{\"@type\":\"ListItem\",\"position\":1,\"name\":\"In\u00edcio\",\"item\":\"https:\/\/www.blogsoestado.com\/danielmatos\/\"},{\"@type\":\"ListItem\",\"position\":2,\"name\":\"Conhe\u00e7a Allan Garc\u00eas, o emergente l\u00edder da direita do Maranh\u00e3o\"}]},{\"@type\":\"WebSite\",\"@id\":\"https:\/\/www.blogsoestado.com\/danielmatos\/#website\",\"url\":\"https:\/\/www.blogsoestado.com\/danielmatos\/\",\"name\":\"Daniel Matos\",\"description\":\"\",\"potentialAction\":[{\"@type\":\"SearchAction\",\"target\":{\"@type\":\"EntryPoint\",\"urlTemplate\":\"https:\/\/www.blogsoestado.com\/danielmatos\/?s={search_term_string}\"},\"query-input\":{\"@type\":\"PropertyValueSpecification\",\"valueRequired\":true,\"valueName\":\"search_term_string\"}}],\"inLanguage\":\"pt-BR\"}]}<\/script>\n<!-- \/ Yoast SEO plugin. -->","yoast_head_json":{"title":"Conhe\u00e7a Allan Garc\u00eas, o emergente l\u00edder da direita do Maranh\u00e3o - Daniel Matos","robots":{"index":"index","follow":"follow","max-snippet":"max-snippet:-1","max-image-preview":"max-image-preview:large","max-video-preview":"max-video-preview:-1"},"canonical":"https:\/\/www.blogsoestado.com\/danielmatos\/conheca-allan-garces-o-emergente-lider-da-direita-do-maranhao\/","og_locale":"pt_BR","og_type":"article","og_title":"Conhe\u00e7a Allan Garc\u00eas, o emergente l\u00edder da direita do Maranh\u00e3o - Daniel Matos","og_description":"Blog Jhivago Sales Conhe\u00e7a o perfil, o que pensa, os ideais que luta e o que repudia e combate, Allan [&hellip;]","og_url":"https:\/\/www.blogsoestado.com\/danielmatos\/conheca-allan-garces-o-emergente-lider-da-direita-do-maranhao\/","og_site_name":"Daniel Matos","article_published_time":"2018-04-06T18:36:41+00:00","og_image":[{"url":"https:\/\/www.blogsoestado.com\/danielmatos\/files\/2018\/04\/alan-garces.jpg","type":"","width":"","height":""}],"twitter_card":"summary_large_image","twitter_misc":{"Est. tempo de leitura":"3 minutos"},"schema":{"@context":"https:\/\/schema.org","@graph":[{"@type":"WebPage","@id":"https:\/\/www.blogsoestado.com\/danielmatos\/conheca-allan-garces-o-emergente-lider-da-direita-do-maranhao\/","url":"https:\/\/www.blogsoestado.com\/danielmatos\/conheca-allan-garces-o-emergente-lider-da-direita-do-maranhao\/","name":"Conhe\u00e7a Allan Garc\u00eas, o emergente l\u00edder da direita do Maranh\u00e3o - Daniel Matos","isPartOf":{"@id":"https:\/\/www.blogsoestado.com\/danielmatos\/#website"},"primaryImageOfPage":{"@id":"https:\/\/www.blogsoestado.com\/danielmatos\/conheca-allan-garces-o-emergente-lider-da-direita-do-maranhao\/#primaryimage"},"image":{"@id":"https:\/\/www.blogsoestado.com\/danielmatos\/conheca-allan-garces-o-emergente-lider-da-direita-do-maranhao\/#primaryimage"},"thumbnailUrl":"https:\/\/www.blogsoestado.com\/danielmatos\/files\/2018\/04\/alan-garces.jpg","datePublished":"2018-04-06T18:36:41+00:00","author":{"@id":""},"breadcrumb":{"@id":"https:\/\/www.blogsoestado.com\/danielmatos\/conheca-allan-garces-o-emergente-lider-da-direita-do-maranhao\/#breadcrumb"},"inLanguage":"pt-BR","potentialAction":[{"@type":"ReadAction","target":["https:\/\/www.blogsoestado.com\/danielmatos\/conheca-allan-garces-o-emergente-lider-da-direita-do-maranhao\/"]}]},{"@type":"ImageObject","inLanguage":"pt-BR","@id":"https:\/\/www.blogsoestado.com\/danielmatos\/conheca-allan-garces-o-emergente-lider-da-direita-do-maranhao\/#primaryimage","url":"https:\/\/www.blogsoestado.com\/danielmatos\/files\/2018\/04\/alan-garces.jpg","contentUrl":"https:\/\/www.blogsoestado.com\/danielmatos\/files\/2018\/04\/alan-garces.jpg"},{"@type":"BreadcrumbList","@id":"https:\/\/www.blogsoestado.com\/danielmatos\/conheca-allan-garces-o-emergente-lider-da-direita-do-maranhao\/#breadcrumb","itemListElement":[{"@type":"ListItem","position":1,"name":"In\u00edcio","item":"https:\/\/www.blogsoestado.com\/danielmatos\/"},{"@type":"ListItem","position":2,"name":"Conhe\u00e7a Allan Garc\u00eas, o emergente l\u00edder da direita do Maranh\u00e3o"}]},{"@type":"WebSite","@id":"https:\/\/www.blogsoestado.com\/danielmatos\/#website","url":"https:\/\/www.blogsoestado.com\/danielmatos\/","name":"Daniel Matos","description":"","potentialAction":[{"@type":"SearchAction","target":{"@type":"EntryPoint","urlTemplate":"https:\/\/www.blogsoestado.com\/danielmatos\/?s={search_term_string}"},"query-input":{"@type":"PropertyValueSpecification","valueRequired":true,"valueName":"search_term_string"}}],"inLanguage":"pt-BR"}]}},"jetpack_featured_media_url":"","_links":{"self":[{"href":"https:\/\/www.blogsoestado.com\/danielmatos\/wp-json\/wp\/v2\/posts\/50172","targetHints":{"allow":["GET"]}}],"collection":[{"href":"https:\/\/www.blogsoestado.com\/danielmatos\/wp-json\/wp\/v2\/posts"}],"about":[{"href":"https:\/\/www.blogsoestado.com\/danielmatos\/wp-json\/wp\/v2\/types\/post"}],"replies":[{"embeddable":true,"href":"https:\/\/www.blogsoestado.com\/danielmatos\/wp-json\/wp\/v2\/comments?post=50172"}],"version-history":[{"count":0,"href":"https:\/\/www.blogsoestado.com\/danielmatos\/wp-json\/wp\/v2\/posts\/50172\/revisions"}],"wp:attachment":[{"href":"https:\/\/www.blogsoestado.com\/danielmatos\/wp-json\/wp\/v2\/media?parent=50172"}],"wp:term":[{"taxonomy":"category","embeddable":true,"href":"https:\/\/www.blogsoestado.com\/danielmatos\/wp-json\/wp\/v2\/categories?post=50172"},{"taxonomy":"post_tag","embeddable":true,"href":"https:\/\/www.blogsoestado.com\/danielmatos\/wp-json\/wp\/v2\/tags?post=50172"}],"curies":[{"name":"wp","href":"https:\/\/api.w.org\/{rel}","templated":true}]}}