{"id":50180,"date":"2018-04-06T17:47:50","date_gmt":"2018-04-06T20:47:50","guid":{"rendered":"https:\/\/www.blogsoestado.com\/danielmatos\/?p=50180"},"modified":"2018-04-06T17:47:50","modified_gmt":"2018-04-06T20:47:50","slug":"policia-prende-chefe-do-trafico-na-baixada-e-apreende-armas-drogas-e-dinheiro","status":"publish","type":"post","link":"https:\/\/www.blogsoestado.com\/danielmatos\/policia-prende-chefe-do-trafico-na-baixada-e-apreende-armas-drogas-e-dinheiro\/","title":{"rendered":"Pol\u00edcia prende chefe do tr\u00e1fico na Baixada e apreende armas, drogas e dinheiro"},"content":{"rendered":"<figure id=\"attachment_50181\" aria-describedby=\"caption-attachment-50181\" style=\"width: 640px\" class=\"wp-caption aligncenter\"><img fetchpriority=\"high\" decoding=\"async\" class=\"size-full wp-image-50181\" src=\"https:\/\/www.blogsoestado.com\/danielmatos\/files\/2018\/04\/senarc-baixada.jpg\" alt=\"\" width=\"640\" height=\"480\" \/><figcaption id=\"caption-attachment-50181\" class=\"wp-caption-text\">Dinheiro, armas e drogas apreendidos pela Senarc em opera\u00e7\u00e3o contra o tr\u00e1fico na Baixada<\/figcaption><\/figure>\n<p>A Pol\u00edcia Civil, por meio da 6\u00aa Delegacia Regional de Viana, mais especificamente equipes de policiais civis dos munic\u00edpios de Matinha, Penalva e S\u00e3o Jo\u00e3o Batista, com apoio de equipes da Superintend\u00eancia Estadual de Repress\u00e3o ao Narcotr\u00e1fico (SENARC) e do c\u00e3o farejador \u201cVINY\u201d, bem como com o apoio da Unidade da For\u00e7a T\u00e1tica da Pol\u00edcia Militar da regi\u00e3o, deu cumprimento, na manh\u00e3 de ontem (5), por volta das 6h, a quatro mandados de buscas e apreens\u00f5es nos munic\u00edpios de Matinha e Olinda Nova.<\/p>\n<p>Foram presos em flagrante delito dos seguintes indiv\u00edduos: JADIEL MENDON\u00c7A MOTA, CONHECIDO POR \u201cJAQUE\u201d, 28 anos, o qual j\u00e1 foi preso por tr\u00e1fico il\u00edcito de drogas no ano de 2012; e NUBIA PEDREIRAS DOS REIS, 31 anos, esposa de \u201cJAQUE\u201d. Com eles foram apreendidos um rev\u00f3lver calibre 32, uma \u201cpedra\u201d de \u201cCRACK\u201d e balan\u00e7as de precis\u00e3o. Os dois foram autuados pelos crimes de tr\u00e1fico il\u00edcito de drogas, associa\u00e7\u00e3o para o tr\u00e1fico e posse irregular de arma de fogo.<\/p>\n<p>Tamb\u00e9m foi preso JOS\u00c9 DOMINGOS MENDON\u00c7A MOTA, 31 anos, irm\u00e3o de \u201cJAQUE\u201d, com o quem foi apreendido um rev\u00f3lver calibre 38. Ele foi autuado pelo crime de posse irregular de arma de fogo. Ambas as pris\u00f5es ocorreram no munic\u00edpio de Olinda Nova.<\/p>\n<figure id=\"attachment_50182\" aria-describedby=\"caption-attachment-50182\" style=\"width: 640px\" class=\"wp-caption aligncenter\"><img decoding=\"async\" class=\"size-full wp-image-50182\" src=\"https:\/\/www.blogsoestado.com\/danielmatos\/files\/2018\/04\/senarc-baixada2.jpg\" alt=\"\" width=\"640\" height=\"480\" \/><figcaption id=\"caption-attachment-50182\" class=\"wp-caption-text\">Traficantes presos na opera\u00e7\u00e3o conjunta realizada pela 6\u00aa Delegacia de Viana e pela Senarc na Baixada Maranhense<\/figcaption><\/figure>\n<p>Outros dois detidos foram RODRIGO COSTA CANTANHEDE, 27 anos; e LINDALVA GOMES COSTA, 47 anos, m\u00e3e de \u201cRODRIGO\u201d. Com eles foram apreendidas duas armas de fogo, sendo uma espingarda calibre 22 e outra espingarda calibre 12, com diversas muni\u00e7\u00f5es, e alguns inv\u00f3lucros de tamanho m\u00e9dio de \u201cCOCA\u00cdNA\u201d, al\u00e9m de R$ 1.130 (hum mil, cento e trinta reais) em dinheiro em esp\u00e9cie, oriundo da venda da droga. Ambos foram autuados pelos crimes de posse ilegal de arma de fogo de uso permitido, tr\u00e1fico de drogas e associa\u00e7\u00e3o para o tr\u00e1fico. As pris\u00f5es foram efetuadas no munic\u00edpio de Matinha.<\/p>\n<p>A Senarc informou que o preso JADIEL MENDON\u00c7A MOTA, vulgo \u201cJAQUE\u201d, era a pessoa respons\u00e1vel por comandar o tr\u00e1fico de drogas naquela regi\u00e3o do estado. A a\u00e7\u00e3o policial teve o objetivo de reprimir e prevenir novas infra\u00e7\u00f5es penais naquela regi\u00e3o do estado do Maranh\u00e3o.<\/p>\n","protected":false},"excerpt":{"rendered":"<p>A Pol\u00edcia Civil, por meio da 6\u00aa Delegacia Regional de Viana, mais especificamente equipes de policiais civis dos munic\u00edpios de [&hellip;]<\/p>\n","protected":false},"author":0,"featured_media":0,"comment_status":"open","ping_status":"open","sticky":false,"template":"","format":"standard","meta":{"site-sidebar-layout":"default","site-content-layout":"","ast-site-content-layout":"default","site-content-style":"default","site-sidebar-style":"default","ast-global-header-display":"","ast-banner-title-visibility":"","ast-main-header-display":"","ast-hfb-above-header-display":"","ast-hfb-below-header-display":"","ast-hfb-mobile-header-display":"","site-post-title":"","ast-breadcrumbs-content":"","ast-featured-img":"","footer-sml-layout":"","ast-disable-related-posts":"","theme-transparent-header-meta":"","adv-header-id-meta":"","stick-header-meta":"","header-above-stick-meta":"","header-main-stick-meta":"","header-below-stick-meta":"","astra-migrate-meta-layouts":"default","ast-page-background-enabled":"default","ast-page-background-meta":{"desktop":{"background-color":"var(--ast-global-color-5)","background-image":"","background-repeat":"repeat","background-position":"center center","background-size":"auto","background-attachment":"scroll","background-type":"","background-media":"","overlay-type":"","overlay-color":"","overlay-opacity":"","overlay-gradient":""},"tablet":{"background-color":"","background-image":"","background-repeat":"repeat","background-position":"center center","background-size":"auto","background-attachment":"scroll","background-type":"","background-media":"","overlay-type":"","overlay-color":"","overlay-opacity":"","overlay-gradient":""},"mobile":{"background-color":"","background-image":"","background-repeat":"repeat","background-position":"center center","background-size":"auto","background-attachment":"scroll","background-type":"","background-media":"","overlay-type":"","overlay-color":"","overlay-opacity":"","overlay-gradient":""}},"ast-content-background-meta":{"desktop":{"background-color":"var(--ast-global-color-4)","background-image":"","background-repeat":"repeat","background-position":"center center","background-size":"auto","background-attachment":"scroll","background-type":"","background-media":"","overlay-type":"","overlay-color":"","overlay-opacity":"","overlay-gradient":""},"tablet":{"background-color":"var(--ast-global-color-4)","background-image":"","background-repeat":"repeat","background-position":"center center","background-size":"auto","background-attachment":"scroll","background-type":"","background-media":"","overlay-type":"","overlay-color":"","overlay-opacity":"","overlay-gradient":""},"mobile":{"background-color":"var(--ast-global-color-4)","background-image":"","background-repeat":"repeat","background-position":"center center","background-size":"auto","background-attachment":"scroll","background-type":"","background-media":"","overlay-type":"","overlay-color":"","overlay-opacity":"","overlay-gradient":""}},"footnotes":""},"categories":[1],"tags":[],"class_list":["post-50180","post","type-post","status-publish","format-standard","hentry","category-sem-categoria"],"yoast_head":"<!-- This site is optimized with the Yoast SEO plugin v26.6 - https:\/\/yoast.com\/wordpress\/plugins\/seo\/ -->\n<title>Pol\u00edcia prende chefe do tr\u00e1fico na Baixada e apreende armas, drogas e dinheiro - Daniel Matos<\/title>\n<meta name=\"robots\" content=\"index, follow, max-snippet:-1, max-image-preview:large, max-video-preview:-1\" \/>\n<link rel=\"canonical\" href=\"https:\/\/www.blogsoestado.com\/danielmatos\/policia-prende-chefe-do-trafico-na-baixada-e-apreende-armas-drogas-e-dinheiro\/\" \/>\n<meta property=\"og:locale\" content=\"pt_BR\" \/>\n<meta property=\"og:type\" content=\"article\" \/>\n<meta property=\"og:title\" content=\"Pol\u00edcia prende chefe do tr\u00e1fico na Baixada e apreende armas, drogas e dinheiro - Daniel Matos\" \/>\n<meta property=\"og:description\" content=\"A Pol\u00edcia Civil, por meio da 6\u00aa Delegacia Regional de Viana, mais especificamente equipes de policiais civis dos munic\u00edpios de [&hellip;]\" \/>\n<meta property=\"og:url\" content=\"https:\/\/www.blogsoestado.com\/danielmatos\/policia-prende-chefe-do-trafico-na-baixada-e-apreende-armas-drogas-e-dinheiro\/\" \/>\n<meta property=\"og:site_name\" content=\"Daniel Matos\" \/>\n<meta property=\"article:published_time\" content=\"2018-04-06T20:47:50+00:00\" \/>\n<meta property=\"og:image\" content=\"https:\/\/www.blogsoestado.com\/danielmatos\/files\/2018\/04\/senarc-baixada.jpg\" \/>\n<meta name=\"twitter:card\" content=\"summary_large_image\" \/>\n<meta name=\"twitter:label1\" content=\"Est. tempo de leitura\" \/>\n\t<meta name=\"twitter:data1\" content=\"2 minutos\" \/>\n<script type=\"application\/ld+json\" class=\"yoast-schema-graph\">{\"@context\":\"https:\/\/schema.org\",\"@graph\":[{\"@type\":\"WebPage\",\"@id\":\"https:\/\/www.blogsoestado.com\/danielmatos\/policia-prende-chefe-do-trafico-na-baixada-e-apreende-armas-drogas-e-dinheiro\/\",\"url\":\"https:\/\/www.blogsoestado.com\/danielmatos\/policia-prende-chefe-do-trafico-na-baixada-e-apreende-armas-drogas-e-dinheiro\/\",\"name\":\"Pol\u00edcia prende chefe do tr\u00e1fico na Baixada e apreende armas, drogas e dinheiro - Daniel Matos\",\"isPartOf\":{\"@id\":\"https:\/\/www.blogsoestado.com\/danielmatos\/#website\"},\"primaryImageOfPage\":{\"@id\":\"https:\/\/www.blogsoestado.com\/danielmatos\/policia-prende-chefe-do-trafico-na-baixada-e-apreende-armas-drogas-e-dinheiro\/#primaryimage\"},\"image\":{\"@id\":\"https:\/\/www.blogsoestado.com\/danielmatos\/policia-prende-chefe-do-trafico-na-baixada-e-apreende-armas-drogas-e-dinheiro\/#primaryimage\"},\"thumbnailUrl\":\"https:\/\/www.blogsoestado.com\/danielmatos\/files\/2018\/04\/senarc-baixada.jpg\",\"datePublished\":\"2018-04-06T20:47:50+00:00\",\"author\":{\"@id\":\"\"},\"breadcrumb\":{\"@id\":\"https:\/\/www.blogsoestado.com\/danielmatos\/policia-prende-chefe-do-trafico-na-baixada-e-apreende-armas-drogas-e-dinheiro\/#breadcrumb\"},\"inLanguage\":\"pt-BR\",\"potentialAction\":[{\"@type\":\"ReadAction\",\"target\":[\"https:\/\/www.blogsoestado.com\/danielmatos\/policia-prende-chefe-do-trafico-na-baixada-e-apreende-armas-drogas-e-dinheiro\/\"]}]},{\"@type\":\"ImageObject\",\"inLanguage\":\"pt-BR\",\"@id\":\"https:\/\/www.blogsoestado.com\/danielmatos\/policia-prende-chefe-do-trafico-na-baixada-e-apreende-armas-drogas-e-dinheiro\/#primaryimage\",\"url\":\"https:\/\/www.blogsoestado.com\/danielmatos\/files\/2018\/04\/senarc-baixada.jpg\",\"contentUrl\":\"https:\/\/www.blogsoestado.com\/danielmatos\/files\/2018\/04\/senarc-baixada.jpg\"},{\"@type\":\"BreadcrumbList\",\"@id\":\"https:\/\/www.blogsoestado.com\/danielmatos\/policia-prende-chefe-do-trafico-na-baixada-e-apreende-armas-drogas-e-dinheiro\/#breadcrumb\",\"itemListElement\":[{\"@type\":\"ListItem\",\"position\":1,\"name\":\"In\u00edcio\",\"item\":\"https:\/\/www.blogsoestado.com\/danielmatos\/\"},{\"@type\":\"ListItem\",\"position\":2,\"name\":\"Pol\u00edcia prende chefe do tr\u00e1fico na Baixada e apreende armas, drogas e dinheiro\"}]},{\"@type\":\"WebSite\",\"@id\":\"https:\/\/www.blogsoestado.com\/danielmatos\/#website\",\"url\":\"https:\/\/www.blogsoestado.com\/danielmatos\/\",\"name\":\"Daniel Matos\",\"description\":\"\",\"potentialAction\":[{\"@type\":\"SearchAction\",\"target\":{\"@type\":\"EntryPoint\",\"urlTemplate\":\"https:\/\/www.blogsoestado.com\/danielmatos\/?s={search_term_string}\"},\"query-input\":{\"@type\":\"PropertyValueSpecification\",\"valueRequired\":true,\"valueName\":\"search_term_string\"}}],\"inLanguage\":\"pt-BR\"}]}<\/script>\n<!-- \/ Yoast SEO plugin. -->","yoast_head_json":{"title":"Pol\u00edcia prende chefe do tr\u00e1fico na Baixada e apreende armas, drogas e dinheiro - Daniel Matos","robots":{"index":"index","follow":"follow","max-snippet":"max-snippet:-1","max-image-preview":"max-image-preview:large","max-video-preview":"max-video-preview:-1"},"canonical":"https:\/\/www.blogsoestado.com\/danielmatos\/policia-prende-chefe-do-trafico-na-baixada-e-apreende-armas-drogas-e-dinheiro\/","og_locale":"pt_BR","og_type":"article","og_title":"Pol\u00edcia prende chefe do tr\u00e1fico na Baixada e apreende armas, drogas e dinheiro - Daniel Matos","og_description":"A Pol\u00edcia Civil, por meio da 6\u00aa Delegacia Regional de Viana, mais especificamente equipes de policiais civis dos munic\u00edpios de [&hellip;]","og_url":"https:\/\/www.blogsoestado.com\/danielmatos\/policia-prende-chefe-do-trafico-na-baixada-e-apreende-armas-drogas-e-dinheiro\/","og_site_name":"Daniel Matos","article_published_time":"2018-04-06T20:47:50+00:00","og_image":[{"url":"https:\/\/www.blogsoestado.com\/danielmatos\/files\/2018\/04\/senarc-baixada.jpg","type":"","width":"","height":""}],"twitter_card":"summary_large_image","twitter_misc":{"Est. tempo de leitura":"2 minutos"},"schema":{"@context":"https:\/\/schema.org","@graph":[{"@type":"WebPage","@id":"https:\/\/www.blogsoestado.com\/danielmatos\/policia-prende-chefe-do-trafico-na-baixada-e-apreende-armas-drogas-e-dinheiro\/","url":"https:\/\/www.blogsoestado.com\/danielmatos\/policia-prende-chefe-do-trafico-na-baixada-e-apreende-armas-drogas-e-dinheiro\/","name":"Pol\u00edcia prende chefe do tr\u00e1fico na Baixada e apreende armas, drogas e dinheiro - Daniel Matos","isPartOf":{"@id":"https:\/\/www.blogsoestado.com\/danielmatos\/#website"},"primaryImageOfPage":{"@id":"https:\/\/www.blogsoestado.com\/danielmatos\/policia-prende-chefe-do-trafico-na-baixada-e-apreende-armas-drogas-e-dinheiro\/#primaryimage"},"image":{"@id":"https:\/\/www.blogsoestado.com\/danielmatos\/policia-prende-chefe-do-trafico-na-baixada-e-apreende-armas-drogas-e-dinheiro\/#primaryimage"},"thumbnailUrl":"https:\/\/www.blogsoestado.com\/danielmatos\/files\/2018\/04\/senarc-baixada.jpg","datePublished":"2018-04-06T20:47:50+00:00","author":{"@id":""},"breadcrumb":{"@id":"https:\/\/www.blogsoestado.com\/danielmatos\/policia-prende-chefe-do-trafico-na-baixada-e-apreende-armas-drogas-e-dinheiro\/#breadcrumb"},"inLanguage":"pt-BR","potentialAction":[{"@type":"ReadAction","target":["https:\/\/www.blogsoestado.com\/danielmatos\/policia-prende-chefe-do-trafico-na-baixada-e-apreende-armas-drogas-e-dinheiro\/"]}]},{"@type":"ImageObject","inLanguage":"pt-BR","@id":"https:\/\/www.blogsoestado.com\/danielmatos\/policia-prende-chefe-do-trafico-na-baixada-e-apreende-armas-drogas-e-dinheiro\/#primaryimage","url":"https:\/\/www.blogsoestado.com\/danielmatos\/files\/2018\/04\/senarc-baixada.jpg","contentUrl":"https:\/\/www.blogsoestado.com\/danielmatos\/files\/2018\/04\/senarc-baixada.jpg"},{"@type":"BreadcrumbList","@id":"https:\/\/www.blogsoestado.com\/danielmatos\/policia-prende-chefe-do-trafico-na-baixada-e-apreende-armas-drogas-e-dinheiro\/#breadcrumb","itemListElement":[{"@type":"ListItem","position":1,"name":"In\u00edcio","item":"https:\/\/www.blogsoestado.com\/danielmatos\/"},{"@type":"ListItem","position":2,"name":"Pol\u00edcia prende chefe do tr\u00e1fico na Baixada e apreende armas, drogas e dinheiro"}]},{"@type":"WebSite","@id":"https:\/\/www.blogsoestado.com\/danielmatos\/#website","url":"https:\/\/www.blogsoestado.com\/danielmatos\/","name":"Daniel Matos","description":"","potentialAction":[{"@type":"SearchAction","target":{"@type":"EntryPoint","urlTemplate":"https:\/\/www.blogsoestado.com\/danielmatos\/?s={search_term_string}"},"query-input":{"@type":"PropertyValueSpecification","valueRequired":true,"valueName":"search_term_string"}}],"inLanguage":"pt-BR"}]}},"jetpack_featured_media_url":"","_links":{"self":[{"href":"https:\/\/www.blogsoestado.com\/danielmatos\/wp-json\/wp\/v2\/posts\/50180","targetHints":{"allow":["GET"]}}],"collection":[{"href":"https:\/\/www.blogsoestado.com\/danielmatos\/wp-json\/wp\/v2\/posts"}],"about":[{"href":"https:\/\/www.blogsoestado.com\/danielmatos\/wp-json\/wp\/v2\/types\/post"}],"replies":[{"embeddable":true,"href":"https:\/\/www.blogsoestado.com\/danielmatos\/wp-json\/wp\/v2\/comments?post=50180"}],"version-history":[{"count":0,"href":"https:\/\/www.blogsoestado.com\/danielmatos\/wp-json\/wp\/v2\/posts\/50180\/revisions"}],"wp:attachment":[{"href":"https:\/\/www.blogsoestado.com\/danielmatos\/wp-json\/wp\/v2\/media?parent=50180"}],"wp:term":[{"taxonomy":"category","embeddable":true,"href":"https:\/\/www.blogsoestado.com\/danielmatos\/wp-json\/wp\/v2\/categories?post=50180"},{"taxonomy":"post_tag","embeddable":true,"href":"https:\/\/www.blogsoestado.com\/danielmatos\/wp-json\/wp\/v2\/tags?post=50180"}],"curies":[{"name":"wp","href":"https:\/\/api.w.org\/{rel}","templated":true}]}}