{"id":50184,"date":"2018-04-06T18:07:11","date_gmt":"2018-04-06T21:07:11","guid":{"rendered":"https:\/\/www.blogsoestado.com\/danielmatos\/?p=50184"},"modified":"2018-04-06T18:07:11","modified_gmt":"2018-04-06T21:07:11","slug":"cezar-bombeiro-e-homenageado-por-colegas-que-completaram-30-anos-no-corpo-de-bombeiros","status":"publish","type":"post","link":"https:\/\/www.blogsoestado.com\/danielmatos\/cezar-bombeiro-e-homenageado-por-colegas-que-completaram-30-anos-no-corpo-de-bombeiros\/","title":{"rendered":"C\u00e9zar Bombeiro \u00e9 homenageado por colegas que completaram 30 anos no Corpo de Bombeiros"},"content":{"rendered":"<figure id=\"attachment_50185\" aria-describedby=\"caption-attachment-50185\" style=\"width: 640px\" class=\"wp-caption aligncenter\"><img fetchpriority=\"high\" decoding=\"async\" class=\"size-full wp-image-50185\" src=\"https:\/\/www.blogsoestado.com\/danielmatos\/files\/2018\/04\/bombeiro-homenagem.jpg\" alt=\"\" width=\"640\" height=\"480\" \/><figcaption id=\"caption-attachment-50185\" class=\"wp-caption-text\">Vereador C\u00e9zar Bombeiro integrou a primeira turma de soldados do Corpo de Bombeiros, formada h\u00e1 tr\u00eas d\u00e9cadas<\/figcaption><\/figure>\n<p>O vereador C\u00e9zar Bombeiro (PSD) e mais 168 colegas foram aprovados em concurso p\u00fablico para a primeira turma de soldados do Corpo de Bombeiros Militar do Maranh\u00e3o, formada no dia 4 de abril de 1988. Apesar de ter passado pouco tempo na corpora\u00e7\u00e3o, o vereador herdou dela o dignificante nome de Bombeiro, que o identifica at\u00e9 os dias atuais e\u00a0do qual ele n\u00e3o abdica.<\/p>\n<p>Os integrantes da primeira turma do concurso p\u00fablico para soldado militar do Corpo de Bombeiros decidiram marcar os 30 anos de uma importante conquista. Uma comiss\u00e3o conseguiu localizar os colegas que j\u00e1 deixaram a vida militar, os que ingressaram em outra atividade profissional, como C\u00e9zar Bombeiro, que depois mediante concurso p\u00fablico foi aprovado para o Sistema Penitenci\u00e1rio do Maranh\u00e3o, como agente.<\/p>\n<p>A iniciativa da importante comemora\u00e7\u00e3o dos 30 anos da turma do primeiro concurso p\u00fablico para militar do Corpo de Bombeiros contou com o apoio do Comando Geral com a integra\u00e7\u00e3o dos militares que fizeram parte da turma, o que acabou se constituindo em uma comemora\u00e7\u00e3o com registro nos anais da corpora\u00e7\u00e3o.<\/p>\n<p>O vereador C\u00e9zar Bombeiro e outros colegas que exercem atividades profissionais civis foram homenageados e informados que s\u00e3o partes integrantes da mem\u00f3ria do Corpo de Bombeiros do Maranh\u00e3o. Todos se emocionaram pela maneira afetiva e carinhosa de como foram recebidos e distinguidos na homenagem com a participa\u00e7\u00e3o efetiva de oficiais superiores e do Comando Geral do Corpo de Bombeiros.<\/p>\n<p>C\u00e9zar Bombeiro, que j\u00e1 havia apresentado ao plen\u00e1rio da C\u00e2mara Municipal, Mo\u00e7\u00e3o de Aplausos e Congratula\u00e7\u00f5es \u00e0 Primeira Turma do Concurso para Soldado do Bombeiro Militar, aprovada por unanimidade, informou que nela consta os nomes de todos os 169 soldados aprovados e que constam dos registros do legislativo municipal. Durante a solenidade de ontem realizada na unidade do Corpo de Bombeiros do Parque do Bom Menino, muitos integrantes da turma chegaram as l\u00e1grimas com o desfile e a execu\u00e7\u00e3o de hinos e marchas militares. O vereador disse que, se sentiu como um recruta iniciante pensando na constru\u00e7\u00e3o de uma vida futura e parabenizou os colegas que est\u00e3o em plena atividade, a maioria oficiais e outros que j\u00e1 se encontram na reserva, al\u00e9m dos que integram for\u00e7as militares no Maranh\u00e3o e fora do Estado, mas que s\u00e3o protagonistas dessa importante hist\u00f3ria, afirmou C\u00e9zar Bombeiro.<\/p>\n<p>Neste domingo no centro recreativo da corpora\u00e7\u00e3o no bairro do Ara\u00e7agi, os integrantes da primeira turma do Corpo de Bombeiros, estar\u00e3o reunidos com as suas familiares para a realiza\u00e7\u00e3o de um almo\u00e7o de confraterniza\u00e7\u00e3o.<\/p>\n","protected":false},"excerpt":{"rendered":"<p>O vereador C\u00e9zar Bombeiro (PSD) e mais 168 colegas foram aprovados em concurso p\u00fablico para a primeira turma de soldados [&hellip;]<\/p>\n","protected":false},"author":0,"featured_media":0,"comment_status":"open","ping_status":"open","sticky":false,"template":"","format":"standard","meta":{"site-sidebar-layout":"default","site-content-layout":"","ast-site-content-layout":"default","site-content-style":"default","site-sidebar-style":"default","ast-global-header-display":"","ast-banner-title-visibility":"","ast-main-header-display":"","ast-hfb-above-header-display":"","ast-hfb-below-header-display":"","ast-hfb-mobile-header-display":"","site-post-title":"","ast-breadcrumbs-content":"","ast-featured-img":"","footer-sml-layout":"","ast-disable-related-posts":"","theme-transparent-header-meta":"","adv-header-id-meta":"","stick-header-meta":"","header-above-stick-meta":"","header-main-stick-meta":"","header-below-stick-meta":"","astra-migrate-meta-layouts":"default","ast-page-background-enabled":"default","ast-page-background-meta":{"desktop":{"background-color":"var(--ast-global-color-5)","background-image":"","background-repeat":"repeat","background-position":"center center","background-size":"auto","background-attachment":"scroll","background-type":"","background-media":"","overlay-type":"","overlay-color":"","overlay-opacity":"","overlay-gradient":""},"tablet":{"background-color":"","background-image":"","background-repeat":"repeat","background-position":"center center","background-size":"auto","background-attachment":"scroll","background-type":"","background-media":"","overlay-type":"","overlay-color":"","overlay-opacity":"","overlay-gradient":""},"mobile":{"background-color":"","background-image":"","background-repeat":"repeat","background-position":"center center","background-size":"auto","background-attachment":"scroll","background-type":"","background-media":"","overlay-type":"","overlay-color":"","overlay-opacity":"","overlay-gradient":""}},"ast-content-background-meta":{"desktop":{"background-color":"var(--ast-global-color-4)","background-image":"","background-repeat":"repeat","background-position":"center center","background-size":"auto","background-attachment":"scroll","background-type":"","background-media":"","overlay-type":"","overlay-color":"","overlay-opacity":"","overlay-gradient":""},"tablet":{"background-color":"var(--ast-global-color-4)","background-image":"","background-repeat":"repeat","background-position":"center center","background-size":"auto","background-attachment":"scroll","background-type":"","background-media":"","overlay-type":"","overlay-color":"","overlay-opacity":"","overlay-gradient":""},"mobile":{"background-color":"var(--ast-global-color-4)","background-image":"","background-repeat":"repeat","background-position":"center center","background-size":"auto","background-attachment":"scroll","background-type":"","background-media":"","overlay-type":"","overlay-color":"","overlay-opacity":"","overlay-gradient":""}},"footnotes":""},"categories":[1],"tags":[],"class_list":["post-50184","post","type-post","status-publish","format-standard","hentry","category-sem-categoria"],"yoast_head":"<!-- This site is optimized with the Yoast SEO plugin v26.6 - https:\/\/yoast.com\/wordpress\/plugins\/seo\/ -->\n<title>C\u00e9zar Bombeiro \u00e9 homenageado por colegas que completaram 30 anos no Corpo de Bombeiros - Daniel Matos<\/title>\n<meta name=\"robots\" content=\"index, follow, max-snippet:-1, max-image-preview:large, max-video-preview:-1\" \/>\n<link rel=\"canonical\" href=\"https:\/\/www.blogsoestado.com\/danielmatos\/cezar-bombeiro-e-homenageado-por-colegas-que-completaram-30-anos-no-corpo-de-bombeiros\/\" \/>\n<meta property=\"og:locale\" content=\"pt_BR\" \/>\n<meta property=\"og:type\" content=\"article\" \/>\n<meta property=\"og:title\" content=\"C\u00e9zar Bombeiro \u00e9 homenageado por colegas que completaram 30 anos no Corpo de Bombeiros - Daniel Matos\" \/>\n<meta property=\"og:description\" content=\"O vereador C\u00e9zar Bombeiro (PSD) e mais 168 colegas foram aprovados em concurso p\u00fablico para a primeira turma de soldados [&hellip;]\" \/>\n<meta property=\"og:url\" content=\"https:\/\/www.blogsoestado.com\/danielmatos\/cezar-bombeiro-e-homenageado-por-colegas-que-completaram-30-anos-no-corpo-de-bombeiros\/\" \/>\n<meta property=\"og:site_name\" content=\"Daniel Matos\" \/>\n<meta property=\"article:published_time\" content=\"2018-04-06T21:07:11+00:00\" \/>\n<meta property=\"og:image\" content=\"https:\/\/www.blogsoestado.com\/danielmatos\/files\/2018\/04\/bombeiro-homenagem.jpg\" \/>\n<meta name=\"twitter:card\" content=\"summary_large_image\" \/>\n<meta name=\"twitter:label1\" content=\"Est. tempo de leitura\" \/>\n\t<meta name=\"twitter:data1\" content=\"2 minutos\" \/>\n<script type=\"application\/ld+json\" class=\"yoast-schema-graph\">{\"@context\":\"https:\/\/schema.org\",\"@graph\":[{\"@type\":\"WebPage\",\"@id\":\"https:\/\/www.blogsoestado.com\/danielmatos\/cezar-bombeiro-e-homenageado-por-colegas-que-completaram-30-anos-no-corpo-de-bombeiros\/\",\"url\":\"https:\/\/www.blogsoestado.com\/danielmatos\/cezar-bombeiro-e-homenageado-por-colegas-que-completaram-30-anos-no-corpo-de-bombeiros\/\",\"name\":\"C\u00e9zar Bombeiro \u00e9 homenageado por colegas que completaram 30 anos no Corpo de Bombeiros - Daniel Matos\",\"isPartOf\":{\"@id\":\"https:\/\/www.blogsoestado.com\/danielmatos\/#website\"},\"primaryImageOfPage\":{\"@id\":\"https:\/\/www.blogsoestado.com\/danielmatos\/cezar-bombeiro-e-homenageado-por-colegas-que-completaram-30-anos-no-corpo-de-bombeiros\/#primaryimage\"},\"image\":{\"@id\":\"https:\/\/www.blogsoestado.com\/danielmatos\/cezar-bombeiro-e-homenageado-por-colegas-que-completaram-30-anos-no-corpo-de-bombeiros\/#primaryimage\"},\"thumbnailUrl\":\"https:\/\/www.blogsoestado.com\/danielmatos\/files\/2018\/04\/bombeiro-homenagem.jpg\",\"datePublished\":\"2018-04-06T21:07:11+00:00\",\"author\":{\"@id\":\"\"},\"breadcrumb\":{\"@id\":\"https:\/\/www.blogsoestado.com\/danielmatos\/cezar-bombeiro-e-homenageado-por-colegas-que-completaram-30-anos-no-corpo-de-bombeiros\/#breadcrumb\"},\"inLanguage\":\"pt-BR\",\"potentialAction\":[{\"@type\":\"ReadAction\",\"target\":[\"https:\/\/www.blogsoestado.com\/danielmatos\/cezar-bombeiro-e-homenageado-por-colegas-que-completaram-30-anos-no-corpo-de-bombeiros\/\"]}]},{\"@type\":\"ImageObject\",\"inLanguage\":\"pt-BR\",\"@id\":\"https:\/\/www.blogsoestado.com\/danielmatos\/cezar-bombeiro-e-homenageado-por-colegas-que-completaram-30-anos-no-corpo-de-bombeiros\/#primaryimage\",\"url\":\"https:\/\/www.blogsoestado.com\/danielmatos\/files\/2018\/04\/bombeiro-homenagem.jpg\",\"contentUrl\":\"https:\/\/www.blogsoestado.com\/danielmatos\/files\/2018\/04\/bombeiro-homenagem.jpg\"},{\"@type\":\"BreadcrumbList\",\"@id\":\"https:\/\/www.blogsoestado.com\/danielmatos\/cezar-bombeiro-e-homenageado-por-colegas-que-completaram-30-anos-no-corpo-de-bombeiros\/#breadcrumb\",\"itemListElement\":[{\"@type\":\"ListItem\",\"position\":1,\"name\":\"In\u00edcio\",\"item\":\"https:\/\/www.blogsoestado.com\/danielmatos\/\"},{\"@type\":\"ListItem\",\"position\":2,\"name\":\"C\u00e9zar Bombeiro \u00e9 homenageado por colegas que completaram 30 anos no Corpo de Bombeiros\"}]},{\"@type\":\"WebSite\",\"@id\":\"https:\/\/www.blogsoestado.com\/danielmatos\/#website\",\"url\":\"https:\/\/www.blogsoestado.com\/danielmatos\/\",\"name\":\"Daniel Matos\",\"description\":\"\",\"potentialAction\":[{\"@type\":\"SearchAction\",\"target\":{\"@type\":\"EntryPoint\",\"urlTemplate\":\"https:\/\/www.blogsoestado.com\/danielmatos\/?s={search_term_string}\"},\"query-input\":{\"@type\":\"PropertyValueSpecification\",\"valueRequired\":true,\"valueName\":\"search_term_string\"}}],\"inLanguage\":\"pt-BR\"}]}<\/script>\n<!-- \/ Yoast SEO plugin. -->","yoast_head_json":{"title":"C\u00e9zar Bombeiro \u00e9 homenageado por colegas que completaram 30 anos no Corpo de Bombeiros - Daniel Matos","robots":{"index":"index","follow":"follow","max-snippet":"max-snippet:-1","max-image-preview":"max-image-preview:large","max-video-preview":"max-video-preview:-1"},"canonical":"https:\/\/www.blogsoestado.com\/danielmatos\/cezar-bombeiro-e-homenageado-por-colegas-que-completaram-30-anos-no-corpo-de-bombeiros\/","og_locale":"pt_BR","og_type":"article","og_title":"C\u00e9zar Bombeiro \u00e9 homenageado por colegas que completaram 30 anos no Corpo de Bombeiros - Daniel Matos","og_description":"O vereador C\u00e9zar Bombeiro (PSD) e mais 168 colegas foram aprovados em concurso p\u00fablico para a primeira turma de soldados [&hellip;]","og_url":"https:\/\/www.blogsoestado.com\/danielmatos\/cezar-bombeiro-e-homenageado-por-colegas-que-completaram-30-anos-no-corpo-de-bombeiros\/","og_site_name":"Daniel Matos","article_published_time":"2018-04-06T21:07:11+00:00","og_image":[{"url":"https:\/\/www.blogsoestado.com\/danielmatos\/files\/2018\/04\/bombeiro-homenagem.jpg","type":"","width":"","height":""}],"twitter_card":"summary_large_image","twitter_misc":{"Est. tempo de leitura":"2 minutos"},"schema":{"@context":"https:\/\/schema.org","@graph":[{"@type":"WebPage","@id":"https:\/\/www.blogsoestado.com\/danielmatos\/cezar-bombeiro-e-homenageado-por-colegas-que-completaram-30-anos-no-corpo-de-bombeiros\/","url":"https:\/\/www.blogsoestado.com\/danielmatos\/cezar-bombeiro-e-homenageado-por-colegas-que-completaram-30-anos-no-corpo-de-bombeiros\/","name":"C\u00e9zar Bombeiro \u00e9 homenageado por colegas que completaram 30 anos no Corpo de Bombeiros - Daniel Matos","isPartOf":{"@id":"https:\/\/www.blogsoestado.com\/danielmatos\/#website"},"primaryImageOfPage":{"@id":"https:\/\/www.blogsoestado.com\/danielmatos\/cezar-bombeiro-e-homenageado-por-colegas-que-completaram-30-anos-no-corpo-de-bombeiros\/#primaryimage"},"image":{"@id":"https:\/\/www.blogsoestado.com\/danielmatos\/cezar-bombeiro-e-homenageado-por-colegas-que-completaram-30-anos-no-corpo-de-bombeiros\/#primaryimage"},"thumbnailUrl":"https:\/\/www.blogsoestado.com\/danielmatos\/files\/2018\/04\/bombeiro-homenagem.jpg","datePublished":"2018-04-06T21:07:11+00:00","author":{"@id":""},"breadcrumb":{"@id":"https:\/\/www.blogsoestado.com\/danielmatos\/cezar-bombeiro-e-homenageado-por-colegas-que-completaram-30-anos-no-corpo-de-bombeiros\/#breadcrumb"},"inLanguage":"pt-BR","potentialAction":[{"@type":"ReadAction","target":["https:\/\/www.blogsoestado.com\/danielmatos\/cezar-bombeiro-e-homenageado-por-colegas-que-completaram-30-anos-no-corpo-de-bombeiros\/"]}]},{"@type":"ImageObject","inLanguage":"pt-BR","@id":"https:\/\/www.blogsoestado.com\/danielmatos\/cezar-bombeiro-e-homenageado-por-colegas-que-completaram-30-anos-no-corpo-de-bombeiros\/#primaryimage","url":"https:\/\/www.blogsoestado.com\/danielmatos\/files\/2018\/04\/bombeiro-homenagem.jpg","contentUrl":"https:\/\/www.blogsoestado.com\/danielmatos\/files\/2018\/04\/bombeiro-homenagem.jpg"},{"@type":"BreadcrumbList","@id":"https:\/\/www.blogsoestado.com\/danielmatos\/cezar-bombeiro-e-homenageado-por-colegas-que-completaram-30-anos-no-corpo-de-bombeiros\/#breadcrumb","itemListElement":[{"@type":"ListItem","position":1,"name":"In\u00edcio","item":"https:\/\/www.blogsoestado.com\/danielmatos\/"},{"@type":"ListItem","position":2,"name":"C\u00e9zar Bombeiro \u00e9 homenageado por colegas que completaram 30 anos no Corpo de Bombeiros"}]},{"@type":"WebSite","@id":"https:\/\/www.blogsoestado.com\/danielmatos\/#website","url":"https:\/\/www.blogsoestado.com\/danielmatos\/","name":"Daniel Matos","description":"","potentialAction":[{"@type":"SearchAction","target":{"@type":"EntryPoint","urlTemplate":"https:\/\/www.blogsoestado.com\/danielmatos\/?s={search_term_string}"},"query-input":{"@type":"PropertyValueSpecification","valueRequired":true,"valueName":"search_term_string"}}],"inLanguage":"pt-BR"}]}},"jetpack_featured_media_url":"","_links":{"self":[{"href":"https:\/\/www.blogsoestado.com\/danielmatos\/wp-json\/wp\/v2\/posts\/50184","targetHints":{"allow":["GET"]}}],"collection":[{"href":"https:\/\/www.blogsoestado.com\/danielmatos\/wp-json\/wp\/v2\/posts"}],"about":[{"href":"https:\/\/www.blogsoestado.com\/danielmatos\/wp-json\/wp\/v2\/types\/post"}],"replies":[{"embeddable":true,"href":"https:\/\/www.blogsoestado.com\/danielmatos\/wp-json\/wp\/v2\/comments?post=50184"}],"version-history":[{"count":0,"href":"https:\/\/www.blogsoestado.com\/danielmatos\/wp-json\/wp\/v2\/posts\/50184\/revisions"}],"wp:attachment":[{"href":"https:\/\/www.blogsoestado.com\/danielmatos\/wp-json\/wp\/v2\/media?parent=50184"}],"wp:term":[{"taxonomy":"category","embeddable":true,"href":"https:\/\/www.blogsoestado.com\/danielmatos\/wp-json\/wp\/v2\/categories?post=50184"},{"taxonomy":"post_tag","embeddable":true,"href":"https:\/\/www.blogsoestado.com\/danielmatos\/wp-json\/wp\/v2\/tags?post=50184"}],"curies":[{"name":"wp","href":"https:\/\/api.w.org\/{rel}","templated":true}]}}