{"id":50193,"date":"2018-04-06T21:00:23","date_gmt":"2018-04-07T00:00:23","guid":{"rendered":"https:\/\/www.blogsoestado.com\/danielmatos\/?p=50193"},"modified":"2018-04-06T21:00:23","modified_gmt":"2018-04-07T00:00:23","slug":"wellington-chama-de-terrorismo-blitze-de-transito-ordenadas-por-flavio-dino-no-interior","status":"publish","type":"post","link":"https:\/\/www.blogsoestado.com\/danielmatos\/wellington-chama-de-terrorismo-blitze-de-transito-ordenadas-por-flavio-dino-no-interior\/","title":{"rendered":"Wellington chama de terrorismo blitze de tr\u00e2nsito ordenadas por Fl\u00e1vio Dino no interior"},"content":{"rendered":"<figure id=\"attachment_50194\" aria-describedby=\"caption-attachment-50194\" style=\"width: 640px\" class=\"wp-caption aligncenter\"><img fetchpriority=\"high\" decoding=\"async\" class=\"size-full wp-image-50194\" src=\"https:\/\/www.blogsoestado.com\/danielmatos\/files\/2018\/04\/blitz-dino.jpg\" alt=\"\" width=\"640\" height=\"396\" \/><figcaption id=\"caption-attachment-50194\" class=\"wp-caption-text\">Militares abordam condutores em blitz realizada pelo BPRV em cidade do interior do Maranh\u00e3o<\/figcaption><\/figure>\n<p>Mais de 12 mil ve\u00edculos leiloados em menos de 3 anos. Esse \u00e9 o n\u00famero que reflete a \u00e2nsia da arrecada\u00e7\u00e3o descontrolada que move o Governador Fl\u00e1vio Dino (PC do B ). Tal cen\u00e1rio, que j\u00e1 \u00e9 visto de forma negativa nas cidades maranhenses, transformando-se em atos de terrorismo e que amedrontam trabalhadores e homens de bem, foi ponto do posicionamento do deputado Wellington do Curso, que levou depoimentos de trabalhadores, desempregados e moto-taxistas de v\u00e1rios munic\u00edpios do Maranh\u00e3o e que tiveram seus ve\u00edculos apreendidos por estarem com o IPVA atrasado.<\/p>\n<p>Wellington \u00e9 autor do Projeto de Lei 99\/2017, que pro\u00edbe apreens\u00e3o de ve\u00edculos por n\u00e3o pagamento de IPVA, entendimento j\u00e1 firmado pelo Supremo Tribunal Federal, mas que vem sendo desrespeitado por Fl\u00e1vio Dino.<\/p>\n<figure id=\"attachment_50195\" aria-describedby=\"caption-attachment-50195\" style=\"width: 650px\" class=\"wp-caption aligncenter\"><img decoding=\"async\" class=\"wp-image-50195\" src=\"https:\/\/www.blogsoestado.com\/danielmatos\/files\/2018\/04\/blitz-dino2.jpg\" alt=\"\" width=\"650\" height=\"366\" \/><figcaption id=\"caption-attachment-50195\" class=\"wp-caption-text\">Motos apreendidas em blitz do Batalh\u00e3o de Pol\u00edcia Rodovi\u00e1ria s\u00e3o colocadas sobre caminh\u00e3o-reboque<\/figcaption><\/figure>\n<p>\u201cDiferente de Fl\u00e1vio Dino, eu tenho contato direto com a popula\u00e7\u00e3o. Eu ou\u00e7o o maranhense, eu visito os munic\u00edpios e recebo as den\u00fancias. As blitz\u2019s de Fl\u00e1vio Dino se tornaram atos de terrorismo em cidades do Maranh\u00e3o e isso \u00e9 lament\u00e1vel. Isso tamb\u00e9m ocorre em alguns bairros da capital, sendo, inclusive, chamadas de \u2018blitz delivery\u2019. Est\u00e3o apreendendo o carro, a moto do agricultor, do pai de fam\u00edlia que usa aquele bem para trabalhar. Temos fotos de in\u00fameros munic\u00edpios, como Grajau, Barra do Corda, Trizidela e Pedreiras, onde, inclusive, o p\u00e1tio ficou lotado. \u00c9 isso mesmo: o p\u00e1tio quase que fica sem espa\u00e7o pra armazenar os ve\u00edculos apreendidos. Governador, se Vossa Excel\u00eancia n\u00e3o respeita a popula\u00e7\u00e3o do Maranh\u00e3o, fa\u00e7a cumprir, pelo menos, a Constitui\u00e7\u00e3o Federal. \u00c9 proibido confiscar bens! Por que tanto desrespeito? \u201c, questionou Wellington ao governador Fl\u00e1vio Dino.<\/p>\n<p>Al\u00e9m do Projeto de Lei que busca proibir a apreens\u00e3o de ve\u00edculos, o deputado Wellington tamb\u00e9m ingressou com representa\u00e7\u00e3o no Minist\u00e9rio P\u00fablico, OAB e Defensoria P\u00fablica para que, nos moldes do que j\u00e1 foi implantado em outros estados, como o Rio de Janeiro, se pro\u00edba a apreens\u00e3o de ve\u00edculos por n\u00e3o pagamento de IPVA.<\/p>\n","protected":false},"excerpt":{"rendered":"<p>Mais de 12 mil ve\u00edculos leiloados em menos de 3 anos. Esse \u00e9 o n\u00famero que reflete a \u00e2nsia da [&hellip;]<\/p>\n","protected":false},"author":0,"featured_media":0,"comment_status":"open","ping_status":"open","sticky":false,"template":"","format":"standard","meta":{"site-sidebar-layout":"default","site-content-layout":"","ast-site-content-layout":"default","site-content-style":"default","site-sidebar-style":"default","ast-global-header-display":"","ast-banner-title-visibility":"","ast-main-header-display":"","ast-hfb-above-header-display":"","ast-hfb-below-header-display":"","ast-hfb-mobile-header-display":"","site-post-title":"","ast-breadcrumbs-content":"","ast-featured-img":"","footer-sml-layout":"","ast-disable-related-posts":"","theme-transparent-header-meta":"","adv-header-id-meta":"","stick-header-meta":"","header-above-stick-meta":"","header-main-stick-meta":"","header-below-stick-meta":"","astra-migrate-meta-layouts":"default","ast-page-background-enabled":"default","ast-page-background-meta":{"desktop":{"background-color":"var(--ast-global-color-5)","background-image":"","background-repeat":"repeat","background-position":"center center","background-size":"auto","background-attachment":"scroll","background-type":"","background-media":"","overlay-type":"","overlay-color":"","overlay-opacity":"","overlay-gradient":""},"tablet":{"background-color":"","background-image":"","background-repeat":"repeat","background-position":"center center","background-size":"auto","background-attachment":"scroll","background-type":"","background-media":"","overlay-type":"","overlay-color":"","overlay-opacity":"","overlay-gradient":""},"mobile":{"background-color":"","background-image":"","background-repeat":"repeat","background-position":"center center","background-size":"auto","background-attachment":"scroll","background-type":"","background-media":"","overlay-type":"","overlay-color":"","overlay-opacity":"","overlay-gradient":""}},"ast-content-background-meta":{"desktop":{"background-color":"var(--ast-global-color-4)","background-image":"","background-repeat":"repeat","background-position":"center center","background-size":"auto","background-attachment":"scroll","background-type":"","background-media":"","overlay-type":"","overlay-color":"","overlay-opacity":"","overlay-gradient":""},"tablet":{"background-color":"var(--ast-global-color-4)","background-image":"","background-repeat":"repeat","background-position":"center center","background-size":"auto","background-attachment":"scroll","background-type":"","background-media":"","overlay-type":"","overlay-color":"","overlay-opacity":"","overlay-gradient":""},"mobile":{"background-color":"var(--ast-global-color-4)","background-image":"","background-repeat":"repeat","background-position":"center center","background-size":"auto","background-attachment":"scroll","background-type":"","background-media":"","overlay-type":"","overlay-color":"","overlay-opacity":"","overlay-gradient":""}},"footnotes":""},"categories":[1],"tags":[],"class_list":["post-50193","post","type-post","status-publish","format-standard","hentry","category-sem-categoria"],"yoast_head":"<!-- This site is optimized with the Yoast SEO plugin v26.6 - https:\/\/yoast.com\/wordpress\/plugins\/seo\/ -->\n<title>Wellington chama de terrorismo blitze de tr\u00e2nsito ordenadas por Fl\u00e1vio Dino no interior - Daniel Matos<\/title>\n<meta name=\"robots\" content=\"index, follow, max-snippet:-1, max-image-preview:large, max-video-preview:-1\" \/>\n<link rel=\"canonical\" href=\"https:\/\/www.blogsoestado.com\/danielmatos\/wellington-chama-de-terrorismo-blitze-de-transito-ordenadas-por-flavio-dino-no-interior\/\" \/>\n<meta property=\"og:locale\" content=\"pt_BR\" \/>\n<meta property=\"og:type\" content=\"article\" \/>\n<meta property=\"og:title\" content=\"Wellington chama de terrorismo blitze de tr\u00e2nsito ordenadas por Fl\u00e1vio Dino no interior - Daniel Matos\" \/>\n<meta property=\"og:description\" content=\"Mais de 12 mil ve\u00edculos leiloados em menos de 3 anos. Esse \u00e9 o n\u00famero que reflete a \u00e2nsia da [&hellip;]\" \/>\n<meta property=\"og:url\" content=\"https:\/\/www.blogsoestado.com\/danielmatos\/wellington-chama-de-terrorismo-blitze-de-transito-ordenadas-por-flavio-dino-no-interior\/\" \/>\n<meta property=\"og:site_name\" content=\"Daniel Matos\" \/>\n<meta property=\"article:published_time\" content=\"2018-04-07T00:00:23+00:00\" \/>\n<meta property=\"og:image\" content=\"https:\/\/www.blogsoestado.com\/danielmatos\/files\/2018\/04\/blitz-dino.jpg\" \/>\n<meta name=\"twitter:card\" content=\"summary_large_image\" \/>\n<meta name=\"twitter:label1\" content=\"Est. tempo de leitura\" \/>\n\t<meta name=\"twitter:data1\" content=\"2 minutos\" \/>\n<script type=\"application\/ld+json\" class=\"yoast-schema-graph\">{\"@context\":\"https:\/\/schema.org\",\"@graph\":[{\"@type\":\"WebPage\",\"@id\":\"https:\/\/www.blogsoestado.com\/danielmatos\/wellington-chama-de-terrorismo-blitze-de-transito-ordenadas-por-flavio-dino-no-interior\/\",\"url\":\"https:\/\/www.blogsoestado.com\/danielmatos\/wellington-chama-de-terrorismo-blitze-de-transito-ordenadas-por-flavio-dino-no-interior\/\",\"name\":\"Wellington chama de terrorismo blitze de tr\u00e2nsito ordenadas por Fl\u00e1vio Dino no interior - Daniel Matos\",\"isPartOf\":{\"@id\":\"https:\/\/www.blogsoestado.com\/danielmatos\/#website\"},\"primaryImageOfPage\":{\"@id\":\"https:\/\/www.blogsoestado.com\/danielmatos\/wellington-chama-de-terrorismo-blitze-de-transito-ordenadas-por-flavio-dino-no-interior\/#primaryimage\"},\"image\":{\"@id\":\"https:\/\/www.blogsoestado.com\/danielmatos\/wellington-chama-de-terrorismo-blitze-de-transito-ordenadas-por-flavio-dino-no-interior\/#primaryimage\"},\"thumbnailUrl\":\"https:\/\/www.blogsoestado.com\/danielmatos\/files\/2018\/04\/blitz-dino.jpg\",\"datePublished\":\"2018-04-07T00:00:23+00:00\",\"author\":{\"@id\":\"\"},\"breadcrumb\":{\"@id\":\"https:\/\/www.blogsoestado.com\/danielmatos\/wellington-chama-de-terrorismo-blitze-de-transito-ordenadas-por-flavio-dino-no-interior\/#breadcrumb\"},\"inLanguage\":\"pt-BR\",\"potentialAction\":[{\"@type\":\"ReadAction\",\"target\":[\"https:\/\/www.blogsoestado.com\/danielmatos\/wellington-chama-de-terrorismo-blitze-de-transito-ordenadas-por-flavio-dino-no-interior\/\"]}]},{\"@type\":\"ImageObject\",\"inLanguage\":\"pt-BR\",\"@id\":\"https:\/\/www.blogsoestado.com\/danielmatos\/wellington-chama-de-terrorismo-blitze-de-transito-ordenadas-por-flavio-dino-no-interior\/#primaryimage\",\"url\":\"https:\/\/www.blogsoestado.com\/danielmatos\/files\/2018\/04\/blitz-dino.jpg\",\"contentUrl\":\"https:\/\/www.blogsoestado.com\/danielmatos\/files\/2018\/04\/blitz-dino.jpg\"},{\"@type\":\"BreadcrumbList\",\"@id\":\"https:\/\/www.blogsoestado.com\/danielmatos\/wellington-chama-de-terrorismo-blitze-de-transito-ordenadas-por-flavio-dino-no-interior\/#breadcrumb\",\"itemListElement\":[{\"@type\":\"ListItem\",\"position\":1,\"name\":\"In\u00edcio\",\"item\":\"https:\/\/www.blogsoestado.com\/danielmatos\/\"},{\"@type\":\"ListItem\",\"position\":2,\"name\":\"Wellington chama de terrorismo blitze de tr\u00e2nsito ordenadas por Fl\u00e1vio Dino no interior\"}]},{\"@type\":\"WebSite\",\"@id\":\"https:\/\/www.blogsoestado.com\/danielmatos\/#website\",\"url\":\"https:\/\/www.blogsoestado.com\/danielmatos\/\",\"name\":\"Daniel Matos\",\"description\":\"\",\"potentialAction\":[{\"@type\":\"SearchAction\",\"target\":{\"@type\":\"EntryPoint\",\"urlTemplate\":\"https:\/\/www.blogsoestado.com\/danielmatos\/?s={search_term_string}\"},\"query-input\":{\"@type\":\"PropertyValueSpecification\",\"valueRequired\":true,\"valueName\":\"search_term_string\"}}],\"inLanguage\":\"pt-BR\"}]}<\/script>\n<!-- \/ Yoast SEO plugin. -->","yoast_head_json":{"title":"Wellington chama de terrorismo blitze de tr\u00e2nsito ordenadas por Fl\u00e1vio Dino no interior - Daniel Matos","robots":{"index":"index","follow":"follow","max-snippet":"max-snippet:-1","max-image-preview":"max-image-preview:large","max-video-preview":"max-video-preview:-1"},"canonical":"https:\/\/www.blogsoestado.com\/danielmatos\/wellington-chama-de-terrorismo-blitze-de-transito-ordenadas-por-flavio-dino-no-interior\/","og_locale":"pt_BR","og_type":"article","og_title":"Wellington chama de terrorismo blitze de tr\u00e2nsito ordenadas por Fl\u00e1vio Dino no interior - Daniel Matos","og_description":"Mais de 12 mil ve\u00edculos leiloados em menos de 3 anos. Esse \u00e9 o n\u00famero que reflete a \u00e2nsia da [&hellip;]","og_url":"https:\/\/www.blogsoestado.com\/danielmatos\/wellington-chama-de-terrorismo-blitze-de-transito-ordenadas-por-flavio-dino-no-interior\/","og_site_name":"Daniel Matos","article_published_time":"2018-04-07T00:00:23+00:00","og_image":[{"url":"https:\/\/www.blogsoestado.com\/danielmatos\/files\/2018\/04\/blitz-dino.jpg","type":"","width":"","height":""}],"twitter_card":"summary_large_image","twitter_misc":{"Est. tempo de leitura":"2 minutos"},"schema":{"@context":"https:\/\/schema.org","@graph":[{"@type":"WebPage","@id":"https:\/\/www.blogsoestado.com\/danielmatos\/wellington-chama-de-terrorismo-blitze-de-transito-ordenadas-por-flavio-dino-no-interior\/","url":"https:\/\/www.blogsoestado.com\/danielmatos\/wellington-chama-de-terrorismo-blitze-de-transito-ordenadas-por-flavio-dino-no-interior\/","name":"Wellington chama de terrorismo blitze de tr\u00e2nsito ordenadas por Fl\u00e1vio Dino no interior - Daniel Matos","isPartOf":{"@id":"https:\/\/www.blogsoestado.com\/danielmatos\/#website"},"primaryImageOfPage":{"@id":"https:\/\/www.blogsoestado.com\/danielmatos\/wellington-chama-de-terrorismo-blitze-de-transito-ordenadas-por-flavio-dino-no-interior\/#primaryimage"},"image":{"@id":"https:\/\/www.blogsoestado.com\/danielmatos\/wellington-chama-de-terrorismo-blitze-de-transito-ordenadas-por-flavio-dino-no-interior\/#primaryimage"},"thumbnailUrl":"https:\/\/www.blogsoestado.com\/danielmatos\/files\/2018\/04\/blitz-dino.jpg","datePublished":"2018-04-07T00:00:23+00:00","author":{"@id":""},"breadcrumb":{"@id":"https:\/\/www.blogsoestado.com\/danielmatos\/wellington-chama-de-terrorismo-blitze-de-transito-ordenadas-por-flavio-dino-no-interior\/#breadcrumb"},"inLanguage":"pt-BR","potentialAction":[{"@type":"ReadAction","target":["https:\/\/www.blogsoestado.com\/danielmatos\/wellington-chama-de-terrorismo-blitze-de-transito-ordenadas-por-flavio-dino-no-interior\/"]}]},{"@type":"ImageObject","inLanguage":"pt-BR","@id":"https:\/\/www.blogsoestado.com\/danielmatos\/wellington-chama-de-terrorismo-blitze-de-transito-ordenadas-por-flavio-dino-no-interior\/#primaryimage","url":"https:\/\/www.blogsoestado.com\/danielmatos\/files\/2018\/04\/blitz-dino.jpg","contentUrl":"https:\/\/www.blogsoestado.com\/danielmatos\/files\/2018\/04\/blitz-dino.jpg"},{"@type":"BreadcrumbList","@id":"https:\/\/www.blogsoestado.com\/danielmatos\/wellington-chama-de-terrorismo-blitze-de-transito-ordenadas-por-flavio-dino-no-interior\/#breadcrumb","itemListElement":[{"@type":"ListItem","position":1,"name":"In\u00edcio","item":"https:\/\/www.blogsoestado.com\/danielmatos\/"},{"@type":"ListItem","position":2,"name":"Wellington chama de terrorismo blitze de tr\u00e2nsito ordenadas por Fl\u00e1vio Dino no interior"}]},{"@type":"WebSite","@id":"https:\/\/www.blogsoestado.com\/danielmatos\/#website","url":"https:\/\/www.blogsoestado.com\/danielmatos\/","name":"Daniel Matos","description":"","potentialAction":[{"@type":"SearchAction","target":{"@type":"EntryPoint","urlTemplate":"https:\/\/www.blogsoestado.com\/danielmatos\/?s={search_term_string}"},"query-input":{"@type":"PropertyValueSpecification","valueRequired":true,"valueName":"search_term_string"}}],"inLanguage":"pt-BR"}]}},"jetpack_featured_media_url":"","_links":{"self":[{"href":"https:\/\/www.blogsoestado.com\/danielmatos\/wp-json\/wp\/v2\/posts\/50193","targetHints":{"allow":["GET"]}}],"collection":[{"href":"https:\/\/www.blogsoestado.com\/danielmatos\/wp-json\/wp\/v2\/posts"}],"about":[{"href":"https:\/\/www.blogsoestado.com\/danielmatos\/wp-json\/wp\/v2\/types\/post"}],"replies":[{"embeddable":true,"href":"https:\/\/www.blogsoestado.com\/danielmatos\/wp-json\/wp\/v2\/comments?post=50193"}],"version-history":[{"count":0,"href":"https:\/\/www.blogsoestado.com\/danielmatos\/wp-json\/wp\/v2\/posts\/50193\/revisions"}],"wp:attachment":[{"href":"https:\/\/www.blogsoestado.com\/danielmatos\/wp-json\/wp\/v2\/media?parent=50193"}],"wp:term":[{"taxonomy":"category","embeddable":true,"href":"https:\/\/www.blogsoestado.com\/danielmatos\/wp-json\/wp\/v2\/categories?post=50193"},{"taxonomy":"post_tag","embeddable":true,"href":"https:\/\/www.blogsoestado.com\/danielmatos\/wp-json\/wp\/v2\/tags?post=50193"}],"curies":[{"name":"wp","href":"https:\/\/api.w.org\/{rel}","templated":true}]}}