{"id":50223,"date":"2018-04-09T08:49:16","date_gmt":"2018-04-09T11:49:16","guid":{"rendered":"https:\/\/www.blogsoestado.com\/danielmatos\/?p=50223"},"modified":"2018-04-09T08:49:16","modified_gmt":"2018-04-09T11:49:16","slug":"audiencia-sobre-quadras-poliesportivas-e-campos-de-futebol-proporcionou-debates-indicacoes-e-criticas","status":"publish","type":"post","link":"https:\/\/www.blogsoestado.com\/danielmatos\/audiencia-sobre-quadras-poliesportivas-e-campos-de-futebol-proporcionou-debates-indicacoes-e-criticas\/","title":{"rendered":"Audi\u00eancia sobre quadras poliesportivas e campos de futebol proporcionou debates, indica\u00e7\u00f5es e cr\u00edticas"},"content":{"rendered":"<figure id=\"attachment_50224\" aria-describedby=\"caption-attachment-50224\" style=\"width: 640px\" class=\"wp-caption aligncenter\"><img fetchpriority=\"high\" decoding=\"async\" class=\"size-full wp-image-50224\" src=\"https:\/\/www.blogsoestado.com\/danielmatos\/files\/2018\/04\/bombeiro-quadras2.jpg\" alt=\"\" width=\"640\" height=\"480\" \/><figcaption id=\"caption-attachment-50224\" class=\"wp-caption-text\">Os vereadores C\u00e9zar Bombeiro e Marcial Lima e o secret\u00e1rio adjunto da SEMDEL, Alisson Penha, na mesa de discuss\u00f5es<\/figcaption><\/figure>\n<p>O vereador C\u00e9zar Bombeiro (PSD) conseguiu realizar, nesta sexta-feira (6), na C\u00e2mara Municipal de S\u00e3o Lu\u00eds, mais uma importante audi\u00eancia p\u00fablica. Colocou em pauta uma proveitosa discuss\u00e3o sobre Quadras Poliesportivas e Campos de Futebol, de responsabilidade da Prefeitura de S\u00e3o Lu\u00eds. A maioria est\u00e1 abandonada e n\u00e3o h\u00e1 uma politica espec\u00edfica para transformar os in\u00fameros espa\u00e7os para a pr\u00e1tica de esportes e educa\u00e7\u00e3o f\u00edsica, com a inser\u00e7\u00e3o de crian\u00e7as, adolescentes, jovens, adultos e idosos.<\/p>\n<p>O parlamentar do PSD fez a proposi\u00e7\u00e3o ao Legislativo S\u00e3o-luisense, depois de verificar in\u00fameros espa\u00e7os p\u00fablicos abandonados e mais precisamente em comunidades carentes, que necessitam de competi\u00e7\u00f5es esportivas e de exerc\u00edcios f\u00edsicos como lazer para todas as pessoas. \u00c0 audi\u00eancia p\u00fablica estiveram, al\u00e9m do autor, o vereador Marcial Lima, o secret\u00e1rio adjunto da Secretaria Municipal de Desportos e Lazer, Alisson Penha, e in\u00fameras lideran\u00e7as.<\/p>\n<p>O vereador Marcial Lima, com bastante determina\u00e7\u00e3o, falou sobre o abandono de importantes \u00e1reas de \u00e1reas, detendo-se sobre o Parque do Bom Menino e a Lagoa da Jansen, que muitas vezes s\u00e3o maquiadas e por falta de fiscaliza\u00e7\u00e3o e sem instrutores, acabam sendo depredadas ou simplesmente abandonada. No caso das academias ao ar livre com equipamentos para gin\u00e1stica, acabam se constituindo em risco a sa\u00fade das pessoas, por falta de profissionais especializados.<\/p>\n<p>Ele registrou, que em in\u00fameras capitais, as prefeituras fazem parcerias com empresas privadas e os resultados s\u00e3o satisfat\u00f3rios, deixando bem claro que no caso de S\u00e3o Lu\u00eds, falta vis\u00e3o para os gestores e capacidade para implementa\u00e7\u00e3o de uma politica com resultados bem satisfat\u00f3rios.<\/p>\n<p>O secret\u00e1rio adjunto Alisson Penha, da Sedel, fez um amplo relato de obras que estariam sendo executadas em v\u00e1rios bairros, com a proje\u00e7\u00e3o de slides, que n\u00e3o foram muito claros. Ele tentou fazer da audi\u00eancia p\u00fablica uma divulga\u00e7\u00e3o politica, relatando que muitas das obras s\u00e3o originadas de emendas parlamentar de um deputado federal, outras em conv\u00eanio com a Caixa Econ\u00f4mica e nenhuma do or\u00e7amento municipal, o que acabou ficando muito desejar e chegou a suscitar d\u00favidas.<\/p>\n<p>Um morador do bairro da Liberdade, perguntou ao secret\u00e1rio adjunto sobre a quadra da comunidade do Jap\u00e3o, abandonada h\u00e1 mais de tr\u00eas anos e que constantemente \u00e9 motivo de enrola\u00e7\u00e3o pelos gestores p\u00fablicos. Ele respondeu que as obras ser\u00e3o recome\u00e7adas em maio e que at\u00e9 agosto ela ser\u00e1 conclu\u00edda e inaugurada. O morador disse, que n\u00e3o ir\u00e1 difundir a informa\u00e7\u00e3o na comunidade para n\u00e3o causar mais uma frustra\u00e7\u00e3o aos moradores. In\u00fameras outras manifesta\u00e7\u00f5es foram colocadas por lideran\u00e7as de outros bairros.<\/p>\n<p>O vereador C\u00e9zar Bombeiro avaliou como positiva a audi\u00eancia p\u00fablica e que os questionamentos levantados, v\u00e3o servir para in\u00fameros encaminhamentos, inclusive propostas com requerimentos no parlamento municipal. Na avalia\u00e7\u00e3o dos presentes, o vereador C\u00e9zar Bombeiro consegue pelos seus princ\u00edpios de seriedade e compromisso promover debates voltados para os interesses coletivos.<\/p>\n","protected":false},"excerpt":{"rendered":"<p>O vereador C\u00e9zar Bombeiro (PSD) conseguiu realizar, nesta sexta-feira (6), na C\u00e2mara Municipal de S\u00e3o Lu\u00eds, mais uma importante audi\u00eancia [&hellip;]<\/p>\n","protected":false},"author":0,"featured_media":0,"comment_status":"open","ping_status":"open","sticky":false,"template":"","format":"standard","meta":{"site-sidebar-layout":"default","site-content-layout":"","ast-site-content-layout":"default","site-content-style":"default","site-sidebar-style":"default","ast-global-header-display":"","ast-banner-title-visibility":"","ast-main-header-display":"","ast-hfb-above-header-display":"","ast-hfb-below-header-display":"","ast-hfb-mobile-header-display":"","site-post-title":"","ast-breadcrumbs-content":"","ast-featured-img":"","footer-sml-layout":"","ast-disable-related-posts":"","theme-transparent-header-meta":"","adv-header-id-meta":"","stick-header-meta":"","header-above-stick-meta":"","header-main-stick-meta":"","header-below-stick-meta":"","astra-migrate-meta-layouts":"default","ast-page-background-enabled":"default","ast-page-background-meta":{"desktop":{"background-color":"var(--ast-global-color-5)","background-image":"","background-repeat":"repeat","background-position":"center center","background-size":"auto","background-attachment":"scroll","background-type":"","background-media":"","overlay-type":"","overlay-color":"","overlay-opacity":"","overlay-gradient":""},"tablet":{"background-color":"","background-image":"","background-repeat":"repeat","background-position":"center center","background-size":"auto","background-attachment":"scroll","background-type":"","background-media":"","overlay-type":"","overlay-color":"","overlay-opacity":"","overlay-gradient":""},"mobile":{"background-color":"","background-image":"","background-repeat":"repeat","background-position":"center center","background-size":"auto","background-attachment":"scroll","background-type":"","background-media":"","overlay-type":"","overlay-color":"","overlay-opacity":"","overlay-gradient":""}},"ast-content-background-meta":{"desktop":{"background-color":"var(--ast-global-color-4)","background-image":"","background-repeat":"repeat","background-position":"center center","background-size":"auto","background-attachment":"scroll","background-type":"","background-media":"","overlay-type":"","overlay-color":"","overlay-opacity":"","overlay-gradient":""},"tablet":{"background-color":"var(--ast-global-color-4)","background-image":"","background-repeat":"repeat","background-position":"center center","background-size":"auto","background-attachment":"scroll","background-type":"","background-media":"","overlay-type":"","overlay-color":"","overlay-opacity":"","overlay-gradient":""},"mobile":{"background-color":"var(--ast-global-color-4)","background-image":"","background-repeat":"repeat","background-position":"center center","background-size":"auto","background-attachment":"scroll","background-type":"","background-media":"","overlay-type":"","overlay-color":"","overlay-opacity":"","overlay-gradient":""}},"footnotes":""},"categories":[1],"tags":[],"class_list":["post-50223","post","type-post","status-publish","format-standard","hentry","category-sem-categoria"],"yoast_head":"<!-- This site is optimized with the Yoast SEO plugin v26.6 - https:\/\/yoast.com\/wordpress\/plugins\/seo\/ -->\n<title>Audi\u00eancia sobre quadras poliesportivas e campos de futebol proporcionou debates, indica\u00e7\u00f5es e cr\u00edticas - Daniel Matos<\/title>\n<meta name=\"robots\" content=\"index, follow, max-snippet:-1, max-image-preview:large, max-video-preview:-1\" \/>\n<link rel=\"canonical\" href=\"https:\/\/www.blogsoestado.com\/danielmatos\/audiencia-sobre-quadras-poliesportivas-e-campos-de-futebol-proporcionou-debates-indicacoes-e-criticas\/\" \/>\n<meta property=\"og:locale\" content=\"pt_BR\" \/>\n<meta property=\"og:type\" content=\"article\" \/>\n<meta property=\"og:title\" content=\"Audi\u00eancia sobre quadras poliesportivas e campos de futebol proporcionou debates, indica\u00e7\u00f5es e cr\u00edticas - Daniel Matos\" \/>\n<meta property=\"og:description\" content=\"O vereador C\u00e9zar Bombeiro (PSD) conseguiu realizar, nesta sexta-feira (6), na C\u00e2mara Municipal de S\u00e3o Lu\u00eds, mais uma importante audi\u00eancia [&hellip;]\" \/>\n<meta property=\"og:url\" content=\"https:\/\/www.blogsoestado.com\/danielmatos\/audiencia-sobre-quadras-poliesportivas-e-campos-de-futebol-proporcionou-debates-indicacoes-e-criticas\/\" \/>\n<meta property=\"og:site_name\" content=\"Daniel Matos\" \/>\n<meta property=\"article:published_time\" content=\"2018-04-09T11:49:16+00:00\" \/>\n<meta property=\"og:image\" content=\"https:\/\/www.blogsoestado.com\/danielmatos\/files\/2018\/04\/bombeiro-quadras2.jpg\" \/>\n<meta name=\"twitter:card\" content=\"summary_large_image\" \/>\n<meta name=\"twitter:label1\" content=\"Est. tempo de leitura\" \/>\n\t<meta name=\"twitter:data1\" content=\"3 minutos\" \/>\n<script type=\"application\/ld+json\" class=\"yoast-schema-graph\">{\"@context\":\"https:\/\/schema.org\",\"@graph\":[{\"@type\":\"WebPage\",\"@id\":\"https:\/\/www.blogsoestado.com\/danielmatos\/audiencia-sobre-quadras-poliesportivas-e-campos-de-futebol-proporcionou-debates-indicacoes-e-criticas\/\",\"url\":\"https:\/\/www.blogsoestado.com\/danielmatos\/audiencia-sobre-quadras-poliesportivas-e-campos-de-futebol-proporcionou-debates-indicacoes-e-criticas\/\",\"name\":\"Audi\u00eancia sobre quadras poliesportivas e campos de futebol proporcionou debates, indica\u00e7\u00f5es e cr\u00edticas - Daniel Matos\",\"isPartOf\":{\"@id\":\"https:\/\/www.blogsoestado.com\/danielmatos\/#website\"},\"primaryImageOfPage\":{\"@id\":\"https:\/\/www.blogsoestado.com\/danielmatos\/audiencia-sobre-quadras-poliesportivas-e-campos-de-futebol-proporcionou-debates-indicacoes-e-criticas\/#primaryimage\"},\"image\":{\"@id\":\"https:\/\/www.blogsoestado.com\/danielmatos\/audiencia-sobre-quadras-poliesportivas-e-campos-de-futebol-proporcionou-debates-indicacoes-e-criticas\/#primaryimage\"},\"thumbnailUrl\":\"https:\/\/www.blogsoestado.com\/danielmatos\/files\/2018\/04\/bombeiro-quadras2.jpg\",\"datePublished\":\"2018-04-09T11:49:16+00:00\",\"author\":{\"@id\":\"\"},\"breadcrumb\":{\"@id\":\"https:\/\/www.blogsoestado.com\/danielmatos\/audiencia-sobre-quadras-poliesportivas-e-campos-de-futebol-proporcionou-debates-indicacoes-e-criticas\/#breadcrumb\"},\"inLanguage\":\"pt-BR\",\"potentialAction\":[{\"@type\":\"ReadAction\",\"target\":[\"https:\/\/www.blogsoestado.com\/danielmatos\/audiencia-sobre-quadras-poliesportivas-e-campos-de-futebol-proporcionou-debates-indicacoes-e-criticas\/\"]}]},{\"@type\":\"ImageObject\",\"inLanguage\":\"pt-BR\",\"@id\":\"https:\/\/www.blogsoestado.com\/danielmatos\/audiencia-sobre-quadras-poliesportivas-e-campos-de-futebol-proporcionou-debates-indicacoes-e-criticas\/#primaryimage\",\"url\":\"https:\/\/www.blogsoestado.com\/danielmatos\/files\/2018\/04\/bombeiro-quadras2.jpg\",\"contentUrl\":\"https:\/\/www.blogsoestado.com\/danielmatos\/files\/2018\/04\/bombeiro-quadras2.jpg\"},{\"@type\":\"BreadcrumbList\",\"@id\":\"https:\/\/www.blogsoestado.com\/danielmatos\/audiencia-sobre-quadras-poliesportivas-e-campos-de-futebol-proporcionou-debates-indicacoes-e-criticas\/#breadcrumb\",\"itemListElement\":[{\"@type\":\"ListItem\",\"position\":1,\"name\":\"In\u00edcio\",\"item\":\"https:\/\/www.blogsoestado.com\/danielmatos\/\"},{\"@type\":\"ListItem\",\"position\":2,\"name\":\"Audi\u00eancia sobre quadras poliesportivas e campos de futebol proporcionou debates, indica\u00e7\u00f5es e cr\u00edticas\"}]},{\"@type\":\"WebSite\",\"@id\":\"https:\/\/www.blogsoestado.com\/danielmatos\/#website\",\"url\":\"https:\/\/www.blogsoestado.com\/danielmatos\/\",\"name\":\"Daniel Matos\",\"description\":\"\",\"potentialAction\":[{\"@type\":\"SearchAction\",\"target\":{\"@type\":\"EntryPoint\",\"urlTemplate\":\"https:\/\/www.blogsoestado.com\/danielmatos\/?s={search_term_string}\"},\"query-input\":{\"@type\":\"PropertyValueSpecification\",\"valueRequired\":true,\"valueName\":\"search_term_string\"}}],\"inLanguage\":\"pt-BR\"}]}<\/script>\n<!-- \/ Yoast SEO plugin. -->","yoast_head_json":{"title":"Audi\u00eancia sobre quadras poliesportivas e campos de futebol proporcionou debates, indica\u00e7\u00f5es e cr\u00edticas - Daniel Matos","robots":{"index":"index","follow":"follow","max-snippet":"max-snippet:-1","max-image-preview":"max-image-preview:large","max-video-preview":"max-video-preview:-1"},"canonical":"https:\/\/www.blogsoestado.com\/danielmatos\/audiencia-sobre-quadras-poliesportivas-e-campos-de-futebol-proporcionou-debates-indicacoes-e-criticas\/","og_locale":"pt_BR","og_type":"article","og_title":"Audi\u00eancia sobre quadras poliesportivas e campos de futebol proporcionou debates, indica\u00e7\u00f5es e cr\u00edticas - Daniel Matos","og_description":"O vereador C\u00e9zar Bombeiro (PSD) conseguiu realizar, nesta sexta-feira (6), na C\u00e2mara Municipal de S\u00e3o Lu\u00eds, mais uma importante audi\u00eancia [&hellip;]","og_url":"https:\/\/www.blogsoestado.com\/danielmatos\/audiencia-sobre-quadras-poliesportivas-e-campos-de-futebol-proporcionou-debates-indicacoes-e-criticas\/","og_site_name":"Daniel Matos","article_published_time":"2018-04-09T11:49:16+00:00","og_image":[{"url":"https:\/\/www.blogsoestado.com\/danielmatos\/files\/2018\/04\/bombeiro-quadras2.jpg","type":"","width":"","height":""}],"twitter_card":"summary_large_image","twitter_misc":{"Est. tempo de leitura":"3 minutos"},"schema":{"@context":"https:\/\/schema.org","@graph":[{"@type":"WebPage","@id":"https:\/\/www.blogsoestado.com\/danielmatos\/audiencia-sobre-quadras-poliesportivas-e-campos-de-futebol-proporcionou-debates-indicacoes-e-criticas\/","url":"https:\/\/www.blogsoestado.com\/danielmatos\/audiencia-sobre-quadras-poliesportivas-e-campos-de-futebol-proporcionou-debates-indicacoes-e-criticas\/","name":"Audi\u00eancia sobre quadras poliesportivas e campos de futebol proporcionou debates, indica\u00e7\u00f5es e cr\u00edticas - Daniel Matos","isPartOf":{"@id":"https:\/\/www.blogsoestado.com\/danielmatos\/#website"},"primaryImageOfPage":{"@id":"https:\/\/www.blogsoestado.com\/danielmatos\/audiencia-sobre-quadras-poliesportivas-e-campos-de-futebol-proporcionou-debates-indicacoes-e-criticas\/#primaryimage"},"image":{"@id":"https:\/\/www.blogsoestado.com\/danielmatos\/audiencia-sobre-quadras-poliesportivas-e-campos-de-futebol-proporcionou-debates-indicacoes-e-criticas\/#primaryimage"},"thumbnailUrl":"https:\/\/www.blogsoestado.com\/danielmatos\/files\/2018\/04\/bombeiro-quadras2.jpg","datePublished":"2018-04-09T11:49:16+00:00","author":{"@id":""},"breadcrumb":{"@id":"https:\/\/www.blogsoestado.com\/danielmatos\/audiencia-sobre-quadras-poliesportivas-e-campos-de-futebol-proporcionou-debates-indicacoes-e-criticas\/#breadcrumb"},"inLanguage":"pt-BR","potentialAction":[{"@type":"ReadAction","target":["https:\/\/www.blogsoestado.com\/danielmatos\/audiencia-sobre-quadras-poliesportivas-e-campos-de-futebol-proporcionou-debates-indicacoes-e-criticas\/"]}]},{"@type":"ImageObject","inLanguage":"pt-BR","@id":"https:\/\/www.blogsoestado.com\/danielmatos\/audiencia-sobre-quadras-poliesportivas-e-campos-de-futebol-proporcionou-debates-indicacoes-e-criticas\/#primaryimage","url":"https:\/\/www.blogsoestado.com\/danielmatos\/files\/2018\/04\/bombeiro-quadras2.jpg","contentUrl":"https:\/\/www.blogsoestado.com\/danielmatos\/files\/2018\/04\/bombeiro-quadras2.jpg"},{"@type":"BreadcrumbList","@id":"https:\/\/www.blogsoestado.com\/danielmatos\/audiencia-sobre-quadras-poliesportivas-e-campos-de-futebol-proporcionou-debates-indicacoes-e-criticas\/#breadcrumb","itemListElement":[{"@type":"ListItem","position":1,"name":"In\u00edcio","item":"https:\/\/www.blogsoestado.com\/danielmatos\/"},{"@type":"ListItem","position":2,"name":"Audi\u00eancia sobre quadras poliesportivas e campos de futebol proporcionou debates, indica\u00e7\u00f5es e cr\u00edticas"}]},{"@type":"WebSite","@id":"https:\/\/www.blogsoestado.com\/danielmatos\/#website","url":"https:\/\/www.blogsoestado.com\/danielmatos\/","name":"Daniel Matos","description":"","potentialAction":[{"@type":"SearchAction","target":{"@type":"EntryPoint","urlTemplate":"https:\/\/www.blogsoestado.com\/danielmatos\/?s={search_term_string}"},"query-input":{"@type":"PropertyValueSpecification","valueRequired":true,"valueName":"search_term_string"}}],"inLanguage":"pt-BR"}]}},"jetpack_featured_media_url":"","_links":{"self":[{"href":"https:\/\/www.blogsoestado.com\/danielmatos\/wp-json\/wp\/v2\/posts\/50223","targetHints":{"allow":["GET"]}}],"collection":[{"href":"https:\/\/www.blogsoestado.com\/danielmatos\/wp-json\/wp\/v2\/posts"}],"about":[{"href":"https:\/\/www.blogsoestado.com\/danielmatos\/wp-json\/wp\/v2\/types\/post"}],"replies":[{"embeddable":true,"href":"https:\/\/www.blogsoestado.com\/danielmatos\/wp-json\/wp\/v2\/comments?post=50223"}],"version-history":[{"count":0,"href":"https:\/\/www.blogsoestado.com\/danielmatos\/wp-json\/wp\/v2\/posts\/50223\/revisions"}],"wp:attachment":[{"href":"https:\/\/www.blogsoestado.com\/danielmatos\/wp-json\/wp\/v2\/media?parent=50223"}],"wp:term":[{"taxonomy":"category","embeddable":true,"href":"https:\/\/www.blogsoestado.com\/danielmatos\/wp-json\/wp\/v2\/categories?post=50223"},{"taxonomy":"post_tag","embeddable":true,"href":"https:\/\/www.blogsoestado.com\/danielmatos\/wp-json\/wp\/v2\/tags?post=50223"}],"curies":[{"name":"wp","href":"https:\/\/api.w.org\/{rel}","templated":true}]}}