{"id":50226,"date":"2018-04-09T09:19:46","date_gmt":"2018-04-09T12:19:46","guid":{"rendered":"https:\/\/www.blogsoestado.com\/danielmatos\/?p=50226"},"modified":"2018-04-09T09:19:46","modified_gmt":"2018-04-09T12:19:46","slug":"claro-e-boi-de-axixa-diz-gerente-de-negocios-da-empresa-ao-celebrar-parceria","status":"publish","type":"post","link":"https:\/\/www.blogsoestado.com\/danielmatos\/claro-e-boi-de-axixa-diz-gerente-de-negocios-da-empresa-ao-celebrar-parceria\/","title":{"rendered":"\u201cClaro \u00e9 Boi de Axix\u00e1\u201d, diz gerente de Neg\u00f3cios da empresa ao celebrar parceria"},"content":{"rendered":"<figure id=\"attachment_50227\" aria-describedby=\"caption-attachment-50227\" style=\"width: 640px\" class=\"wp-caption aligncenter\"><img fetchpriority=\"high\" decoding=\"async\" class=\"size-full wp-image-50227\" src=\"https:\/\/www.blogsoestado.com\/danielmatos\/files\/2018\/04\/axixa-claro.jpg\" alt=\"\" width=\"640\" height=\"480\" \/><figcaption id=\"caption-attachment-50227\" class=\"wp-caption-text\">A operadora de telefonia apoia, neste ano, v\u00e1rios grupos culturais, um deles o Boi de Axix\u00e1<\/figcaption><\/figure>\n<p>O Bumba meu Boi de Axix\u00e1, sotaque de orquestra, recebeu, no s\u00e1bado, a honrosa presen\u00e7a do gerente de neg\u00f3cios da operadora Claro, Gustavo Garc\u00eas, quando foi celebrado uma importante parceria. Ano que antecede os 60 anos da brincadeira.<\/p>\n<p>A empresa, que tem uma hist\u00f3ria formid\u00e1vel apoia neste ano v\u00e1rios grupos culturais e o Axix\u00e1 n\u00e3o poderia ficar de fora. \u201cFico muito feliz e extremamente satisfeito em ser recebido por esse calor humano. Isso \u00e9 apenas o come\u00e7o de uma parceria que acaba de florescer. A empresa Claro apoia essa cultura rica e linda do nosso estado. O boi de Axix\u00e1, refer\u00eancia no Maranh\u00e3o, est\u00e1 de parab\u00e9ns por nos representar muito bem. Claro \u00e9 Boi de Axix\u00e1\u201d, disse.<\/p>\n<figure id=\"attachment_50228\" aria-describedby=\"caption-attachment-50228\" style=\"width: 640px\" class=\"wp-caption aligncenter\"><img decoding=\"async\" class=\"size-full wp-image-50228\" src=\"https:\/\/www.blogsoestado.com\/danielmatos\/files\/2018\/04\/axixa-claro2.jpg\" alt=\"\" width=\"640\" height=\"342\" \/><figcaption id=\"caption-attachment-50228\" class=\"wp-caption-text\">Brincantes do Boi de Axix\u00e1 receberam representantes da Claro em clima de descontra\u00e7\u00e3o<\/figcaption><\/figure>\n<p>Recebendo o carinho da empresa que se consagrou no Brasil e no Maranh\u00e3o, Leila Naiva, comandante do Boi de Axix\u00e1, agradeceu o apoio recebido. \u201cA empresa claro se consagrou no Brasil e, especialmente, no nosso querido Maranh\u00e3o. Hoje fico muito feliz em poder receber esse carinho e apoio ao nosso batalh\u00e3o. Agrade\u00e7o ao gerente de neg\u00f3cios da operadora Claro, Gustavo Garc\u00eas, por sua grande atua\u00e7\u00e3o e pela celebra\u00e7\u00e3o da nossa parceria cultural\u201d, disse.<\/p>\n","protected":false},"excerpt":{"rendered":"<p>O Bumba meu Boi de Axix\u00e1, sotaque de orquestra, recebeu, no s\u00e1bado, a honrosa presen\u00e7a do gerente de neg\u00f3cios da [&hellip;]<\/p>\n","protected":false},"author":0,"featured_media":0,"comment_status":"open","ping_status":"open","sticky":false,"template":"","format":"standard","meta":{"site-sidebar-layout":"default","site-content-layout":"","ast-site-content-layout":"default","site-content-style":"default","site-sidebar-style":"default","ast-global-header-display":"","ast-banner-title-visibility":"","ast-main-header-display":"","ast-hfb-above-header-display":"","ast-hfb-below-header-display":"","ast-hfb-mobile-header-display":"","site-post-title":"","ast-breadcrumbs-content":"","ast-featured-img":"","footer-sml-layout":"","ast-disable-related-posts":"","theme-transparent-header-meta":"","adv-header-id-meta":"","stick-header-meta":"","header-above-stick-meta":"","header-main-stick-meta":"","header-below-stick-meta":"","astra-migrate-meta-layouts":"default","ast-page-background-enabled":"default","ast-page-background-meta":{"desktop":{"background-color":"var(--ast-global-color-5)","background-image":"","background-repeat":"repeat","background-position":"center center","background-size":"auto","background-attachment":"scroll","background-type":"","background-media":"","overlay-type":"","overlay-color":"","overlay-opacity":"","overlay-gradient":""},"tablet":{"background-color":"","background-image":"","background-repeat":"repeat","background-position":"center center","background-size":"auto","background-attachment":"scroll","background-type":"","background-media":"","overlay-type":"","overlay-color":"","overlay-opacity":"","overlay-gradient":""},"mobile":{"background-color":"","background-image":"","background-repeat":"repeat","background-position":"center center","background-size":"auto","background-attachment":"scroll","background-type":"","background-media":"","overlay-type":"","overlay-color":"","overlay-opacity":"","overlay-gradient":""}},"ast-content-background-meta":{"desktop":{"background-color":"var(--ast-global-color-4)","background-image":"","background-repeat":"repeat","background-position":"center center","background-size":"auto","background-attachment":"scroll","background-type":"","background-media":"","overlay-type":"","overlay-color":"","overlay-opacity":"","overlay-gradient":""},"tablet":{"background-color":"var(--ast-global-color-4)","background-image":"","background-repeat":"repeat","background-position":"center center","background-size":"auto","background-attachment":"scroll","background-type":"","background-media":"","overlay-type":"","overlay-color":"","overlay-opacity":"","overlay-gradient":""},"mobile":{"background-color":"var(--ast-global-color-4)","background-image":"","background-repeat":"repeat","background-position":"center center","background-size":"auto","background-attachment":"scroll","background-type":"","background-media":"","overlay-type":"","overlay-color":"","overlay-opacity":"","overlay-gradient":""}},"footnotes":""},"categories":[1],"tags":[],"class_list":["post-50226","post","type-post","status-publish","format-standard","hentry","category-sem-categoria"],"yoast_head":"<!-- This site is optimized with the Yoast SEO plugin v26.6 - https:\/\/yoast.com\/wordpress\/plugins\/seo\/ -->\n<title>\u201cClaro \u00e9 Boi de Axix\u00e1\u201d, diz gerente de Neg\u00f3cios da empresa ao celebrar parceria - Daniel Matos<\/title>\n<meta name=\"robots\" content=\"index, follow, max-snippet:-1, max-image-preview:large, max-video-preview:-1\" \/>\n<link rel=\"canonical\" href=\"https:\/\/www.blogsoestado.com\/danielmatos\/claro-e-boi-de-axixa-diz-gerente-de-negocios-da-empresa-ao-celebrar-parceria\/\" \/>\n<meta property=\"og:locale\" content=\"pt_BR\" \/>\n<meta property=\"og:type\" content=\"article\" \/>\n<meta property=\"og:title\" content=\"\u201cClaro \u00e9 Boi de Axix\u00e1\u201d, diz gerente de Neg\u00f3cios da empresa ao celebrar parceria - Daniel Matos\" \/>\n<meta property=\"og:description\" content=\"O Bumba meu Boi de Axix\u00e1, sotaque de orquestra, recebeu, no s\u00e1bado, a honrosa presen\u00e7a do gerente de neg\u00f3cios da [&hellip;]\" \/>\n<meta property=\"og:url\" content=\"https:\/\/www.blogsoestado.com\/danielmatos\/claro-e-boi-de-axixa-diz-gerente-de-negocios-da-empresa-ao-celebrar-parceria\/\" \/>\n<meta property=\"og:site_name\" content=\"Daniel Matos\" \/>\n<meta property=\"article:published_time\" content=\"2018-04-09T12:19:46+00:00\" \/>\n<meta property=\"og:image\" content=\"https:\/\/www.blogsoestado.com\/danielmatos\/files\/2018\/04\/axixa-claro.jpg\" \/>\n<meta name=\"twitter:card\" content=\"summary_large_image\" \/>\n<meta name=\"twitter:label1\" content=\"Est. tempo de leitura\" \/>\n\t<meta name=\"twitter:data1\" content=\"1 minuto\" \/>\n<script type=\"application\/ld+json\" class=\"yoast-schema-graph\">{\"@context\":\"https:\/\/schema.org\",\"@graph\":[{\"@type\":\"WebPage\",\"@id\":\"https:\/\/www.blogsoestado.com\/danielmatos\/claro-e-boi-de-axixa-diz-gerente-de-negocios-da-empresa-ao-celebrar-parceria\/\",\"url\":\"https:\/\/www.blogsoestado.com\/danielmatos\/claro-e-boi-de-axixa-diz-gerente-de-negocios-da-empresa-ao-celebrar-parceria\/\",\"name\":\"\u201cClaro \u00e9 Boi de Axix\u00e1\u201d, diz gerente de Neg\u00f3cios da empresa ao celebrar parceria - Daniel Matos\",\"isPartOf\":{\"@id\":\"https:\/\/www.blogsoestado.com\/danielmatos\/#website\"},\"primaryImageOfPage\":{\"@id\":\"https:\/\/www.blogsoestado.com\/danielmatos\/claro-e-boi-de-axixa-diz-gerente-de-negocios-da-empresa-ao-celebrar-parceria\/#primaryimage\"},\"image\":{\"@id\":\"https:\/\/www.blogsoestado.com\/danielmatos\/claro-e-boi-de-axixa-diz-gerente-de-negocios-da-empresa-ao-celebrar-parceria\/#primaryimage\"},\"thumbnailUrl\":\"https:\/\/www.blogsoestado.com\/danielmatos\/files\/2018\/04\/axixa-claro.jpg\",\"datePublished\":\"2018-04-09T12:19:46+00:00\",\"author\":{\"@id\":\"\"},\"breadcrumb\":{\"@id\":\"https:\/\/www.blogsoestado.com\/danielmatos\/claro-e-boi-de-axixa-diz-gerente-de-negocios-da-empresa-ao-celebrar-parceria\/#breadcrumb\"},\"inLanguage\":\"pt-BR\",\"potentialAction\":[{\"@type\":\"ReadAction\",\"target\":[\"https:\/\/www.blogsoestado.com\/danielmatos\/claro-e-boi-de-axixa-diz-gerente-de-negocios-da-empresa-ao-celebrar-parceria\/\"]}]},{\"@type\":\"ImageObject\",\"inLanguage\":\"pt-BR\",\"@id\":\"https:\/\/www.blogsoestado.com\/danielmatos\/claro-e-boi-de-axixa-diz-gerente-de-negocios-da-empresa-ao-celebrar-parceria\/#primaryimage\",\"url\":\"https:\/\/www.blogsoestado.com\/danielmatos\/files\/2018\/04\/axixa-claro.jpg\",\"contentUrl\":\"https:\/\/www.blogsoestado.com\/danielmatos\/files\/2018\/04\/axixa-claro.jpg\"},{\"@type\":\"BreadcrumbList\",\"@id\":\"https:\/\/www.blogsoestado.com\/danielmatos\/claro-e-boi-de-axixa-diz-gerente-de-negocios-da-empresa-ao-celebrar-parceria\/#breadcrumb\",\"itemListElement\":[{\"@type\":\"ListItem\",\"position\":1,\"name\":\"In\u00edcio\",\"item\":\"https:\/\/www.blogsoestado.com\/danielmatos\/\"},{\"@type\":\"ListItem\",\"position\":2,\"name\":\"\u201cClaro \u00e9 Boi de Axix\u00e1\u201d, diz gerente de Neg\u00f3cios da empresa ao celebrar parceria\"}]},{\"@type\":\"WebSite\",\"@id\":\"https:\/\/www.blogsoestado.com\/danielmatos\/#website\",\"url\":\"https:\/\/www.blogsoestado.com\/danielmatos\/\",\"name\":\"Daniel Matos\",\"description\":\"\",\"potentialAction\":[{\"@type\":\"SearchAction\",\"target\":{\"@type\":\"EntryPoint\",\"urlTemplate\":\"https:\/\/www.blogsoestado.com\/danielmatos\/?s={search_term_string}\"},\"query-input\":{\"@type\":\"PropertyValueSpecification\",\"valueRequired\":true,\"valueName\":\"search_term_string\"}}],\"inLanguage\":\"pt-BR\"}]}<\/script>\n<!-- \/ Yoast SEO plugin. -->","yoast_head_json":{"title":"\u201cClaro \u00e9 Boi de Axix\u00e1\u201d, diz gerente de Neg\u00f3cios da empresa ao celebrar parceria - Daniel Matos","robots":{"index":"index","follow":"follow","max-snippet":"max-snippet:-1","max-image-preview":"max-image-preview:large","max-video-preview":"max-video-preview:-1"},"canonical":"https:\/\/www.blogsoestado.com\/danielmatos\/claro-e-boi-de-axixa-diz-gerente-de-negocios-da-empresa-ao-celebrar-parceria\/","og_locale":"pt_BR","og_type":"article","og_title":"\u201cClaro \u00e9 Boi de Axix\u00e1\u201d, diz gerente de Neg\u00f3cios da empresa ao celebrar parceria - Daniel Matos","og_description":"O Bumba meu Boi de Axix\u00e1, sotaque de orquestra, recebeu, no s\u00e1bado, a honrosa presen\u00e7a do gerente de neg\u00f3cios da [&hellip;]","og_url":"https:\/\/www.blogsoestado.com\/danielmatos\/claro-e-boi-de-axixa-diz-gerente-de-negocios-da-empresa-ao-celebrar-parceria\/","og_site_name":"Daniel Matos","article_published_time":"2018-04-09T12:19:46+00:00","og_image":[{"url":"https:\/\/www.blogsoestado.com\/danielmatos\/files\/2018\/04\/axixa-claro.jpg","type":"","width":"","height":""}],"twitter_card":"summary_large_image","twitter_misc":{"Est. tempo de leitura":"1 minuto"},"schema":{"@context":"https:\/\/schema.org","@graph":[{"@type":"WebPage","@id":"https:\/\/www.blogsoestado.com\/danielmatos\/claro-e-boi-de-axixa-diz-gerente-de-negocios-da-empresa-ao-celebrar-parceria\/","url":"https:\/\/www.blogsoestado.com\/danielmatos\/claro-e-boi-de-axixa-diz-gerente-de-negocios-da-empresa-ao-celebrar-parceria\/","name":"\u201cClaro \u00e9 Boi de Axix\u00e1\u201d, diz gerente de Neg\u00f3cios da empresa ao celebrar parceria - Daniel Matos","isPartOf":{"@id":"https:\/\/www.blogsoestado.com\/danielmatos\/#website"},"primaryImageOfPage":{"@id":"https:\/\/www.blogsoestado.com\/danielmatos\/claro-e-boi-de-axixa-diz-gerente-de-negocios-da-empresa-ao-celebrar-parceria\/#primaryimage"},"image":{"@id":"https:\/\/www.blogsoestado.com\/danielmatos\/claro-e-boi-de-axixa-diz-gerente-de-negocios-da-empresa-ao-celebrar-parceria\/#primaryimage"},"thumbnailUrl":"https:\/\/www.blogsoestado.com\/danielmatos\/files\/2018\/04\/axixa-claro.jpg","datePublished":"2018-04-09T12:19:46+00:00","author":{"@id":""},"breadcrumb":{"@id":"https:\/\/www.blogsoestado.com\/danielmatos\/claro-e-boi-de-axixa-diz-gerente-de-negocios-da-empresa-ao-celebrar-parceria\/#breadcrumb"},"inLanguage":"pt-BR","potentialAction":[{"@type":"ReadAction","target":["https:\/\/www.blogsoestado.com\/danielmatos\/claro-e-boi-de-axixa-diz-gerente-de-negocios-da-empresa-ao-celebrar-parceria\/"]}]},{"@type":"ImageObject","inLanguage":"pt-BR","@id":"https:\/\/www.blogsoestado.com\/danielmatos\/claro-e-boi-de-axixa-diz-gerente-de-negocios-da-empresa-ao-celebrar-parceria\/#primaryimage","url":"https:\/\/www.blogsoestado.com\/danielmatos\/files\/2018\/04\/axixa-claro.jpg","contentUrl":"https:\/\/www.blogsoestado.com\/danielmatos\/files\/2018\/04\/axixa-claro.jpg"},{"@type":"BreadcrumbList","@id":"https:\/\/www.blogsoestado.com\/danielmatos\/claro-e-boi-de-axixa-diz-gerente-de-negocios-da-empresa-ao-celebrar-parceria\/#breadcrumb","itemListElement":[{"@type":"ListItem","position":1,"name":"In\u00edcio","item":"https:\/\/www.blogsoestado.com\/danielmatos\/"},{"@type":"ListItem","position":2,"name":"\u201cClaro \u00e9 Boi de Axix\u00e1\u201d, diz gerente de Neg\u00f3cios da empresa ao celebrar parceria"}]},{"@type":"WebSite","@id":"https:\/\/www.blogsoestado.com\/danielmatos\/#website","url":"https:\/\/www.blogsoestado.com\/danielmatos\/","name":"Daniel Matos","description":"","potentialAction":[{"@type":"SearchAction","target":{"@type":"EntryPoint","urlTemplate":"https:\/\/www.blogsoestado.com\/danielmatos\/?s={search_term_string}"},"query-input":{"@type":"PropertyValueSpecification","valueRequired":true,"valueName":"search_term_string"}}],"inLanguage":"pt-BR"}]}},"jetpack_featured_media_url":"","_links":{"self":[{"href":"https:\/\/www.blogsoestado.com\/danielmatos\/wp-json\/wp\/v2\/posts\/50226","targetHints":{"allow":["GET"]}}],"collection":[{"href":"https:\/\/www.blogsoestado.com\/danielmatos\/wp-json\/wp\/v2\/posts"}],"about":[{"href":"https:\/\/www.blogsoestado.com\/danielmatos\/wp-json\/wp\/v2\/types\/post"}],"replies":[{"embeddable":true,"href":"https:\/\/www.blogsoestado.com\/danielmatos\/wp-json\/wp\/v2\/comments?post=50226"}],"version-history":[{"count":0,"href":"https:\/\/www.blogsoestado.com\/danielmatos\/wp-json\/wp\/v2\/posts\/50226\/revisions"}],"wp:attachment":[{"href":"https:\/\/www.blogsoestado.com\/danielmatos\/wp-json\/wp\/v2\/media?parent=50226"}],"wp:term":[{"taxonomy":"category","embeddable":true,"href":"https:\/\/www.blogsoestado.com\/danielmatos\/wp-json\/wp\/v2\/categories?post=50226"},{"taxonomy":"post_tag","embeddable":true,"href":"https:\/\/www.blogsoestado.com\/danielmatos\/wp-json\/wp\/v2\/tags?post=50226"}],"curies":[{"name":"wp","href":"https:\/\/api.w.org\/{rel}","templated":true}]}}