{"id":50239,"date":"2018-04-09T10:47:01","date_gmt":"2018-04-09T13:47:01","guid":{"rendered":"https:\/\/www.blogsoestado.com\/danielmatos\/?p=50239"},"modified":"2018-04-09T10:47:01","modified_gmt":"2018-04-09T13:47:01","slug":"famem-e-sefaz-firmam-parceria-na-area-do-controle-fiscal","status":"publish","type":"post","link":"https:\/\/www.blogsoestado.com\/danielmatos\/famem-e-sefaz-firmam-parceria-na-area-do-controle-fiscal\/","title":{"rendered":"FAMEM e SEFAZ firmam parceria na \u00e1rea do controle fiscal"},"content":{"rendered":"<figure id=\"attachment_50240\" aria-describedby=\"caption-attachment-50240\" style=\"width: 448px\" class=\"wp-caption alignleft\"><img fetchpriority=\"high\" decoding=\"async\" class=\"size-full wp-image-50240\" src=\"https:\/\/www.blogsoestado.com\/danielmatos\/files\/2018\/04\/famem-sefaz.jpg\" alt=\"\" width=\"448\" height=\"336\" \/><figcaption id=\"caption-attachment-50240\" class=\"wp-caption-text\">Presidente da FAMEM, Cleomar Tema, com o secret\u00e1rio de Estado da Fazenda, Marcellus Ribeiro<\/figcaption><\/figure>\n<p>O secret\u00e1rio de Estado da Fazenda, Marcellus Ribeiro, e o presidente da Federa\u00e7\u00e3o dos Munic\u00edpios do Estado do Maranh\u00e3o (FAMEM), Cleomar Tema, assinaram conv\u00eanio de coopera\u00e7\u00e3o e assist\u00eancia m\u00fatua com a finalidade de fortalecer uma pol\u00edtica de a\u00e7\u00e3o integrada do governo Estado com os munic\u00edpios na \u00e1rea tribut\u00e1ria.<\/p>\n<p>\u201cO conv\u00eanio estabelece uma parceria entre o Estado e os munic\u00edpios, ampliando os controles fiscais sobre as opera\u00e7\u00f5es sujeitas ao ICMS, de modo a elevar a receita desse tributo, que \u00e9 compartilhada com as municipalidades\u201d, declarou Ribeiro.<\/p>\n<p>O ICMS \u00e9 o principal tributo arrecadado pelo Estado, com uma receita anual aproximada de R$ 7 bilh\u00f5es, dos quais 25%, aproximadamente 1,7 bilh\u00f5es s\u00e3o repassados aos munic\u00edpios maranhenses.<\/p>\n<p>O acordo de coopera\u00e7\u00e3o t\u00e9cnica vai acelerar tamb\u00e9m a troca das informa\u00e7\u00f5es e apoio t\u00e9cnico que subsidiem arrecada\u00e7\u00e3o do ISS, principal tributo arrecadado pelos munic\u00edpios e, al\u00e9m de auxiliar no combate a evas\u00e3o fiscal.<\/p>\n<p>Outros pontos centrais do conv\u00eanio tratam da troca de informa\u00e7\u00f5es para a elabora\u00e7\u00e3o do \u00edndice de participa\u00e7\u00e3o dos munic\u00edpios na arrecada\u00e7\u00e3o do ICMS, e do acompanhamento e controle efetivo da entrega das DIEF\u00b4s (Declara\u00e7\u00e3o de Informa\u00e7\u00f5es Econ\u00f4mico-Fiscais), pelos contribuintes que realizem opera\u00e7\u00f5es com mercadorias ou prestem servi\u00e7os de comunica\u00e7\u00e3o e de transportes.<\/p>\n<p>O conv\u00eanio com a FAMEM prev\u00ea a ades\u00e3o dos munic\u00edpios ao acordo de coopera\u00e7\u00e3o para acesso \u00e0s informa\u00e7\u00f5es que ser\u00e3o disponibilizadas pela SEFAZ.<\/p>\n<p>Os sistemas e os formatos a serem acessados, bem como as especifica\u00e7\u00f5es t\u00e9cnicas detalhadas, ser\u00e3o desenvolvidos em coopera\u00e7\u00e3o pelas SEFAZ e a FAMEM, possibilitando acesso online aos sistemas.<\/p>\n<p>A SEFAZ vai promover programa de capacita\u00e7\u00e3o dos servidores das prefeituras, disponibilizando t\u00e9cnicos fazend\u00e1rios para ministrar treinamentos necess\u00e1rios ao cumprimento das normas relativas ao ICMS, assim como enviar listagem com identifica\u00e7\u00e3o dos contribuintes que n\u00e3o apresentaram, tempestivamente a DIEF.<\/p>\n","protected":false},"excerpt":{"rendered":"<p>O secret\u00e1rio de Estado da Fazenda, Marcellus Ribeiro, e o presidente da Federa\u00e7\u00e3o dos Munic\u00edpios do Estado do Maranh\u00e3o (FAMEM), [&hellip;]<\/p>\n","protected":false},"author":0,"featured_media":0,"comment_status":"open","ping_status":"open","sticky":false,"template":"","format":"standard","meta":{"site-sidebar-layout":"default","site-content-layout":"","ast-site-content-layout":"default","site-content-style":"default","site-sidebar-style":"default","ast-global-header-display":"","ast-banner-title-visibility":"","ast-main-header-display":"","ast-hfb-above-header-display":"","ast-hfb-below-header-display":"","ast-hfb-mobile-header-display":"","site-post-title":"","ast-breadcrumbs-content":"","ast-featured-img":"","footer-sml-layout":"","ast-disable-related-posts":"","theme-transparent-header-meta":"","adv-header-id-meta":"","stick-header-meta":"","header-above-stick-meta":"","header-main-stick-meta":"","header-below-stick-meta":"","astra-migrate-meta-layouts":"default","ast-page-background-enabled":"default","ast-page-background-meta":{"desktop":{"background-color":"var(--ast-global-color-5)","background-image":"","background-repeat":"repeat","background-position":"center center","background-size":"auto","background-attachment":"scroll","background-type":"","background-media":"","overlay-type":"","overlay-color":"","overlay-opacity":"","overlay-gradient":""},"tablet":{"background-color":"","background-image":"","background-repeat":"repeat","background-position":"center center","background-size":"auto","background-attachment":"scroll","background-type":"","background-media":"","overlay-type":"","overlay-color":"","overlay-opacity":"","overlay-gradient":""},"mobile":{"background-color":"","background-image":"","background-repeat":"repeat","background-position":"center center","background-size":"auto","background-attachment":"scroll","background-type":"","background-media":"","overlay-type":"","overlay-color":"","overlay-opacity":"","overlay-gradient":""}},"ast-content-background-meta":{"desktop":{"background-color":"var(--ast-global-color-4)","background-image":"","background-repeat":"repeat","background-position":"center center","background-size":"auto","background-attachment":"scroll","background-type":"","background-media":"","overlay-type":"","overlay-color":"","overlay-opacity":"","overlay-gradient":""},"tablet":{"background-color":"var(--ast-global-color-4)","background-image":"","background-repeat":"repeat","background-position":"center center","background-size":"auto","background-attachment":"scroll","background-type":"","background-media":"","overlay-type":"","overlay-color":"","overlay-opacity":"","overlay-gradient":""},"mobile":{"background-color":"var(--ast-global-color-4)","background-image":"","background-repeat":"repeat","background-position":"center center","background-size":"auto","background-attachment":"scroll","background-type":"","background-media":"","overlay-type":"","overlay-color":"","overlay-opacity":"","overlay-gradient":""}},"footnotes":""},"categories":[1],"tags":[],"class_list":["post-50239","post","type-post","status-publish","format-standard","hentry","category-sem-categoria"],"yoast_head":"<!-- This site is optimized with the Yoast SEO plugin v26.6 - https:\/\/yoast.com\/wordpress\/plugins\/seo\/ -->\n<title>FAMEM e SEFAZ firmam parceria na \u00e1rea do controle fiscal - Daniel Matos<\/title>\n<meta name=\"robots\" content=\"index, follow, max-snippet:-1, max-image-preview:large, max-video-preview:-1\" \/>\n<link rel=\"canonical\" href=\"https:\/\/www.blogsoestado.com\/danielmatos\/famem-e-sefaz-firmam-parceria-na-area-do-controle-fiscal\/\" \/>\n<meta property=\"og:locale\" content=\"pt_BR\" \/>\n<meta property=\"og:type\" content=\"article\" \/>\n<meta property=\"og:title\" content=\"FAMEM e SEFAZ firmam parceria na \u00e1rea do controle fiscal - Daniel Matos\" \/>\n<meta property=\"og:description\" content=\"O secret\u00e1rio de Estado da Fazenda, Marcellus Ribeiro, e o presidente da Federa\u00e7\u00e3o dos Munic\u00edpios do Estado do Maranh\u00e3o (FAMEM), [&hellip;]\" \/>\n<meta property=\"og:url\" content=\"https:\/\/www.blogsoestado.com\/danielmatos\/famem-e-sefaz-firmam-parceria-na-area-do-controle-fiscal\/\" \/>\n<meta property=\"og:site_name\" content=\"Daniel Matos\" \/>\n<meta property=\"article:published_time\" content=\"2018-04-09T13:47:01+00:00\" \/>\n<meta property=\"og:image\" content=\"https:\/\/www.blogsoestado.com\/danielmatos\/files\/2018\/04\/famem-sefaz.jpg\" \/>\n<meta name=\"twitter:card\" content=\"summary_large_image\" \/>\n<meta name=\"twitter:label1\" content=\"Est. tempo de leitura\" \/>\n\t<meta name=\"twitter:data1\" content=\"2 minutos\" \/>\n<script type=\"application\/ld+json\" class=\"yoast-schema-graph\">{\"@context\":\"https:\/\/schema.org\",\"@graph\":[{\"@type\":\"WebPage\",\"@id\":\"https:\/\/www.blogsoestado.com\/danielmatos\/famem-e-sefaz-firmam-parceria-na-area-do-controle-fiscal\/\",\"url\":\"https:\/\/www.blogsoestado.com\/danielmatos\/famem-e-sefaz-firmam-parceria-na-area-do-controle-fiscal\/\",\"name\":\"FAMEM e SEFAZ firmam parceria na \u00e1rea do controle fiscal - Daniel Matos\",\"isPartOf\":{\"@id\":\"https:\/\/www.blogsoestado.com\/danielmatos\/#website\"},\"primaryImageOfPage\":{\"@id\":\"https:\/\/www.blogsoestado.com\/danielmatos\/famem-e-sefaz-firmam-parceria-na-area-do-controle-fiscal\/#primaryimage\"},\"image\":{\"@id\":\"https:\/\/www.blogsoestado.com\/danielmatos\/famem-e-sefaz-firmam-parceria-na-area-do-controle-fiscal\/#primaryimage\"},\"thumbnailUrl\":\"https:\/\/www.blogsoestado.com\/danielmatos\/files\/2018\/04\/famem-sefaz.jpg\",\"datePublished\":\"2018-04-09T13:47:01+00:00\",\"author\":{\"@id\":\"\"},\"breadcrumb\":{\"@id\":\"https:\/\/www.blogsoestado.com\/danielmatos\/famem-e-sefaz-firmam-parceria-na-area-do-controle-fiscal\/#breadcrumb\"},\"inLanguage\":\"pt-BR\",\"potentialAction\":[{\"@type\":\"ReadAction\",\"target\":[\"https:\/\/www.blogsoestado.com\/danielmatos\/famem-e-sefaz-firmam-parceria-na-area-do-controle-fiscal\/\"]}]},{\"@type\":\"ImageObject\",\"inLanguage\":\"pt-BR\",\"@id\":\"https:\/\/www.blogsoestado.com\/danielmatos\/famem-e-sefaz-firmam-parceria-na-area-do-controle-fiscal\/#primaryimage\",\"url\":\"https:\/\/www.blogsoestado.com\/danielmatos\/files\/2018\/04\/famem-sefaz.jpg\",\"contentUrl\":\"https:\/\/www.blogsoestado.com\/danielmatos\/files\/2018\/04\/famem-sefaz.jpg\"},{\"@type\":\"BreadcrumbList\",\"@id\":\"https:\/\/www.blogsoestado.com\/danielmatos\/famem-e-sefaz-firmam-parceria-na-area-do-controle-fiscal\/#breadcrumb\",\"itemListElement\":[{\"@type\":\"ListItem\",\"position\":1,\"name\":\"In\u00edcio\",\"item\":\"https:\/\/www.blogsoestado.com\/danielmatos\/\"},{\"@type\":\"ListItem\",\"position\":2,\"name\":\"FAMEM e SEFAZ firmam parceria na \u00e1rea do controle fiscal\"}]},{\"@type\":\"WebSite\",\"@id\":\"https:\/\/www.blogsoestado.com\/danielmatos\/#website\",\"url\":\"https:\/\/www.blogsoestado.com\/danielmatos\/\",\"name\":\"Daniel Matos\",\"description\":\"\",\"potentialAction\":[{\"@type\":\"SearchAction\",\"target\":{\"@type\":\"EntryPoint\",\"urlTemplate\":\"https:\/\/www.blogsoestado.com\/danielmatos\/?s={search_term_string}\"},\"query-input\":{\"@type\":\"PropertyValueSpecification\",\"valueRequired\":true,\"valueName\":\"search_term_string\"}}],\"inLanguage\":\"pt-BR\"}]}<\/script>\n<!-- \/ Yoast SEO plugin. -->","yoast_head_json":{"title":"FAMEM e SEFAZ firmam parceria na \u00e1rea do controle fiscal - Daniel Matos","robots":{"index":"index","follow":"follow","max-snippet":"max-snippet:-1","max-image-preview":"max-image-preview:large","max-video-preview":"max-video-preview:-1"},"canonical":"https:\/\/www.blogsoestado.com\/danielmatos\/famem-e-sefaz-firmam-parceria-na-area-do-controle-fiscal\/","og_locale":"pt_BR","og_type":"article","og_title":"FAMEM e SEFAZ firmam parceria na \u00e1rea do controle fiscal - Daniel Matos","og_description":"O secret\u00e1rio de Estado da Fazenda, Marcellus Ribeiro, e o presidente da Federa\u00e7\u00e3o dos Munic\u00edpios do Estado do Maranh\u00e3o (FAMEM), [&hellip;]","og_url":"https:\/\/www.blogsoestado.com\/danielmatos\/famem-e-sefaz-firmam-parceria-na-area-do-controle-fiscal\/","og_site_name":"Daniel Matos","article_published_time":"2018-04-09T13:47:01+00:00","og_image":[{"url":"https:\/\/www.blogsoestado.com\/danielmatos\/files\/2018\/04\/famem-sefaz.jpg","type":"","width":"","height":""}],"twitter_card":"summary_large_image","twitter_misc":{"Est. tempo de leitura":"2 minutos"},"schema":{"@context":"https:\/\/schema.org","@graph":[{"@type":"WebPage","@id":"https:\/\/www.blogsoestado.com\/danielmatos\/famem-e-sefaz-firmam-parceria-na-area-do-controle-fiscal\/","url":"https:\/\/www.blogsoestado.com\/danielmatos\/famem-e-sefaz-firmam-parceria-na-area-do-controle-fiscal\/","name":"FAMEM e SEFAZ firmam parceria na \u00e1rea do controle fiscal - Daniel Matos","isPartOf":{"@id":"https:\/\/www.blogsoestado.com\/danielmatos\/#website"},"primaryImageOfPage":{"@id":"https:\/\/www.blogsoestado.com\/danielmatos\/famem-e-sefaz-firmam-parceria-na-area-do-controle-fiscal\/#primaryimage"},"image":{"@id":"https:\/\/www.blogsoestado.com\/danielmatos\/famem-e-sefaz-firmam-parceria-na-area-do-controle-fiscal\/#primaryimage"},"thumbnailUrl":"https:\/\/www.blogsoestado.com\/danielmatos\/files\/2018\/04\/famem-sefaz.jpg","datePublished":"2018-04-09T13:47:01+00:00","author":{"@id":""},"breadcrumb":{"@id":"https:\/\/www.blogsoestado.com\/danielmatos\/famem-e-sefaz-firmam-parceria-na-area-do-controle-fiscal\/#breadcrumb"},"inLanguage":"pt-BR","potentialAction":[{"@type":"ReadAction","target":["https:\/\/www.blogsoestado.com\/danielmatos\/famem-e-sefaz-firmam-parceria-na-area-do-controle-fiscal\/"]}]},{"@type":"ImageObject","inLanguage":"pt-BR","@id":"https:\/\/www.blogsoestado.com\/danielmatos\/famem-e-sefaz-firmam-parceria-na-area-do-controle-fiscal\/#primaryimage","url":"https:\/\/www.blogsoestado.com\/danielmatos\/files\/2018\/04\/famem-sefaz.jpg","contentUrl":"https:\/\/www.blogsoestado.com\/danielmatos\/files\/2018\/04\/famem-sefaz.jpg"},{"@type":"BreadcrumbList","@id":"https:\/\/www.blogsoestado.com\/danielmatos\/famem-e-sefaz-firmam-parceria-na-area-do-controle-fiscal\/#breadcrumb","itemListElement":[{"@type":"ListItem","position":1,"name":"In\u00edcio","item":"https:\/\/www.blogsoestado.com\/danielmatos\/"},{"@type":"ListItem","position":2,"name":"FAMEM e SEFAZ firmam parceria na \u00e1rea do controle fiscal"}]},{"@type":"WebSite","@id":"https:\/\/www.blogsoestado.com\/danielmatos\/#website","url":"https:\/\/www.blogsoestado.com\/danielmatos\/","name":"Daniel Matos","description":"","potentialAction":[{"@type":"SearchAction","target":{"@type":"EntryPoint","urlTemplate":"https:\/\/www.blogsoestado.com\/danielmatos\/?s={search_term_string}"},"query-input":{"@type":"PropertyValueSpecification","valueRequired":true,"valueName":"search_term_string"}}],"inLanguage":"pt-BR"}]}},"jetpack_featured_media_url":"","_links":{"self":[{"href":"https:\/\/www.blogsoestado.com\/danielmatos\/wp-json\/wp\/v2\/posts\/50239","targetHints":{"allow":["GET"]}}],"collection":[{"href":"https:\/\/www.blogsoestado.com\/danielmatos\/wp-json\/wp\/v2\/posts"}],"about":[{"href":"https:\/\/www.blogsoestado.com\/danielmatos\/wp-json\/wp\/v2\/types\/post"}],"replies":[{"embeddable":true,"href":"https:\/\/www.blogsoestado.com\/danielmatos\/wp-json\/wp\/v2\/comments?post=50239"}],"version-history":[{"count":0,"href":"https:\/\/www.blogsoestado.com\/danielmatos\/wp-json\/wp\/v2\/posts\/50239\/revisions"}],"wp:attachment":[{"href":"https:\/\/www.blogsoestado.com\/danielmatos\/wp-json\/wp\/v2\/media?parent=50239"}],"wp:term":[{"taxonomy":"category","embeddable":true,"href":"https:\/\/www.blogsoestado.com\/danielmatos\/wp-json\/wp\/v2\/categories?post=50239"},{"taxonomy":"post_tag","embeddable":true,"href":"https:\/\/www.blogsoestado.com\/danielmatos\/wp-json\/wp\/v2\/tags?post=50239"}],"curies":[{"name":"wp","href":"https:\/\/api.w.org\/{rel}","templated":true}]}}