{"id":50246,"date":"2018-04-09T11:46:37","date_gmt":"2018-04-09T14:46:37","guid":{"rendered":"https:\/\/www.blogsoestado.com\/danielmatos\/?p=50246"},"modified":"2018-04-09T11:46:37","modified_gmt":"2018-04-09T14:46:37","slug":"wellington-flagra-reboque-trasportando-carros-e-motos-apreendidos-em-blitze-do-interior-para-sao-luis","status":"publish","type":"post","link":"https:\/\/www.blogsoestado.com\/danielmatos\/wellington-flagra-reboque-trasportando-carros-e-motos-apreendidos-em-blitze-do-interior-para-sao-luis\/","title":{"rendered":"Wellington flagra reboque trasportando carros e motos apreendidos em blitze do interior para S\u00e3o Lu\u00eds"},"content":{"rendered":"<div dir=\"auto\"><\/div>\n<div dir=\"auto\">\n<figure id=\"attachment_50247\" aria-describedby=\"caption-attachment-50247\" style=\"width: 640px\" class=\"wp-caption aligncenter\"><img fetchpriority=\"high\" decoding=\"async\" class=\"size-full wp-image-50247\" src=\"https:\/\/www.blogsoestado.com\/danielmatos\/files\/2018\/04\/moto-blitz.jpg\" alt=\"\" width=\"640\" height=\"467\" \/><figcaption id=\"caption-attachment-50247\" class=\"wp-caption-text\">Caminh\u00e3o-reboque carregado com motocicletas apreendidas em fiscaliza\u00e7\u00f5es de tr\u00e2nsito no interior<\/figcaption><\/figure>\n<p>Carros e motos jogados e tratados como se fossem \u201clata velha\u201d. Essa \u00e9 a descri\u00e7\u00e3o do modo como os ve\u00edculos de maranhenses s\u00e3o tratados pelo Governo do Maranh\u00e3o, por meio da VIP Leil\u00f5es. Tal cen\u00e1rio foi flagrado pelo deputado estadual Wellington do Curso ao percorrer a BR-135, que d\u00e1 acesso aos interiores do Maranh\u00e3o.<br \/>\nPara o deputado Wellington, que conversa diretamente com a popula\u00e7\u00e3o, o Governador do Maranh\u00e3o n\u00e3o apenas apreende carros e motos, mas sim apreende verdadeiros instrumentos de trabalho.<\/p>\n<p>\u201cO governador Fl\u00e1vio Dino deveria entender tr\u00eas coisas: primeiro, que ele n\u00e3o est\u00e1 apreendendo o carro ou a moto de criminoso. Afinal, se fosse assim, eu seria o primeiro a apoiar. O que ele faz e apreender e tratar como se fosse lata velha o instrumento de trabalho do maranhense. Em segundo lugar, Governador, entenda que para muitos maranhenses o carro e a moto, adquiridos com muito suor, \u00e9 o que permite o sustento da fam\u00edlia. E em terceiro, n\u00e3o estamos defendendo inadimplente. Estamos defendendo o direito que o maranhense possui. Quem diz isso n\u00e3o sou eu, mas a Constitui\u00e7\u00e3o da Rep\u00fablica. Fl\u00e1vio Dino, Vossa Excel\u00eancia n\u00e3o est\u00e1 acima da lei!\u201d, reage.<\/p>\n<figure id=\"attachment_50248\" aria-describedby=\"caption-attachment-50248\" style=\"width: 640px\" class=\"wp-caption aligncenter\"><img decoding=\"async\" class=\"size-full wp-image-50248\" src=\"https:\/\/www.blogsoestado.com\/danielmatos\/files\/2018\/04\/moto-blitz2.jpg\" alt=\"\" width=\"640\" height=\"416\" \/><figcaption id=\"caption-attachment-50248\" class=\"wp-caption-text\">Motocicletas foram transportadas do interior para a capital e podem ir a leil\u00e3o, caso propriet\u00e1rios n\u00e3o resolvam pend\u00eancias<\/figcaption><\/figure>\n<p>Wellington \u00e9 autor do Projeto de Lei 99\/2017, que pro\u00edbe a apreens\u00e3o de ve\u00edculos pelo n\u00e3o pagamento do IPVA.<\/p>\n<p>\u201cEm rela\u00e7\u00e3o \u00e0 proibi\u00e7\u00e3o de apreens\u00e3o de ve\u00edculos por n\u00e3o pagamento de IPVA, o deputado Wellington j\u00e1 formalizamos representa\u00e7\u00e3o no Minist\u00e9rio P\u00fablico, na OAB e Defensoria P\u00fablica solicitando que adotem provid\u00eancias a fim de impedir esse ato reiterado por parte do Governo do Estado. Em menos de 3 anos, mais de 12 mil ve\u00edculos de trabalhadores Maranhenses j\u00e1 foram leiloados. Precisamos dar um basta nessa situa\u00e7\u00e3o. Temos lutado muito contra essa ilegalidade e inconstitucionalidade. Mas, isso vai acabar!\u201d, finalizou o deputado Wellington.<\/p>\n<\/div>\n<div dir=\"auto\"><\/div>\n<div dir=\"auto\"><strong>Assista\u00a0 ao v\u00eddeo:<\/strong><\/div>\n<div dir=\"auto\"><\/div>\n<div dir=\"auto\">\n<div class=\"ast-oembed-container \" style=\"height: 100%;\"><iframe title=\"Reboque transporta motos aprendidas em blitze\" width=\"500\" height=\"375\" src=\"https:\/\/www.youtube.com\/embed\/mFAlr1KmDF8?feature=oembed\" frameborder=\"0\" allow=\"accelerometer; autoplay; clipboard-write; encrypted-media; gyroscope; picture-in-picture; web-share\" referrerpolicy=\"strict-origin-when-cross-origin\" allowfullscreen><\/iframe><\/div>\n<\/div>\n","protected":false},"excerpt":{"rendered":"<p>Carros e motos jogados e tratados como se fossem \u201clata velha\u201d. Essa \u00e9 a descri\u00e7\u00e3o do modo como os ve\u00edculos [&hellip;]<\/p>\n","protected":false},"author":0,"featured_media":0,"comment_status":"open","ping_status":"open","sticky":false,"template":"","format":"standard","meta":{"site-sidebar-layout":"default","site-content-layout":"","ast-site-content-layout":"default","site-content-style":"default","site-sidebar-style":"default","ast-global-header-display":"","ast-banner-title-visibility":"","ast-main-header-display":"","ast-hfb-above-header-display":"","ast-hfb-below-header-display":"","ast-hfb-mobile-header-display":"","site-post-title":"","ast-breadcrumbs-content":"","ast-featured-img":"","footer-sml-layout":"","ast-disable-related-posts":"","theme-transparent-header-meta":"","adv-header-id-meta":"","stick-header-meta":"","header-above-stick-meta":"","header-main-stick-meta":"","header-below-stick-meta":"","astra-migrate-meta-layouts":"default","ast-page-background-enabled":"default","ast-page-background-meta":{"desktop":{"background-color":"var(--ast-global-color-5)","background-image":"","background-repeat":"repeat","background-position":"center center","background-size":"auto","background-attachment":"scroll","background-type":"","background-media":"","overlay-type":"","overlay-color":"","overlay-opacity":"","overlay-gradient":""},"tablet":{"background-color":"","background-image":"","background-repeat":"repeat","background-position":"center center","background-size":"auto","background-attachment":"scroll","background-type":"","background-media":"","overlay-type":"","overlay-color":"","overlay-opacity":"","overlay-gradient":""},"mobile":{"background-color":"","background-image":"","background-repeat":"repeat","background-position":"center center","background-size":"auto","background-attachment":"scroll","background-type":"","background-media":"","overlay-type":"","overlay-color":"","overlay-opacity":"","overlay-gradient":""}},"ast-content-background-meta":{"desktop":{"background-color":"var(--ast-global-color-4)","background-image":"","background-repeat":"repeat","background-position":"center center","background-size":"auto","background-attachment":"scroll","background-type":"","background-media":"","overlay-type":"","overlay-color":"","overlay-opacity":"","overlay-gradient":""},"tablet":{"background-color":"var(--ast-global-color-4)","background-image":"","background-repeat":"repeat","background-position":"center center","background-size":"auto","background-attachment":"scroll","background-type":"","background-media":"","overlay-type":"","overlay-color":"","overlay-opacity":"","overlay-gradient":""},"mobile":{"background-color":"var(--ast-global-color-4)","background-image":"","background-repeat":"repeat","background-position":"center center","background-size":"auto","background-attachment":"scroll","background-type":"","background-media":"","overlay-type":"","overlay-color":"","overlay-opacity":"","overlay-gradient":""}},"footnotes":""},"categories":[1],"tags":[],"class_list":["post-50246","post","type-post","status-publish","format-standard","hentry","category-sem-categoria"],"yoast_head":"<!-- This site is optimized with the Yoast SEO plugin v26.6 - https:\/\/yoast.com\/wordpress\/plugins\/seo\/ -->\n<title>Wellington flagra reboque trasportando carros e motos apreendidos em blitze do interior para S\u00e3o Lu\u00eds - Daniel Matos<\/title>\n<meta name=\"robots\" content=\"index, follow, max-snippet:-1, max-image-preview:large, max-video-preview:-1\" \/>\n<link rel=\"canonical\" href=\"https:\/\/www.blogsoestado.com\/danielmatos\/wellington-flagra-reboque-trasportando-carros-e-motos-apreendidos-em-blitze-do-interior-para-sao-luis\/\" \/>\n<meta property=\"og:locale\" content=\"pt_BR\" \/>\n<meta property=\"og:type\" content=\"article\" \/>\n<meta property=\"og:title\" content=\"Wellington flagra reboque trasportando carros e motos apreendidos em blitze do interior para S\u00e3o Lu\u00eds - Daniel Matos\" \/>\n<meta property=\"og:description\" content=\"Carros e motos jogados e tratados como se fossem \u201clata velha\u201d. Essa \u00e9 a descri\u00e7\u00e3o do modo como os ve\u00edculos [&hellip;]\" \/>\n<meta property=\"og:url\" content=\"https:\/\/www.blogsoestado.com\/danielmatos\/wellington-flagra-reboque-trasportando-carros-e-motos-apreendidos-em-blitze-do-interior-para-sao-luis\/\" \/>\n<meta property=\"og:site_name\" content=\"Daniel Matos\" \/>\n<meta property=\"article:published_time\" content=\"2018-04-09T14:46:37+00:00\" \/>\n<meta property=\"og:image\" content=\"https:\/\/www.blogsoestado.com\/danielmatos\/files\/2018\/04\/moto-blitz.jpg\" \/>\n<meta name=\"twitter:card\" content=\"summary_large_image\" \/>\n<meta name=\"twitter:label1\" content=\"Est. tempo de leitura\" \/>\n\t<meta name=\"twitter:data1\" content=\"2 minutos\" \/>\n<script type=\"application\/ld+json\" class=\"yoast-schema-graph\">{\"@context\":\"https:\/\/schema.org\",\"@graph\":[{\"@type\":\"WebPage\",\"@id\":\"https:\/\/www.blogsoestado.com\/danielmatos\/wellington-flagra-reboque-trasportando-carros-e-motos-apreendidos-em-blitze-do-interior-para-sao-luis\/\",\"url\":\"https:\/\/www.blogsoestado.com\/danielmatos\/wellington-flagra-reboque-trasportando-carros-e-motos-apreendidos-em-blitze-do-interior-para-sao-luis\/\",\"name\":\"Wellington flagra reboque trasportando carros e motos apreendidos em blitze do interior para S\u00e3o Lu\u00eds - Daniel Matos\",\"isPartOf\":{\"@id\":\"https:\/\/www.blogsoestado.com\/danielmatos\/#website\"},\"primaryImageOfPage\":{\"@id\":\"https:\/\/www.blogsoestado.com\/danielmatos\/wellington-flagra-reboque-trasportando-carros-e-motos-apreendidos-em-blitze-do-interior-para-sao-luis\/#primaryimage\"},\"image\":{\"@id\":\"https:\/\/www.blogsoestado.com\/danielmatos\/wellington-flagra-reboque-trasportando-carros-e-motos-apreendidos-em-blitze-do-interior-para-sao-luis\/#primaryimage\"},\"thumbnailUrl\":\"https:\/\/www.blogsoestado.com\/danielmatos\/files\/2018\/04\/moto-blitz.jpg\",\"datePublished\":\"2018-04-09T14:46:37+00:00\",\"author\":{\"@id\":\"\"},\"breadcrumb\":{\"@id\":\"https:\/\/www.blogsoestado.com\/danielmatos\/wellington-flagra-reboque-trasportando-carros-e-motos-apreendidos-em-blitze-do-interior-para-sao-luis\/#breadcrumb\"},\"inLanguage\":\"pt-BR\",\"potentialAction\":[{\"@type\":\"ReadAction\",\"target\":[\"https:\/\/www.blogsoestado.com\/danielmatos\/wellington-flagra-reboque-trasportando-carros-e-motos-apreendidos-em-blitze-do-interior-para-sao-luis\/\"]}]},{\"@type\":\"ImageObject\",\"inLanguage\":\"pt-BR\",\"@id\":\"https:\/\/www.blogsoestado.com\/danielmatos\/wellington-flagra-reboque-trasportando-carros-e-motos-apreendidos-em-blitze-do-interior-para-sao-luis\/#primaryimage\",\"url\":\"https:\/\/www.blogsoestado.com\/danielmatos\/files\/2018\/04\/moto-blitz.jpg\",\"contentUrl\":\"https:\/\/www.blogsoestado.com\/danielmatos\/files\/2018\/04\/moto-blitz.jpg\"},{\"@type\":\"BreadcrumbList\",\"@id\":\"https:\/\/www.blogsoestado.com\/danielmatos\/wellington-flagra-reboque-trasportando-carros-e-motos-apreendidos-em-blitze-do-interior-para-sao-luis\/#breadcrumb\",\"itemListElement\":[{\"@type\":\"ListItem\",\"position\":1,\"name\":\"In\u00edcio\",\"item\":\"https:\/\/www.blogsoestado.com\/danielmatos\/\"},{\"@type\":\"ListItem\",\"position\":2,\"name\":\"Wellington flagra reboque trasportando carros e motos apreendidos em blitze do interior para S\u00e3o Lu\u00eds\"}]},{\"@type\":\"WebSite\",\"@id\":\"https:\/\/www.blogsoestado.com\/danielmatos\/#website\",\"url\":\"https:\/\/www.blogsoestado.com\/danielmatos\/\",\"name\":\"Daniel Matos\",\"description\":\"\",\"potentialAction\":[{\"@type\":\"SearchAction\",\"target\":{\"@type\":\"EntryPoint\",\"urlTemplate\":\"https:\/\/www.blogsoestado.com\/danielmatos\/?s={search_term_string}\"},\"query-input\":{\"@type\":\"PropertyValueSpecification\",\"valueRequired\":true,\"valueName\":\"search_term_string\"}}],\"inLanguage\":\"pt-BR\"}]}<\/script>\n<!-- \/ Yoast SEO plugin. -->","yoast_head_json":{"title":"Wellington flagra reboque trasportando carros e motos apreendidos em blitze do interior para S\u00e3o Lu\u00eds - Daniel Matos","robots":{"index":"index","follow":"follow","max-snippet":"max-snippet:-1","max-image-preview":"max-image-preview:large","max-video-preview":"max-video-preview:-1"},"canonical":"https:\/\/www.blogsoestado.com\/danielmatos\/wellington-flagra-reboque-trasportando-carros-e-motos-apreendidos-em-blitze-do-interior-para-sao-luis\/","og_locale":"pt_BR","og_type":"article","og_title":"Wellington flagra reboque trasportando carros e motos apreendidos em blitze do interior para S\u00e3o Lu\u00eds - Daniel Matos","og_description":"Carros e motos jogados e tratados como se fossem \u201clata velha\u201d. Essa \u00e9 a descri\u00e7\u00e3o do modo como os ve\u00edculos [&hellip;]","og_url":"https:\/\/www.blogsoestado.com\/danielmatos\/wellington-flagra-reboque-trasportando-carros-e-motos-apreendidos-em-blitze-do-interior-para-sao-luis\/","og_site_name":"Daniel Matos","article_published_time":"2018-04-09T14:46:37+00:00","og_image":[{"url":"https:\/\/www.blogsoestado.com\/danielmatos\/files\/2018\/04\/moto-blitz.jpg","type":"","width":"","height":""}],"twitter_card":"summary_large_image","twitter_misc":{"Est. tempo de leitura":"2 minutos"},"schema":{"@context":"https:\/\/schema.org","@graph":[{"@type":"WebPage","@id":"https:\/\/www.blogsoestado.com\/danielmatos\/wellington-flagra-reboque-trasportando-carros-e-motos-apreendidos-em-blitze-do-interior-para-sao-luis\/","url":"https:\/\/www.blogsoestado.com\/danielmatos\/wellington-flagra-reboque-trasportando-carros-e-motos-apreendidos-em-blitze-do-interior-para-sao-luis\/","name":"Wellington flagra reboque trasportando carros e motos apreendidos em blitze do interior para S\u00e3o Lu\u00eds - Daniel Matos","isPartOf":{"@id":"https:\/\/www.blogsoestado.com\/danielmatos\/#website"},"primaryImageOfPage":{"@id":"https:\/\/www.blogsoestado.com\/danielmatos\/wellington-flagra-reboque-trasportando-carros-e-motos-apreendidos-em-blitze-do-interior-para-sao-luis\/#primaryimage"},"image":{"@id":"https:\/\/www.blogsoestado.com\/danielmatos\/wellington-flagra-reboque-trasportando-carros-e-motos-apreendidos-em-blitze-do-interior-para-sao-luis\/#primaryimage"},"thumbnailUrl":"https:\/\/www.blogsoestado.com\/danielmatos\/files\/2018\/04\/moto-blitz.jpg","datePublished":"2018-04-09T14:46:37+00:00","author":{"@id":""},"breadcrumb":{"@id":"https:\/\/www.blogsoestado.com\/danielmatos\/wellington-flagra-reboque-trasportando-carros-e-motos-apreendidos-em-blitze-do-interior-para-sao-luis\/#breadcrumb"},"inLanguage":"pt-BR","potentialAction":[{"@type":"ReadAction","target":["https:\/\/www.blogsoestado.com\/danielmatos\/wellington-flagra-reboque-trasportando-carros-e-motos-apreendidos-em-blitze-do-interior-para-sao-luis\/"]}]},{"@type":"ImageObject","inLanguage":"pt-BR","@id":"https:\/\/www.blogsoestado.com\/danielmatos\/wellington-flagra-reboque-trasportando-carros-e-motos-apreendidos-em-blitze-do-interior-para-sao-luis\/#primaryimage","url":"https:\/\/www.blogsoestado.com\/danielmatos\/files\/2018\/04\/moto-blitz.jpg","contentUrl":"https:\/\/www.blogsoestado.com\/danielmatos\/files\/2018\/04\/moto-blitz.jpg"},{"@type":"BreadcrumbList","@id":"https:\/\/www.blogsoestado.com\/danielmatos\/wellington-flagra-reboque-trasportando-carros-e-motos-apreendidos-em-blitze-do-interior-para-sao-luis\/#breadcrumb","itemListElement":[{"@type":"ListItem","position":1,"name":"In\u00edcio","item":"https:\/\/www.blogsoestado.com\/danielmatos\/"},{"@type":"ListItem","position":2,"name":"Wellington flagra reboque trasportando carros e motos apreendidos em blitze do interior para S\u00e3o Lu\u00eds"}]},{"@type":"WebSite","@id":"https:\/\/www.blogsoestado.com\/danielmatos\/#website","url":"https:\/\/www.blogsoestado.com\/danielmatos\/","name":"Daniel Matos","description":"","potentialAction":[{"@type":"SearchAction","target":{"@type":"EntryPoint","urlTemplate":"https:\/\/www.blogsoestado.com\/danielmatos\/?s={search_term_string}"},"query-input":{"@type":"PropertyValueSpecification","valueRequired":true,"valueName":"search_term_string"}}],"inLanguage":"pt-BR"}]}},"jetpack_featured_media_url":"","_links":{"self":[{"href":"https:\/\/www.blogsoestado.com\/danielmatos\/wp-json\/wp\/v2\/posts\/50246","targetHints":{"allow":["GET"]}}],"collection":[{"href":"https:\/\/www.blogsoestado.com\/danielmatos\/wp-json\/wp\/v2\/posts"}],"about":[{"href":"https:\/\/www.blogsoestado.com\/danielmatos\/wp-json\/wp\/v2\/types\/post"}],"replies":[{"embeddable":true,"href":"https:\/\/www.blogsoestado.com\/danielmatos\/wp-json\/wp\/v2\/comments?post=50246"}],"version-history":[{"count":0,"href":"https:\/\/www.blogsoestado.com\/danielmatos\/wp-json\/wp\/v2\/posts\/50246\/revisions"}],"wp:attachment":[{"href":"https:\/\/www.blogsoestado.com\/danielmatos\/wp-json\/wp\/v2\/media?parent=50246"}],"wp:term":[{"taxonomy":"category","embeddable":true,"href":"https:\/\/www.blogsoestado.com\/danielmatos\/wp-json\/wp\/v2\/categories?post=50246"},{"taxonomy":"post_tag","embeddable":true,"href":"https:\/\/www.blogsoestado.com\/danielmatos\/wp-json\/wp\/v2\/tags?post=50246"}],"curies":[{"name":"wp","href":"https:\/\/api.w.org\/{rel}","templated":true}]}}