{"id":50259,"date":"2018-04-09T16:23:16","date_gmt":"2018-04-09T19:23:16","guid":{"rendered":"https:\/\/www.blogsoestado.com\/danielmatos\/?p=50259"},"modified":"2018-04-09T16:23:16","modified_gmt":"2018-04-09T19:23:16","slug":"marcio-coutinho-coloca-o-prtb-entre-os-partidos-de-destaque-no-maranhao","status":"publish","type":"post","link":"https:\/\/www.blogsoestado.com\/danielmatos\/marcio-coutinho-coloca-o-prtb-entre-os-partidos-de-destaque-no-maranhao\/","title":{"rendered":"M\u00e1rcio Coutinho coloca o PRTB entre os partidos de destaque no Maranh\u00e3o"},"content":{"rendered":"<figure id=\"attachment_50260\" aria-describedby=\"caption-attachment-50260\" style=\"width: 640px\" class=\"wp-caption aligncenter\"><img fetchpriority=\"high\" decoding=\"async\" class=\"size-full wp-image-50260\" src=\"https:\/\/www.blogsoestado.com\/danielmatos\/files\/2018\/04\/coutinho-prtb.jpg\" alt=\"\" width=\"640\" height=\"427\" \/><figcaption id=\"caption-attachment-50260\" class=\"wp-caption-text\">M\u00e1rcio Coutinho se disse alegre por constatar fortalecimento do PRTB para as pr\u00f3ximas elei\u00e7\u00f5es<\/figcaption><\/figure>\n<p>Presidindo o diret\u00f3rio maranhense do Partido Renovador Trabalhista Brasileiro (PRTB), o advogado e pr\u00e9-candidato a deputado federal, M\u00e1rcio Coutinho, reuniu na tarde da \u00faltima sexta-feira (06), dirigentes municipais e pr\u00e9-candidatos no audit\u00f3rio do Complexo de Comunica\u00e7\u00e3o da Assembleia Legislativa, em S\u00e3o Lu\u00eds.<br \/>\nDurante seu discurso constatou a grande for\u00e7a pol\u00edtica que o PRTB tem ganhando nos \u00faltimos anos, mesmo considerado um partido pequeno.<\/p>\n<p>\u201c\u00c9 com que alegria constatamos a grande for\u00e7a pol\u00edtica do nosso partido. Em plano nacional dito como pequeno e, no Maranh\u00e3o, sem detentores de mandatos na C\u00e2mara Federal ou Assembleia Legislativa; sem os atrativos do governo federal, estadual ou municipal; sem fundo partid\u00e1rio-eleitoral e sofrendo toda esp\u00e9cie de ataque especulativo \u2013 at\u00e9 de lideran\u00e7as que se diziam aliadas, conseguimos um grande resultado final\u201d, pontuou o presidente do PRTB.<\/p>\n<p>O advogado M\u00e1rcio Coutinho ainda ressaltou a alta concorr\u00eancia entre os candidatos a deputado da legenda, fazendo com que outros postulantes vejam a legenda como um forte partido para as elei\u00e7\u00f5es em 2018.<br \/>\n\u201cAlcan\u00e7amos uma chapa completa para deputado estadual, com a presen\u00e7a de cinco vereadores, que a partir de hoje, \u00e9 a maior bancada na C\u00e2mara Municipal de S\u00e3o Lu\u00eds, e vamos lutar para ser tamb\u00e9m a grande bancada na Assembleia Legislativa do Maranh\u00e3o e com seu representante na C\u00e2mara Federal, com muito trabalho e f\u00e9 em Deus e no futuro da nossa gente\u201d, destacou.<\/p>\n<figure id=\"attachment_50261\" aria-describedby=\"caption-attachment-50261\" style=\"width: 640px\" class=\"wp-caption aligncenter\"><img decoding=\"async\" class=\"size-full wp-image-50261\" src=\"https:\/\/www.blogsoestado.com\/danielmatos\/files\/2018\/04\/coutinho-prtb2.jpg\" alt=\"\" width=\"640\" height=\"427\" \/><figcaption id=\"caption-attachment-50261\" class=\"wp-caption-text\">M\u00e1rcio Coutinho e demais nomes de express\u00e3o no PRTB de m\u00e3os dadas em sinal de uni\u00e3o e fortalecimento<\/figcaption><\/figure>\n<p>Na oportunidade, ficou declarado o apoio absoluto dos dirigentes municipais e todos os pr\u00e9-candidatos a deputado estadual ao projeto do PRTB de elei\u00e7\u00e3o pelo menos um deputado federal.<\/p>\n<p>\u201cEstou muito feliz que meu nome foi lembrado para esse desafio e, assim, serei candidato a deputado federal pelo nosso Estado. Agrade\u00e7o a confian\u00e7a dos nossos filiados e futuros candidatos, agrade\u00e7o \u00e0 equipe e l\u00edderes do nosso PRTB, agrade\u00e7o ao presidente nacional, Levi Fidelix, pela confian\u00e7a e liberdade pol\u00edtica que me foram depositadas\u201d , pontuou durante evento do PRTB.<\/p>\n<p>Prestigiaram o ato do PRTB dezenas de candidatos regionais com bases pol\u00edticas em importantes cidades, como Karina Keise (Barreirinhas), Leonardo S\u00e1 (Pinheiro), Felipe Carvalho (Santa In\u00eas), Bed\u00e9u (Buriticupu), Catraca (Graja\u00fa), R\u00f3dson (Viana), Jacobe Almeida (Timon) e Zanoni (Imperatriz).<\/p>\n","protected":false},"excerpt":{"rendered":"<p>Presidindo o diret\u00f3rio maranhense do Partido Renovador Trabalhista Brasileiro (PRTB), o advogado e pr\u00e9-candidato a deputado federal, M\u00e1rcio Coutinho, reuniu [&hellip;]<\/p>\n","protected":false},"author":0,"featured_media":0,"comment_status":"open","ping_status":"open","sticky":false,"template":"","format":"standard","meta":{"site-sidebar-layout":"default","site-content-layout":"","ast-site-content-layout":"default","site-content-style":"default","site-sidebar-style":"default","ast-global-header-display":"","ast-banner-title-visibility":"","ast-main-header-display":"","ast-hfb-above-header-display":"","ast-hfb-below-header-display":"","ast-hfb-mobile-header-display":"","site-post-title":"","ast-breadcrumbs-content":"","ast-featured-img":"","footer-sml-layout":"","ast-disable-related-posts":"","theme-transparent-header-meta":"","adv-header-id-meta":"","stick-header-meta":"","header-above-stick-meta":"","header-main-stick-meta":"","header-below-stick-meta":"","astra-migrate-meta-layouts":"default","ast-page-background-enabled":"default","ast-page-background-meta":{"desktop":{"background-color":"var(--ast-global-color-5)","background-image":"","background-repeat":"repeat","background-position":"center center","background-size":"auto","background-attachment":"scroll","background-type":"","background-media":"","overlay-type":"","overlay-color":"","overlay-opacity":"","overlay-gradient":""},"tablet":{"background-color":"","background-image":"","background-repeat":"repeat","background-position":"center center","background-size":"auto","background-attachment":"scroll","background-type":"","background-media":"","overlay-type":"","overlay-color":"","overlay-opacity":"","overlay-gradient":""},"mobile":{"background-color":"","background-image":"","background-repeat":"repeat","background-position":"center center","background-size":"auto","background-attachment":"scroll","background-type":"","background-media":"","overlay-type":"","overlay-color":"","overlay-opacity":"","overlay-gradient":""}},"ast-content-background-meta":{"desktop":{"background-color":"var(--ast-global-color-4)","background-image":"","background-repeat":"repeat","background-position":"center center","background-size":"auto","background-attachment":"scroll","background-type":"","background-media":"","overlay-type":"","overlay-color":"","overlay-opacity":"","overlay-gradient":""},"tablet":{"background-color":"var(--ast-global-color-4)","background-image":"","background-repeat":"repeat","background-position":"center center","background-size":"auto","background-attachment":"scroll","background-type":"","background-media":"","overlay-type":"","overlay-color":"","overlay-opacity":"","overlay-gradient":""},"mobile":{"background-color":"var(--ast-global-color-4)","background-image":"","background-repeat":"repeat","background-position":"center center","background-size":"auto","background-attachment":"scroll","background-type":"","background-media":"","overlay-type":"","overlay-color":"","overlay-opacity":"","overlay-gradient":""}},"footnotes":""},"categories":[1],"tags":[],"class_list":["post-50259","post","type-post","status-publish","format-standard","hentry","category-sem-categoria"],"yoast_head":"<!-- This site is optimized with the Yoast SEO plugin v26.6 - https:\/\/yoast.com\/wordpress\/plugins\/seo\/ -->\n<title>M\u00e1rcio Coutinho coloca o PRTB entre os partidos de destaque no Maranh\u00e3o - Daniel Matos<\/title>\n<meta name=\"robots\" content=\"index, follow, max-snippet:-1, max-image-preview:large, max-video-preview:-1\" \/>\n<link rel=\"canonical\" href=\"https:\/\/www.blogsoestado.com\/danielmatos\/marcio-coutinho-coloca-o-prtb-entre-os-partidos-de-destaque-no-maranhao\/\" \/>\n<meta property=\"og:locale\" content=\"pt_BR\" \/>\n<meta property=\"og:type\" content=\"article\" \/>\n<meta property=\"og:title\" content=\"M\u00e1rcio Coutinho coloca o PRTB entre os partidos de destaque no Maranh\u00e3o - Daniel Matos\" \/>\n<meta property=\"og:description\" content=\"Presidindo o diret\u00f3rio maranhense do Partido Renovador Trabalhista Brasileiro (PRTB), o advogado e pr\u00e9-candidato a deputado federal, M\u00e1rcio Coutinho, reuniu [&hellip;]\" \/>\n<meta property=\"og:url\" content=\"https:\/\/www.blogsoestado.com\/danielmatos\/marcio-coutinho-coloca-o-prtb-entre-os-partidos-de-destaque-no-maranhao\/\" \/>\n<meta property=\"og:site_name\" content=\"Daniel Matos\" \/>\n<meta property=\"article:published_time\" content=\"2018-04-09T19:23:16+00:00\" \/>\n<meta property=\"og:image\" content=\"https:\/\/www.blogsoestado.com\/danielmatos\/files\/2018\/04\/coutinho-prtb.jpg\" \/>\n<meta name=\"twitter:card\" content=\"summary_large_image\" \/>\n<meta name=\"twitter:label1\" content=\"Est. tempo de leitura\" \/>\n\t<meta name=\"twitter:data1\" content=\"2 minutos\" \/>\n<script type=\"application\/ld+json\" class=\"yoast-schema-graph\">{\"@context\":\"https:\/\/schema.org\",\"@graph\":[{\"@type\":\"WebPage\",\"@id\":\"https:\/\/www.blogsoestado.com\/danielmatos\/marcio-coutinho-coloca-o-prtb-entre-os-partidos-de-destaque-no-maranhao\/\",\"url\":\"https:\/\/www.blogsoestado.com\/danielmatos\/marcio-coutinho-coloca-o-prtb-entre-os-partidos-de-destaque-no-maranhao\/\",\"name\":\"M\u00e1rcio Coutinho coloca o PRTB entre os partidos de destaque no Maranh\u00e3o - Daniel Matos\",\"isPartOf\":{\"@id\":\"https:\/\/www.blogsoestado.com\/danielmatos\/#website\"},\"primaryImageOfPage\":{\"@id\":\"https:\/\/www.blogsoestado.com\/danielmatos\/marcio-coutinho-coloca-o-prtb-entre-os-partidos-de-destaque-no-maranhao\/#primaryimage\"},\"image\":{\"@id\":\"https:\/\/www.blogsoestado.com\/danielmatos\/marcio-coutinho-coloca-o-prtb-entre-os-partidos-de-destaque-no-maranhao\/#primaryimage\"},\"thumbnailUrl\":\"https:\/\/www.blogsoestado.com\/danielmatos\/files\/2018\/04\/coutinho-prtb.jpg\",\"datePublished\":\"2018-04-09T19:23:16+00:00\",\"author\":{\"@id\":\"\"},\"breadcrumb\":{\"@id\":\"https:\/\/www.blogsoestado.com\/danielmatos\/marcio-coutinho-coloca-o-prtb-entre-os-partidos-de-destaque-no-maranhao\/#breadcrumb\"},\"inLanguage\":\"pt-BR\",\"potentialAction\":[{\"@type\":\"ReadAction\",\"target\":[\"https:\/\/www.blogsoestado.com\/danielmatos\/marcio-coutinho-coloca-o-prtb-entre-os-partidos-de-destaque-no-maranhao\/\"]}]},{\"@type\":\"ImageObject\",\"inLanguage\":\"pt-BR\",\"@id\":\"https:\/\/www.blogsoestado.com\/danielmatos\/marcio-coutinho-coloca-o-prtb-entre-os-partidos-de-destaque-no-maranhao\/#primaryimage\",\"url\":\"https:\/\/www.blogsoestado.com\/danielmatos\/files\/2018\/04\/coutinho-prtb.jpg\",\"contentUrl\":\"https:\/\/www.blogsoestado.com\/danielmatos\/files\/2018\/04\/coutinho-prtb.jpg\"},{\"@type\":\"BreadcrumbList\",\"@id\":\"https:\/\/www.blogsoestado.com\/danielmatos\/marcio-coutinho-coloca-o-prtb-entre-os-partidos-de-destaque-no-maranhao\/#breadcrumb\",\"itemListElement\":[{\"@type\":\"ListItem\",\"position\":1,\"name\":\"In\u00edcio\",\"item\":\"https:\/\/www.blogsoestado.com\/danielmatos\/\"},{\"@type\":\"ListItem\",\"position\":2,\"name\":\"M\u00e1rcio Coutinho coloca o PRTB entre os partidos de destaque no Maranh\u00e3o\"}]},{\"@type\":\"WebSite\",\"@id\":\"https:\/\/www.blogsoestado.com\/danielmatos\/#website\",\"url\":\"https:\/\/www.blogsoestado.com\/danielmatos\/\",\"name\":\"Daniel Matos\",\"description\":\"\",\"potentialAction\":[{\"@type\":\"SearchAction\",\"target\":{\"@type\":\"EntryPoint\",\"urlTemplate\":\"https:\/\/www.blogsoestado.com\/danielmatos\/?s={search_term_string}\"},\"query-input\":{\"@type\":\"PropertyValueSpecification\",\"valueRequired\":true,\"valueName\":\"search_term_string\"}}],\"inLanguage\":\"pt-BR\"}]}<\/script>\n<!-- \/ Yoast SEO plugin. -->","yoast_head_json":{"title":"M\u00e1rcio Coutinho coloca o PRTB entre os partidos de destaque no Maranh\u00e3o - Daniel Matos","robots":{"index":"index","follow":"follow","max-snippet":"max-snippet:-1","max-image-preview":"max-image-preview:large","max-video-preview":"max-video-preview:-1"},"canonical":"https:\/\/www.blogsoestado.com\/danielmatos\/marcio-coutinho-coloca-o-prtb-entre-os-partidos-de-destaque-no-maranhao\/","og_locale":"pt_BR","og_type":"article","og_title":"M\u00e1rcio Coutinho coloca o PRTB entre os partidos de destaque no Maranh\u00e3o - Daniel Matos","og_description":"Presidindo o diret\u00f3rio maranhense do Partido Renovador Trabalhista Brasileiro (PRTB), o advogado e pr\u00e9-candidato a deputado federal, M\u00e1rcio Coutinho, reuniu [&hellip;]","og_url":"https:\/\/www.blogsoestado.com\/danielmatos\/marcio-coutinho-coloca-o-prtb-entre-os-partidos-de-destaque-no-maranhao\/","og_site_name":"Daniel Matos","article_published_time":"2018-04-09T19:23:16+00:00","og_image":[{"url":"https:\/\/www.blogsoestado.com\/danielmatos\/files\/2018\/04\/coutinho-prtb.jpg","type":"","width":"","height":""}],"twitter_card":"summary_large_image","twitter_misc":{"Est. tempo de leitura":"2 minutos"},"schema":{"@context":"https:\/\/schema.org","@graph":[{"@type":"WebPage","@id":"https:\/\/www.blogsoestado.com\/danielmatos\/marcio-coutinho-coloca-o-prtb-entre-os-partidos-de-destaque-no-maranhao\/","url":"https:\/\/www.blogsoestado.com\/danielmatos\/marcio-coutinho-coloca-o-prtb-entre-os-partidos-de-destaque-no-maranhao\/","name":"M\u00e1rcio Coutinho coloca o PRTB entre os partidos de destaque no Maranh\u00e3o - Daniel Matos","isPartOf":{"@id":"https:\/\/www.blogsoestado.com\/danielmatos\/#website"},"primaryImageOfPage":{"@id":"https:\/\/www.blogsoestado.com\/danielmatos\/marcio-coutinho-coloca-o-prtb-entre-os-partidos-de-destaque-no-maranhao\/#primaryimage"},"image":{"@id":"https:\/\/www.blogsoestado.com\/danielmatos\/marcio-coutinho-coloca-o-prtb-entre-os-partidos-de-destaque-no-maranhao\/#primaryimage"},"thumbnailUrl":"https:\/\/www.blogsoestado.com\/danielmatos\/files\/2018\/04\/coutinho-prtb.jpg","datePublished":"2018-04-09T19:23:16+00:00","author":{"@id":""},"breadcrumb":{"@id":"https:\/\/www.blogsoestado.com\/danielmatos\/marcio-coutinho-coloca-o-prtb-entre-os-partidos-de-destaque-no-maranhao\/#breadcrumb"},"inLanguage":"pt-BR","potentialAction":[{"@type":"ReadAction","target":["https:\/\/www.blogsoestado.com\/danielmatos\/marcio-coutinho-coloca-o-prtb-entre-os-partidos-de-destaque-no-maranhao\/"]}]},{"@type":"ImageObject","inLanguage":"pt-BR","@id":"https:\/\/www.blogsoestado.com\/danielmatos\/marcio-coutinho-coloca-o-prtb-entre-os-partidos-de-destaque-no-maranhao\/#primaryimage","url":"https:\/\/www.blogsoestado.com\/danielmatos\/files\/2018\/04\/coutinho-prtb.jpg","contentUrl":"https:\/\/www.blogsoestado.com\/danielmatos\/files\/2018\/04\/coutinho-prtb.jpg"},{"@type":"BreadcrumbList","@id":"https:\/\/www.blogsoestado.com\/danielmatos\/marcio-coutinho-coloca-o-prtb-entre-os-partidos-de-destaque-no-maranhao\/#breadcrumb","itemListElement":[{"@type":"ListItem","position":1,"name":"In\u00edcio","item":"https:\/\/www.blogsoestado.com\/danielmatos\/"},{"@type":"ListItem","position":2,"name":"M\u00e1rcio Coutinho coloca o PRTB entre os partidos de destaque no Maranh\u00e3o"}]},{"@type":"WebSite","@id":"https:\/\/www.blogsoestado.com\/danielmatos\/#website","url":"https:\/\/www.blogsoestado.com\/danielmatos\/","name":"Daniel Matos","description":"","potentialAction":[{"@type":"SearchAction","target":{"@type":"EntryPoint","urlTemplate":"https:\/\/www.blogsoestado.com\/danielmatos\/?s={search_term_string}"},"query-input":{"@type":"PropertyValueSpecification","valueRequired":true,"valueName":"search_term_string"}}],"inLanguage":"pt-BR"}]}},"jetpack_featured_media_url":"","_links":{"self":[{"href":"https:\/\/www.blogsoestado.com\/danielmatos\/wp-json\/wp\/v2\/posts\/50259","targetHints":{"allow":["GET"]}}],"collection":[{"href":"https:\/\/www.blogsoestado.com\/danielmatos\/wp-json\/wp\/v2\/posts"}],"about":[{"href":"https:\/\/www.blogsoestado.com\/danielmatos\/wp-json\/wp\/v2\/types\/post"}],"replies":[{"embeddable":true,"href":"https:\/\/www.blogsoestado.com\/danielmatos\/wp-json\/wp\/v2\/comments?post=50259"}],"version-history":[{"count":0,"href":"https:\/\/www.blogsoestado.com\/danielmatos\/wp-json\/wp\/v2\/posts\/50259\/revisions"}],"wp:attachment":[{"href":"https:\/\/www.blogsoestado.com\/danielmatos\/wp-json\/wp\/v2\/media?parent=50259"}],"wp:term":[{"taxonomy":"category","embeddable":true,"href":"https:\/\/www.blogsoestado.com\/danielmatos\/wp-json\/wp\/v2\/categories?post=50259"},{"taxonomy":"post_tag","embeddable":true,"href":"https:\/\/www.blogsoestado.com\/danielmatos\/wp-json\/wp\/v2\/tags?post=50259"}],"curies":[{"name":"wp","href":"https:\/\/api.w.org\/{rel}","templated":true}]}}