{"id":50273,"date":"2018-04-09T18:22:23","date_gmt":"2018-04-09T21:22:23","guid":{"rendered":"https:\/\/www.blogsoestado.com\/danielmatos\/?p=50273"},"modified":"2018-04-09T18:22:23","modified_gmt":"2018-04-09T21:22:23","slug":"gutemberg-araujo-ingressa-no-prtb-para-disputar-vaga-na-assembleia-legislativa","status":"publish","type":"post","link":"https:\/\/www.blogsoestado.com\/danielmatos\/gutemberg-araujo-ingressa-no-prtb-para-disputar-vaga-na-assembleia-legislativa\/","title":{"rendered":"Gutemberg Ara\u00fajo ingressa no PRTB para disputar vaga na Assembleia Legislativa"},"content":{"rendered":"<figure id=\"attachment_50274\" aria-describedby=\"caption-attachment-50274\" style=\"width: 448px\" class=\"wp-caption alignright\"><img fetchpriority=\"high\" decoding=\"async\" class=\"wp-image-50274 size-full\" src=\"https:\/\/www.blogsoestado.com\/danielmatos\/files\/2018\/04\/gutemberg-prtb.jpg\" alt=\"\" width=\"448\" height=\"317\" \/><figcaption id=\"caption-attachment-50274\" class=\"wp-caption-text\">Gutemberg Ara\u00fajo e M\u00e1rcio Coutinho exibem ficha de fiia\u00e7\u00e3o<\/figcaption><\/figure>\n<p>Com vis\u00edvel entusiasmo, o m\u00e9dico, vereador de S\u00e3o Lu\u00eds e pr\u00e9-candidato a deputado estadual Gutemberg Ara\u00fajo anunciou a sua filia\u00e7\u00e3o ao Partido Renovador Trabalhista Brasileiro (PRTB). Ele fez refer\u00eancia aos v\u00e1rios convites honrosos que\u00a0 recebeu de outros partidos que queriam t\u00ea-lo em seus quadros, mas ressaltou que entendeu que o PRTB tem a proposta do trabalhismo participativo que muito se identifica com sua hist\u00f3ria de vida e seus mandatos.<\/p>\n<p>Gutemberg lembrou que sua hist\u00f3ria de luta por uma sociedade mais justa e democr\u00e1tica tem um novo cap\u00edtulo agora. &#8220;Mas o trabalho s\u00e9rio, dedicado e comprometido com as causas sociais continua. Pautamos cada uma de nossas a\u00e7\u00f5es visando o bem p\u00fablico&#8221;, comprometeu-se.<\/p>\n<p>O vereador disse que suas bandeiras s\u00e3o o fortalecimento da sa\u00fade p\u00fablica, a valoriza\u00e7\u00e3o dos profissionais ligados \u00e0 \u00e1rea, a aten\u00e7\u00e3o para as demandas das comunidades menos assistidas, o incentivo e o est\u00edmulo para que os jovens trilhem uma caminhada de sucesso at\u00e9 o ingresso no mercado de trabalho. &#8220;Direcionamos nosso olhar \u00e0s m\u00e3es de fam\u00edlia, donas de casa, trabalhadoras e a nossa preocupa\u00e7\u00e3o constante com a inf\u00e2ncia, para que as crian\u00e7as cres\u00e7am num ambiente seguro e protegido&#8221;, salientou, acrescentando que sempre primou pelo respeito aos idosos e pela aten\u00e7\u00e3o para os homens de bem de S\u00e3o Lu\u00eds.<\/p>\n<p>Gutemberg diz que espera contar com todos e parafraseando o poeta Thiago de Mello, declarou que &#8220;novo n\u00e3o \u00e9 o caminho, mas a forma de caminhar&#8221;.<\/p>\n<p>Sobre sua pr\u00e9-candidatura a deputado estadual, ele afirmou ter certeza de que muito contribuir\u00e1 com o engrandecimento do estado, assim como tem feito por S\u00e3o Lu\u00eds. &#8220;Vamos juntos, o mundo \u00e9 t\u00e3o grande, n\u00e3o nos afastemos, recita o poeta Drummond de Andrade. Conto com todos voc\u00eas, esse sonho \u00e9 nosso&#8221;, conclamou.<\/p>\n","protected":false},"excerpt":{"rendered":"<p>Com vis\u00edvel entusiasmo, o m\u00e9dico, vereador de S\u00e3o Lu\u00eds e pr\u00e9-candidato a deputado estadual Gutemberg Ara\u00fajo anunciou a sua filia\u00e7\u00e3o [&hellip;]<\/p>\n","protected":false},"author":0,"featured_media":0,"comment_status":"open","ping_status":"open","sticky":false,"template":"","format":"standard","meta":{"site-sidebar-layout":"default","site-content-layout":"","ast-site-content-layout":"default","site-content-style":"default","site-sidebar-style":"default","ast-global-header-display":"","ast-banner-title-visibility":"","ast-main-header-display":"","ast-hfb-above-header-display":"","ast-hfb-below-header-display":"","ast-hfb-mobile-header-display":"","site-post-title":"","ast-breadcrumbs-content":"","ast-featured-img":"","footer-sml-layout":"","ast-disable-related-posts":"","theme-transparent-header-meta":"","adv-header-id-meta":"","stick-header-meta":"","header-above-stick-meta":"","header-main-stick-meta":"","header-below-stick-meta":"","astra-migrate-meta-layouts":"default","ast-page-background-enabled":"default","ast-page-background-meta":{"desktop":{"background-color":"var(--ast-global-color-5)","background-image":"","background-repeat":"repeat","background-position":"center center","background-size":"auto","background-attachment":"scroll","background-type":"","background-media":"","overlay-type":"","overlay-color":"","overlay-opacity":"","overlay-gradient":""},"tablet":{"background-color":"","background-image":"","background-repeat":"repeat","background-position":"center center","background-size":"auto","background-attachment":"scroll","background-type":"","background-media":"","overlay-type":"","overlay-color":"","overlay-opacity":"","overlay-gradient":""},"mobile":{"background-color":"","background-image":"","background-repeat":"repeat","background-position":"center center","background-size":"auto","background-attachment":"scroll","background-type":"","background-media":"","overlay-type":"","overlay-color":"","overlay-opacity":"","overlay-gradient":""}},"ast-content-background-meta":{"desktop":{"background-color":"var(--ast-global-color-4)","background-image":"","background-repeat":"repeat","background-position":"center center","background-size":"auto","background-attachment":"scroll","background-type":"","background-media":"","overlay-type":"","overlay-color":"","overlay-opacity":"","overlay-gradient":""},"tablet":{"background-color":"var(--ast-global-color-4)","background-image":"","background-repeat":"repeat","background-position":"center center","background-size":"auto","background-attachment":"scroll","background-type":"","background-media":"","overlay-type":"","overlay-color":"","overlay-opacity":"","overlay-gradient":""},"mobile":{"background-color":"var(--ast-global-color-4)","background-image":"","background-repeat":"repeat","background-position":"center center","background-size":"auto","background-attachment":"scroll","background-type":"","background-media":"","overlay-type":"","overlay-color":"","overlay-opacity":"","overlay-gradient":""}},"footnotes":""},"categories":[1],"tags":[],"class_list":["post-50273","post","type-post","status-publish","format-standard","hentry","category-sem-categoria"],"yoast_head":"<!-- This site is optimized with the Yoast SEO plugin v26.6 - https:\/\/yoast.com\/wordpress\/plugins\/seo\/ -->\n<title>Gutemberg Ara\u00fajo ingressa no PRTB para disputar vaga na Assembleia Legislativa - Daniel Matos<\/title>\n<meta name=\"robots\" content=\"index, follow, max-snippet:-1, max-image-preview:large, max-video-preview:-1\" \/>\n<link rel=\"canonical\" href=\"https:\/\/www.blogsoestado.com\/danielmatos\/gutemberg-araujo-ingressa-no-prtb-para-disputar-vaga-na-assembleia-legislativa\/\" \/>\n<meta property=\"og:locale\" content=\"pt_BR\" \/>\n<meta property=\"og:type\" content=\"article\" \/>\n<meta property=\"og:title\" content=\"Gutemberg Ara\u00fajo ingressa no PRTB para disputar vaga na Assembleia Legislativa - Daniel Matos\" \/>\n<meta property=\"og:description\" content=\"Com vis\u00edvel entusiasmo, o m\u00e9dico, vereador de S\u00e3o Lu\u00eds e pr\u00e9-candidato a deputado estadual Gutemberg Ara\u00fajo anunciou a sua filia\u00e7\u00e3o [&hellip;]\" \/>\n<meta property=\"og:url\" content=\"https:\/\/www.blogsoestado.com\/danielmatos\/gutemberg-araujo-ingressa-no-prtb-para-disputar-vaga-na-assembleia-legislativa\/\" \/>\n<meta property=\"og:site_name\" content=\"Daniel Matos\" \/>\n<meta property=\"article:published_time\" content=\"2018-04-09T21:22:23+00:00\" \/>\n<meta property=\"og:image\" content=\"https:\/\/www.blogsoestado.com\/danielmatos\/files\/2018\/04\/gutemberg-prtb.jpg\" \/>\n<meta name=\"twitter:card\" content=\"summary_large_image\" \/>\n<meta name=\"twitter:label1\" content=\"Est. tempo de leitura\" \/>\n\t<meta name=\"twitter:data1\" content=\"2 minutos\" \/>\n<script type=\"application\/ld+json\" class=\"yoast-schema-graph\">{\"@context\":\"https:\/\/schema.org\",\"@graph\":[{\"@type\":\"WebPage\",\"@id\":\"https:\/\/www.blogsoestado.com\/danielmatos\/gutemberg-araujo-ingressa-no-prtb-para-disputar-vaga-na-assembleia-legislativa\/\",\"url\":\"https:\/\/www.blogsoestado.com\/danielmatos\/gutemberg-araujo-ingressa-no-prtb-para-disputar-vaga-na-assembleia-legislativa\/\",\"name\":\"Gutemberg Ara\u00fajo ingressa no PRTB para disputar vaga na Assembleia Legislativa - Daniel Matos\",\"isPartOf\":{\"@id\":\"https:\/\/www.blogsoestado.com\/danielmatos\/#website\"},\"primaryImageOfPage\":{\"@id\":\"https:\/\/www.blogsoestado.com\/danielmatos\/gutemberg-araujo-ingressa-no-prtb-para-disputar-vaga-na-assembleia-legislativa\/#primaryimage\"},\"image\":{\"@id\":\"https:\/\/www.blogsoestado.com\/danielmatos\/gutemberg-araujo-ingressa-no-prtb-para-disputar-vaga-na-assembleia-legislativa\/#primaryimage\"},\"thumbnailUrl\":\"https:\/\/www.blogsoestado.com\/danielmatos\/files\/2018\/04\/gutemberg-prtb.jpg\",\"datePublished\":\"2018-04-09T21:22:23+00:00\",\"author\":{\"@id\":\"\"},\"breadcrumb\":{\"@id\":\"https:\/\/www.blogsoestado.com\/danielmatos\/gutemberg-araujo-ingressa-no-prtb-para-disputar-vaga-na-assembleia-legislativa\/#breadcrumb\"},\"inLanguage\":\"pt-BR\",\"potentialAction\":[{\"@type\":\"ReadAction\",\"target\":[\"https:\/\/www.blogsoestado.com\/danielmatos\/gutemberg-araujo-ingressa-no-prtb-para-disputar-vaga-na-assembleia-legislativa\/\"]}]},{\"@type\":\"ImageObject\",\"inLanguage\":\"pt-BR\",\"@id\":\"https:\/\/www.blogsoestado.com\/danielmatos\/gutemberg-araujo-ingressa-no-prtb-para-disputar-vaga-na-assembleia-legislativa\/#primaryimage\",\"url\":\"https:\/\/www.blogsoestado.com\/danielmatos\/files\/2018\/04\/gutemberg-prtb.jpg\",\"contentUrl\":\"https:\/\/www.blogsoestado.com\/danielmatos\/files\/2018\/04\/gutemberg-prtb.jpg\"},{\"@type\":\"BreadcrumbList\",\"@id\":\"https:\/\/www.blogsoestado.com\/danielmatos\/gutemberg-araujo-ingressa-no-prtb-para-disputar-vaga-na-assembleia-legislativa\/#breadcrumb\",\"itemListElement\":[{\"@type\":\"ListItem\",\"position\":1,\"name\":\"In\u00edcio\",\"item\":\"https:\/\/www.blogsoestado.com\/danielmatos\/\"},{\"@type\":\"ListItem\",\"position\":2,\"name\":\"Gutemberg Ara\u00fajo ingressa no PRTB para disputar vaga na Assembleia Legislativa\"}]},{\"@type\":\"WebSite\",\"@id\":\"https:\/\/www.blogsoestado.com\/danielmatos\/#website\",\"url\":\"https:\/\/www.blogsoestado.com\/danielmatos\/\",\"name\":\"Daniel Matos\",\"description\":\"\",\"potentialAction\":[{\"@type\":\"SearchAction\",\"target\":{\"@type\":\"EntryPoint\",\"urlTemplate\":\"https:\/\/www.blogsoestado.com\/danielmatos\/?s={search_term_string}\"},\"query-input\":{\"@type\":\"PropertyValueSpecification\",\"valueRequired\":true,\"valueName\":\"search_term_string\"}}],\"inLanguage\":\"pt-BR\"}]}<\/script>\n<!-- \/ Yoast SEO plugin. -->","yoast_head_json":{"title":"Gutemberg Ara\u00fajo ingressa no PRTB para disputar vaga na Assembleia Legislativa - Daniel Matos","robots":{"index":"index","follow":"follow","max-snippet":"max-snippet:-1","max-image-preview":"max-image-preview:large","max-video-preview":"max-video-preview:-1"},"canonical":"https:\/\/www.blogsoestado.com\/danielmatos\/gutemberg-araujo-ingressa-no-prtb-para-disputar-vaga-na-assembleia-legislativa\/","og_locale":"pt_BR","og_type":"article","og_title":"Gutemberg Ara\u00fajo ingressa no PRTB para disputar vaga na Assembleia Legislativa - Daniel Matos","og_description":"Com vis\u00edvel entusiasmo, o m\u00e9dico, vereador de S\u00e3o Lu\u00eds e pr\u00e9-candidato a deputado estadual Gutemberg Ara\u00fajo anunciou a sua filia\u00e7\u00e3o [&hellip;]","og_url":"https:\/\/www.blogsoestado.com\/danielmatos\/gutemberg-araujo-ingressa-no-prtb-para-disputar-vaga-na-assembleia-legislativa\/","og_site_name":"Daniel Matos","article_published_time":"2018-04-09T21:22:23+00:00","og_image":[{"url":"https:\/\/www.blogsoestado.com\/danielmatos\/files\/2018\/04\/gutemberg-prtb.jpg","type":"","width":"","height":""}],"twitter_card":"summary_large_image","twitter_misc":{"Est. tempo de leitura":"2 minutos"},"schema":{"@context":"https:\/\/schema.org","@graph":[{"@type":"WebPage","@id":"https:\/\/www.blogsoestado.com\/danielmatos\/gutemberg-araujo-ingressa-no-prtb-para-disputar-vaga-na-assembleia-legislativa\/","url":"https:\/\/www.blogsoestado.com\/danielmatos\/gutemberg-araujo-ingressa-no-prtb-para-disputar-vaga-na-assembleia-legislativa\/","name":"Gutemberg Ara\u00fajo ingressa no PRTB para disputar vaga na Assembleia Legislativa - Daniel Matos","isPartOf":{"@id":"https:\/\/www.blogsoestado.com\/danielmatos\/#website"},"primaryImageOfPage":{"@id":"https:\/\/www.blogsoestado.com\/danielmatos\/gutemberg-araujo-ingressa-no-prtb-para-disputar-vaga-na-assembleia-legislativa\/#primaryimage"},"image":{"@id":"https:\/\/www.blogsoestado.com\/danielmatos\/gutemberg-araujo-ingressa-no-prtb-para-disputar-vaga-na-assembleia-legislativa\/#primaryimage"},"thumbnailUrl":"https:\/\/www.blogsoestado.com\/danielmatos\/files\/2018\/04\/gutemberg-prtb.jpg","datePublished":"2018-04-09T21:22:23+00:00","author":{"@id":""},"breadcrumb":{"@id":"https:\/\/www.blogsoestado.com\/danielmatos\/gutemberg-araujo-ingressa-no-prtb-para-disputar-vaga-na-assembleia-legislativa\/#breadcrumb"},"inLanguage":"pt-BR","potentialAction":[{"@type":"ReadAction","target":["https:\/\/www.blogsoestado.com\/danielmatos\/gutemberg-araujo-ingressa-no-prtb-para-disputar-vaga-na-assembleia-legislativa\/"]}]},{"@type":"ImageObject","inLanguage":"pt-BR","@id":"https:\/\/www.blogsoestado.com\/danielmatos\/gutemberg-araujo-ingressa-no-prtb-para-disputar-vaga-na-assembleia-legislativa\/#primaryimage","url":"https:\/\/www.blogsoestado.com\/danielmatos\/files\/2018\/04\/gutemberg-prtb.jpg","contentUrl":"https:\/\/www.blogsoestado.com\/danielmatos\/files\/2018\/04\/gutemberg-prtb.jpg"},{"@type":"BreadcrumbList","@id":"https:\/\/www.blogsoestado.com\/danielmatos\/gutemberg-araujo-ingressa-no-prtb-para-disputar-vaga-na-assembleia-legislativa\/#breadcrumb","itemListElement":[{"@type":"ListItem","position":1,"name":"In\u00edcio","item":"https:\/\/www.blogsoestado.com\/danielmatos\/"},{"@type":"ListItem","position":2,"name":"Gutemberg Ara\u00fajo ingressa no PRTB para disputar vaga na Assembleia Legislativa"}]},{"@type":"WebSite","@id":"https:\/\/www.blogsoestado.com\/danielmatos\/#website","url":"https:\/\/www.blogsoestado.com\/danielmatos\/","name":"Daniel Matos","description":"","potentialAction":[{"@type":"SearchAction","target":{"@type":"EntryPoint","urlTemplate":"https:\/\/www.blogsoestado.com\/danielmatos\/?s={search_term_string}"},"query-input":{"@type":"PropertyValueSpecification","valueRequired":true,"valueName":"search_term_string"}}],"inLanguage":"pt-BR"}]}},"jetpack_featured_media_url":"","_links":{"self":[{"href":"https:\/\/www.blogsoestado.com\/danielmatos\/wp-json\/wp\/v2\/posts\/50273","targetHints":{"allow":["GET"]}}],"collection":[{"href":"https:\/\/www.blogsoestado.com\/danielmatos\/wp-json\/wp\/v2\/posts"}],"about":[{"href":"https:\/\/www.blogsoestado.com\/danielmatos\/wp-json\/wp\/v2\/types\/post"}],"replies":[{"embeddable":true,"href":"https:\/\/www.blogsoestado.com\/danielmatos\/wp-json\/wp\/v2\/comments?post=50273"}],"version-history":[{"count":0,"href":"https:\/\/www.blogsoestado.com\/danielmatos\/wp-json\/wp\/v2\/posts\/50273\/revisions"}],"wp:attachment":[{"href":"https:\/\/www.blogsoestado.com\/danielmatos\/wp-json\/wp\/v2\/media?parent=50273"}],"wp:term":[{"taxonomy":"category","embeddable":true,"href":"https:\/\/www.blogsoestado.com\/danielmatos\/wp-json\/wp\/v2\/categories?post=50273"},{"taxonomy":"post_tag","embeddable":true,"href":"https:\/\/www.blogsoestado.com\/danielmatos\/wp-json\/wp\/v2\/tags?post=50273"}],"curies":[{"name":"wp","href":"https:\/\/api.w.org\/{rel}","templated":true}]}}