{"id":50276,"date":"2018-04-10T10:21:31","date_gmt":"2018-04-10T13:21:31","guid":{"rendered":"https:\/\/www.blogsoestado.com\/danielmatos\/?p=50276"},"modified":"2018-04-10T10:21:31","modified_gmt":"2018-04-10T13:21:31","slug":"sao-luis-debaixo-dagua-mais-uma-vez","status":"publish","type":"post","link":"https:\/\/www.blogsoestado.com\/danielmatos\/sao-luis-debaixo-dagua-mais-uma-vez\/","title":{"rendered":"S\u00e3o Lu\u00eds debaixo d&#8217;\u00e1gua, mais uma vez"},"content":{"rendered":"<figure id=\"attachment_50277\" aria-describedby=\"caption-attachment-50277\" style=\"width: 640px\" class=\"wp-caption aligncenter\"><img fetchpriority=\"high\" decoding=\"async\" class=\"wp-image-50277 size-full\" src=\"https:\/\/www.blogsoestado.com\/danielmatos\/files\/2018\/04\/temporal-castiga.jpg\" alt=\"\" width=\"640\" height=\"360\" \/><figcaption id=\"caption-attachment-50277\" class=\"wp-caption-text\">Avenida Colares Moreira, nas imedia\u00e7\u00f5es do Hospital Carlos Macieira, voltou a ficar inundada (<strong>Fotos:<\/strong> Douglas Pinto\/TV Mirante)<\/figcaption><\/figure>\n<p>S\u00e3o Lu\u00eds amanheceu, literalmente, debaixo d&#8217;\u00e1gua hoje por causa de um temporal que castigou a cidade por mais de uma hora. O cen\u00e1rio foi de caos generalizado, com ruas, avenidas e at\u00e9 cal\u00e7adas inundadas, com graves transtornos ao tr\u00e2nsito.<\/p>\n<p>A Avenida Litor\u00e2nea apresentou diversos pontos de alagamento, o que exigiu cuidado redobrado dos condutores. A visibilidade na orla tamb\u00e9m ficou prejudicada, aumentando ainda mais o perigo de acidentes. Apesar dos fatores de risco, houve quem ousasse trafegar a velocidades acima da recomendada por especialistas em tr\u00e2nsito.<\/p>\n<figure id=\"attachment_50278\" aria-describedby=\"caption-attachment-50278\" style=\"width: 640px\" class=\"wp-caption aligncenter\"><img decoding=\"async\" class=\"wp-image-50278 size-full\" src=\"https:\/\/www.blogsoestado.com\/danielmatos\/files\/2018\/04\/temporal-castiga3.jpg\" alt=\"\" width=\"640\" height=\"360\" \/><figcaption id=\"caption-attachment-50278\" class=\"wp-caption-text\">Usu\u00e1rios do transporte p\u00fablico tiveram que subir nos assentos de paradas de \u00f4nibus para n\u00e3o molhar os p\u00e9s na enxurrada<\/figcaption><\/figure>\n<p>Na Avenida Colares Moreira, no trecho entre o Hospital Carlos Macieira e o Pal\u00e1cio Henrique de La Rocque, o alagamento que h\u00e1 anos se forma por causa das chuvas se repetiu, dificultando a mobilidade. As cal\u00e7adas tamb\u00e9m foram invadidas pela \u00e1gua e nos trechos com paradas de \u00f4nibus do transporte p\u00fablico tiveram que subir nos assentos para n\u00e3o molhar os p\u00e9s.<\/p>\n<figure id=\"attachment_50279\" aria-describedby=\"caption-attachment-50279\" style=\"width: 640px\" class=\"wp-caption aligncenter\"><img decoding=\"async\" class=\"size-full wp-image-50279\" src=\"https:\/\/www.blogsoestado.com\/danielmatos\/files\/2018\/04\/temporal-castiga2.jpg\" alt=\"\" width=\"640\" height=\"360\" \/><figcaption id=\"caption-attachment-50279\" class=\"wp-caption-text\">Dezenas de motociclistas se abrigaram sob cobertura de posto de combust\u00edveis, no Vinhais<\/figcaption><\/figure>\n<p>Uma das cenas que mais chamou aten\u00e7\u00e3o ocorreu em um posto de combust\u00edveis no Vinhais, nas imedia\u00e7\u00f5es da Curva do 90, onde dezenas de motociclistas se abrigaram da tempestade. De t\u00e3o numerosa, a frota ocupou quase todos os espa\u00e7os entre as bombas e s\u00f3 dispersou quanto o tempo melhorou.<\/p>\n","protected":false},"excerpt":{"rendered":"<p>S\u00e3o Lu\u00eds amanheceu, literalmente, debaixo d&#8217;\u00e1gua hoje por causa de um temporal que castigou a cidade por mais de uma [&hellip;]<\/p>\n","protected":false},"author":0,"featured_media":0,"comment_status":"open","ping_status":"open","sticky":false,"template":"","format":"standard","meta":{"site-sidebar-layout":"default","site-content-layout":"","ast-site-content-layout":"default","site-content-style":"default","site-sidebar-style":"default","ast-global-header-display":"","ast-banner-title-visibility":"","ast-main-header-display":"","ast-hfb-above-header-display":"","ast-hfb-below-header-display":"","ast-hfb-mobile-header-display":"","site-post-title":"","ast-breadcrumbs-content":"","ast-featured-img":"","footer-sml-layout":"","ast-disable-related-posts":"","theme-transparent-header-meta":"","adv-header-id-meta":"","stick-header-meta":"","header-above-stick-meta":"","header-main-stick-meta":"","header-below-stick-meta":"","astra-migrate-meta-layouts":"default","ast-page-background-enabled":"default","ast-page-background-meta":{"desktop":{"background-color":"var(--ast-global-color-5)","background-image":"","background-repeat":"repeat","background-position":"center center","background-size":"auto","background-attachment":"scroll","background-type":"","background-media":"","overlay-type":"","overlay-color":"","overlay-opacity":"","overlay-gradient":""},"tablet":{"background-color":"","background-image":"","background-repeat":"repeat","background-position":"center center","background-size":"auto","background-attachment":"scroll","background-type":"","background-media":"","overlay-type":"","overlay-color":"","overlay-opacity":"","overlay-gradient":""},"mobile":{"background-color":"","background-image":"","background-repeat":"repeat","background-position":"center center","background-size":"auto","background-attachment":"scroll","background-type":"","background-media":"","overlay-type":"","overlay-color":"","overlay-opacity":"","overlay-gradient":""}},"ast-content-background-meta":{"desktop":{"background-color":"var(--ast-global-color-4)","background-image":"","background-repeat":"repeat","background-position":"center center","background-size":"auto","background-attachment":"scroll","background-type":"","background-media":"","overlay-type":"","overlay-color":"","overlay-opacity":"","overlay-gradient":""},"tablet":{"background-color":"var(--ast-global-color-4)","background-image":"","background-repeat":"repeat","background-position":"center center","background-size":"auto","background-attachment":"scroll","background-type":"","background-media":"","overlay-type":"","overlay-color":"","overlay-opacity":"","overlay-gradient":""},"mobile":{"background-color":"var(--ast-global-color-4)","background-image":"","background-repeat":"repeat","background-position":"center center","background-size":"auto","background-attachment":"scroll","background-type":"","background-media":"","overlay-type":"","overlay-color":"","overlay-opacity":"","overlay-gradient":""}},"footnotes":""},"categories":[1],"tags":[],"class_list":["post-50276","post","type-post","status-publish","format-standard","hentry","category-sem-categoria"],"yoast_head":"<!-- This site is optimized with the Yoast SEO plugin v26.6 - https:\/\/yoast.com\/wordpress\/plugins\/seo\/ -->\n<title>S\u00e3o Lu\u00eds debaixo d&#039;\u00e1gua, mais uma vez - Daniel Matos<\/title>\n<meta name=\"robots\" content=\"index, follow, max-snippet:-1, max-image-preview:large, max-video-preview:-1\" \/>\n<link rel=\"canonical\" href=\"https:\/\/www.blogsoestado.com\/danielmatos\/sao-luis-debaixo-dagua-mais-uma-vez\/\" \/>\n<meta property=\"og:locale\" content=\"pt_BR\" \/>\n<meta property=\"og:type\" content=\"article\" \/>\n<meta property=\"og:title\" content=\"S\u00e3o Lu\u00eds debaixo d&#039;\u00e1gua, mais uma vez - Daniel Matos\" \/>\n<meta property=\"og:description\" content=\"S\u00e3o Lu\u00eds amanheceu, literalmente, debaixo d&#8217;\u00e1gua hoje por causa de um temporal que castigou a cidade por mais de uma [&hellip;]\" \/>\n<meta property=\"og:url\" content=\"https:\/\/www.blogsoestado.com\/danielmatos\/sao-luis-debaixo-dagua-mais-uma-vez\/\" \/>\n<meta property=\"og:site_name\" content=\"Daniel Matos\" \/>\n<meta property=\"article:published_time\" content=\"2018-04-10T13:21:31+00:00\" \/>\n<meta property=\"og:image\" content=\"https:\/\/www.blogsoestado.com\/danielmatos\/files\/2018\/04\/temporal-castiga.jpg\" \/>\n<meta name=\"twitter:card\" content=\"summary_large_image\" \/>\n<meta name=\"twitter:label1\" content=\"Est. tempo de leitura\" \/>\n\t<meta name=\"twitter:data1\" content=\"1 minuto\" \/>\n<script type=\"application\/ld+json\" class=\"yoast-schema-graph\">{\"@context\":\"https:\/\/schema.org\",\"@graph\":[{\"@type\":\"WebPage\",\"@id\":\"https:\/\/www.blogsoestado.com\/danielmatos\/sao-luis-debaixo-dagua-mais-uma-vez\/\",\"url\":\"https:\/\/www.blogsoestado.com\/danielmatos\/sao-luis-debaixo-dagua-mais-uma-vez\/\",\"name\":\"S\u00e3o Lu\u00eds debaixo d'\u00e1gua, mais uma vez - Daniel Matos\",\"isPartOf\":{\"@id\":\"https:\/\/www.blogsoestado.com\/danielmatos\/#website\"},\"primaryImageOfPage\":{\"@id\":\"https:\/\/www.blogsoestado.com\/danielmatos\/sao-luis-debaixo-dagua-mais-uma-vez\/#primaryimage\"},\"image\":{\"@id\":\"https:\/\/www.blogsoestado.com\/danielmatos\/sao-luis-debaixo-dagua-mais-uma-vez\/#primaryimage\"},\"thumbnailUrl\":\"https:\/\/www.blogsoestado.com\/danielmatos\/files\/2018\/04\/temporal-castiga.jpg\",\"datePublished\":\"2018-04-10T13:21:31+00:00\",\"author\":{\"@id\":\"\"},\"breadcrumb\":{\"@id\":\"https:\/\/www.blogsoestado.com\/danielmatos\/sao-luis-debaixo-dagua-mais-uma-vez\/#breadcrumb\"},\"inLanguage\":\"pt-BR\",\"potentialAction\":[{\"@type\":\"ReadAction\",\"target\":[\"https:\/\/www.blogsoestado.com\/danielmatos\/sao-luis-debaixo-dagua-mais-uma-vez\/\"]}]},{\"@type\":\"ImageObject\",\"inLanguage\":\"pt-BR\",\"@id\":\"https:\/\/www.blogsoestado.com\/danielmatos\/sao-luis-debaixo-dagua-mais-uma-vez\/#primaryimage\",\"url\":\"https:\/\/www.blogsoestado.com\/danielmatos\/files\/2018\/04\/temporal-castiga.jpg\",\"contentUrl\":\"https:\/\/www.blogsoestado.com\/danielmatos\/files\/2018\/04\/temporal-castiga.jpg\"},{\"@type\":\"BreadcrumbList\",\"@id\":\"https:\/\/www.blogsoestado.com\/danielmatos\/sao-luis-debaixo-dagua-mais-uma-vez\/#breadcrumb\",\"itemListElement\":[{\"@type\":\"ListItem\",\"position\":1,\"name\":\"In\u00edcio\",\"item\":\"https:\/\/www.blogsoestado.com\/danielmatos\/\"},{\"@type\":\"ListItem\",\"position\":2,\"name\":\"S\u00e3o Lu\u00eds debaixo d&#8217;\u00e1gua, mais uma vez\"}]},{\"@type\":\"WebSite\",\"@id\":\"https:\/\/www.blogsoestado.com\/danielmatos\/#website\",\"url\":\"https:\/\/www.blogsoestado.com\/danielmatos\/\",\"name\":\"Daniel Matos\",\"description\":\"\",\"potentialAction\":[{\"@type\":\"SearchAction\",\"target\":{\"@type\":\"EntryPoint\",\"urlTemplate\":\"https:\/\/www.blogsoestado.com\/danielmatos\/?s={search_term_string}\"},\"query-input\":{\"@type\":\"PropertyValueSpecification\",\"valueRequired\":true,\"valueName\":\"search_term_string\"}}],\"inLanguage\":\"pt-BR\"}]}<\/script>\n<!-- \/ Yoast SEO plugin. -->","yoast_head_json":{"title":"S\u00e3o Lu\u00eds debaixo d'\u00e1gua, mais uma vez - Daniel Matos","robots":{"index":"index","follow":"follow","max-snippet":"max-snippet:-1","max-image-preview":"max-image-preview:large","max-video-preview":"max-video-preview:-1"},"canonical":"https:\/\/www.blogsoestado.com\/danielmatos\/sao-luis-debaixo-dagua-mais-uma-vez\/","og_locale":"pt_BR","og_type":"article","og_title":"S\u00e3o Lu\u00eds debaixo d'\u00e1gua, mais uma vez - Daniel Matos","og_description":"S\u00e3o Lu\u00eds amanheceu, literalmente, debaixo d&#8217;\u00e1gua hoje por causa de um temporal que castigou a cidade por mais de uma [&hellip;]","og_url":"https:\/\/www.blogsoestado.com\/danielmatos\/sao-luis-debaixo-dagua-mais-uma-vez\/","og_site_name":"Daniel Matos","article_published_time":"2018-04-10T13:21:31+00:00","og_image":[{"url":"https:\/\/www.blogsoestado.com\/danielmatos\/files\/2018\/04\/temporal-castiga.jpg","type":"","width":"","height":""}],"twitter_card":"summary_large_image","twitter_misc":{"Est. tempo de leitura":"1 minuto"},"schema":{"@context":"https:\/\/schema.org","@graph":[{"@type":"WebPage","@id":"https:\/\/www.blogsoestado.com\/danielmatos\/sao-luis-debaixo-dagua-mais-uma-vez\/","url":"https:\/\/www.blogsoestado.com\/danielmatos\/sao-luis-debaixo-dagua-mais-uma-vez\/","name":"S\u00e3o Lu\u00eds debaixo d'\u00e1gua, mais uma vez - Daniel Matos","isPartOf":{"@id":"https:\/\/www.blogsoestado.com\/danielmatos\/#website"},"primaryImageOfPage":{"@id":"https:\/\/www.blogsoestado.com\/danielmatos\/sao-luis-debaixo-dagua-mais-uma-vez\/#primaryimage"},"image":{"@id":"https:\/\/www.blogsoestado.com\/danielmatos\/sao-luis-debaixo-dagua-mais-uma-vez\/#primaryimage"},"thumbnailUrl":"https:\/\/www.blogsoestado.com\/danielmatos\/files\/2018\/04\/temporal-castiga.jpg","datePublished":"2018-04-10T13:21:31+00:00","author":{"@id":""},"breadcrumb":{"@id":"https:\/\/www.blogsoestado.com\/danielmatos\/sao-luis-debaixo-dagua-mais-uma-vez\/#breadcrumb"},"inLanguage":"pt-BR","potentialAction":[{"@type":"ReadAction","target":["https:\/\/www.blogsoestado.com\/danielmatos\/sao-luis-debaixo-dagua-mais-uma-vez\/"]}]},{"@type":"ImageObject","inLanguage":"pt-BR","@id":"https:\/\/www.blogsoestado.com\/danielmatos\/sao-luis-debaixo-dagua-mais-uma-vez\/#primaryimage","url":"https:\/\/www.blogsoestado.com\/danielmatos\/files\/2018\/04\/temporal-castiga.jpg","contentUrl":"https:\/\/www.blogsoestado.com\/danielmatos\/files\/2018\/04\/temporal-castiga.jpg"},{"@type":"BreadcrumbList","@id":"https:\/\/www.blogsoestado.com\/danielmatos\/sao-luis-debaixo-dagua-mais-uma-vez\/#breadcrumb","itemListElement":[{"@type":"ListItem","position":1,"name":"In\u00edcio","item":"https:\/\/www.blogsoestado.com\/danielmatos\/"},{"@type":"ListItem","position":2,"name":"S\u00e3o Lu\u00eds debaixo d&#8217;\u00e1gua, mais uma vez"}]},{"@type":"WebSite","@id":"https:\/\/www.blogsoestado.com\/danielmatos\/#website","url":"https:\/\/www.blogsoestado.com\/danielmatos\/","name":"Daniel Matos","description":"","potentialAction":[{"@type":"SearchAction","target":{"@type":"EntryPoint","urlTemplate":"https:\/\/www.blogsoestado.com\/danielmatos\/?s={search_term_string}"},"query-input":{"@type":"PropertyValueSpecification","valueRequired":true,"valueName":"search_term_string"}}],"inLanguage":"pt-BR"}]}},"jetpack_featured_media_url":"","_links":{"self":[{"href":"https:\/\/www.blogsoestado.com\/danielmatos\/wp-json\/wp\/v2\/posts\/50276","targetHints":{"allow":["GET"]}}],"collection":[{"href":"https:\/\/www.blogsoestado.com\/danielmatos\/wp-json\/wp\/v2\/posts"}],"about":[{"href":"https:\/\/www.blogsoestado.com\/danielmatos\/wp-json\/wp\/v2\/types\/post"}],"replies":[{"embeddable":true,"href":"https:\/\/www.blogsoestado.com\/danielmatos\/wp-json\/wp\/v2\/comments?post=50276"}],"version-history":[{"count":0,"href":"https:\/\/www.blogsoestado.com\/danielmatos\/wp-json\/wp\/v2\/posts\/50276\/revisions"}],"wp:attachment":[{"href":"https:\/\/www.blogsoestado.com\/danielmatos\/wp-json\/wp\/v2\/media?parent=50276"}],"wp:term":[{"taxonomy":"category","embeddable":true,"href":"https:\/\/www.blogsoestado.com\/danielmatos\/wp-json\/wp\/v2\/categories?post=50276"},{"taxonomy":"post_tag","embeddable":true,"href":"https:\/\/www.blogsoestado.com\/danielmatos\/wp-json\/wp\/v2\/tags?post=50276"}],"curies":[{"name":"wp","href":"https:\/\/api.w.org\/{rel}","templated":true}]}}