{"id":50281,"date":"2018-04-10T10:31:01","date_gmt":"2018-04-10T13:31:01","guid":{"rendered":"https:\/\/www.blogsoestado.com\/danielmatos\/?p=50281"},"modified":"2018-04-10T10:31:01","modified_gmt":"2018-04-10T13:31:01","slug":"hapvida-homenageia-jornalistas-com-acao-voltada-saude","status":"publish","type":"post","link":"https:\/\/www.blogsoestado.com\/danielmatos\/hapvida-homenageia-jornalistas-com-acao-voltada-saude\/","title":{"rendered":"Hapvida homenageia jornalistas com a\u00e7\u00e3o voltada \u00e0 sa\u00fade"},"content":{"rendered":"<p><img fetchpriority=\"high\" decoding=\"async\" class=\"alignright size-full wp-image-50282\" src=\"https:\/\/www.blogsoestado.com\/danielmatos\/files\/2018\/04\/dia-saude.jpg\" alt=\"\" width=\"336\" height=\"336\" \/>De um lado, o profissional atento, de racioc\u00ednio r\u00e1pido e sagaz, que tem poesia nos olhos para ler o mundo com filtros pr\u00f3prios, peculiares, e traduz\u00ed-lo da forma mais real e revolucion\u00e1ria. Do outro, o mesmo profissional que, embora exercite a mente, muitas vezes, esquece-se do f\u00edsico.<\/p>\n<p>S\u00e3o horas e horas de trabalho viciante, hist\u00f3rias para contar, textos para escrever, transmiss\u00f5es para realizar, algumas canecas de caf\u00e9, ins\u00f4nia, m\u00fasculos que gritam, dedos com calos, cal\u00e7as e camisas sujas de tinta de caneta&#8230; E cad\u00ea tempo para cuidar da sa\u00fade?<\/p>\n<p>Foi pensando nesse profissional cada vez mais din\u00e2mico e transm\u00eddia que o Hapvida Sa\u00fade decidiu celebrar o Dia do Jornalista de um jeito muito especial em S\u00e3o Lu\u00eds. A data, comemorada em 7 de abril, coincide com outra celebra\u00e7\u00e3o: o Dia Mundial da Sa\u00fade. Por isso, v\u00e1rios jornalistas da capital receberam a visita de uma equipe de medicina preventiva na \u00faltima sexta-feira (6).<\/p>\n<p><img decoding=\"async\" class=\"alignleft size-full wp-image-50283\" src=\"https:\/\/www.blogsoestado.com\/danielmatos\/files\/2018\/04\/dia-saude2.jpg\" alt=\"\" width=\"336\" height=\"336\" \/>A equipe passou o dia de reda\u00e7\u00e3o em reda\u00e7\u00e3o, com profissionais da nutri\u00e7\u00e3o, enfermagem e massoterapeutas. A ideia era conversar com os jornalistas para mostrar a import\u00e2ncia do cuidado com a sa\u00fade. Assim, os comunicadores passaram por aferi\u00e7\u00e3o da press\u00e3o arterial, c\u00e1lculo e an\u00e1lise do IMC \u2013 \u00cdndice de Massa Corporal; e massagens relaxantes para renovar a disposi\u00e7\u00e3o em busca de novas e grandes hist\u00f3rias.<\/p>\n<p>Sa\u00fade! \u00c9 isso o que o Hapvida deseja para todos aqueles que fazem do of\u00edcio um prazer intermin\u00e1vel, aqueles que sentem as dores do mundo e, depois, t\u00eam a \u00e1rdua miss\u00e3o de compartilhar, tornar comum as informa\u00e7\u00f5es sem as quais as sociedades padeceriam.<\/p>\n<p>Que a sua miss\u00e3o, caro colega JORNALISTA, seja repleta de sa\u00fade, para que seus anos sejam longos e bons! Parab\u00e9ns!<\/p>\n","protected":false},"excerpt":{"rendered":"<p>De um lado, o profissional atento, de racioc\u00ednio r\u00e1pido e sagaz, que tem poesia nos olhos para ler o mundo [&hellip;]<\/p>\n","protected":false},"author":0,"featured_media":0,"comment_status":"open","ping_status":"open","sticky":false,"template":"","format":"standard","meta":{"site-sidebar-layout":"default","site-content-layout":"","ast-site-content-layout":"default","site-content-style":"default","site-sidebar-style":"default","ast-global-header-display":"","ast-banner-title-visibility":"","ast-main-header-display":"","ast-hfb-above-header-display":"","ast-hfb-below-header-display":"","ast-hfb-mobile-header-display":"","site-post-title":"","ast-breadcrumbs-content":"","ast-featured-img":"","footer-sml-layout":"","ast-disable-related-posts":"","theme-transparent-header-meta":"","adv-header-id-meta":"","stick-header-meta":"","header-above-stick-meta":"","header-main-stick-meta":"","header-below-stick-meta":"","astra-migrate-meta-layouts":"default","ast-page-background-enabled":"default","ast-page-background-meta":{"desktop":{"background-color":"var(--ast-global-color-5)","background-image":"","background-repeat":"repeat","background-position":"center center","background-size":"auto","background-attachment":"scroll","background-type":"","background-media":"","overlay-type":"","overlay-color":"","overlay-opacity":"","overlay-gradient":""},"tablet":{"background-color":"","background-image":"","background-repeat":"repeat","background-position":"center center","background-size":"auto","background-attachment":"scroll","background-type":"","background-media":"","overlay-type":"","overlay-color":"","overlay-opacity":"","overlay-gradient":""},"mobile":{"background-color":"","background-image":"","background-repeat":"repeat","background-position":"center center","background-size":"auto","background-attachment":"scroll","background-type":"","background-media":"","overlay-type":"","overlay-color":"","overlay-opacity":"","overlay-gradient":""}},"ast-content-background-meta":{"desktop":{"background-color":"var(--ast-global-color-4)","background-image":"","background-repeat":"repeat","background-position":"center center","background-size":"auto","background-attachment":"scroll","background-type":"","background-media":"","overlay-type":"","overlay-color":"","overlay-opacity":"","overlay-gradient":""},"tablet":{"background-color":"var(--ast-global-color-4)","background-image":"","background-repeat":"repeat","background-position":"center center","background-size":"auto","background-attachment":"scroll","background-type":"","background-media":"","overlay-type":"","overlay-color":"","overlay-opacity":"","overlay-gradient":""},"mobile":{"background-color":"var(--ast-global-color-4)","background-image":"","background-repeat":"repeat","background-position":"center center","background-size":"auto","background-attachment":"scroll","background-type":"","background-media":"","overlay-type":"","overlay-color":"","overlay-opacity":"","overlay-gradient":""}},"footnotes":""},"categories":[1],"tags":[],"class_list":["post-50281","post","type-post","status-publish","format-standard","hentry","category-sem-categoria"],"yoast_head":"<!-- This site is optimized with the Yoast SEO plugin v26.6 - https:\/\/yoast.com\/wordpress\/plugins\/seo\/ -->\n<title>Hapvida homenageia jornalistas com a\u00e7\u00e3o voltada \u00e0 sa\u00fade - Daniel Matos<\/title>\n<meta name=\"robots\" content=\"index, follow, max-snippet:-1, max-image-preview:large, max-video-preview:-1\" \/>\n<link rel=\"canonical\" href=\"https:\/\/www.blogsoestado.com\/danielmatos\/hapvida-homenageia-jornalistas-com-acao-voltada-saude\/\" \/>\n<meta property=\"og:locale\" content=\"pt_BR\" \/>\n<meta property=\"og:type\" content=\"article\" \/>\n<meta property=\"og:title\" content=\"Hapvida homenageia jornalistas com a\u00e7\u00e3o voltada \u00e0 sa\u00fade - Daniel Matos\" \/>\n<meta property=\"og:description\" content=\"De um lado, o profissional atento, de racioc\u00ednio r\u00e1pido e sagaz, que tem poesia nos olhos para ler o mundo [&hellip;]\" \/>\n<meta property=\"og:url\" content=\"https:\/\/www.blogsoestado.com\/danielmatos\/hapvida-homenageia-jornalistas-com-acao-voltada-saude\/\" \/>\n<meta property=\"og:site_name\" content=\"Daniel Matos\" \/>\n<meta property=\"article:published_time\" content=\"2018-04-10T13:31:01+00:00\" \/>\n<meta property=\"og:image\" content=\"https:\/\/www.blogsoestado.com\/danielmatos\/files\/2018\/04\/dia-saude.jpg\" \/>\n<meta name=\"twitter:card\" content=\"summary_large_image\" \/>\n<meta name=\"twitter:label1\" content=\"Est. tempo de leitura\" \/>\n\t<meta name=\"twitter:data1\" content=\"2 minutos\" \/>\n<script type=\"application\/ld+json\" class=\"yoast-schema-graph\">{\"@context\":\"https:\/\/schema.org\",\"@graph\":[{\"@type\":\"WebPage\",\"@id\":\"https:\/\/www.blogsoestado.com\/danielmatos\/hapvida-homenageia-jornalistas-com-acao-voltada-saude\/\",\"url\":\"https:\/\/www.blogsoestado.com\/danielmatos\/hapvida-homenageia-jornalistas-com-acao-voltada-saude\/\",\"name\":\"Hapvida homenageia jornalistas com a\u00e7\u00e3o voltada \u00e0 sa\u00fade - Daniel Matos\",\"isPartOf\":{\"@id\":\"https:\/\/www.blogsoestado.com\/danielmatos\/#website\"},\"primaryImageOfPage\":{\"@id\":\"https:\/\/www.blogsoestado.com\/danielmatos\/hapvida-homenageia-jornalistas-com-acao-voltada-saude\/#primaryimage\"},\"image\":{\"@id\":\"https:\/\/www.blogsoestado.com\/danielmatos\/hapvida-homenageia-jornalistas-com-acao-voltada-saude\/#primaryimage\"},\"thumbnailUrl\":\"https:\/\/www.blogsoestado.com\/danielmatos\/files\/2018\/04\/dia-saude.jpg\",\"datePublished\":\"2018-04-10T13:31:01+00:00\",\"author\":{\"@id\":\"\"},\"breadcrumb\":{\"@id\":\"https:\/\/www.blogsoestado.com\/danielmatos\/hapvida-homenageia-jornalistas-com-acao-voltada-saude\/#breadcrumb\"},\"inLanguage\":\"pt-BR\",\"potentialAction\":[{\"@type\":\"ReadAction\",\"target\":[\"https:\/\/www.blogsoestado.com\/danielmatos\/hapvida-homenageia-jornalistas-com-acao-voltada-saude\/\"]}]},{\"@type\":\"ImageObject\",\"inLanguage\":\"pt-BR\",\"@id\":\"https:\/\/www.blogsoestado.com\/danielmatos\/hapvida-homenageia-jornalistas-com-acao-voltada-saude\/#primaryimage\",\"url\":\"https:\/\/www.blogsoestado.com\/danielmatos\/files\/2018\/04\/dia-saude.jpg\",\"contentUrl\":\"https:\/\/www.blogsoestado.com\/danielmatos\/files\/2018\/04\/dia-saude.jpg\"},{\"@type\":\"BreadcrumbList\",\"@id\":\"https:\/\/www.blogsoestado.com\/danielmatos\/hapvida-homenageia-jornalistas-com-acao-voltada-saude\/#breadcrumb\",\"itemListElement\":[{\"@type\":\"ListItem\",\"position\":1,\"name\":\"In\u00edcio\",\"item\":\"https:\/\/www.blogsoestado.com\/danielmatos\/\"},{\"@type\":\"ListItem\",\"position\":2,\"name\":\"Hapvida homenageia jornalistas com a\u00e7\u00e3o voltada \u00e0 sa\u00fade\"}]},{\"@type\":\"WebSite\",\"@id\":\"https:\/\/www.blogsoestado.com\/danielmatos\/#website\",\"url\":\"https:\/\/www.blogsoestado.com\/danielmatos\/\",\"name\":\"Daniel Matos\",\"description\":\"\",\"potentialAction\":[{\"@type\":\"SearchAction\",\"target\":{\"@type\":\"EntryPoint\",\"urlTemplate\":\"https:\/\/www.blogsoestado.com\/danielmatos\/?s={search_term_string}\"},\"query-input\":{\"@type\":\"PropertyValueSpecification\",\"valueRequired\":true,\"valueName\":\"search_term_string\"}}],\"inLanguage\":\"pt-BR\"}]}<\/script>\n<!-- \/ Yoast SEO plugin. -->","yoast_head_json":{"title":"Hapvida homenageia jornalistas com a\u00e7\u00e3o voltada \u00e0 sa\u00fade - Daniel Matos","robots":{"index":"index","follow":"follow","max-snippet":"max-snippet:-1","max-image-preview":"max-image-preview:large","max-video-preview":"max-video-preview:-1"},"canonical":"https:\/\/www.blogsoestado.com\/danielmatos\/hapvida-homenageia-jornalistas-com-acao-voltada-saude\/","og_locale":"pt_BR","og_type":"article","og_title":"Hapvida homenageia jornalistas com a\u00e7\u00e3o voltada \u00e0 sa\u00fade - Daniel Matos","og_description":"De um lado, o profissional atento, de racioc\u00ednio r\u00e1pido e sagaz, que tem poesia nos olhos para ler o mundo [&hellip;]","og_url":"https:\/\/www.blogsoestado.com\/danielmatos\/hapvida-homenageia-jornalistas-com-acao-voltada-saude\/","og_site_name":"Daniel Matos","article_published_time":"2018-04-10T13:31:01+00:00","og_image":[{"url":"https:\/\/www.blogsoestado.com\/danielmatos\/files\/2018\/04\/dia-saude.jpg","type":"","width":"","height":""}],"twitter_card":"summary_large_image","twitter_misc":{"Est. tempo de leitura":"2 minutos"},"schema":{"@context":"https:\/\/schema.org","@graph":[{"@type":"WebPage","@id":"https:\/\/www.blogsoestado.com\/danielmatos\/hapvida-homenageia-jornalistas-com-acao-voltada-saude\/","url":"https:\/\/www.blogsoestado.com\/danielmatos\/hapvida-homenageia-jornalistas-com-acao-voltada-saude\/","name":"Hapvida homenageia jornalistas com a\u00e7\u00e3o voltada \u00e0 sa\u00fade - Daniel Matos","isPartOf":{"@id":"https:\/\/www.blogsoestado.com\/danielmatos\/#website"},"primaryImageOfPage":{"@id":"https:\/\/www.blogsoestado.com\/danielmatos\/hapvida-homenageia-jornalistas-com-acao-voltada-saude\/#primaryimage"},"image":{"@id":"https:\/\/www.blogsoestado.com\/danielmatos\/hapvida-homenageia-jornalistas-com-acao-voltada-saude\/#primaryimage"},"thumbnailUrl":"https:\/\/www.blogsoestado.com\/danielmatos\/files\/2018\/04\/dia-saude.jpg","datePublished":"2018-04-10T13:31:01+00:00","author":{"@id":""},"breadcrumb":{"@id":"https:\/\/www.blogsoestado.com\/danielmatos\/hapvida-homenageia-jornalistas-com-acao-voltada-saude\/#breadcrumb"},"inLanguage":"pt-BR","potentialAction":[{"@type":"ReadAction","target":["https:\/\/www.blogsoestado.com\/danielmatos\/hapvida-homenageia-jornalistas-com-acao-voltada-saude\/"]}]},{"@type":"ImageObject","inLanguage":"pt-BR","@id":"https:\/\/www.blogsoestado.com\/danielmatos\/hapvida-homenageia-jornalistas-com-acao-voltada-saude\/#primaryimage","url":"https:\/\/www.blogsoestado.com\/danielmatos\/files\/2018\/04\/dia-saude.jpg","contentUrl":"https:\/\/www.blogsoestado.com\/danielmatos\/files\/2018\/04\/dia-saude.jpg"},{"@type":"BreadcrumbList","@id":"https:\/\/www.blogsoestado.com\/danielmatos\/hapvida-homenageia-jornalistas-com-acao-voltada-saude\/#breadcrumb","itemListElement":[{"@type":"ListItem","position":1,"name":"In\u00edcio","item":"https:\/\/www.blogsoestado.com\/danielmatos\/"},{"@type":"ListItem","position":2,"name":"Hapvida homenageia jornalistas com a\u00e7\u00e3o voltada \u00e0 sa\u00fade"}]},{"@type":"WebSite","@id":"https:\/\/www.blogsoestado.com\/danielmatos\/#website","url":"https:\/\/www.blogsoestado.com\/danielmatos\/","name":"Daniel Matos","description":"","potentialAction":[{"@type":"SearchAction","target":{"@type":"EntryPoint","urlTemplate":"https:\/\/www.blogsoestado.com\/danielmatos\/?s={search_term_string}"},"query-input":{"@type":"PropertyValueSpecification","valueRequired":true,"valueName":"search_term_string"}}],"inLanguage":"pt-BR"}]}},"jetpack_featured_media_url":"","_links":{"self":[{"href":"https:\/\/www.blogsoestado.com\/danielmatos\/wp-json\/wp\/v2\/posts\/50281","targetHints":{"allow":["GET"]}}],"collection":[{"href":"https:\/\/www.blogsoestado.com\/danielmatos\/wp-json\/wp\/v2\/posts"}],"about":[{"href":"https:\/\/www.blogsoestado.com\/danielmatos\/wp-json\/wp\/v2\/types\/post"}],"replies":[{"embeddable":true,"href":"https:\/\/www.blogsoestado.com\/danielmatos\/wp-json\/wp\/v2\/comments?post=50281"}],"version-history":[{"count":0,"href":"https:\/\/www.blogsoestado.com\/danielmatos\/wp-json\/wp\/v2\/posts\/50281\/revisions"}],"wp:attachment":[{"href":"https:\/\/www.blogsoestado.com\/danielmatos\/wp-json\/wp\/v2\/media?parent=50281"}],"wp:term":[{"taxonomy":"category","embeddable":true,"href":"https:\/\/www.blogsoestado.com\/danielmatos\/wp-json\/wp\/v2\/categories?post=50281"},{"taxonomy":"post_tag","embeddable":true,"href":"https:\/\/www.blogsoestado.com\/danielmatos\/wp-json\/wp\/v2\/tags?post=50281"}],"curies":[{"name":"wp","href":"https:\/\/api.w.org\/{rel}","templated":true}]}}