{"id":50288,"date":"2018-04-10T14:30:48","date_gmt":"2018-04-10T17:30:48","guid":{"rendered":"https:\/\/www.blogsoestado.com\/danielmatos\/?p=50288"},"modified":"2018-04-10T14:30:48","modified_gmt":"2018-04-10T17:30:48","slug":"cezar-bombeiro-inaugura-centro-de-formacao-destinado-educacao-no-bairro-liberdade","status":"publish","type":"post","link":"https:\/\/www.blogsoestado.com\/danielmatos\/cezar-bombeiro-inaugura-centro-de-formacao-destinado-educacao-no-bairro-liberdade\/","title":{"rendered":"C\u00e9zar Bombeiro inaugura centro de forma\u00e7\u00e3o destinado \u00e0 educa\u00e7\u00e3o no bairro Liberdade"},"content":{"rendered":"<figure id=\"attachment_50289\" aria-describedby=\"caption-attachment-50289\" style=\"width: 640px\" class=\"wp-caption aligncenter\"><img fetchpriority=\"high\" decoding=\"async\" class=\"size-full wp-image-50289\" src=\"https:\/\/www.blogsoestado.com\/danielmatos\/files\/2018\/04\/bombeiro-cb.jpg\" alt=\"\" width=\"640\" height=\"400\" \/><figcaption id=\"caption-attachment-50289\" class=\"wp-caption-text\">C\u00e9zar Bombeiro destacou que o curso de inform\u00e1tica \u00e9 de vital necessidade para as pessoas que tentam ingressar no mercado de trabalho<\/figcaption><\/figure>\n<p>O vereador C\u00e9zar Bombeiro (PSD) entregou \u00e0 comunidade do bairro Liberdade,\u00a0na \u00faltima sexta-feira, (8), o Centro de Forma\u00e7\u00e3o CB, inicialmente voltado ao enfrentamento do analfabetismo digital, cursos de culin\u00e1ria voltados para a conserva\u00e7\u00e3o de alimentos e ind\u00fastria caseira, al\u00e9m de contar com uma sala para atendimento de fisioterapia e futuramente consultas m\u00e9dicas.<\/p>\n<p>C\u00e9zar Bombeiro, por ocasi\u00e3o da inaugura\u00e7\u00e3o da sede do Centro de Forma\u00e7\u00e3o CB, destacou que o curso de inform\u00e1tica \u00e9 de vital necessidade para as pessoas que tentam ingressar no mercado de trabalho e por n\u00e3o terem conhecimentos e nem saberem manusear um computador n\u00e3o conseguem acessar ao mercado de trabalho.<\/p>\n<p>J\u00e1 o curso de conserva\u00e7\u00e3o de alimentos com a ind\u00fastria caseira tem dois objetivos diferentes, mas bastante educativo. A conserva\u00e7\u00e3o de alimentos \u00e9 para evitar perdas e o consumo de produtos saud\u00e1veis e a ind\u00fastria caseira \u00e9 voltada para a transforma\u00e7\u00e3o de alimentos, em que as pessoas ser\u00e3o orientadas a industrializar produtos que geralmente e por desconhecimento jogamos no lixo, fontes ricas de vitaminas e altamente saud\u00e1veis, principalmente as cascas de frutas e verduras, al\u00e9m de oportunizar as pessoas a ganharem dinheiro.<\/p>\n<p>Quanto \u00e0 sala de fisioterapia, \u00e9 importante em raz\u00e3o de que ela est\u00e1 ligada as pessoas, desde as crian\u00e7as at\u00e9 os idosos, al\u00e9m de que estamos trabalhando para em busca de parcerias para consultas m\u00e9dicas, diz o vereador.<\/p>\n<p>Ele considera ser tamb\u00e9m uma das prioridades do Centro de Forma\u00e7\u00e3o CB, uma escola para alfabetiza\u00e7\u00e3o de adultos, com metodologias modernas que permitam a que as pessoas aprendam em tempo curto, a ler e escrever para se tornarem cidad\u00e3s e posteriormente possam se tornar protagonistas das suas hist\u00f3rias e transformarem sonhos em realidade. Sempre digo que, a transforma\u00e7\u00e3o em qualquer contexto passa necessariamente pela educa\u00e7\u00e3o, afirmou o vereador C\u00e9zar Bombeiro, a todos os presentes \u00e0 solenidade simples de inaugura\u00e7\u00e3o do Centro de Forma\u00e7\u00e3o CB.<\/p>\n","protected":false},"excerpt":{"rendered":"<p>O vereador C\u00e9zar Bombeiro (PSD) entregou \u00e0 comunidade do bairro Liberdade,\u00a0na \u00faltima sexta-feira, (8), o Centro de Forma\u00e7\u00e3o CB, inicialmente [&hellip;]<\/p>\n","protected":false},"author":0,"featured_media":0,"comment_status":"open","ping_status":"open","sticky":false,"template":"","format":"standard","meta":{"site-sidebar-layout":"default","site-content-layout":"","ast-site-content-layout":"default","site-content-style":"default","site-sidebar-style":"default","ast-global-header-display":"","ast-banner-title-visibility":"","ast-main-header-display":"","ast-hfb-above-header-display":"","ast-hfb-below-header-display":"","ast-hfb-mobile-header-display":"","site-post-title":"","ast-breadcrumbs-content":"","ast-featured-img":"","footer-sml-layout":"","ast-disable-related-posts":"","theme-transparent-header-meta":"","adv-header-id-meta":"","stick-header-meta":"","header-above-stick-meta":"","header-main-stick-meta":"","header-below-stick-meta":"","astra-migrate-meta-layouts":"default","ast-page-background-enabled":"default","ast-page-background-meta":{"desktop":{"background-color":"var(--ast-global-color-5)","background-image":"","background-repeat":"repeat","background-position":"center center","background-size":"auto","background-attachment":"scroll","background-type":"","background-media":"","overlay-type":"","overlay-color":"","overlay-opacity":"","overlay-gradient":""},"tablet":{"background-color":"","background-image":"","background-repeat":"repeat","background-position":"center center","background-size":"auto","background-attachment":"scroll","background-type":"","background-media":"","overlay-type":"","overlay-color":"","overlay-opacity":"","overlay-gradient":""},"mobile":{"background-color":"","background-image":"","background-repeat":"repeat","background-position":"center center","background-size":"auto","background-attachment":"scroll","background-type":"","background-media":"","overlay-type":"","overlay-color":"","overlay-opacity":"","overlay-gradient":""}},"ast-content-background-meta":{"desktop":{"background-color":"var(--ast-global-color-4)","background-image":"","background-repeat":"repeat","background-position":"center center","background-size":"auto","background-attachment":"scroll","background-type":"","background-media":"","overlay-type":"","overlay-color":"","overlay-opacity":"","overlay-gradient":""},"tablet":{"background-color":"var(--ast-global-color-4)","background-image":"","background-repeat":"repeat","background-position":"center center","background-size":"auto","background-attachment":"scroll","background-type":"","background-media":"","overlay-type":"","overlay-color":"","overlay-opacity":"","overlay-gradient":""},"mobile":{"background-color":"var(--ast-global-color-4)","background-image":"","background-repeat":"repeat","background-position":"center center","background-size":"auto","background-attachment":"scroll","background-type":"","background-media":"","overlay-type":"","overlay-color":"","overlay-opacity":"","overlay-gradient":""}},"footnotes":""},"categories":[1],"tags":[],"class_list":["post-50288","post","type-post","status-publish","format-standard","hentry","category-sem-categoria"],"yoast_head":"<!-- This site is optimized with the Yoast SEO plugin v26.6 - https:\/\/yoast.com\/wordpress\/plugins\/seo\/ -->\n<title>C\u00e9zar Bombeiro inaugura centro de forma\u00e7\u00e3o destinado \u00e0 educa\u00e7\u00e3o no bairro Liberdade - Daniel Matos<\/title>\n<meta name=\"robots\" content=\"index, follow, max-snippet:-1, max-image-preview:large, max-video-preview:-1\" \/>\n<link rel=\"canonical\" href=\"https:\/\/www.blogsoestado.com\/danielmatos\/cezar-bombeiro-inaugura-centro-de-formacao-destinado-educacao-no-bairro-liberdade\/\" \/>\n<meta property=\"og:locale\" content=\"pt_BR\" \/>\n<meta property=\"og:type\" content=\"article\" \/>\n<meta property=\"og:title\" content=\"C\u00e9zar Bombeiro inaugura centro de forma\u00e7\u00e3o destinado \u00e0 educa\u00e7\u00e3o no bairro Liberdade - Daniel Matos\" \/>\n<meta property=\"og:description\" content=\"O vereador C\u00e9zar Bombeiro (PSD) entregou \u00e0 comunidade do bairro Liberdade,\u00a0na \u00faltima sexta-feira, (8), o Centro de Forma\u00e7\u00e3o CB, inicialmente [&hellip;]\" \/>\n<meta property=\"og:url\" content=\"https:\/\/www.blogsoestado.com\/danielmatos\/cezar-bombeiro-inaugura-centro-de-formacao-destinado-educacao-no-bairro-liberdade\/\" \/>\n<meta property=\"og:site_name\" content=\"Daniel Matos\" \/>\n<meta property=\"article:published_time\" content=\"2018-04-10T17:30:48+00:00\" \/>\n<meta property=\"og:image\" content=\"https:\/\/www.blogsoestado.com\/danielmatos\/files\/2018\/04\/bombeiro-cb.jpg\" \/>\n<meta name=\"twitter:card\" content=\"summary_large_image\" \/>\n<meta name=\"twitter:label1\" content=\"Est. tempo de leitura\" \/>\n\t<meta name=\"twitter:data1\" content=\"2 minutos\" \/>\n<script type=\"application\/ld+json\" class=\"yoast-schema-graph\">{\"@context\":\"https:\/\/schema.org\",\"@graph\":[{\"@type\":\"WebPage\",\"@id\":\"https:\/\/www.blogsoestado.com\/danielmatos\/cezar-bombeiro-inaugura-centro-de-formacao-destinado-educacao-no-bairro-liberdade\/\",\"url\":\"https:\/\/www.blogsoestado.com\/danielmatos\/cezar-bombeiro-inaugura-centro-de-formacao-destinado-educacao-no-bairro-liberdade\/\",\"name\":\"C\u00e9zar Bombeiro inaugura centro de forma\u00e7\u00e3o destinado \u00e0 educa\u00e7\u00e3o no bairro Liberdade - Daniel Matos\",\"isPartOf\":{\"@id\":\"https:\/\/www.blogsoestado.com\/danielmatos\/#website\"},\"primaryImageOfPage\":{\"@id\":\"https:\/\/www.blogsoestado.com\/danielmatos\/cezar-bombeiro-inaugura-centro-de-formacao-destinado-educacao-no-bairro-liberdade\/#primaryimage\"},\"image\":{\"@id\":\"https:\/\/www.blogsoestado.com\/danielmatos\/cezar-bombeiro-inaugura-centro-de-formacao-destinado-educacao-no-bairro-liberdade\/#primaryimage\"},\"thumbnailUrl\":\"https:\/\/www.blogsoestado.com\/danielmatos\/files\/2018\/04\/bombeiro-cb.jpg\",\"datePublished\":\"2018-04-10T17:30:48+00:00\",\"author\":{\"@id\":\"\"},\"breadcrumb\":{\"@id\":\"https:\/\/www.blogsoestado.com\/danielmatos\/cezar-bombeiro-inaugura-centro-de-formacao-destinado-educacao-no-bairro-liberdade\/#breadcrumb\"},\"inLanguage\":\"pt-BR\",\"potentialAction\":[{\"@type\":\"ReadAction\",\"target\":[\"https:\/\/www.blogsoestado.com\/danielmatos\/cezar-bombeiro-inaugura-centro-de-formacao-destinado-educacao-no-bairro-liberdade\/\"]}]},{\"@type\":\"ImageObject\",\"inLanguage\":\"pt-BR\",\"@id\":\"https:\/\/www.blogsoestado.com\/danielmatos\/cezar-bombeiro-inaugura-centro-de-formacao-destinado-educacao-no-bairro-liberdade\/#primaryimage\",\"url\":\"https:\/\/www.blogsoestado.com\/danielmatos\/files\/2018\/04\/bombeiro-cb.jpg\",\"contentUrl\":\"https:\/\/www.blogsoestado.com\/danielmatos\/files\/2018\/04\/bombeiro-cb.jpg\"},{\"@type\":\"BreadcrumbList\",\"@id\":\"https:\/\/www.blogsoestado.com\/danielmatos\/cezar-bombeiro-inaugura-centro-de-formacao-destinado-educacao-no-bairro-liberdade\/#breadcrumb\",\"itemListElement\":[{\"@type\":\"ListItem\",\"position\":1,\"name\":\"In\u00edcio\",\"item\":\"https:\/\/www.blogsoestado.com\/danielmatos\/\"},{\"@type\":\"ListItem\",\"position\":2,\"name\":\"C\u00e9zar Bombeiro inaugura centro de forma\u00e7\u00e3o destinado \u00e0 educa\u00e7\u00e3o no bairro Liberdade\"}]},{\"@type\":\"WebSite\",\"@id\":\"https:\/\/www.blogsoestado.com\/danielmatos\/#website\",\"url\":\"https:\/\/www.blogsoestado.com\/danielmatos\/\",\"name\":\"Daniel Matos\",\"description\":\"\",\"potentialAction\":[{\"@type\":\"SearchAction\",\"target\":{\"@type\":\"EntryPoint\",\"urlTemplate\":\"https:\/\/www.blogsoestado.com\/danielmatos\/?s={search_term_string}\"},\"query-input\":{\"@type\":\"PropertyValueSpecification\",\"valueRequired\":true,\"valueName\":\"search_term_string\"}}],\"inLanguage\":\"pt-BR\"}]}<\/script>\n<!-- \/ Yoast SEO plugin. -->","yoast_head_json":{"title":"C\u00e9zar Bombeiro inaugura centro de forma\u00e7\u00e3o destinado \u00e0 educa\u00e7\u00e3o no bairro Liberdade - Daniel Matos","robots":{"index":"index","follow":"follow","max-snippet":"max-snippet:-1","max-image-preview":"max-image-preview:large","max-video-preview":"max-video-preview:-1"},"canonical":"https:\/\/www.blogsoestado.com\/danielmatos\/cezar-bombeiro-inaugura-centro-de-formacao-destinado-educacao-no-bairro-liberdade\/","og_locale":"pt_BR","og_type":"article","og_title":"C\u00e9zar Bombeiro inaugura centro de forma\u00e7\u00e3o destinado \u00e0 educa\u00e7\u00e3o no bairro Liberdade - Daniel Matos","og_description":"O vereador C\u00e9zar Bombeiro (PSD) entregou \u00e0 comunidade do bairro Liberdade,\u00a0na \u00faltima sexta-feira, (8), o Centro de Forma\u00e7\u00e3o CB, inicialmente [&hellip;]","og_url":"https:\/\/www.blogsoestado.com\/danielmatos\/cezar-bombeiro-inaugura-centro-de-formacao-destinado-educacao-no-bairro-liberdade\/","og_site_name":"Daniel Matos","article_published_time":"2018-04-10T17:30:48+00:00","og_image":[{"url":"https:\/\/www.blogsoestado.com\/danielmatos\/files\/2018\/04\/bombeiro-cb.jpg","type":"","width":"","height":""}],"twitter_card":"summary_large_image","twitter_misc":{"Est. tempo de leitura":"2 minutos"},"schema":{"@context":"https:\/\/schema.org","@graph":[{"@type":"WebPage","@id":"https:\/\/www.blogsoestado.com\/danielmatos\/cezar-bombeiro-inaugura-centro-de-formacao-destinado-educacao-no-bairro-liberdade\/","url":"https:\/\/www.blogsoestado.com\/danielmatos\/cezar-bombeiro-inaugura-centro-de-formacao-destinado-educacao-no-bairro-liberdade\/","name":"C\u00e9zar Bombeiro inaugura centro de forma\u00e7\u00e3o destinado \u00e0 educa\u00e7\u00e3o no bairro Liberdade - Daniel Matos","isPartOf":{"@id":"https:\/\/www.blogsoestado.com\/danielmatos\/#website"},"primaryImageOfPage":{"@id":"https:\/\/www.blogsoestado.com\/danielmatos\/cezar-bombeiro-inaugura-centro-de-formacao-destinado-educacao-no-bairro-liberdade\/#primaryimage"},"image":{"@id":"https:\/\/www.blogsoestado.com\/danielmatos\/cezar-bombeiro-inaugura-centro-de-formacao-destinado-educacao-no-bairro-liberdade\/#primaryimage"},"thumbnailUrl":"https:\/\/www.blogsoestado.com\/danielmatos\/files\/2018\/04\/bombeiro-cb.jpg","datePublished":"2018-04-10T17:30:48+00:00","author":{"@id":""},"breadcrumb":{"@id":"https:\/\/www.blogsoestado.com\/danielmatos\/cezar-bombeiro-inaugura-centro-de-formacao-destinado-educacao-no-bairro-liberdade\/#breadcrumb"},"inLanguage":"pt-BR","potentialAction":[{"@type":"ReadAction","target":["https:\/\/www.blogsoestado.com\/danielmatos\/cezar-bombeiro-inaugura-centro-de-formacao-destinado-educacao-no-bairro-liberdade\/"]}]},{"@type":"ImageObject","inLanguage":"pt-BR","@id":"https:\/\/www.blogsoestado.com\/danielmatos\/cezar-bombeiro-inaugura-centro-de-formacao-destinado-educacao-no-bairro-liberdade\/#primaryimage","url":"https:\/\/www.blogsoestado.com\/danielmatos\/files\/2018\/04\/bombeiro-cb.jpg","contentUrl":"https:\/\/www.blogsoestado.com\/danielmatos\/files\/2018\/04\/bombeiro-cb.jpg"},{"@type":"BreadcrumbList","@id":"https:\/\/www.blogsoestado.com\/danielmatos\/cezar-bombeiro-inaugura-centro-de-formacao-destinado-educacao-no-bairro-liberdade\/#breadcrumb","itemListElement":[{"@type":"ListItem","position":1,"name":"In\u00edcio","item":"https:\/\/www.blogsoestado.com\/danielmatos\/"},{"@type":"ListItem","position":2,"name":"C\u00e9zar Bombeiro inaugura centro de forma\u00e7\u00e3o destinado \u00e0 educa\u00e7\u00e3o no bairro Liberdade"}]},{"@type":"WebSite","@id":"https:\/\/www.blogsoestado.com\/danielmatos\/#website","url":"https:\/\/www.blogsoestado.com\/danielmatos\/","name":"Daniel Matos","description":"","potentialAction":[{"@type":"SearchAction","target":{"@type":"EntryPoint","urlTemplate":"https:\/\/www.blogsoestado.com\/danielmatos\/?s={search_term_string}"},"query-input":{"@type":"PropertyValueSpecification","valueRequired":true,"valueName":"search_term_string"}}],"inLanguage":"pt-BR"}]}},"jetpack_featured_media_url":"","_links":{"self":[{"href":"https:\/\/www.blogsoestado.com\/danielmatos\/wp-json\/wp\/v2\/posts\/50288","targetHints":{"allow":["GET"]}}],"collection":[{"href":"https:\/\/www.blogsoestado.com\/danielmatos\/wp-json\/wp\/v2\/posts"}],"about":[{"href":"https:\/\/www.blogsoestado.com\/danielmatos\/wp-json\/wp\/v2\/types\/post"}],"replies":[{"embeddable":true,"href":"https:\/\/www.blogsoestado.com\/danielmatos\/wp-json\/wp\/v2\/comments?post=50288"}],"version-history":[{"count":0,"href":"https:\/\/www.blogsoestado.com\/danielmatos\/wp-json\/wp\/v2\/posts\/50288\/revisions"}],"wp:attachment":[{"href":"https:\/\/www.blogsoestado.com\/danielmatos\/wp-json\/wp\/v2\/media?parent=50288"}],"wp:term":[{"taxonomy":"category","embeddable":true,"href":"https:\/\/www.blogsoestado.com\/danielmatos\/wp-json\/wp\/v2\/categories?post=50288"},{"taxonomy":"post_tag","embeddable":true,"href":"https:\/\/www.blogsoestado.com\/danielmatos\/wp-json\/wp\/v2\/tags?post=50288"}],"curies":[{"name":"wp","href":"https:\/\/api.w.org\/{rel}","templated":true}]}}