{"id":50305,"date":"2018-04-11T11:35:17","date_gmt":"2018-04-11T14:35:17","guid":{"rendered":"https:\/\/www.blogsoestado.com\/danielmatos\/?p=50305"},"modified":"2018-04-11T11:35:17","modified_gmt":"2018-04-11T14:35:17","slug":"deputado-wellington-volta-defender-contratados-da-saude-de-imperatriz-e-sao-luis","status":"publish","type":"post","link":"https:\/\/www.blogsoestado.com\/danielmatos\/deputado-wellington-volta-defender-contratados-da-saude-de-imperatriz-e-sao-luis\/","title":{"rendered":"Deputado Wellington volta a defender contratados da sa\u00fade de Imperatriz e S\u00e3o Lu\u00eds"},"content":{"rendered":"<figure id=\"attachment_50306\" aria-describedby=\"caption-attachment-50306\" style=\"width: 640px\" class=\"wp-caption aligncenter\"><img fetchpriority=\"high\" decoding=\"async\" class=\"wp-image-50306 size-full\" src=\"https:\/\/www.blogsoestado.com\/danielmatos\/files\/2018\/04\/w-impera.jpg\" alt=\"\" width=\"640\" height=\"480\" \/><figcaption id=\"caption-attachment-50306\" class=\"wp-caption-text\">Contratados da sa\u00fade estadual protestam em frente ao pr\u00e9dio da superintend\u00eancia, em Imperatriz<\/figcaption><\/figure>\n<p>O deputado estadual Wellington do Curso (PSDB) utilizou a tribuna da Assembleia Legislativa do Maranh\u00e3o,\u00a0na manh\u00e3 desta ter\u00e7a-feira (10), para retomar seu posicionamento em defesa de in\u00fameros contratados por meio da Secretaria da Sa\u00fade do Maranh\u00e3o. As problem\u00e1ticas envolvem tanto o munic\u00edpio de S\u00e3o Lu\u00eds quanto Imperatriz. No \u00faltimo caso, s\u00e3o mais de 70 contratados que foram demitidos sem qualquer verba indenizat\u00f3ria, apenas no munic\u00edpio de Imperatriz.<\/p>\n<figure id=\"attachment_50307\" aria-describedby=\"caption-attachment-50307\" style=\"width: 516px\" class=\"wp-caption aligncenter\"><img decoding=\"async\" class=\"wp-image-50307 size-full\" src=\"https:\/\/www.blogsoestado.com\/danielmatos\/files\/2018\/04\/w-impera2.jpg\" alt=\"\" width=\"516\" height=\"246\" \/><figcaption id=\"caption-attachment-50307\" class=\"wp-caption-text\">Profissionais exibem faixa em via interditada parda cobrar pagamento imediato<\/figcaption><\/figure>\n<p>Ap\u00f3s receber os funcion\u00e1rios na Assembleia Legislativa, Wellington utilizou a tribuna para solicitar que o Governo do Estado, por meio da Secretaria de Sa\u00fade, se pronunciasse sobre a situa\u00e7\u00e3o dos mais de 10 mil contratados para trabalhar na sa\u00fade do Estado do Maranh\u00e3o.<\/p>\n<p>\u201cSabemos que a situa\u00e7\u00e3o \u00e9 de contratados, mas isso n\u00e3o isenta o Estado do Maranh\u00e3o de ter responsabilidade, ainda que em um segundo plano. Em respeito aos trabalhadores, que s\u00e3o maranhenses, inclusive, aguardamos um posicionamento da Secretaria de Sa\u00fade. Isso \u00e9 respeitar quem prestou servi\u00e7o para o Maranh\u00e3o e garantir os direitos trabalhistas de quem os possui\u201d, disse Wellington.<\/p>\n<figure id=\"attachment_50308\" aria-describedby=\"caption-attachment-50308\" style=\"width: 640px\" class=\"wp-caption aligncenter\"><img decoding=\"async\" class=\"size-full wp-image-50308\" src=\"https:\/\/www.blogsoestado.com\/danielmatos\/files\/2018\/04\/w-impera3.jpg\" alt=\"\" width=\"640\" height=\"315\" \/><figcaption id=\"caption-attachment-50308\" class=\"wp-caption-text\">Em outra faixa, profissionais de sa\u00fade denunciam extin\u00e7\u00e3o de 20 leitos em hospital<\/figcaption><\/figure>\n<p>De acordo com os contratos, que foram demitidos h\u00e1 mais de 3 meses, desde ent\u00e3o, n\u00e3o houve pagamento de nenhuma verba por parte da STI, que foi quem contratou os funcion\u00e1rios. A alega\u00e7\u00e3o da empresa \u00e9 de que n\u00e3o houve repasse por parte do Estado. Em virtude da aus\u00eancia de informa\u00e7\u00e3o, agendou-se uma reuni\u00e3o preparat\u00f3ria para audi\u00eancia que acontecer\u00e1 na pr\u00f3xima semana. A reuni\u00e3o acontecer\u00e1 nesta quinta-feira, dia 12, a partir das 8h, na Assembleia Legislativa.<\/p>\n","protected":false},"excerpt":{"rendered":"<p>O deputado estadual Wellington do Curso (PSDB) utilizou a tribuna da Assembleia Legislativa do Maranh\u00e3o,\u00a0na manh\u00e3 desta ter\u00e7a-feira (10), para [&hellip;]<\/p>\n","protected":false},"author":0,"featured_media":0,"comment_status":"open","ping_status":"open","sticky":false,"template":"","format":"standard","meta":{"site-sidebar-layout":"default","site-content-layout":"","ast-site-content-layout":"default","site-content-style":"default","site-sidebar-style":"default","ast-global-header-display":"","ast-banner-title-visibility":"","ast-main-header-display":"","ast-hfb-above-header-display":"","ast-hfb-below-header-display":"","ast-hfb-mobile-header-display":"","site-post-title":"","ast-breadcrumbs-content":"","ast-featured-img":"","footer-sml-layout":"","ast-disable-related-posts":"","theme-transparent-header-meta":"","adv-header-id-meta":"","stick-header-meta":"","header-above-stick-meta":"","header-main-stick-meta":"","header-below-stick-meta":"","astra-migrate-meta-layouts":"default","ast-page-background-enabled":"default","ast-page-background-meta":{"desktop":{"background-color":"var(--ast-global-color-5)","background-image":"","background-repeat":"repeat","background-position":"center center","background-size":"auto","background-attachment":"scroll","background-type":"","background-media":"","overlay-type":"","overlay-color":"","overlay-opacity":"","overlay-gradient":""},"tablet":{"background-color":"","background-image":"","background-repeat":"repeat","background-position":"center center","background-size":"auto","background-attachment":"scroll","background-type":"","background-media":"","overlay-type":"","overlay-color":"","overlay-opacity":"","overlay-gradient":""},"mobile":{"background-color":"","background-image":"","background-repeat":"repeat","background-position":"center center","background-size":"auto","background-attachment":"scroll","background-type":"","background-media":"","overlay-type":"","overlay-color":"","overlay-opacity":"","overlay-gradient":""}},"ast-content-background-meta":{"desktop":{"background-color":"var(--ast-global-color-4)","background-image":"","background-repeat":"repeat","background-position":"center center","background-size":"auto","background-attachment":"scroll","background-type":"","background-media":"","overlay-type":"","overlay-color":"","overlay-opacity":"","overlay-gradient":""},"tablet":{"background-color":"var(--ast-global-color-4)","background-image":"","background-repeat":"repeat","background-position":"center center","background-size":"auto","background-attachment":"scroll","background-type":"","background-media":"","overlay-type":"","overlay-color":"","overlay-opacity":"","overlay-gradient":""},"mobile":{"background-color":"var(--ast-global-color-4)","background-image":"","background-repeat":"repeat","background-position":"center center","background-size":"auto","background-attachment":"scroll","background-type":"","background-media":"","overlay-type":"","overlay-color":"","overlay-opacity":"","overlay-gradient":""}},"footnotes":""},"categories":[1],"tags":[],"class_list":["post-50305","post","type-post","status-publish","format-standard","hentry","category-sem-categoria"],"yoast_head":"<!-- This site is optimized with the Yoast SEO plugin v26.6 - https:\/\/yoast.com\/wordpress\/plugins\/seo\/ -->\n<title>Deputado Wellington volta a defender contratados da sa\u00fade de Imperatriz e S\u00e3o Lu\u00eds - Daniel Matos<\/title>\n<meta name=\"robots\" content=\"index, follow, max-snippet:-1, max-image-preview:large, max-video-preview:-1\" \/>\n<link rel=\"canonical\" href=\"https:\/\/www.blogsoestado.com\/danielmatos\/deputado-wellington-volta-defender-contratados-da-saude-de-imperatriz-e-sao-luis\/\" \/>\n<meta property=\"og:locale\" content=\"pt_BR\" \/>\n<meta property=\"og:type\" content=\"article\" \/>\n<meta property=\"og:title\" content=\"Deputado Wellington volta a defender contratados da sa\u00fade de Imperatriz e S\u00e3o Lu\u00eds - Daniel Matos\" \/>\n<meta property=\"og:description\" content=\"O deputado estadual Wellington do Curso (PSDB) utilizou a tribuna da Assembleia Legislativa do Maranh\u00e3o,\u00a0na manh\u00e3 desta ter\u00e7a-feira (10), para [&hellip;]\" \/>\n<meta property=\"og:url\" content=\"https:\/\/www.blogsoestado.com\/danielmatos\/deputado-wellington-volta-defender-contratados-da-saude-de-imperatriz-e-sao-luis\/\" \/>\n<meta property=\"og:site_name\" content=\"Daniel Matos\" \/>\n<meta property=\"article:published_time\" content=\"2018-04-11T14:35:17+00:00\" \/>\n<meta property=\"og:image\" content=\"https:\/\/www.blogsoestado.com\/danielmatos\/files\/2018\/04\/w-impera.jpg\" \/>\n<meta name=\"twitter:card\" content=\"summary_large_image\" \/>\n<meta name=\"twitter:label1\" content=\"Est. tempo de leitura\" \/>\n\t<meta name=\"twitter:data1\" content=\"2 minutos\" \/>\n<script type=\"application\/ld+json\" class=\"yoast-schema-graph\">{\"@context\":\"https:\/\/schema.org\",\"@graph\":[{\"@type\":\"WebPage\",\"@id\":\"https:\/\/www.blogsoestado.com\/danielmatos\/deputado-wellington-volta-defender-contratados-da-saude-de-imperatriz-e-sao-luis\/\",\"url\":\"https:\/\/www.blogsoestado.com\/danielmatos\/deputado-wellington-volta-defender-contratados-da-saude-de-imperatriz-e-sao-luis\/\",\"name\":\"Deputado Wellington volta a defender contratados da sa\u00fade de Imperatriz e S\u00e3o Lu\u00eds - Daniel Matos\",\"isPartOf\":{\"@id\":\"https:\/\/www.blogsoestado.com\/danielmatos\/#website\"},\"primaryImageOfPage\":{\"@id\":\"https:\/\/www.blogsoestado.com\/danielmatos\/deputado-wellington-volta-defender-contratados-da-saude-de-imperatriz-e-sao-luis\/#primaryimage\"},\"image\":{\"@id\":\"https:\/\/www.blogsoestado.com\/danielmatos\/deputado-wellington-volta-defender-contratados-da-saude-de-imperatriz-e-sao-luis\/#primaryimage\"},\"thumbnailUrl\":\"https:\/\/www.blogsoestado.com\/danielmatos\/files\/2018\/04\/w-impera.jpg\",\"datePublished\":\"2018-04-11T14:35:17+00:00\",\"author\":{\"@id\":\"\"},\"breadcrumb\":{\"@id\":\"https:\/\/www.blogsoestado.com\/danielmatos\/deputado-wellington-volta-defender-contratados-da-saude-de-imperatriz-e-sao-luis\/#breadcrumb\"},\"inLanguage\":\"pt-BR\",\"potentialAction\":[{\"@type\":\"ReadAction\",\"target\":[\"https:\/\/www.blogsoestado.com\/danielmatos\/deputado-wellington-volta-defender-contratados-da-saude-de-imperatriz-e-sao-luis\/\"]}]},{\"@type\":\"ImageObject\",\"inLanguage\":\"pt-BR\",\"@id\":\"https:\/\/www.blogsoestado.com\/danielmatos\/deputado-wellington-volta-defender-contratados-da-saude-de-imperatriz-e-sao-luis\/#primaryimage\",\"url\":\"https:\/\/www.blogsoestado.com\/danielmatos\/files\/2018\/04\/w-impera.jpg\",\"contentUrl\":\"https:\/\/www.blogsoestado.com\/danielmatos\/files\/2018\/04\/w-impera.jpg\"},{\"@type\":\"BreadcrumbList\",\"@id\":\"https:\/\/www.blogsoestado.com\/danielmatos\/deputado-wellington-volta-defender-contratados-da-saude-de-imperatriz-e-sao-luis\/#breadcrumb\",\"itemListElement\":[{\"@type\":\"ListItem\",\"position\":1,\"name\":\"In\u00edcio\",\"item\":\"https:\/\/www.blogsoestado.com\/danielmatos\/\"},{\"@type\":\"ListItem\",\"position\":2,\"name\":\"Deputado Wellington volta a defender contratados da sa\u00fade de Imperatriz e S\u00e3o Lu\u00eds\"}]},{\"@type\":\"WebSite\",\"@id\":\"https:\/\/www.blogsoestado.com\/danielmatos\/#website\",\"url\":\"https:\/\/www.blogsoestado.com\/danielmatos\/\",\"name\":\"Daniel Matos\",\"description\":\"\",\"potentialAction\":[{\"@type\":\"SearchAction\",\"target\":{\"@type\":\"EntryPoint\",\"urlTemplate\":\"https:\/\/www.blogsoestado.com\/danielmatos\/?s={search_term_string}\"},\"query-input\":{\"@type\":\"PropertyValueSpecification\",\"valueRequired\":true,\"valueName\":\"search_term_string\"}}],\"inLanguage\":\"pt-BR\"}]}<\/script>\n<!-- \/ Yoast SEO plugin. -->","yoast_head_json":{"title":"Deputado Wellington volta a defender contratados da sa\u00fade de Imperatriz e S\u00e3o Lu\u00eds - Daniel Matos","robots":{"index":"index","follow":"follow","max-snippet":"max-snippet:-1","max-image-preview":"max-image-preview:large","max-video-preview":"max-video-preview:-1"},"canonical":"https:\/\/www.blogsoestado.com\/danielmatos\/deputado-wellington-volta-defender-contratados-da-saude-de-imperatriz-e-sao-luis\/","og_locale":"pt_BR","og_type":"article","og_title":"Deputado Wellington volta a defender contratados da sa\u00fade de Imperatriz e S\u00e3o Lu\u00eds - Daniel Matos","og_description":"O deputado estadual Wellington do Curso (PSDB) utilizou a tribuna da Assembleia Legislativa do Maranh\u00e3o,\u00a0na manh\u00e3 desta ter\u00e7a-feira (10), para [&hellip;]","og_url":"https:\/\/www.blogsoestado.com\/danielmatos\/deputado-wellington-volta-defender-contratados-da-saude-de-imperatriz-e-sao-luis\/","og_site_name":"Daniel Matos","article_published_time":"2018-04-11T14:35:17+00:00","og_image":[{"url":"https:\/\/www.blogsoestado.com\/danielmatos\/files\/2018\/04\/w-impera.jpg","type":"","width":"","height":""}],"twitter_card":"summary_large_image","twitter_misc":{"Est. tempo de leitura":"2 minutos"},"schema":{"@context":"https:\/\/schema.org","@graph":[{"@type":"WebPage","@id":"https:\/\/www.blogsoestado.com\/danielmatos\/deputado-wellington-volta-defender-contratados-da-saude-de-imperatriz-e-sao-luis\/","url":"https:\/\/www.blogsoestado.com\/danielmatos\/deputado-wellington-volta-defender-contratados-da-saude-de-imperatriz-e-sao-luis\/","name":"Deputado Wellington volta a defender contratados da sa\u00fade de Imperatriz e S\u00e3o Lu\u00eds - Daniel Matos","isPartOf":{"@id":"https:\/\/www.blogsoestado.com\/danielmatos\/#website"},"primaryImageOfPage":{"@id":"https:\/\/www.blogsoestado.com\/danielmatos\/deputado-wellington-volta-defender-contratados-da-saude-de-imperatriz-e-sao-luis\/#primaryimage"},"image":{"@id":"https:\/\/www.blogsoestado.com\/danielmatos\/deputado-wellington-volta-defender-contratados-da-saude-de-imperatriz-e-sao-luis\/#primaryimage"},"thumbnailUrl":"https:\/\/www.blogsoestado.com\/danielmatos\/files\/2018\/04\/w-impera.jpg","datePublished":"2018-04-11T14:35:17+00:00","author":{"@id":""},"breadcrumb":{"@id":"https:\/\/www.blogsoestado.com\/danielmatos\/deputado-wellington-volta-defender-contratados-da-saude-de-imperatriz-e-sao-luis\/#breadcrumb"},"inLanguage":"pt-BR","potentialAction":[{"@type":"ReadAction","target":["https:\/\/www.blogsoestado.com\/danielmatos\/deputado-wellington-volta-defender-contratados-da-saude-de-imperatriz-e-sao-luis\/"]}]},{"@type":"ImageObject","inLanguage":"pt-BR","@id":"https:\/\/www.blogsoestado.com\/danielmatos\/deputado-wellington-volta-defender-contratados-da-saude-de-imperatriz-e-sao-luis\/#primaryimage","url":"https:\/\/www.blogsoestado.com\/danielmatos\/files\/2018\/04\/w-impera.jpg","contentUrl":"https:\/\/www.blogsoestado.com\/danielmatos\/files\/2018\/04\/w-impera.jpg"},{"@type":"BreadcrumbList","@id":"https:\/\/www.blogsoestado.com\/danielmatos\/deputado-wellington-volta-defender-contratados-da-saude-de-imperatriz-e-sao-luis\/#breadcrumb","itemListElement":[{"@type":"ListItem","position":1,"name":"In\u00edcio","item":"https:\/\/www.blogsoestado.com\/danielmatos\/"},{"@type":"ListItem","position":2,"name":"Deputado Wellington volta a defender contratados da sa\u00fade de Imperatriz e S\u00e3o Lu\u00eds"}]},{"@type":"WebSite","@id":"https:\/\/www.blogsoestado.com\/danielmatos\/#website","url":"https:\/\/www.blogsoestado.com\/danielmatos\/","name":"Daniel Matos","description":"","potentialAction":[{"@type":"SearchAction","target":{"@type":"EntryPoint","urlTemplate":"https:\/\/www.blogsoestado.com\/danielmatos\/?s={search_term_string}"},"query-input":{"@type":"PropertyValueSpecification","valueRequired":true,"valueName":"search_term_string"}}],"inLanguage":"pt-BR"}]}},"jetpack_featured_media_url":"","_links":{"self":[{"href":"https:\/\/www.blogsoestado.com\/danielmatos\/wp-json\/wp\/v2\/posts\/50305","targetHints":{"allow":["GET"]}}],"collection":[{"href":"https:\/\/www.blogsoestado.com\/danielmatos\/wp-json\/wp\/v2\/posts"}],"about":[{"href":"https:\/\/www.blogsoestado.com\/danielmatos\/wp-json\/wp\/v2\/types\/post"}],"replies":[{"embeddable":true,"href":"https:\/\/www.blogsoestado.com\/danielmatos\/wp-json\/wp\/v2\/comments?post=50305"}],"version-history":[{"count":0,"href":"https:\/\/www.blogsoestado.com\/danielmatos\/wp-json\/wp\/v2\/posts\/50305\/revisions"}],"wp:attachment":[{"href":"https:\/\/www.blogsoestado.com\/danielmatos\/wp-json\/wp\/v2\/media?parent=50305"}],"wp:term":[{"taxonomy":"category","embeddable":true,"href":"https:\/\/www.blogsoestado.com\/danielmatos\/wp-json\/wp\/v2\/categories?post=50305"},{"taxonomy":"post_tag","embeddable":true,"href":"https:\/\/www.blogsoestado.com\/danielmatos\/wp-json\/wp\/v2\/tags?post=50305"}],"curies":[{"name":"wp","href":"https:\/\/api.w.org\/{rel}","templated":true}]}}