{"id":50315,"date":"2018-04-11T13:22:37","date_gmt":"2018-04-11T16:22:37","guid":{"rendered":"https:\/\/www.blogsoestado.com\/danielmatos\/?p=50315"},"modified":"2018-04-11T13:22:37","modified_gmt":"2018-04-11T16:22:37","slug":"comeca-venda-de-ingressos-para-show-do-roberto-carlos-em-sao-luis","status":"publish","type":"post","link":"https:\/\/www.blogsoestado.com\/danielmatos\/comeca-venda-de-ingressos-para-show-do-roberto-carlos-em-sao-luis\/","title":{"rendered":"Come\u00e7a venda de ingressos para show do Roberto Carlos em S\u00e3o Lu\u00eds"},"content":{"rendered":"<h2><span style=\"color: #ff0000;\">O \u00eddolo da can\u00e7\u00e3o latino-americana est\u00e1 de volta e apresenta-se na capital maranhense dia 12 de junho, no estacionamento do S\u00e3o Lu\u00eds Shopping<\/span><\/h2>\n<figure id=\"attachment_50316\" aria-describedby=\"caption-attachment-50316\" style=\"width: 448px\" class=\"wp-caption alignright\"><img fetchpriority=\"high\" decoding=\"async\" class=\"size-full wp-image-50316\" src=\"https:\/\/www.blogsoestado.com\/danielmatos\/files\/2018\/04\/rc-slz.jpg\" alt=\"\" width=\"448\" height=\"276\" \/><figcaption id=\"caption-attachment-50316\" class=\"wp-caption-text\">Roberto Carlos promete mais uma vez emocionar o p\u00fablico maranhense<\/figcaption><\/figure>\n<p>Os ingressos para o show de Roberto Carlos, que ser\u00e1 realizado no dia 12 de junho, no estacionamento do S\u00e3o Lu\u00eds Shopping estar\u00e3o dispon\u00edveis para venda a partir desta quarta-feira (11) na Bilheteria Digital (Shopping da Ilha) e Loja 4M\u00e3os Store (S\u00e3o Lu\u00eds Shopping).<\/p>\n<p>Ap\u00f3s temporada de grande sucesso realizada em Portugal, com as casas de espet\u00e1culo lotadas em todas as apresenta\u00e7\u00f5es e depois de seis anos sem cantar em S\u00e3o Lu\u00eds, Roberto Carlos promete mais uma vez emocionar o p\u00fablico maranhense.<\/p>\n<p>Entre os sucessos que ser\u00e3o apresentados, temos o mais recente, a can\u00e7\u00e3o Sereia, da novela das 21 da Globo \u201cA For\u00e7a do Querer\u201d, de Gl\u00f3ria Perez.<\/p>\n<p>O cantor, que em novembro de 2015 foi homenageado pelo Grammy Latino como personalidade do ano, lan\u00e7ou o CD \u201cPrimeira Fila\u201d, gravado em Londres, no Est\u00fadio Abbey Road, desperta todo o carinho e admira\u00e7\u00e3o nos milh\u00f5es de f\u00e3s que o acompanham pelo Brasil e pelo mundo.<\/p>\n<p>Um \u00edcone da credibilidade, romantismo, da religiosidade e da fam\u00edlia. Roberto Carlos vai sem d\u00favida alguma arrebatar os f\u00e3s com mais um show impec\u00e1vel ao lado de sua orquestra e coral.<\/p>\n<p><strong>Servi\u00e7o<\/strong><\/p>\n<p>Evento: Show Roberto Carlos em S\u00c3O LU\u00cdS\/MA<\/p>\n<p>Local: Estacionamento do S\u00e3o Lu\u00eds Shopping<\/p>\n<p>Data: 12 de junho, Dia dos Namorados<\/p>\n<p>Abertura dos Port\u00f5es: 19h30<\/p>\n<p>Classifica\u00e7\u00e3o: 16 anos<\/p>\n<p>Valores dos Ingressos:<\/p>\n<p><strong>SETOR AZUL NUMERADAS\/ 1\u00ba lote<\/strong><\/p>\n<p>&#8211; R$ 380,00 &#8211; Inteira<\/p>\n<p>&#8211; R$ 190,00 &#8211; Meia<\/p>\n<p><strong>SETOR AMARELA NUMERADA\/ 1\u00ba lote<\/strong><\/p>\n<p>&#8211; R$ 280,00 &#8211; Inteira<\/p>\n<p>&#8211; R$ 140,00 &#8211; Meia<\/p>\n<p><strong>SETOR BRANCO\/ 1\u00ba lote<\/strong><\/p>\n<p>&#8211; R$ 100,00 &#8211; Inteira<\/p>\n<p>&#8211; R$ 50,00 &#8211; Meia<\/p>\n<p>Ponto de venda: 4M\u00e3os Store (S\u00e3o Lu\u00eds Shopping) e Bilheteria Digital (Shopping da Ilha).<\/p>\n<p><strong>VENDAS ON LINE:<\/strong> <a href=\"http:\/\/www.myticket.com.br\">www.myticket.com.br<\/a>.<\/p>\n<p><strong>Informa\u00e7\u00f5es:<\/strong> (98) 3016-6663 \/ @4MAOS<\/p>\n<p><strong>Realiza\u00e7\u00e3o:<\/strong> DC7, Multi Entretenimento, Solo Muisc e 4M\u00e3os Entretenimento.<\/p>\n<p>** Meia entrada v\u00e1lida para estudantes e idosos acima de 60 anos &#8211; somente no setor Branco<\/p>\n<p>Ser\u00e1 exigida a carteira de estudantes na entrada com o pagamento da \u00faltima mensalidade e , do idoso, a Carteira de Identidade.<\/p>\n<p>No ingresso do estudante dever\u00e1 constar: ESTUDANTE<\/p>\n<p>No ingresso de idoso dever\u00e1 constar: IDOSO<\/p>\n<p>Em todos os ingressos favor constar o port\u00e3o de entrada &#8211; e importante pois iremos fazer uma sinaliza\u00e7\u00e3o especial<\/p>\n<p>ATEN\u00c7\u00c3O, CLIENTES PORTADORES DE NECESSIDADES ESPECIAIS QUE UTILIZAM CADEIRAS DE RODAS DEVEM ADQUIRIR OS INGRESSOS PR\u00d3PRIOS PARA ELES, E DEVER\u00c3O SE INSTALAR NAS \u00c1REAS RESERVADAS DE CADA SETOR.<\/p>\n","protected":false},"excerpt":{"rendered":"<p>O \u00eddolo da can\u00e7\u00e3o latino-americana est\u00e1 de volta e apresenta-se na capital maranhense dia 12 de junho, no estacionamento do [&hellip;]<\/p>\n","protected":false},"author":0,"featured_media":0,"comment_status":"open","ping_status":"open","sticky":false,"template":"","format":"standard","meta":{"site-sidebar-layout":"default","site-content-layout":"","ast-site-content-layout":"default","site-content-style":"default","site-sidebar-style":"default","ast-global-header-display":"","ast-banner-title-visibility":"","ast-main-header-display":"","ast-hfb-above-header-display":"","ast-hfb-below-header-display":"","ast-hfb-mobile-header-display":"","site-post-title":"","ast-breadcrumbs-content":"","ast-featured-img":"","footer-sml-layout":"","ast-disable-related-posts":"","theme-transparent-header-meta":"","adv-header-id-meta":"","stick-header-meta":"","header-above-stick-meta":"","header-main-stick-meta":"","header-below-stick-meta":"","astra-migrate-meta-layouts":"default","ast-page-background-enabled":"default","ast-page-background-meta":{"desktop":{"background-color":"var(--ast-global-color-5)","background-image":"","background-repeat":"repeat","background-position":"center center","background-size":"auto","background-attachment":"scroll","background-type":"","background-media":"","overlay-type":"","overlay-color":"","overlay-opacity":"","overlay-gradient":""},"tablet":{"background-color":"","background-image":"","background-repeat":"repeat","background-position":"center center","background-size":"auto","background-attachment":"scroll","background-type":"","background-media":"","overlay-type":"","overlay-color":"","overlay-opacity":"","overlay-gradient":""},"mobile":{"background-color":"","background-image":"","background-repeat":"repeat","background-position":"center center","background-size":"auto","background-attachment":"scroll","background-type":"","background-media":"","overlay-type":"","overlay-color":"","overlay-opacity":"","overlay-gradient":""}},"ast-content-background-meta":{"desktop":{"background-color":"var(--ast-global-color-4)","background-image":"","background-repeat":"repeat","background-position":"center center","background-size":"auto","background-attachment":"scroll","background-type":"","background-media":"","overlay-type":"","overlay-color":"","overlay-opacity":"","overlay-gradient":""},"tablet":{"background-color":"var(--ast-global-color-4)","background-image":"","background-repeat":"repeat","background-position":"center center","background-size":"auto","background-attachment":"scroll","background-type":"","background-media":"","overlay-type":"","overlay-color":"","overlay-opacity":"","overlay-gradient":""},"mobile":{"background-color":"var(--ast-global-color-4)","background-image":"","background-repeat":"repeat","background-position":"center center","background-size":"auto","background-attachment":"scroll","background-type":"","background-media":"","overlay-type":"","overlay-color":"","overlay-opacity":"","overlay-gradient":""}},"footnotes":""},"categories":[1],"tags":[],"class_list":["post-50315","post","type-post","status-publish","format-standard","hentry","category-sem-categoria"],"yoast_head":"<!-- This site is optimized with the Yoast SEO plugin v26.6 - https:\/\/yoast.com\/wordpress\/plugins\/seo\/ -->\n<title>Come\u00e7a venda de ingressos para show do Roberto Carlos em S\u00e3o Lu\u00eds - Daniel Matos<\/title>\n<meta name=\"robots\" content=\"index, follow, max-snippet:-1, max-image-preview:large, max-video-preview:-1\" \/>\n<link rel=\"canonical\" href=\"https:\/\/www.blogsoestado.com\/danielmatos\/comeca-venda-de-ingressos-para-show-do-roberto-carlos-em-sao-luis\/\" \/>\n<meta property=\"og:locale\" content=\"pt_BR\" \/>\n<meta property=\"og:type\" content=\"article\" \/>\n<meta property=\"og:title\" content=\"Come\u00e7a venda de ingressos para show do Roberto Carlos em S\u00e3o Lu\u00eds - Daniel Matos\" \/>\n<meta property=\"og:description\" content=\"O \u00eddolo da can\u00e7\u00e3o latino-americana est\u00e1 de volta e apresenta-se na capital maranhense dia 12 de junho, no estacionamento do [&hellip;]\" \/>\n<meta property=\"og:url\" content=\"https:\/\/www.blogsoestado.com\/danielmatos\/comeca-venda-de-ingressos-para-show-do-roberto-carlos-em-sao-luis\/\" \/>\n<meta property=\"og:site_name\" content=\"Daniel Matos\" \/>\n<meta property=\"article:published_time\" content=\"2018-04-11T16:22:37+00:00\" \/>\n<meta property=\"og:image\" content=\"https:\/\/www.blogsoestado.com\/danielmatos\/files\/2018\/04\/rc-slz.jpg\" \/>\n<meta name=\"twitter:card\" content=\"summary_large_image\" \/>\n<meta name=\"twitter:label1\" content=\"Est. tempo de leitura\" \/>\n\t<meta name=\"twitter:data1\" content=\"2 minutos\" \/>\n<script type=\"application\/ld+json\" class=\"yoast-schema-graph\">{\"@context\":\"https:\/\/schema.org\",\"@graph\":[{\"@type\":\"WebPage\",\"@id\":\"https:\/\/www.blogsoestado.com\/danielmatos\/comeca-venda-de-ingressos-para-show-do-roberto-carlos-em-sao-luis\/\",\"url\":\"https:\/\/www.blogsoestado.com\/danielmatos\/comeca-venda-de-ingressos-para-show-do-roberto-carlos-em-sao-luis\/\",\"name\":\"Come\u00e7a venda de ingressos para show do Roberto Carlos em S\u00e3o Lu\u00eds - Daniel Matos\",\"isPartOf\":{\"@id\":\"https:\/\/www.blogsoestado.com\/danielmatos\/#website\"},\"primaryImageOfPage\":{\"@id\":\"https:\/\/www.blogsoestado.com\/danielmatos\/comeca-venda-de-ingressos-para-show-do-roberto-carlos-em-sao-luis\/#primaryimage\"},\"image\":{\"@id\":\"https:\/\/www.blogsoestado.com\/danielmatos\/comeca-venda-de-ingressos-para-show-do-roberto-carlos-em-sao-luis\/#primaryimage\"},\"thumbnailUrl\":\"https:\/\/www.blogsoestado.com\/danielmatos\/files\/2018\/04\/rc-slz.jpg\",\"datePublished\":\"2018-04-11T16:22:37+00:00\",\"author\":{\"@id\":\"\"},\"breadcrumb\":{\"@id\":\"https:\/\/www.blogsoestado.com\/danielmatos\/comeca-venda-de-ingressos-para-show-do-roberto-carlos-em-sao-luis\/#breadcrumb\"},\"inLanguage\":\"pt-BR\",\"potentialAction\":[{\"@type\":\"ReadAction\",\"target\":[\"https:\/\/www.blogsoestado.com\/danielmatos\/comeca-venda-de-ingressos-para-show-do-roberto-carlos-em-sao-luis\/\"]}]},{\"@type\":\"ImageObject\",\"inLanguage\":\"pt-BR\",\"@id\":\"https:\/\/www.blogsoestado.com\/danielmatos\/comeca-venda-de-ingressos-para-show-do-roberto-carlos-em-sao-luis\/#primaryimage\",\"url\":\"https:\/\/www.blogsoestado.com\/danielmatos\/files\/2018\/04\/rc-slz.jpg\",\"contentUrl\":\"https:\/\/www.blogsoestado.com\/danielmatos\/files\/2018\/04\/rc-slz.jpg\"},{\"@type\":\"BreadcrumbList\",\"@id\":\"https:\/\/www.blogsoestado.com\/danielmatos\/comeca-venda-de-ingressos-para-show-do-roberto-carlos-em-sao-luis\/#breadcrumb\",\"itemListElement\":[{\"@type\":\"ListItem\",\"position\":1,\"name\":\"In\u00edcio\",\"item\":\"https:\/\/www.blogsoestado.com\/danielmatos\/\"},{\"@type\":\"ListItem\",\"position\":2,\"name\":\"Come\u00e7a venda de ingressos para show do Roberto Carlos em S\u00e3o Lu\u00eds\"}]},{\"@type\":\"WebSite\",\"@id\":\"https:\/\/www.blogsoestado.com\/danielmatos\/#website\",\"url\":\"https:\/\/www.blogsoestado.com\/danielmatos\/\",\"name\":\"Daniel Matos\",\"description\":\"\",\"potentialAction\":[{\"@type\":\"SearchAction\",\"target\":{\"@type\":\"EntryPoint\",\"urlTemplate\":\"https:\/\/www.blogsoestado.com\/danielmatos\/?s={search_term_string}\"},\"query-input\":{\"@type\":\"PropertyValueSpecification\",\"valueRequired\":true,\"valueName\":\"search_term_string\"}}],\"inLanguage\":\"pt-BR\"}]}<\/script>\n<!-- \/ Yoast SEO plugin. -->","yoast_head_json":{"title":"Come\u00e7a venda de ingressos para show do Roberto Carlos em S\u00e3o Lu\u00eds - Daniel Matos","robots":{"index":"index","follow":"follow","max-snippet":"max-snippet:-1","max-image-preview":"max-image-preview:large","max-video-preview":"max-video-preview:-1"},"canonical":"https:\/\/www.blogsoestado.com\/danielmatos\/comeca-venda-de-ingressos-para-show-do-roberto-carlos-em-sao-luis\/","og_locale":"pt_BR","og_type":"article","og_title":"Come\u00e7a venda de ingressos para show do Roberto Carlos em S\u00e3o Lu\u00eds - Daniel Matos","og_description":"O \u00eddolo da can\u00e7\u00e3o latino-americana est\u00e1 de volta e apresenta-se na capital maranhense dia 12 de junho, no estacionamento do [&hellip;]","og_url":"https:\/\/www.blogsoestado.com\/danielmatos\/comeca-venda-de-ingressos-para-show-do-roberto-carlos-em-sao-luis\/","og_site_name":"Daniel Matos","article_published_time":"2018-04-11T16:22:37+00:00","og_image":[{"url":"https:\/\/www.blogsoestado.com\/danielmatos\/files\/2018\/04\/rc-slz.jpg","type":"","width":"","height":""}],"twitter_card":"summary_large_image","twitter_misc":{"Est. tempo de leitura":"2 minutos"},"schema":{"@context":"https:\/\/schema.org","@graph":[{"@type":"WebPage","@id":"https:\/\/www.blogsoestado.com\/danielmatos\/comeca-venda-de-ingressos-para-show-do-roberto-carlos-em-sao-luis\/","url":"https:\/\/www.blogsoestado.com\/danielmatos\/comeca-venda-de-ingressos-para-show-do-roberto-carlos-em-sao-luis\/","name":"Come\u00e7a venda de ingressos para show do Roberto Carlos em S\u00e3o Lu\u00eds - Daniel Matos","isPartOf":{"@id":"https:\/\/www.blogsoestado.com\/danielmatos\/#website"},"primaryImageOfPage":{"@id":"https:\/\/www.blogsoestado.com\/danielmatos\/comeca-venda-de-ingressos-para-show-do-roberto-carlos-em-sao-luis\/#primaryimage"},"image":{"@id":"https:\/\/www.blogsoestado.com\/danielmatos\/comeca-venda-de-ingressos-para-show-do-roberto-carlos-em-sao-luis\/#primaryimage"},"thumbnailUrl":"https:\/\/www.blogsoestado.com\/danielmatos\/files\/2018\/04\/rc-slz.jpg","datePublished":"2018-04-11T16:22:37+00:00","author":{"@id":""},"breadcrumb":{"@id":"https:\/\/www.blogsoestado.com\/danielmatos\/comeca-venda-de-ingressos-para-show-do-roberto-carlos-em-sao-luis\/#breadcrumb"},"inLanguage":"pt-BR","potentialAction":[{"@type":"ReadAction","target":["https:\/\/www.blogsoestado.com\/danielmatos\/comeca-venda-de-ingressos-para-show-do-roberto-carlos-em-sao-luis\/"]}]},{"@type":"ImageObject","inLanguage":"pt-BR","@id":"https:\/\/www.blogsoestado.com\/danielmatos\/comeca-venda-de-ingressos-para-show-do-roberto-carlos-em-sao-luis\/#primaryimage","url":"https:\/\/www.blogsoestado.com\/danielmatos\/files\/2018\/04\/rc-slz.jpg","contentUrl":"https:\/\/www.blogsoestado.com\/danielmatos\/files\/2018\/04\/rc-slz.jpg"},{"@type":"BreadcrumbList","@id":"https:\/\/www.blogsoestado.com\/danielmatos\/comeca-venda-de-ingressos-para-show-do-roberto-carlos-em-sao-luis\/#breadcrumb","itemListElement":[{"@type":"ListItem","position":1,"name":"In\u00edcio","item":"https:\/\/www.blogsoestado.com\/danielmatos\/"},{"@type":"ListItem","position":2,"name":"Come\u00e7a venda de ingressos para show do Roberto Carlos em S\u00e3o Lu\u00eds"}]},{"@type":"WebSite","@id":"https:\/\/www.blogsoestado.com\/danielmatos\/#website","url":"https:\/\/www.blogsoestado.com\/danielmatos\/","name":"Daniel Matos","description":"","potentialAction":[{"@type":"SearchAction","target":{"@type":"EntryPoint","urlTemplate":"https:\/\/www.blogsoestado.com\/danielmatos\/?s={search_term_string}"},"query-input":{"@type":"PropertyValueSpecification","valueRequired":true,"valueName":"search_term_string"}}],"inLanguage":"pt-BR"}]}},"jetpack_featured_media_url":"","_links":{"self":[{"href":"https:\/\/www.blogsoestado.com\/danielmatos\/wp-json\/wp\/v2\/posts\/50315","targetHints":{"allow":["GET"]}}],"collection":[{"href":"https:\/\/www.blogsoestado.com\/danielmatos\/wp-json\/wp\/v2\/posts"}],"about":[{"href":"https:\/\/www.blogsoestado.com\/danielmatos\/wp-json\/wp\/v2\/types\/post"}],"replies":[{"embeddable":true,"href":"https:\/\/www.blogsoestado.com\/danielmatos\/wp-json\/wp\/v2\/comments?post=50315"}],"version-history":[{"count":0,"href":"https:\/\/www.blogsoestado.com\/danielmatos\/wp-json\/wp\/v2\/posts\/50315\/revisions"}],"wp:attachment":[{"href":"https:\/\/www.blogsoestado.com\/danielmatos\/wp-json\/wp\/v2\/media?parent=50315"}],"wp:term":[{"taxonomy":"category","embeddable":true,"href":"https:\/\/www.blogsoestado.com\/danielmatos\/wp-json\/wp\/v2\/categories?post=50315"},{"taxonomy":"post_tag","embeddable":true,"href":"https:\/\/www.blogsoestado.com\/danielmatos\/wp-json\/wp\/v2\/tags?post=50315"}],"curies":[{"name":"wp","href":"https:\/\/api.w.org\/{rel}","templated":true}]}}